{"id":83846,"date":"2023-05-16T10:19:38","date_gmt":"2023-05-16T13:19:38","guid":{"rendered":"https:\/\/cidadeazulnoticias.com.br\/?p=83846"},"modified":"2023-05-16T10:19:38","modified_gmt":"2023-05-16T13:19:38","slug":"prefeitura-inaugura-creche-no-final-do-mes-para-110-criancas","status":"publish","type":"post","link":"https:\/\/cidadeazulnoticias.com.br\/prefeitura-inaugura-creche-no-final-do-mes-para-110-criancas\/","title":{"rendered":"Prefeitura inaugura creche no final do m\u00eas para 110 crian\u00e7as"},"content":{"rendered":"<h2><em>Nova creche est\u00e1 localizada no bairro Vila Paulista.<\/em><\/h2>\n<p><span class=\"dropcap dropcap2\">A<\/span> partir do dia 31 deste m\u00eas o munic\u00edpio de Rio Claro passar\u00e1 a contar com uma nova creche na rede p\u00fablica municipal de ensino. A prefeitura de Rio Claro colocar\u00e1 em funcionamento uma creche para 110 alunos, no bairro Vila Paulista. \u201cVamos continuar investindo em educa\u00e7\u00e3o e, no caso das creches, \u00e9 uma tranquilidade para as m\u00e3es que precisaram trabalhar fora\u201d, afirma o prefeito Gustavo.<\/p>\n<p>O pr\u00e9dio alugado pela Secretaria Municipal da Educa\u00e7\u00e3o passou por reformas e tamb\u00e9m ganhou mobili\u00e1rio novo. \u201cFizemos investimentos da ordem de R$ 150 mil\u201d, informa a secret\u00e1ria municipal Val\u00e9ria Velis.<\/p>\n<p>A prefeitura de Rio Claro est\u00e1 trabalhando para ampliar as vagas de ensino, inclusiva nas creches. Para isso, lan\u00e7ou o projeto Educa\u00e7\u00e3o em A\u00e7\u00e3o, acelerando obras no setor. No Jardim Residencial das Palmeiras est\u00e1 em fase avan\u00e7ada de constru\u00e7\u00e3o creche para 188 crian\u00e7as. No Residencial dos Bosques, outra obra est\u00e1 quase conclu\u00edda: um pr\u00e9dio onde funcionar\u00e1 creche que vai atender 188 crian\u00e7as de zero a tr\u00eas anos em per\u00edodo integral. No bairro Benjamin de Castro, a prefeitura dever\u00e1 concluir em breve uma escola com capacidade para atender 780 alunos de ensino fundamental I (1\u00ba ao 5\u00ba ano).<\/p>\n<p>Em outubro do ano passado a prefeitura entregou as obras de amplia\u00e7\u00e3o da escola municipal Paulo Koelle, que tinham sofrido uma paralisa\u00e7\u00e3o de 10 anos. Em maio de 2022 a prefeitura de Rio Claro colocou em funcionamento uma escola municipal no Jardim das Na\u00e7\u00f5es, com atendimento de educa\u00e7\u00e3o infantil em per\u00edodo integral e parcial para 278 crian\u00e7as da faixa et\u00e1ria de zero a seis anos.<\/p>\n<p>No final de novembro passado a Secretaria Municipal da Educa\u00e7\u00e3o iniciou as obras de retomada e conclus\u00e3o do audit\u00f3rio, de constru\u00e7\u00e3o de conjunto de sanit\u00e1rios e reforma da quadra poliesportiva da escola municipal Hamilton Prado, na Vila Olinda, outra obra que ficou uma d\u00e9cada paralisada.<\/p>\n","protected":false},"excerpt":{"rendered":"<p>Nova creche est\u00e1 localizada no bairro Vila Paulista. A partir do dia 31 deste m\u00eas o munic\u00edpio de Rio Claro passar\u00e1 a contar com uma nova creche na rede p\u00fablica municipal de ensino. A prefeitura de Rio Claro colocar\u00e1 em funcionamento uma creche para 110 alunos, no bairro Vila Paulista. \u201cVamos continuar investindo em educa\u00e7\u00e3o [&hellip;]<\/p>\n","protected":false},"author":9,"featured_media":83847,"comment_status":"closed","ping_status":"closed","sticky":false,"template":"","format":"standard","meta":{"footnotes":""},"categories":[207],"tags":[],"class_list":{"0":"post-83846","1":"post","2":"type-post","3":"status-publish","4":"format-standard","5":"has-post-thumbnail","7":"category-educacao"},"_links":{"self":[{"href":"https:\/\/cidadeazulnoticias.com.br\/wp-json\/wp\/v2\/posts\/83846"}],"collection":[{"href":"https:\/\/cidadeazulnoticias.com.br\/wp-json\/wp\/v2\/posts"}],"about":[{"href":"https:\/\/cidadeazulnoticias.com.br\/wp-json\/wp\/v2\/types\/post"}],"author":[{"embeddable":true,"href":"https:\/\/cidadeazulnoticias.com.br\/wp-json\/wp\/v2\/users\/9"}],"replies":[{"embeddable":true,"href":"https:\/\/cidadeazulnoticias.com.br\/wp-json\/wp\/v2\/comments?post=83846"}],"version-history":[{"count":0,"href":"https:\/\/cidadeazulnoticias.com.br\/wp-json\/wp\/v2\/posts\/83846\/revisions"}],"wp:featuredmedia":[{"embeddable":true,"href":"https:\/\/cidadeazulnoticias.com.br\/wp-json\/wp\/v2\/media\/83847"}],"wp:attachment":[{"href":"https:\/\/cidadeazulnoticias.com.br\/wp-json\/wp\/v2\/media?parent=83846"}],"wp:term":[{"taxonomy":"category","embeddable":true,"href":"https:\/\/cidadeazulnoticias.com.br\/wp-json\/wp\/v2\/categories?post=83846"},{"taxonomy":"post_tag","embeddable":true,"href":"https:\/\/cidadeazulnoticias.com.br\/wp-json\/wp\/v2\/tags?post=83846"}],"curies":[{"name":"wp","href":"https:\/\/api.w.org\/{rel}","templated":true}]}}