{"id":118298,"date":"2025-07-09T11:33:26","date_gmt":"2025-07-09T14:33:26","guid":{"rendered":"https:\/\/cidadeazulnoticias.com.br\/?p=118298"},"modified":"2025-07-09T11:33:26","modified_gmt":"2025-07-09T14:33:26","slug":"rio-claro-e-comite-paralimpico-brasileiro-assina-parceria","status":"publish","type":"post","link":"https:\/\/cidadeazulnoticias.com.br\/rio-claro-e-comite-paralimpico-brasileiro-assina-parceria\/","title":{"rendered":"Rio Claro e Comit\u00ea Paral\u00edmpico Brasileiro assina parceria"},"content":{"rendered":"<h2><em>Iniciativa visa ampliar atividades paraol\u00edmpicas no munic\u00edpio.<\/em><\/h2>\n<p>Na pr\u00f3xima quinta -feira, 10, o munic\u00edpio de Rio Claro assinar\u00e1 parceria com o Comit\u00ea Paral\u00edmpico Brasileiro (CPB). \u201cVamos \u00e9 desenvolver o setor de esportes paraol\u00edmpicos no munic\u00edpio e ampliar a forma\u00e7\u00e3o para professores planejando implementa\u00e7\u00e3o de programas e atividades na \u00e1rea de educa\u00e7\u00e3o\u201d, afirma o prefeito Gustavo.<\/p>\n<p>Em fevereiro, a comitiva de Rio Claro, comandada pelo ent\u00e3o assessor dos Direitos da Pessoa com Defici\u00eancia, Paulo Meyer, esteve no Centro Paral\u00edmpico Brasileiro reunida com o coordenador pedag\u00f3gico do Comit\u00ea Paral\u00edmpico Brasileiro (CPB), Davi Farias Costa, e com Jo\u00e3o Paulo Casteletti, representante da Diretoria de Desenvolvimento Esportivo do CPB. Nenhum encontro foram definidas linhas gerais para a parceria entre Rio Claro e o CPB.<\/p>\n<p>A parceria prev\u00ea acordo de coopera\u00e7\u00e3o que tem o objetivo de promover a coopera\u00e7\u00e3o t\u00e9cnica e o interc\u00e2mbio de informa\u00e7\u00f5es, experi\u00eancias e tecnologias, contribuindo para a efetiva\u00e7\u00e3o da inclus\u00e3o da pessoa com defici\u00eancia atrav\u00e9s da atividade f\u00edsica e esportiva. O acordo estar\u00e1 vinculado ao regulamento geral do Programa de Educa\u00e7\u00e3o Paral\u00edmpica do Comit\u00ea Paral\u00edmpico Brasileiro.<\/p>\n<p>Da reuni\u00e3o de Quinta -feira, que ser\u00e1 realizada no pa\u00e7o municipal \u00e0s 15h30, tamb\u00e9m participar\u00e3o os secret\u00e1rios municipais Yves Carbinatti (dos Direitos das Pessoas com Defici\u00eancia), Val\u00e9ria Velis (da Educa\u00e7\u00e3o) e Erlon Thiele (do Esporte).<\/p>\n","protected":false},"excerpt":{"rendered":"<p>Iniciativa visa ampliar atividades paraol\u00edmpicas no munic\u00edpio. Na pr\u00f3xima quinta -feira, 10, o munic\u00edpio de Rio Claro assinar\u00e1 parceria com o Comit\u00ea Paral\u00edmpico Brasileiro (CPB). \u201cVamos \u00e9 desenvolver o setor de esportes paraol\u00edmpicos no munic\u00edpio e ampliar a forma\u00e7\u00e3o para professores planejando implementa\u00e7\u00e3o de programas e atividades na \u00e1rea de educa\u00e7\u00e3o\u201d, afirma o prefeito Gustavo. [&hellip;]<\/p>\n","protected":false},"author":9,"featured_media":112558,"comment_status":"closed","ping_status":"closed","sticky":false,"template":"","format":"standard","meta":{"footnotes":""},"categories":[1,187],"tags":[],"class_list":{"0":"post-118298","1":"post","2":"type-post","3":"status-publish","4":"format-standard","5":"has-post-thumbnail","7":"category-instagram","8":"category-rio-claro"},"_links":{"self":[{"href":"https:\/\/cidadeazulnoticias.com.br\/wp-json\/wp\/v2\/posts\/118298"}],"collection":[{"href":"https:\/\/cidadeazulnoticias.com.br\/wp-json\/wp\/v2\/posts"}],"about":[{"href":"https:\/\/cidadeazulnoticias.com.br\/wp-json\/wp\/v2\/types\/post"}],"author":[{"embeddable":true,"href":"https:\/\/cidadeazulnoticias.com.br\/wp-json\/wp\/v2\/users\/9"}],"replies":[{"embeddable":true,"href":"https:\/\/cidadeazulnoticias.com.br\/wp-json\/wp\/v2\/comments?post=118298"}],"version-history":[{"count":1,"href":"https:\/\/cidadeazulnoticias.com.br\/wp-json\/wp\/v2\/posts\/118298\/revisions"}],"predecessor-version":[{"id":118299,"href":"https:\/\/cidadeazulnoticias.com.br\/wp-json\/wp\/v2\/posts\/118298\/revisions\/118299"}],"wp:featuredmedia":[{"embeddable":true,"href":"https:\/\/cidadeazulnoticias.com.br\/wp-json\/wp\/v2\/media\/112558"}],"wp:attachment":[{"href":"https:\/\/cidadeazulnoticias.com.br\/wp-json\/wp\/v2\/media?parent=118298"}],"wp:term":[{"taxonomy":"category","embeddable":true,"href":"https:\/\/cidadeazulnoticias.com.br\/wp-json\/wp\/v2\/categories?post=118298"},{"taxonomy":"post_tag","embeddable":true,"href":"https:\/\/cidadeazulnoticias.com.br\/wp-json\/wp\/v2\/tags?post=118298"}],"curies":[{"name":"wp","href":"https:\/\/api.w.org\/{rel}","templated":true}]}}