{"id":90286,"date":"2023-09-20T15:46:58","date_gmt":"2023-09-20T18:46:58","guid":{"rendered":"https:\/\/cidadeazulnoticias.com.br\/?p=90286"},"modified":"2023-09-20T15:46:58","modified_gmt":"2023-09-20T18:46:58","slug":"expoflora-comemora-a-chegada-da-primavera-com-mais-3-dias-de-festa","status":"publish","type":"post","link":"https:\/\/cidadeazulnoticias.com.br\/expoflora-comemora-a-chegada-da-primavera-com-mais-3-dias-de-festa\/","title":{"rendered":"Expoflora comemora a chegada da primavera com mais 3 dias de festa"},"content":{"rendered":"<h2><em>A Expoflora se despede do p\u00fablico com a chegada da \u00e9poca mais bonita do ano e com muitas atra\u00e7\u00f5es nos seus tr\u00eas \u00faltimos dias de 22 a 24 de setembro de 2023.<\/em><\/h2>\n<p>&nbsp;<\/p>\n<p>A Expoflora &#8211; maior evento de flores da Am\u00e9rica Latina comemora a chegada da primavera \u2013 a esta\u00e7\u00e3o mais bonita do ano &#8211; no dia 23 de setembro, com a beleza e perfume de milhares de variedades de flores e plantas ornamentais, cores radiantes e aromas; em um espa\u00e7o totalmente decorado em formato de um enorme jardim encantado preparado especialmente para receber os visitantes apaixonados pela natureza.<\/p>\n<p>E para brindar a chegada da esta\u00e7\u00e3o do ano conhecida pelo reflorescimento das flores, considerada por muitos a mais bela das esta\u00e7\u00f5es, associada \u00e0s m\u00faltiplas cores que podem ser vistas na paisagem, a Expoflora apresenta ao p\u00fablico mais de 4.000 variedades de 300 esp\u00e9cies de flores e plantas ornamentais como roseiras, girass\u00f3is, ant\u00farios, cris\u00e2ntemos, orqu\u00eddeas, hibiscos, sunpatiens e muito mais numa ampla exposi\u00e7\u00e3o de arranjos florais e mostra de paisagismo e decora\u00e7\u00e3o com as \u00faltimas tend\u00eancias do segmento e um grande shopping das flores para os visitantes levarem para casa um pouco dessa magia da Expoflora.<\/p>\n<p><img loading=\"lazy\" decoding=\"async\" class=\"alignnone wp-image-90288 size-full\" src=\"https:\/\/s3.cidadeazulnoticias.com.br\/wp-content\/uploads\/2023\/09\/20154341\/expoflora-2.jpg\" alt=\"\" width=\"1000\" height=\"667\" srcset=\"https:\/\/s3.cidadeazulnoticias.com.br\/wp-content\/uploads\/2023\/09\/20154341\/expoflora-2.jpg 1000w, https:\/\/s3.cidadeazulnoticias.com.br\/wp-content\/uploads\/2023\/09\/20154341\/expoflora-2-300x200.jpg 300w, https:\/\/s3.cidadeazulnoticias.com.br\/wp-content\/uploads\/2023\/09\/20154341\/expoflora-2-768x512.jpg 768w, https:\/\/s3.cidadeazulnoticias.com.br\/wp-content\/uploads\/2023\/09\/20154341\/expoflora-2-696x464.jpg 696w, https:\/\/s3.cidadeazulnoticias.com.br\/wp-content\/uploads\/2023\/09\/20154341\/expoflora-2-630x420.jpg 630w\" sizes=\"(max-width: 1000px) 100vw, 1000px\" \/><\/p>\n<p>Perto de S\u00e3o Paulo, Holambra est\u00e1 Localizada a 135 km da capital paulista (2 horas), a festa est\u00e1 homenageando o anivers\u00e1rio de 165 anos da imigra\u00e7\u00e3o holandesa no Brasil e 75 anos da imigra\u00e7\u00e3o em Holambra, proporcionando, al\u00e9m da beleza natural das flores e plantas, um mergulho cultural com apresenta\u00e7\u00f5es t\u00edpicas de dan\u00e7a e m\u00fasica, distribu\u00eddas em 6 palcos e ao longo do espa\u00e7o do evento, gastronomia holandesa e variada, para todos os gostos, fazendinha, museu cultural, parada das flores com desfile, chuva de p\u00e9talas de rosas, passeio tur\u00edstico com esculturas grandiosas feitas de flores e campos de girassol e lavandula, parque de divers\u00f5es, entre outras atra\u00e7\u00f5es.<\/p>\n<p>Cr\u00e9dito da foto: Juliana Lazarini<\/p>\n<p>Confira a grade de programa\u00e7\u00e3o completa que ocorre de sexta-feira a domingo, durante os dias 22, 23 e 24 de setembro, s\u00e3o 65 apresenta\u00e7\u00f5es de dan\u00e7a t\u00edpica, dan\u00e7a do ventre, fanfarra, Priscilla show, chuva de p\u00e9talas de rosas, entre outras atra\u00e7\u00f5es culturais: https:\/\/expoflora.com.br\/programacao\/<\/p>\n<p>Vale ressaltar que al\u00e9m das apresenta\u00e7\u00f5es culturais t\u00edpicas e shows musicais, o p\u00fablico pode visitar a Mostra de Paisagismo e Decora\u00e7\u00e3o, das 9h \u00e0s 19h, e conhecer 18 jardins ambientados e decorados por arquitetos, paisagistas e profissionais que trazem muitas novidades, as principais tend\u00eancias, intera\u00e7\u00e3o de plantas e flores com os ambientes e ideias criativas para o visitante levar essa sofistica\u00e7\u00e3o e bem-estar para seu dia a dia.<\/p>\n<p>Na Exposi\u00e7\u00e3o de Arranjos Florais e Paisagismo, o visitante embarca na viagem cultural dos 75 anos de imigra\u00e7\u00e3o holandesa em Holambra e comemora os 40 anos da Expoflora com uma explos\u00e3o de cores, flores diversas, composi\u00e7\u00f5es criadas pelos artistas florais Jan Willem, Jessica Drost e sua equipe, que unem sofistica\u00e7\u00e3o, criatividade e exuber\u00e2ncia. O artista holand\u00eas tamb\u00e9m comemora a marca pessoal de 40 anos de Expoflora, pois participou da primeira edi\u00e7\u00e3o e esteve presente em todas elas, trazendo seu talento, bom gosto e se reinventando a cada ano. Hor\u00e1rio de visita\u00e7\u00e3o das 9h \u00e0s 19h.<\/p>\n<p>Museu Hist\u00f3rico-cultural de Holambra<\/p>\n<p>No Museu \u00e9 colecionada toda a hist\u00f3ria da imigra\u00e7\u00e3o e da forma\u00e7\u00e3o da col\u00f4nia holandesa em Holambra. Seu acervo conta com cerca de duas mil fotos e objetos originais usados pelos primeiros imigrantes.<\/p>\n<p>A Fazendinha convida as fam\u00edlias a se desconectarem da cidade e terem momentos agrad\u00e1veis de tranquilidade e contato com a natureza e com os animais. As crian\u00e7as adoram esse passeio.<\/p>\n<p>Passeio Tur\u00edstico Magic Garden Holambra \u2013 \u00e9 uma das atra\u00e7\u00f5es grandiosas da Expoflora, uma experi\u00eancia imersiva em novos jardins e campos de flores ampliados, com cores impactantes e aromas envolventes espalhados por 30 mil m\u00b2 de \u00e1rea livre, al\u00e9m de esculturas surpreendentes e criativas que exaltam a beleza das flores e plantas, al\u00e9m do campo de lavandula e girassol que rende os melhores cliques. Ingressos \u00e0 parte com translado.<\/p>\n<p>Parque de Divers\u00f5es<\/p>\n<p>Com muita divers\u00e3o e adrenalina, o Parque de Divers\u00e3o da Expoflora \u00e9 uma op\u00e7\u00e3o perfeita para toda a fam\u00edlia, garantindo momentos de felicidade e descontra\u00e7\u00e3o em meio \u00e0 beleza das flores. S\u00e3o brinquedos divertidos como Chap\u00e9u Mexicano, Kamikaze, entre outros. Ingresso adquirido \u00e0 parte.<\/p>\n<p>Gastronomia<\/p>\n<p>Principais restaurantes, confeitarias e sorveterias da Expoflora<\/p>\n<p>O Restaurante Amsterdam oferece buffet especializado em comida t\u00edpica holandesa, assim como o Martin Restaurante e a Martin Confeitaria (confeitaria t\u00edpica do recinto, desde 1998 na Expoflora) que nesta edi\u00e7\u00e3o traz novidades como o Bar \u2013 DE DAM, com del\u00edcias gastron\u00f4micas t\u00edpicas e variadas. O restaurante Tulipa traz op\u00e7\u00f5es saborosas da gastronomia holandesa, como, joelho de porco; para atender a todos os gostos, o Restaurante Fazenda traz buffet de churrasco e comida caseira.<\/p>\n<p>O restaurante Casa Bela traz lan\u00e7amentos em sobremesas t\u00edpicas exuberantes, decoradas com flores comest\u00edveis, salsich\u00e3o com novos acompanhamentos, pratos salgados tradicionais; as sorveterias Vanilla Ice oferecem sorvetes variados e o delicioso lan\u00e7amento \u2013 sorvete de lavandula.<\/p>\n<p>A realiza\u00e7\u00e3o da 40\u00aa Expoflora ocorre com o apoio de patrocinadores que junto \u00e0 organiza\u00e7\u00e3o, primam pela qualidade e excel\u00eancia de um evento grandioso que promove cultura e divers\u00e3o para os visitantes. S\u00e3o eles:<\/p>\n<p>Patrocinadores: Coca-Cola FEMSA Brasil, por meio das marcas Coca-Cola e Eisenbahn, 3 Cora\u00e7\u00f5es e O Botic\u00e1rio. Apoio: Prefeitura Municipal de Holambra, Cooperativa Veiling Holambra e Cooperflora.<\/p>\n<p>Ap\u00f3s mais 3 dias de festa e encerramento da Expoflora, a organiza\u00e7\u00e3o j\u00e1 tem encontro marcado com o p\u00fablico no \u201cNatal de Holambra\u201d, de 24 de novembro a 23 de dezembro. Em breve, mais informa\u00e7\u00f5es.<\/p>\n<p>Servi\u00e7o \u2013 40\u00aa Expoflora \u2013 Holambra, SP &#8211; 25\/08 a 24\/09<\/p>\n<p>Datas: 22, 23 e 24 de setembro, sexta a domingo<\/p>\n<p>Hor\u00e1rio: das 9h \u00e0s 19h<\/p>\n<p>Local: Holambra, SP<\/p>\n<p>Endere\u00e7o: Rodovia SP-107, km 32,5, sem n\u00famero<\/p>\n","protected":false},"excerpt":{"rendered":"<p>A Expoflora se despede do p\u00fablico com a chegada da \u00e9poca mais bonita do ano e com muitas atra\u00e7\u00f5es nos seus tr\u00eas \u00faltimos dias de 22 a 24 de setembro de 2023. &nbsp; A Expoflora &#8211; maior evento de flores da Am\u00e9rica Latina comemora a chegada da primavera \u2013 a esta\u00e7\u00e3o mais bonita do ano [&hellip;]<\/p>\n","protected":false},"author":9,"featured_media":90287,"comment_status":"closed","ping_status":"closed","sticky":false,"template":"","format":"standard","meta":{"footnotes":""},"categories":[1,4],"tags":[],"class_list":{"0":"post-90286","1":"post","2":"type-post","3":"status-publish","4":"format-standard","5":"has-post-thumbnail","7":"category-instagram","8":"category-turismo"},"_links":{"self":[{"href":"https:\/\/cidadeazulnoticias.com.br\/wp-json\/wp\/v2\/posts\/90286"}],"collection":[{"href":"https:\/\/cidadeazulnoticias.com.br\/wp-json\/wp\/v2\/posts"}],"about":[{"href":"https:\/\/cidadeazulnoticias.com.br\/wp-json\/wp\/v2\/types\/post"}],"author":[{"embeddable":true,"href":"https:\/\/cidadeazulnoticias.com.br\/wp-json\/wp\/v2\/users\/9"}],"replies":[{"embeddable":true,"href":"https:\/\/cidadeazulnoticias.com.br\/wp-json\/wp\/v2\/comments?post=90286"}],"version-history":[{"count":0,"href":"https:\/\/cidadeazulnoticias.com.br\/wp-json\/wp\/v2\/posts\/90286\/revisions"}],"wp:featuredmedia":[{"embeddable":true,"href":"https:\/\/cidadeazulnoticias.com.br\/wp-json\/wp\/v2\/media\/90287"}],"wp:attachment":[{"href":"https:\/\/cidadeazulnoticias.com.br\/wp-json\/wp\/v2\/media?parent=90286"}],"wp:term":[{"taxonomy":"category","embeddable":true,"href":"https:\/\/cidadeazulnoticias.com.br\/wp-json\/wp\/v2\/categories?post=90286"},{"taxonomy":"post_tag","embeddable":true,"href":"https:\/\/cidadeazulnoticias.com.br\/wp-json\/wp\/v2\/tags?post=90286"}],"curies":[{"name":"wp","href":"https:\/\/api.w.org\/{rel}","templated":true}]}}