{"id":129732,"date":"2026-09-01T08:59:33","date_gmt":"2026-09-01T11:59:33","guid":{"rendered":"https:\/\/cidadeazulnoticias.com.br\/?p=129732"},"modified":"2026-09-01T08:59:33","modified_gmt":"2026-09-01T11:59:33","slug":"jardim-progresso-2-recebe-sessao-de-cinema-ao-ar-livre-nesse-sabado","status":"publish","type":"post","link":"https:\/\/cidadeazulnoticias.com.br\/jardim-progresso-2-recebe-sessao-de-cinema-ao-ar-livre-nesse-sabado\/","title":{"rendered":"Jardim Progresso 2 recebe sess\u00e3o de cinema ao ar livre nesse s\u00e1bado"},"content":{"rendered":"<h2><em>Anima\u00e7\u00e3o \u201cComo M\u00e1gica\u201d ser\u00e1 exibida \u00e0s 19 horas no campo de futebol do bairro.<\/em><\/h2>\n<p>Mais uma edi\u00e7\u00e3o do Cine ao Luar ser\u00e1 realizada neste s\u00e1bado (5) a partir das 19 horas. A sess\u00e3o, no jardim Progresso 2, n\u00e3o ter\u00e1 cobran\u00e7a de ingresso. Toda a comunidade do distrito poder\u00e1 curtir a exibi\u00e7\u00e3o de Como M\u00e1gica, sucesso lan\u00e7ado neste ano.<\/p>\n<p>O filme, exibido pela Netflix, \u00e9 divers\u00e3o garantida para toda a fam\u00edlia. Haver\u00e1 distribui\u00e7\u00e3o de pipoca. A sess\u00e3o ser\u00e1 realizada no campo de futebol do Jardim Progresso 2, na Avenida 2, 1835.<\/p>\n<p>O Cine ao Luar \u00e9 uma iniciativa da prefeitura de Rio Claro, por meio da Secretaria de Cultura, com objetivo de promover momentos de lazer e divers\u00e3o nos bairros e distritos, ampliando o acesso da comunidade a filmes de sucesso.<\/p>\n<p>Como M\u00e1gica \u00e9 uma fantasia e com\u00e9dia em anima\u00e7\u00e3o sobre um incidente entre uma ave e uma criatura pequena que trocam de corpos. Esses inimigos naturais ter\u00e3o que unir-se pela sobreviv\u00eancia em meio \u00e0 terra selvagem e cheia de magia.<\/p>\n<p>O Cine ao Luar tem parceria com Gira Mundo Divers\u00f5es. A agenda pode ser alterada em caso de chuva.<\/p>\n","protected":false},"excerpt":{"rendered":"<p>Anima\u00e7\u00e3o \u201cComo M\u00e1gica\u201d ser\u00e1 exibida \u00e0s 19 horas no campo de futebol do bairro. Mais uma edi\u00e7\u00e3o do Cine ao Luar ser\u00e1 realizada neste s\u00e1bado (5) a partir das 19 horas. A sess\u00e3o, no jardim Progresso 2, n\u00e3o ter\u00e1 cobran\u00e7a de ingresso. Toda a comunidade do distrito poder\u00e1 curtir a exibi\u00e7\u00e3o de Como M\u00e1gica, sucesso [&hellip;]<\/p>\n","protected":false},"author":9,"featured_media":71967,"comment_status":"closed","ping_status":"closed","sticky":false,"template":"","format":"standard","meta":{"footnotes":""},"categories":[1,187],"tags":[],"class_list":{"0":"post-129732","1":"post","2":"type-post","3":"status-publish","4":"format-standard","5":"has-post-thumbnail","7":"category-instagram","8":"category-rio-claro"},"_links":{"self":[{"href":"https:\/\/cidadeazulnoticias.com.br\/wp-json\/wp\/v2\/posts\/129732"}],"collection":[{"href":"https:\/\/cidadeazulnoticias.com.br\/wp-json\/wp\/v2\/posts"}],"about":[{"href":"https:\/\/cidadeazulnoticias.com.br\/wp-json\/wp\/v2\/types\/post"}],"author":[{"embeddable":true,"href":"https:\/\/cidadeazulnoticias.com.br\/wp-json\/wp\/v2\/users\/9"}],"replies":[{"embeddable":true,"href":"https:\/\/cidadeazulnoticias.com.br\/wp-json\/wp\/v2\/comments?post=129732"}],"version-history":[{"count":1,"href":"https:\/\/cidadeazulnoticias.com.br\/wp-json\/wp\/v2\/posts\/129732\/revisions"}],"predecessor-version":[{"id":129733,"href":"https:\/\/cidadeazulnoticias.com.br\/wp-json\/wp\/v2\/posts\/129732\/revisions\/129733"}],"wp:featuredmedia":[{"embeddable":true,"href":"https:\/\/cidadeazulnoticias.com.br\/wp-json\/wp\/v2\/media\/71967"}],"wp:attachment":[{"href":"https:\/\/cidadeazulnoticias.com.br\/wp-json\/wp\/v2\/media?parent=129732"}],"wp:term":[{"taxonomy":"category","embeddable":true,"href":"https:\/\/cidadeazulnoticias.com.br\/wp-json\/wp\/v2\/categories?post=129732"},{"taxonomy":"post_tag","embeddable":true,"href":"https:\/\/cidadeazulnoticias.com.br\/wp-json\/wp\/v2\/tags?post=129732"}],"curies":[{"name":"wp","href":"https:\/\/api.w.org\/{rel}","templated":true}]}}