{"id":9263,"date":"2019-04-16T20:32:19","date_gmt":"2019-04-16T23:32:19","guid":{"rendered":"https:\/\/cidadeazulnoticias.com.br\/?p=9263"},"modified":"2019-04-16T20:32:19","modified_gmt":"2019-04-16T23:32:19","slug":"cras-independencia-recebe-melhorias","status":"publish","type":"post","link":"https:\/\/cidadeazulnoticias.com.br\/cras-independencia-recebe-melhorias\/","title":{"rendered":"Cras Independ\u00eancia recebe melhorias"},"content":{"rendered":"<h3><em>Obras incluem acessibilidade e adequa\u00e7\u00f5es de salas.<\/em><\/h3>\n<p>A popula\u00e7\u00e3o atendida no Centro de Refer\u00eancia de Assist\u00eancia Social (Cras) do Jardim Independ\u00eancia, em Rio Claro, j\u00e1 conta com espa\u00e7o mais apropriado e acolhedor. A prefeitura est\u00e1 finalizando reforma que incluiu adequa\u00e7\u00f5es para melhor uso do espa\u00e7o e instala\u00e7\u00e3o de playground para divers\u00e3o das crian\u00e7as. \u201cTrabalhamos para oferecer \u00e0 comunidade o melhor atendimento e isso inclui espa\u00e7os mais confort\u00e1veis e ambiente acolhedor, o que tamb\u00e9m d\u00e1 melhores condi\u00e7\u00f5es de trabalho \u00e0 equipe\u201d, destacou o prefeito Jo\u00e3o Teixeira Junior, o Juninho da Padaria, que na ter\u00e7a-feira (16) visitou o local. Faltam apenas alguns detalhes para a finaliza\u00e7\u00e3o das obras.<\/p>\n<p>\u201cQuem procura os servi\u00e7os de atendimento social normalmente j\u00e1 est\u00e1 em situa\u00e7\u00e3o vulner\u00e1vel e \u00e9 importante que as pessoas encontrem nos equipamentos p\u00fablicos um ambiente e atendimento que contribuam para amenizar essa situa\u00e7\u00e3o\u201d, observa Erica Belomi, secret\u00e1ria do Desenvolvimento Social.<\/p>\n<p>Rampas de acessibilidade foram instaladas e o local tamb\u00e9m ganhou novo paisagismo e melhorias no telhado. A m\u00e3o de obra teve participa\u00e7\u00e3o de bolsistas atendidos pelo programa Nova Vida. \u201cO pr\u00e9dio tinha infiltra\u00e7\u00f5es e problemas no piso\u201d, lembra V\u00e2nia Bueno, auxiliar de servi\u00e7os gerais no Cras. Com a reforma, realizada com recursos federais, as quest\u00f5es foram solucionadas. \u201cEssa \u00e9 a primeira administra\u00e7\u00e3o municipal que olha para a gente e faz alguma coisa para melhorar o espa\u00e7o\u201d, observa Adriana Correa, que h\u00e1 16 anos trabalha como atendente no local.<\/p>\n<p>O pr\u00e9dio do centro de conviv\u00eancia que fica ao lado do Cras tamb\u00e9m recebeu melhorias, ganhou novo forro e pintura nova. O vereador Paulo Guedes vem acompanhando as reivindica\u00e7\u00f5es da comunidade daquela regi\u00e3o. \u201cA reforma desses espa\u00e7os era muito aguardada e d\u00e1 melhores condi\u00e7\u00f5es para comunidade e funcion\u00e1rios que frequentam os dois locais\u201d, observou o vereador.<\/p>\n","protected":false},"excerpt":{"rendered":"<p>Obras incluem acessibilidade e adequa\u00e7\u00f5es de salas. A popula\u00e7\u00e3o atendida no Centro de Refer\u00eancia de Assist\u00eancia Social (Cras) do Jardim Independ\u00eancia, em Rio Claro, j\u00e1 conta com espa\u00e7o mais apropriado e acolhedor. A prefeitura est\u00e1 finalizando reforma que incluiu adequa\u00e7\u00f5es para melhor uso do espa\u00e7o e instala\u00e7\u00e3o de playground para divers\u00e3o das crian\u00e7as. \u201cTrabalhamos para [&hellip;]<\/p>\n","protected":false},"author":6,"featured_media":9264,"comment_status":"open","ping_status":"open","sticky":false,"template":"","format":"standard","meta":{"footnotes":""},"categories":[187],"tags":[],"class_list":{"0":"post-9263","1":"post","2":"type-post","3":"status-publish","4":"format-standard","5":"has-post-thumbnail","7":"category-rio-claro"},"_links":{"self":[{"href":"https:\/\/cidadeazulnoticias.com.br\/wp-json\/wp\/v2\/posts\/9263"}],"collection":[{"href":"https:\/\/cidadeazulnoticias.com.br\/wp-json\/wp\/v2\/posts"}],"about":[{"href":"https:\/\/cidadeazulnoticias.com.br\/wp-json\/wp\/v2\/types\/post"}],"author":[{"embeddable":true,"href":"https:\/\/cidadeazulnoticias.com.br\/wp-json\/wp\/v2\/users\/6"}],"replies":[{"embeddable":true,"href":"https:\/\/cidadeazulnoticias.com.br\/wp-json\/wp\/v2\/comments?post=9263"}],"version-history":[{"count":0,"href":"https:\/\/cidadeazulnoticias.com.br\/wp-json\/wp\/v2\/posts\/9263\/revisions"}],"wp:featuredmedia":[{"embeddable":true,"href":"https:\/\/cidadeazulnoticias.com.br\/wp-json\/wp\/v2\/media\/9264"}],"wp:attachment":[{"href":"https:\/\/cidadeazulnoticias.com.br\/wp-json\/wp\/v2\/media?parent=9263"}],"wp:term":[{"taxonomy":"category","embeddable":true,"href":"https:\/\/cidadeazulnoticias.com.br\/wp-json\/wp\/v2\/categories?post=9263"},{"taxonomy":"post_tag","embeddable":true,"href":"https:\/\/cidadeazulnoticias.com.br\/wp-json\/wp\/v2\/tags?post=9263"}],"curies":[{"name":"wp","href":"https:\/\/api.w.org\/{rel}","templated":true}]}}