{"id":122756,"date":"2025-12-04T15:29:03","date_gmt":"2025-12-04T18:29:03","guid":{"rendered":"https:\/\/cidadeazulnoticias.com.br\/?p=122756"},"modified":"2025-12-04T15:33:50","modified_gmt":"2025-12-04T18:33:50","slug":"motociclista-morre-apos-colisao-com-van-que-tombou-na-sp-191-em-ipeuna","status":"publish","type":"post","link":"https:\/\/cidadeazulnoticias.com.br\/motociclista-morre-apos-colisao-com-van-que-tombou-na-sp-191-em-ipeuna\/","title":{"rendered":""},"content":{"rendered":"<h2><em>Acidente ocorreu no in\u00edcio da manh\u00e3 desta quinta-feira; van tombou ap\u00f3s o impacto e tr\u00e2nsito precisou ser desviado pelo acostamento.<\/em><\/h2>\n<p>A Pol\u00edcia Rodovi\u00e1ria Militar atendeu, na manh\u00e3 desta quinta-feira (4), um sinistro de tr\u00e2nsito com v\u00edtima fatal na Rodovia Wilson Finardi (SP-191), em Ipe\u00fana. O acidente ocorreu por volta das 6h50, no km 83+054 \u2014 ponto que teve marco quilom\u00e9trico recentemente atualizado pela concession\u00e1ria.<\/p>\n<p><img loading=\"lazy\" decoding=\"async\" class=\"alignnone wp-image-122760 size-full\" src=\"https:\/\/s3.cidadeazulnoticias.com.br\/wp-content\/uploads\/2025\/12\/04153125\/acidente-van-sp-191.jpg\" alt=\"\" width=\"1000\" height=\"750\" srcset=\"https:\/\/s3.cidadeazulnoticias.com.br\/wp-content\/uploads\/2025\/12\/04153125\/acidente-van-sp-191.jpg 1000w, https:\/\/s3.cidadeazulnoticias.com.br\/wp-content\/uploads\/2025\/12\/04153125\/acidente-van-sp-191-300x225.jpg 300w, https:\/\/s3.cidadeazulnoticias.com.br\/wp-content\/uploads\/2025\/12\/04153125\/acidente-van-sp-191-768x576.jpg 768w, https:\/\/s3.cidadeazulnoticias.com.br\/wp-content\/uploads\/2025\/12\/04153125\/acidente-van-sp-191-560x420.jpg 560w, https:\/\/s3.cidadeazulnoticias.com.br\/wp-content\/uploads\/2025\/12\/04153125\/acidente-van-sp-191-80x60.jpg 80w, https:\/\/s3.cidadeazulnoticias.com.br\/wp-content\/uploads\/2025\/12\/04153125\/acidente-van-sp-191-696x522.jpg 696w, https:\/\/s3.cidadeazulnoticias.com.br\/wp-content\/uploads\/2025\/12\/04153125\/acidente-van-sp-191-265x198.jpg 265w\" sizes=\"(max-width: 1000px) 100vw, 1000px\" \/><\/p>\n<p>Segundo informa\u00e7\u00f5es do boletim de ocorr\u00eancia e dados complementares da ARTESP, a motocicleta BMW\/F800 R, conduzida por S\u00edlvio Cesar da Silva, seguia sentido leste (Ipe\u00fana \u2192 Rio Claro) quando, ao passar pelo cruzamento existente no local, colidiu transversalmente com uma van Renault\/Master. Com o impacto, a van tombou e a motocicleta permaneceu ca\u00edda sobre a faixa de rolamento.<\/p>\n<p>O \u00f3bito do motociclista foi constatado \u00e0s 6h57 pelo m\u00e9dico da Unidade de Sa\u00fade Avan\u00e7ada. A equipe da Pol\u00edcia Rodovi\u00e1ria chegou ao local \u00e0s 7h20. O tempo era bom no momento do sinistro.<\/p>\n<p><img loading=\"lazy\" decoding=\"async\" class=\"alignnone wp-image-122759 size-full\" src=\"https:\/\/s3.cidadeazulnoticias.com.br\/wp-content\/uploads\/2025\/12\/04153021\/acidnete-moto-van-sp-101.jpg\" alt=\"\" width=\"1000\" height=\"750\" srcset=\"https:\/\/s3.cidadeazulnoticias.com.br\/wp-content\/uploads\/2025\/12\/04153021\/acidnete-moto-van-sp-101.jpg 1000w, https:\/\/s3.cidadeazulnoticias.com.br\/wp-content\/uploads\/2025\/12\/04153021\/acidnete-moto-van-sp-101-300x225.jpg 300w, https:\/\/s3.cidadeazulnoticias.com.br\/wp-content\/uploads\/2025\/12\/04153021\/acidnete-moto-van-sp-101-768x576.jpg 768w, https:\/\/s3.cidadeazulnoticias.com.br\/wp-content\/uploads\/2025\/12\/04153021\/acidnete-moto-van-sp-101-560x420.jpg 560w, https:\/\/s3.cidadeazulnoticias.com.br\/wp-content\/uploads\/2025\/12\/04153021\/acidnete-moto-van-sp-101-80x60.jpg 80w, https:\/\/s3.cidadeazulnoticias.com.br\/wp-content\/uploads\/2025\/12\/04153021\/acidnete-moto-van-sp-101-696x522.jpg 696w, https:\/\/s3.cidadeazulnoticias.com.br\/wp-content\/uploads\/2025\/12\/04153021\/acidnete-moto-van-sp-101-265x198.jpg 265w\" sizes=\"(max-width: 1000px) 100vw, 1000px\" \/><\/p>\n<p>Durante o atendimento, as faixas 1 e 2 ficaram interditadas e o fluxo foi desviado pelo acostamento. A Per\u00edcia realizou os procedimentos necess\u00e1rios para apura\u00e7\u00e3o t\u00e9cnica das causas. \u00c0s 8h58, a funer\u00e1ria chegou ao local e removeu o corpo \u00e0s 9h03.<\/p>\n<p>A inspe\u00e7\u00e3o 3029R informou que a motocicleta seria retirada por um parente da v\u00edtima. \u00c0s 9h17, o operador do Guincho Pesado 3002 realizou o destombamento da van, que foi retirada da pista e deixada no canteiro lateral, sem gerar novas interfer\u00eancias. O condutor do ve\u00edculo acionou a seguradora para a remo\u00e7\u00e3o final.<\/p>\n<p>A ocorr\u00eancia, sob circunscri\u00e7\u00e3o do 1\u00ba Pelot\u00e3o da 2\u00aa Cia do 3\u00b0 BPRv, prosseguiu at\u00e9 a completa libera\u00e7\u00e3o da rodovia.<\/p>\n<p>&nbsp;<\/p>\n<p>&nbsp;<\/p>\n","protected":false},"excerpt":{"rendered":"<p>Acidente ocorreu no in\u00edcio da manh\u00e3 desta quinta-feira; van tombou ap\u00f3s o impacto e tr\u00e2nsito precisou ser desviado pelo acostamento. A Pol\u00edcia Rodovi\u00e1ria Militar atendeu, na manh\u00e3 desta quinta-feira (4), um sinistro de tr\u00e2nsito com v\u00edtima fatal na Rodovia Wilson Finardi (SP-191), em Ipe\u00fana. O acidente ocorreu por volta das 6h50, no km 83+054 \u2014 [&hellip;]<\/p>\n","protected":false},"author":9,"featured_media":122757,"comment_status":"closed","ping_status":"closed","sticky":false,"template":"","format":"standard","meta":{"footnotes":""},"categories":[187],"tags":[11699,13048,12583,10359,11775,10434,13543,11700,9414],"class_list":{"0":"post-122756","1":"post","2":"type-post","3":"status-publish","4":"format-standard","5":"has-post-thumbnail","7":"category-rio-claro","8":"tag-acidentefatal","9":"tag-artesp","10":"tag-bprv","11":"tag-ipeuna","12":"tag-ocorrenciapolicial","13":"tag-policiarodoviaria","14":"tag-rodoviawilsonfinardi","15":"tag-sp191","16":"tag-transito"},"_links":{"self":[{"href":"https:\/\/cidadeazulnoticias.com.br\/wp-json\/wp\/v2\/posts\/122756"}],"collection":[{"href":"https:\/\/cidadeazulnoticias.com.br\/wp-json\/wp\/v2\/posts"}],"about":[{"href":"https:\/\/cidadeazulnoticias.com.br\/wp-json\/wp\/v2\/types\/post"}],"author":[{"embeddable":true,"href":"https:\/\/cidadeazulnoticias.com.br\/wp-json\/wp\/v2\/users\/9"}],"replies":[{"embeddable":true,"href":"https:\/\/cidadeazulnoticias.com.br\/wp-json\/wp\/v2\/comments?post=122756"}],"version-history":[{"count":3,"href":"https:\/\/cidadeazulnoticias.com.br\/wp-json\/wp\/v2\/posts\/122756\/revisions"}],"predecessor-version":[{"id":122762,"href":"https:\/\/cidadeazulnoticias.com.br\/wp-json\/wp\/v2\/posts\/122756\/revisions\/122762"}],"wp:featuredmedia":[{"embeddable":true,"href":"https:\/\/cidadeazulnoticias.com.br\/wp-json\/wp\/v2\/media\/122757"}],"wp:attachment":[{"href":"https:\/\/cidadeazulnoticias.com.br\/wp-json\/wp\/v2\/media?parent=122756"}],"wp:term":[{"taxonomy":"category","embeddable":true,"href":"https:\/\/cidadeazulnoticias.com.br\/wp-json\/wp\/v2\/categories?post=122756"},{"taxonomy":"post_tag","embeddable":true,"href":"https:\/\/cidadeazulnoticias.com.br\/wp-json\/wp\/v2\/tags?post=122756"}],"curies":[{"name":"wp","href":"https:\/\/api.w.org\/{rel}","templated":true}]}}