{"id":16778,"date":"2019-10-12T07:39:23","date_gmt":"2019-10-12T10:39:23","guid":{"rendered":"https:\/\/cidadeazulnoticias.com.br\/?p=16778"},"modified":"2019-10-12T07:39:23","modified_gmt":"2019-10-12T10:39:23","slug":"rocam-prende-criminoso-que-roubou-onibus-da-rapido-sao-paulo","status":"publish","type":"post","link":"https:\/\/cidadeazulnoticias.com.br\/rocam-prende-criminoso-que-roubou-onibus-da-rapido-sao-paulo\/","title":{"rendered":"ROCAM prende criminoso que roubou \u00f4nibus da R\u00e1pido S\u00e3o Paulo"},"content":{"rendered":"<p>No final da tarde de sexta-feira (11) policiais militares da ROCAM prenderam em flagrante o indiv\u00edduo que havia roubado o \u00f4nibus da R\u00e1pido S\u00e3o Paulo no final da manh\u00e3, pela Rua 14 com a Avenida 13, bairro Consola\u00e7\u00e3o. O ve\u00edculo foi localizado horas depois pelo bairro Jardim Bandeirantes.<\/p>\n<p>A equipe com as informa\u00e7\u00f5es sobre a ocorr\u00eancia e as caracter\u00edsticas do indiv\u00edduo, iniciou patrulhamento pelos bairros de Rio Claro, quando pelo cruzamento da Avenida 64A com a Rua 14, bairro S\u00e3o Miguel, avistaram um homem com as mesmas caracter\u00edsticas do autor do roubo. Em revista pessoal nada de il\u00edcito foi encontrado.<\/p>\n<p>Indagado sobre o roubo, o indiv\u00edduo confessou o crime e tamb\u00e9m ser ex-funcion\u00e1rio da empresa de \u00f4nibus.<\/p>\n<p>Diante dos fatos foi dado voz de pris\u00e3o em flagrante ao indiciado e conduzido at\u00e9 o Plant\u00e3o Policial onde Delegado tomou conhecimento da ocorr\u00eancia e elaborou Bopc de Flagrante de ROUBO de veiculo conduzindo o indiciado a cadeia P\u00fablica permanecendo a disposi\u00e7\u00e3o da justi\u00e7a<\/p>\n","protected":false},"excerpt":{"rendered":"<p>No final da tarde de sexta-feira (11) policiais militares da ROCAM prenderam em flagrante o indiv\u00edduo que havia roubado o \u00f4nibus da R\u00e1pido S\u00e3o Paulo no final da manh\u00e3, pela Rua 14 com a Avenida 13, bairro Consola\u00e7\u00e3o. O ve\u00edculo foi localizado horas depois pelo bairro Jardim Bandeirantes. A equipe com as informa\u00e7\u00f5es sobre a [&hellip;]<\/p>\n","protected":false},"author":6,"featured_media":7577,"comment_status":"open","ping_status":"open","sticky":false,"template":"","format":"standard","meta":{"footnotes":""},"categories":[2],"tags":[],"class_list":{"0":"post-16778","1":"post","2":"type-post","3":"status-publish","4":"format-standard","5":"has-post-thumbnail","7":"category-seguranca"},"_links":{"self":[{"href":"https:\/\/cidadeazulnoticias.com.br\/wp-json\/wp\/v2\/posts\/16778"}],"collection":[{"href":"https:\/\/cidadeazulnoticias.com.br\/wp-json\/wp\/v2\/posts"}],"about":[{"href":"https:\/\/cidadeazulnoticias.com.br\/wp-json\/wp\/v2\/types\/post"}],"author":[{"embeddable":true,"href":"https:\/\/cidadeazulnoticias.com.br\/wp-json\/wp\/v2\/users\/6"}],"replies":[{"embeddable":true,"href":"https:\/\/cidadeazulnoticias.com.br\/wp-json\/wp\/v2\/comments?post=16778"}],"version-history":[{"count":0,"href":"https:\/\/cidadeazulnoticias.com.br\/wp-json\/wp\/v2\/posts\/16778\/revisions"}],"wp:featuredmedia":[{"embeddable":true,"href":"https:\/\/cidadeazulnoticias.com.br\/wp-json\/wp\/v2\/media\/7577"}],"wp:attachment":[{"href":"https:\/\/cidadeazulnoticias.com.br\/wp-json\/wp\/v2\/media?parent=16778"}],"wp:term":[{"taxonomy":"category","embeddable":true,"href":"https:\/\/cidadeazulnoticias.com.br\/wp-json\/wp\/v2\/categories?post=16778"},{"taxonomy":"post_tag","embeddable":true,"href":"https:\/\/cidadeazulnoticias.com.br\/wp-json\/wp\/v2\/tags?post=16778"}],"curies":[{"name":"wp","href":"https:\/\/api.w.org\/{rel}","templated":true}]}}