{"id":128397,"date":"2026-07-08T21:59:13","date_gmt":"2026-07-09T00:59:13","guid":{"rendered":"https:\/\/cidadeazulnoticias.com.br\/?p=128397"},"modified":"2026-07-08T22:23:39","modified_gmt":"2026-07-09T01:23:39","slug":"rio-claro-celebra-os-94-anos-da-revolucao-constitucionalista-com-ato-civico-nesta-quinta-feira","status":"publish","type":"post","link":"https:\/\/cidadeazulnoticias.com.br\/rio-claro-celebra-os-94-anos-da-revolucao-constitucionalista-com-ato-civico-nesta-quinta-feira\/","title":{"rendered":"Rio Claro celebra os 94 anos da Revolu\u00e7\u00e3o Constitucionalista com ato c\u00edvico nesta quinta-feira"},"content":{"rendered":"<h2><em>Solenidade promovida pelo Conselho Ma\u00e7\u00f4nico Rio-clarense homenagear\u00e1 os combatentes de 1932 e refor\u00e7ar\u00e1 a import\u00e2ncia da democracia e da defesa da Constitui\u00e7\u00e3o.<\/em><\/h2>\n<p>Os 94 anos da Revolu\u00e7\u00e3o Constitucionalista de 1932 ser\u00e3o lembrados em Rio Claro com um ato c\u00edvico aberto \u00e0 popula\u00e7\u00e3o, que ser\u00e1 realizado na manh\u00e3 desta quinta-feira, 9 de julho, na Pra\u00e7a 9 de Julho, na Vila Aparecida.<\/p>\n<p>A solenidade \u00e9 promovida pelo Conselho Ma\u00e7\u00f4nico Rio-clarense e presta homenagem aos homens e mulheres que participaram do Movimento Constitucionalista, considerado um dos marcos da hist\u00f3ria paulista na luta pela restaura\u00e7\u00e3o da ordem constitucional, pela democracia e pelas liberdades p\u00fablicas.<\/p>\n<p><img loading=\"lazy\" decoding=\"async\" class=\"alignnone wp-image-128399 size-full\" src=\"https:\/\/s3.cidadeazulnoticias.com.br\/wp-content\/uploads\/2026\/07\/08215854\/Ato-Civico_21025-4.jpg.jpeg\" alt=\"\" width=\"1000\" height=\"632\" srcset=\"https:\/\/s3.cidadeazulnoticias.com.br\/wp-content\/uploads\/2026\/07\/08215854\/Ato-Civico_21025-4.jpg.jpeg 1000w, https:\/\/s3.cidadeazulnoticias.com.br\/wp-content\/uploads\/2026\/07\/08215854\/Ato-Civico_21025-4.jpg-300x190.jpeg 300w, https:\/\/s3.cidadeazulnoticias.com.br\/wp-content\/uploads\/2026\/07\/08215854\/Ato-Civico_21025-4.jpg-768x485.jpeg 768w, https:\/\/s3.cidadeazulnoticias.com.br\/wp-content\/uploads\/2026\/07\/08215854\/Ato-Civico_21025-4.jpg-665x420.jpeg 665w, https:\/\/s3.cidadeazulnoticias.com.br\/wp-content\/uploads\/2026\/07\/08215854\/Ato-Civico_21025-4.jpg-696x440.jpeg 696w\" sizes=\"(max-width: 1000px) 100vw, 1000px\" \/><\/p>\n<p>De acordo com o Conselho Ma\u00e7\u00f4nico, Rio Claro teve participa\u00e7\u00e3o expressiva durante a Revolu\u00e7\u00e3o de 1932, contribuindo com volunt\u00e1rios e apoio ao movimento que defendia a promulga\u00e7\u00e3o de uma nova Constitui\u00e7\u00e3o para o pa\u00eds.<\/p>\n<p>O ato c\u00edvico ter\u00e1 in\u00edcio \u00e0s 9h30 e ser\u00e1 aberto a toda a comunidade. A organiza\u00e7\u00e3o convida a popula\u00e7\u00e3o a prestigiar a cerim\u00f4nia, que busca manter viva a mem\u00f3ria daqueles que lutaram pelos ideais de cidadania, justi\u00e7a e fortalecimento das institui\u00e7\u00f5es democr\u00e1ticas.<\/p>\n<p>A Pra\u00e7a 9 de Julho est\u00e1 localizada na Vila Aparecida, na esquina da Rua 2-A com a Avenida 32 e a Rua Saibreiro 2.<\/p>\n","protected":false},"excerpt":{"rendered":"<p>Solenidade promovida pelo Conselho Ma\u00e7\u00f4nico Rio-clarense homenagear\u00e1 os combatentes de 1932 e refor\u00e7ar\u00e1 a import\u00e2ncia da democracia e da defesa da Constitui\u00e7\u00e3o. Os 94 anos da Revolu\u00e7\u00e3o Constitucionalista de 1932 ser\u00e3o lembrados em Rio Claro com um ato c\u00edvico aberto \u00e0 popula\u00e7\u00e3o, que ser\u00e1 realizado na manh\u00e3 desta quinta-feira, 9 de julho, na Pra\u00e7a 9 [&hellip;]<\/p>\n","protected":false},"author":9,"featured_media":128398,"comment_status":"closed","ping_status":"closed","sticky":false,"template":"","format":"standard","meta":{"footnotes":""},"categories":[1,187],"tags":[13031,13028,13992,10472,14195,14196,9505,14194,8919],"class_list":{"0":"post-128397","1":"post","2":"type-post","3":"status-publish","4":"format-standard","5":"has-post-thumbnail","7":"category-instagram","8":"category-rio-claro","9":"tag-9dejulho","10":"tag-atocivico","11":"tag-cidadania","12":"tag-cidadeazulnoticias","13":"tag-conselhomaconico","14":"tag-democracia","15":"tag-historia","16":"tag-revolucaoconstitucionalista","17":"tag-rioclaro"},"_links":{"self":[{"href":"https:\/\/cidadeazulnoticias.com.br\/wp-json\/wp\/v2\/posts\/128397"}],"collection":[{"href":"https:\/\/cidadeazulnoticias.com.br\/wp-json\/wp\/v2\/posts"}],"about":[{"href":"https:\/\/cidadeazulnoticias.com.br\/wp-json\/wp\/v2\/types\/post"}],"author":[{"embeddable":true,"href":"https:\/\/cidadeazulnoticias.com.br\/wp-json\/wp\/v2\/users\/9"}],"replies":[{"embeddable":true,"href":"https:\/\/cidadeazulnoticias.com.br\/wp-json\/wp\/v2\/comments?post=128397"}],"version-history":[{"count":1,"href":"https:\/\/cidadeazulnoticias.com.br\/wp-json\/wp\/v2\/posts\/128397\/revisions"}],"predecessor-version":[{"id":128400,"href":"https:\/\/cidadeazulnoticias.com.br\/wp-json\/wp\/v2\/posts\/128397\/revisions\/128400"}],"wp:featuredmedia":[{"embeddable":true,"href":"https:\/\/cidadeazulnoticias.com.br\/wp-json\/wp\/v2\/media\/128398"}],"wp:attachment":[{"href":"https:\/\/cidadeazulnoticias.com.br\/wp-json\/wp\/v2\/media?parent=128397"}],"wp:term":[{"taxonomy":"category","embeddable":true,"href":"https:\/\/cidadeazulnoticias.com.br\/wp-json\/wp\/v2\/categories?post=128397"},{"taxonomy":"post_tag","embeddable":true,"href":"https:\/\/cidadeazulnoticias.com.br\/wp-json\/wp\/v2\/tags?post=128397"}],"curies":[{"name":"wp","href":"https:\/\/api.w.org\/{rel}","templated":true}]}}