{"id":12770,"date":"2019-07-19T09:58:52","date_gmt":"2019-07-19T12:58:52","guid":{"rendered":"https:\/\/cidadeazulnoticias.com.br\/?p=12770"},"modified":"2019-07-19T09:58:52","modified_gmt":"2019-07-19T12:58:52","slug":"velo-clube-encerra-preparacao-antes-de-duelo-decisivo","status":"publish","type":"post","link":"https:\/\/cidadeazulnoticias.com.br\/velo-clube-encerra-preparacao-antes-de-duelo-decisivo\/","title":{"rendered":"Velo Clube encerra prepara\u00e7\u00e3o antes de duelo decisivo"},"content":{"rendered":"<h3><em>Rubro-verde precisa da vit\u00f3ria para se manter com chances de classifica\u00e7\u00e3o para a pr\u00f3xima fase<\/em><\/h3>\n<p>O Velo Clube realizou na tarde de quinta-feira (18) o \u00faltimo treinamento antes do embate decisivo contra a Internacional de Limeira, que acontece hoje (19), \u00e0s 20h, no Est\u00e1dio Benito Agnelo Castellano. A partida \u00e9 v\u00e1lida pela 5\u00aa rodada da primeira fase da Copa Paulista e o Rubro-Verde, que somou apenas um ponto, precisa da vit\u00f3ria para manter as chances de classifica\u00e7\u00e3o \u00e0 pr\u00f3xima fase do certame.<\/p>\n<p>O t\u00e9cnico velista, Fernando Souza, foi expulso na partida da \u00faltima rodada, ocasi\u00e3o na qual o Velo Clube enfrentou o XV de Novembro, em Piracicaba. Portanto, Fernando cumprir\u00e1 a suspens\u00e3o autom\u00e1tica e n\u00e3o estar\u00e1 apto a comandar a equipe durante o confronto de amanh\u00e3. O auxiliar t\u00e9cnico Augusto Sobrinho deve comandar o time frente \u00e0 Internacional. Sobre o rev\u00e9s sofrido no Bar\u00e3o da Serra Negra, Fernando deu suas considera\u00e7\u00f5es.<\/p>\n<p>\u201cFoi uma infelicidade. Est\u00e1vamos muito bem na partida. Controlamos bem o jogo. Claro que eles tiveram algumas oportunidades, mas n\u00f3s tamb\u00e9m tivemos as nossas. Em um descuido, sofremos o contra-ataque e tivemos que cometer o p\u00eanalti, que na minha opini\u00e3o, n\u00e3o foi. Depois disso tivemos o lan\u00e7a da falta do Jan\u00edlson, que o Gustavo pegou o rebote e fez o gol. O bandeira n\u00e3o correu para o meio de campo, mas tamb\u00e9m n\u00e3o assinalou o impedimento. Fizemos uma grande partida l\u00e1, mas n\u00e3o conseguimos a vit\u00f3ria\u201d, exp\u00f4s.<\/p>\n<h5><strong>DESFALQUES<\/strong><\/h5>\n<p>Al\u00e9m do desfalque do t\u00e9cnico Fernando Souza, o Velo Clube provavelmente tamb\u00e9m n\u00e3o contar\u00e1 com o zagueiro Felipe Codognatto. \u201cO Codo j\u00e1 vinha sentindo um desconforto e n\u00f3s est\u00e1vamos esperando as pe\u00e7as de reposi\u00e7\u00e3o chagarem. Ele foi para a partida contra o XV e fez um grande jogo, marcando o Macena, que \u00e9 um atacante muito bom. Ali ele j\u00e1 vinha sentindo um pouco. O poupamos na segunda-feira e ontem ele sentiu de novo. Ent\u00e3o, vamos avaliar o atleta melhor e se for o caso teremos que colocar um jogador de reposi\u00e7\u00e3o\u201d, explicou o t\u00e9cnico velista.<\/p>\n<p>Alexandre Carvalho, zagueiro que defendeu as cores do Velo na \u00faltima edi\u00e7\u00e3o da S\u00e9rie A3 do Paulista, realizada no in\u00edcio deste ano, est\u00e1 de volta ao clube e j\u00e1 treina com os companheiros. A diretoria do Time da Rua 3 est\u00e1 correndo atr\u00e1s da documenta\u00e7\u00e3o do atleta para que seu nome caia no BID e assim ela possa atuar. No entanto, segundo o t\u00e9cnico Fernando, quem deve iniciar a partida no lugar de Codo \u00e9 o zagueiro Breno, que j\u00e1 havia integrado o banco de reservas na \u00faltima rodada.<\/p>\n<h5><strong>PROV\u00c1VEL ESCALA\u00c7\u00c3O<\/strong><\/h5>\n<p>O Velo Clube deve ir a campo para enfrentar a Inter com: Felipe Rocha; Caio, Breno, L\u00e9o Santos e Jan\u00edlson; Eurico, Niander, Gustavo Henrique e Luiz Gustavo; Pedrinho e Chuck<\/p>\n<p>Fonte: Futebol Interior<\/p>\n","protected":false},"excerpt":{"rendered":"<p>Rubro-verde precisa da vit\u00f3ria para se manter com chances de classifica\u00e7\u00e3o para a pr\u00f3xima fase O Velo Clube realizou na tarde de quinta-feira (18) o \u00faltimo treinamento antes do embate decisivo contra a Internacional de Limeira, que acontece hoje (19), \u00e0s 20h, no Est\u00e1dio Benito Agnelo Castellano. A partida \u00e9 v\u00e1lida pela 5\u00aa rodada da [&hellip;]<\/p>\n","protected":false},"author":6,"featured_media":12771,"comment_status":"open","ping_status":"open","sticky":false,"template":"","format":"standard","meta":{"footnotes":""},"categories":[103],"tags":[],"class_list":{"0":"post-12770","1":"post","2":"type-post","3":"status-publish","4":"format-standard","5":"has-post-thumbnail","7":"category-esportes"},"_links":{"self":[{"href":"https:\/\/cidadeazulnoticias.com.br\/wp-json\/wp\/v2\/posts\/12770"}],"collection":[{"href":"https:\/\/cidadeazulnoticias.com.br\/wp-json\/wp\/v2\/posts"}],"about":[{"href":"https:\/\/cidadeazulnoticias.com.br\/wp-json\/wp\/v2\/types\/post"}],"author":[{"embeddable":true,"href":"https:\/\/cidadeazulnoticias.com.br\/wp-json\/wp\/v2\/users\/6"}],"replies":[{"embeddable":true,"href":"https:\/\/cidadeazulnoticias.com.br\/wp-json\/wp\/v2\/comments?post=12770"}],"version-history":[{"count":0,"href":"https:\/\/cidadeazulnoticias.com.br\/wp-json\/wp\/v2\/posts\/12770\/revisions"}],"wp:featuredmedia":[{"embeddable":true,"href":"https:\/\/cidadeazulnoticias.com.br\/wp-json\/wp\/v2\/media\/12771"}],"wp:attachment":[{"href":"https:\/\/cidadeazulnoticias.com.br\/wp-json\/wp\/v2\/media?parent=12770"}],"wp:term":[{"taxonomy":"category","embeddable":true,"href":"https:\/\/cidadeazulnoticias.com.br\/wp-json\/wp\/v2\/categories?post=12770"},{"taxonomy":"post_tag","embeddable":true,"href":"https:\/\/cidadeazulnoticias.com.br\/wp-json\/wp\/v2\/tags?post=12770"}],"curies":[{"name":"wp","href":"https:\/\/api.w.org\/{rel}","templated":true}]}}