{"id":21467,"date":"2020-01-27T06:38:57","date_gmt":"2020-01-27T09:38:57","guid":{"rendered":"https:\/\/cidadeazulnoticias.com.br\/?p=21467"},"modified":"2020-01-27T06:38:57","modified_gmt":"2020-01-27T09:38:57","slug":"gcms-de-rio-claro-participam-de-visita-tecnica-em-campinas","status":"publish","type":"post","link":"https:\/\/cidadeazulnoticias.com.br\/gcms-de-rio-claro-participam-de-visita-tecnica-em-campinas\/","title":{"rendered":"GCMs de Rio Claro participam de visita t\u00e9cnica em Campinas"},"content":{"rendered":"<p>No s\u00e1bado (25) os Guardas Civis Municipais de Rio Claro Gon\u00e7alves, Michel e Willian participaram de uma visita t\u00e9cnica em Campinas, nas instala\u00e7\u00f5es onde ser\u00e3o realizadas as modalidades da XI Olimp\u00edadas das Guardas Civis do Estado de S\u00e3o Paulo.<\/p>\n<p>Al\u00e9m de Rio Claro participaram tamb\u00e9m da visita as Guardas Civis dos munic\u00edpios de Pedreira, Valinhos, Conchal, S\u00e3o Caetano do Sul, Mogi das Cruzes, Jaguari\u00fana e Sumar\u00e9.<\/p>\n<p>Os GCMs visitaram o Parque do Taquaral, Parque Ecol\u00f3gico, Clube Cultura Art\u00edstica, Estande de Tiro Anvil e Centro Ol\u00edmpico de Campinas.<\/p>\n<p>Os GCMs elogiaram bastante a infraestrutura para a realiza\u00e7\u00e3o da Olimp\u00edada. Vale lembrar que a abertura da XI Olimp\u00edada acontecer\u00e1 no dia 4 de Abril de 2020, no Est\u00e1dio Brinco de Ouro.<\/p>\n<p><img loading=\"lazy\" decoding=\"async\" class=\"aligncenter size-large wp-image-21468\" src=\"https:\/\/s3.cidadeazulnoticias.com.br\/wp-content\/uploads\/2020\/01\/20012023\/IMG-20200125-WA0034-1024x768.jpg\" alt=\"\" width=\"696\" height=\"522\" srcset=\"https:\/\/s3.cidadeazulnoticias.com.br\/wp-content\/uploads\/2020\/01\/20012023\/IMG-20200125-WA0034-1024x768.jpg 1024w, https:\/\/s3.cidadeazulnoticias.com.br\/wp-content\/uploads\/2020\/01\/20012023\/IMG-20200125-WA0034-300x225.jpg 300w, https:\/\/s3.cidadeazulnoticias.com.br\/wp-content\/uploads\/2020\/01\/20012023\/IMG-20200125-WA0034-768x576.jpg 768w, https:\/\/s3.cidadeazulnoticias.com.br\/wp-content\/uploads\/2020\/01\/20012023\/IMG-20200125-WA0034-80x60.jpg 80w, https:\/\/s3.cidadeazulnoticias.com.br\/wp-content\/uploads\/2020\/01\/20012023\/IMG-20200125-WA0034-265x198.jpg 265w, https:\/\/s3.cidadeazulnoticias.com.br\/wp-content\/uploads\/2020\/01\/20012023\/IMG-20200125-WA0034-696x522.jpg 696w, https:\/\/s3.cidadeazulnoticias.com.br\/wp-content\/uploads\/2020\/01\/20012023\/IMG-20200125-WA0034-1068x801.jpg 1068w, https:\/\/s3.cidadeazulnoticias.com.br\/wp-content\/uploads\/2020\/01\/20012023\/IMG-20200125-WA0034-560x420.jpg 560w, https:\/\/s3.cidadeazulnoticias.com.br\/wp-content\/uploads\/2020\/01\/20012023\/IMG-20200125-WA0034.jpg 1000w\" sizes=\"(max-width: 696px) 100vw, 696px\" \/><\/p>\n","protected":false},"excerpt":{"rendered":"<p>No s\u00e1bado (25) os Guardas Civis Municipais de Rio Claro Gon\u00e7alves, Michel e Willian participaram de uma visita t\u00e9cnica em Campinas, nas instala\u00e7\u00f5es onde ser\u00e3o realizadas as modalidades da XI Olimp\u00edadas das Guardas Civis do Estado de S\u00e3o Paulo. Al\u00e9m de Rio Claro participaram tamb\u00e9m da visita as Guardas Civis dos munic\u00edpios de Pedreira, Valinhos, [&hellip;]<\/p>\n","protected":false},"author":6,"featured_media":21469,"comment_status":"open","ping_status":"open","sticky":false,"template":"","format":"standard","meta":{"footnotes":""},"categories":[157],"tags":[],"class_list":{"0":"post-21467","1":"post","2":"type-post","3":"status-publish","4":"format-standard","5":"has-post-thumbnail","7":"category-regiao"},"_links":{"self":[{"href":"https:\/\/cidadeazulnoticias.com.br\/wp-json\/wp\/v2\/posts\/21467"}],"collection":[{"href":"https:\/\/cidadeazulnoticias.com.br\/wp-json\/wp\/v2\/posts"}],"about":[{"href":"https:\/\/cidadeazulnoticias.com.br\/wp-json\/wp\/v2\/types\/post"}],"author":[{"embeddable":true,"href":"https:\/\/cidadeazulnoticias.com.br\/wp-json\/wp\/v2\/users\/6"}],"replies":[{"embeddable":true,"href":"https:\/\/cidadeazulnoticias.com.br\/wp-json\/wp\/v2\/comments?post=21467"}],"version-history":[{"count":0,"href":"https:\/\/cidadeazulnoticias.com.br\/wp-json\/wp\/v2\/posts\/21467\/revisions"}],"wp:featuredmedia":[{"embeddable":true,"href":"https:\/\/cidadeazulnoticias.com.br\/wp-json\/wp\/v2\/media\/21469"}],"wp:attachment":[{"href":"https:\/\/cidadeazulnoticias.com.br\/wp-json\/wp\/v2\/media?parent=21467"}],"wp:term":[{"taxonomy":"category","embeddable":true,"href":"https:\/\/cidadeazulnoticias.com.br\/wp-json\/wp\/v2\/categories?post=21467"},{"taxonomy":"post_tag","embeddable":true,"href":"https:\/\/cidadeazulnoticias.com.br\/wp-json\/wp\/v2\/tags?post=21467"}],"curies":[{"name":"wp","href":"https:\/\/api.w.org\/{rel}","templated":true}]}}