[{"id":47873,"date":"2021-05-05T11:24:03","date_gmt":"2021-05-05T14:24:03","guid":{"rendered":"https:\/\/cidadeazulnoticias.com.br\/?p=47873"},"modified":"2021-05-05T11:24:03","modified_gmt":"2021-05-05T14:24:03","slug":"em-uma-semana-30-dos-testes-para-covid-19-tem-resultado-positivo-em-projeto-de-piracicaba","status":"publish","type":"post","link":"https:\/\/cidadeazulnoticias.com.br\/em-uma-semana-30-dos-testes-para-covid-19-tem-resultado-positivo-em-projeto-de-piracicaba\/","title":{"rendered":"Em uma semana, 30% dos testes para Covid-19 t\u00eam resultado positivo em projeto de Piracicaba"},"content":{"rendered":"<h2><em>Em duas semanas, programa RespirAr realizou 2.972 atendimentos, incluindo primeira triagem e monitoramento de pacientes, segundo a Secretaria de Sa\u00fade<\/em>.<\/h2>\n<p>Dados da Secretaria da Sa\u00fade de Piracicaba (SP) apontam que 30% dos pacientes testados para coronav\u00edrus por meio do Projeto RespirAr na \u00faltima semana tiveram resultado positivo para a doen\u00e7a. Dos 583 testes r\u00e1pidos de ant\u00edgeno realizados, 175 identificaram o v\u00edrus.<\/p>\n<p>Em duas semanas, o programa realizou 2.972 atendimentos, incluindo primeira triagem e monitoramento de pacientes da Covid-19.<\/p>\n<p>Na segunda semana, de 23 a 29 de abril, foram realizados 1.968 atendimentos, sendo 1.020 primeiros atendimentos no projeto e 948 pacientes que retornaram \u00e0s unidades para monitoramento. Na primeira semana do projeto, de 19 a 23 de abril, foram realizados 1.004 atendimentos, entre primeira triagem e acompanhamento.<\/p>\n<p>O projeto RespirAr tem como objetivo identificar, o mais r\u00e1pido poss\u00edvel, pacientes Covid com a chamada hipoxia silenciosa, que \u00e9 quando a satura\u00e7\u00e3o de oxig\u00eanio nos \u00f3rg\u00e3os come\u00e7a a ser insuficiente sem que a pessoa apresente falta de ar. Para isso, realiza a classifica\u00e7\u00e3o de risco dos pacientes com sintomas de s\u00edndrome gripal, buscando evitar complica\u00e7\u00f5es.<\/p>\n<p>Dos 1.968 atendimentos realizados na \u00faltima semana (23 a 29 de abril), 1.678 foram realizados em 51 Unidades de Sa\u00fade da Fam\u00edlia (USFs) e 290 em 19 unidades, entre Centros de Refer\u00eancia da Aten\u00e7\u00e3o B\u00e1sica (Crabs) e Unidades B\u00e1sicas de Sa\u00fade (UBSs), locais que pacientes com sintomas de s\u00edndrome gripal\/Covid-19 tamb\u00e9m podem procurar para orienta\u00e7\u00f5es.<\/p>\n<p>Assim, em m\u00e9dia, foram 393 atendimentos di\u00e1rios (o projeto \u00e9 executado em dias \u00fateis) e 28 atendimentos por unidade de sa\u00fade.<\/p>\n<h3>Testes<\/h3>\n<p>De acordo com a Aten\u00e7\u00e3o B\u00e1sica, que coordena o projeto, as 408 pessoas que testaram negativo no teste de ant\u00edgeno ou j\u00e1 estavam al\u00e9m do per\u00edodo para colher esse teste (que deve ser realizado entre o 1\u00ba ao 10\u00ba dia de sintomas), na \u00faltima semana, foram encaminhadas para realizar outros tipos de diagn\u00f3sticos, como teste RT\/PCR, que pesquisa se o v\u00edrus est\u00e1 ativo no organismo do 3\u00ba ao 7\u00ba dia de sintomas, ou teste r\u00e1pido Igg\/Igm, que verifica se o indiv\u00edduo j\u00e1 produziu anticorpos para o coronav\u00edrus.<\/p>\n<h3>Como buscar atendimento<\/h3>\n<p>A orienta\u00e7\u00e3o \u00e9 que, durante a semana em dias \u00fateis, as pessoas com sintomas de Covid-19 procurem uma USF das 13h \u00e0s 17h para atendimento, ou ainda sua unidade (UBS ou CRAB) de origem para orienta\u00e7\u00f5es.<\/p>\n<p>Nos finais de semana e demais hor\u00e1rios, os pacientes devem continuar a procurar a Central de Ortopedia e Traumatologia (COT) que atualmente \u00e9 refer\u00eancia de urg\u00eancia no atendimento a Covid-19 em Piracicaba.<\/p>\n<p>Ao chegar na USF, o paciente \u00e9 acolhido, a equipe de sa\u00fade classifica o risco de acordo com os sintomas que apresenta, verifica os sinais vitais com controle de oxigena\u00e7\u00e3o por meio da oximetria, agenda o teste RT-PCR (do 3\u00ba ao 7\u00ba dia de sintomas) em uma UBS ou CRAB que o realiza ou realiza o teste de ant\u00edgeno (do 1\u00ba ao 10\u00ba dia de sintomas) na USF e programa o retorno do paciente \u00e0 unidade de origem, orientando sobre alerta de complica\u00e7\u00e3o.<\/p>\n<p>Caso necess\u00e1rio, ser\u00e1 feito o encaminhamento para a COT, refer\u00eancia no atendimento de pacientes com Covid-19 junto \u00e0 Unidades de Pronto Atendimento (UPA) Piracicamirim.<\/p>\n<p>Fonte: G1 Piracicaba e Regi\u00e3o.<\/p>\n","protected":false},"excerpt":{"rendered":"<p>Em duas semanas, programa RespirAr realizou 2.972 atendimentos, incluindo primeira triagem e monitoramento de pacientes, segundo a Secretaria de Sa\u00fade. Dados da Secretaria da Sa\u00fade de Piracicaba (SP) apontam que 30% dos pacientes testados para coronav\u00edrus por meio do Projeto RespirAr na \u00faltima semana tiveram resultado positivo para a doen\u00e7a. Dos 583 testes r\u00e1pidos de [&hellip;]<\/p>\n","protected":false},"author":9,"featured_media":47874,"comment_status":"open","ping_status":"open","sticky":false,"template":"","format":"standard","meta":{"footnotes":""},"categories":[157],"tags":[],"class_list":{"0":"post-47873","1":"post","2":"type-post","3":"status-publish","4":"format-standard","5":"has-post-thumbnail","7":"category-regiao"},"_links":{"self":[{"href":"https:\/\/cidadeazulnoticias.com.br\/wp-json\/wp\/v2\/posts\/47873"}],"collection":[{"href":"https:\/\/cidadeazulnoticias.com.br\/wp-json\/wp\/v2\/posts"}],"about":[{"href":"https:\/\/cidadeazulnoticias.com.br\/wp-json\/wp\/v2\/types\/post"}],"author":[{"embeddable":true,"href":"https:\/\/cidadeazulnoticias.com.br\/wp-json\/wp\/v2\/users\/9"}],"replies":[{"embeddable":true,"href":"https:\/\/cidadeazulnoticias.com.br\/wp-json\/wp\/v2\/comments?post=47873"}],"version-history":[{"count":0,"href":"https:\/\/cidadeazulnoticias.com.br\/wp-json\/wp\/v2\/posts\/47873\/revisions"}],"wp:featuredmedia":[{"embeddable":true,"href":"https:\/\/cidadeazulnoticias.com.br\/wp-json\/wp\/v2\/media\/47874"}],"wp:attachment":[{"href":"https:\/\/cidadeazulnoticias.com.br\/wp-json\/wp\/v2\/media?parent=47873"}],"wp:term":[{"taxonomy":"category","embeddable":true,"href":"https:\/\/cidadeazulnoticias.com.br\/wp-json\/wp\/v2\/categories?post=47873"},{"taxonomy":"post_tag","embeddable":true,"href":"https:\/\/cidadeazulnoticias.com.br\/wp-json\/wp\/v2\/tags?post=47873"}],"curies":[{"name":"wp","href":"https:\/\/api.w.org\/{rel}","templated":true}]}}]