[{"id":129768,"date":"2026-09-02T18:55:47","date_gmt":"2026-09-02T21:55:47","guid":{"rendered":"https:\/\/cidadeazulnoticias.com.br\/?p=129768"},"modified":"2026-09-02T18:57:32","modified_gmt":"2026-09-02T21:57:32","slug":"sest-senat-rio-claro-celebra-17-anos-e-eterniza-nome-de-joao-partezani-neto-em-sua-unidade","status":"publish","type":"post","link":"https:\/\/cidadeazulnoticias.com.br\/sest-senat-rio-claro-celebra-17-anos-e-eterniza-nome-de-joao-partezani-neto-em-sua-unidade\/","title":{"rendered":"SEST SENAT Rio Claro celebra 17 anos e eterniza nome de Jo\u00e3o Partezani Neto em sua Unidade"},"content":{"rendered":"<h2><em>Experience Day reuniu representantes do setor de transporte, autoridades, empres\u00e1rios e parceiros em uma manh\u00e3 de conhecimento, integra\u00e7\u00e3o e homenagem.<\/em><\/h2>\n<p>O SEST SENAT Rio Claro viveu nesta quarta-feira (2) um daqueles dias que entram para a hist\u00f3ria. A unidade, que h\u00e1 17 anos atua na cidade oferecendo servi\u00e7os de sa\u00fade, qualidade de vida, esporte e qualifica\u00e7\u00e3o profissional aos trabalhadores do transporte e seus familiares, reuniu representantes do setor para uma programa\u00e7\u00e3o especial que teve como ponto alto a solenidade de nomea\u00e7\u00e3o da Unidade Operacional como SEST SENAT Jo\u00e3o Partezani Neto \u2013 Rio Claro\/SP.<\/p>\n<p>O encontro fez parte do Experience Day SEST SENAT, realizado na pr\u00f3pria unidade, na Rodovia Washington Luiz, e reuniu empres\u00e1rios, transportadores, lideran\u00e7as, parceiros e profissionais ligados ao transporte rodovi\u00e1rio de cargas.<\/p>\n<p><img loading=\"lazy\" decoding=\"async\" class=\"alignnone wp-image-129771 size-full\" src=\"https:\/\/s3.cidadeazulnoticias.com.br\/wp-content\/uploads\/2026\/09\/02184340\/sest-senat-1-21.jpg\" alt=\"\" width=\"1000\" height=\"664\" srcset=\"https:\/\/s3.cidadeazulnoticias.com.br\/wp-content\/uploads\/2026\/09\/02184340\/sest-senat-1-21.jpg 1000w, https:\/\/s3.cidadeazulnoticias.com.br\/wp-content\/uploads\/2026\/09\/02184340\/sest-senat-1-21-300x199.jpg 300w, https:\/\/s3.cidadeazulnoticias.com.br\/wp-content\/uploads\/2026\/09\/02184340\/sest-senat-1-21-768x510.jpg 768w, https:\/\/s3.cidadeazulnoticias.com.br\/wp-content\/uploads\/2026\/09\/02184340\/sest-senat-1-21-633x420.jpg 633w, https:\/\/s3.cidadeazulnoticias.com.br\/wp-content\/uploads\/2026\/09\/02184340\/sest-senat-1-21-696x462.jpg 696w\" sizes=\"(max-width: 1000px) 100vw, 1000px\" \/><\/p>\n<p>A manh\u00e3 come\u00e7ou com recep\u00e7\u00e3o e caf\u00e9 de boas-vindas, seguida de uma visita guiada pelas instala\u00e7\u00f5es da unidade. A programa\u00e7\u00e3o tamb\u00e9m contou com abertura institucional, palestra sobre a Reforma Tribut\u00e1ria e seus impactos no transporte rodovi\u00e1rio de cargas, apresenta\u00e7\u00e3o dos alunos e informa\u00e7\u00f5es sobre as atividades e possibilidades de intera\u00e7\u00e3o oferecidas pelo SEST SENAT aos transportadores.<\/p>\n<p><img loading=\"lazy\" decoding=\"async\" class=\"alignnone wp-image-129770 size-full\" src=\"https:\/\/s3.cidadeazulnoticias.com.br\/wp-content\/uploads\/2026\/09\/02184058\/sest-senat-1-34.jpg\" alt=\"\" width=\"1000\" height=\"664\" srcset=\"https:\/\/s3.cidadeazulnoticias.com.br\/wp-content\/uploads\/2026\/09\/02184058\/sest-senat-1-34.jpg 1000w, https:\/\/s3.cidadeazulnoticias.com.br\/wp-content\/uploads\/2026\/09\/02184058\/sest-senat-1-34-300x199.jpg 300w, https:\/\/s3.cidadeazulnoticias.com.br\/wp-content\/uploads\/2026\/09\/02184058\/sest-senat-1-34-768x510.jpg 768w, https:\/\/s3.cidadeazulnoticias.com.br\/wp-content\/uploads\/2026\/09\/02184058\/sest-senat-1-34-633x420.jpg 633w, https:\/\/s3.cidadeazulnoticias.com.br\/wp-content\/uploads\/2026\/09\/02184058\/sest-senat-1-34-696x462.jpg 696w\" sizes=\"(max-width: 1000px) 100vw, 1000px\" \/><\/p>\n<p>Mais do que apresentar servi\u00e7os e discutir os desafios do setor, o encontro teve um significado especial: celebrar uma trajet\u00f3ria constru\u00edda ao longo de 17 anos e reconhecer uma pessoa que tem sua hist\u00f3ria ligada ao transporte.<\/p>\n<p>Uma homenagem que passa a fazer parte da hist\u00f3ria<\/p>\n<p>O momento mais aguardado da programa\u00e7\u00e3o foi a solenidade de nomea\u00e7\u00e3o da unidade em homenagem a Jo\u00e3o Partezani Neto. A partir de agora, seu nome passa a integrar oficialmente a identifica\u00e7\u00e3o da unidade do SEST SENAT em Rio Claro.<\/p>\n<p>Ao ocupar a tribuna, o homenageado falou sobre a emo\u00e7\u00e3o de viver aquele momento e fez quest\u00e3o de destacar a presen\u00e7a das pessoas que participaram da celebra\u00e7\u00e3o.<\/p>\n<p>\u201cPela homenagem, por todos voc\u00eas que est\u00e3o aqui, meus amigos, minha esposa Lucia e os profissionais do setor que deixaram suas cidades e suas atividades para estarem aqui neste momento\u201d, afirmou Jo\u00e3o Partezani Neto, ao agradecer aos presentes.<\/p>\n<p>Em sua fala, Jo\u00e3o tamb\u00e9m deixou uma mensagem que sintetizou o significado de uma trajet\u00f3ria constru\u00edda com trabalho, dedica\u00e7\u00e3o e perseveran\u00e7a:<\/p>\n<p style=\"text-align: center;\"><em>\u201cDevemos confiar no que plantamos, mesmo que n\u00e3o estejamos vendo as flores brotando.\u201d<\/em><\/p>\n<p>A frase ganhou um significado ainda maior diante da homenagem. Afinal, 17 anos de atua\u00e7\u00e3o do SEST SENAT em Rio Claro representam justamente uma hist\u00f3ria constru\u00edda diariamente, com investimentos em pessoas, conhecimento, sa\u00fade, seguran\u00e7a e qualifica\u00e7\u00e3o profissional.<\/p>\n<p><img loading=\"lazy\" decoding=\"async\" class=\"alignnone wp-image-129773 size-full\" src=\"https:\/\/s3.cidadeazulnoticias.com.br\/wp-content\/uploads\/2026\/09\/02184657\/sest-senat-2-41.jpg\" alt=\"\" width=\"1000\" height=\"664\" srcset=\"https:\/\/s3.cidadeazulnoticias.com.br\/wp-content\/uploads\/2026\/09\/02184657\/sest-senat-2-41.jpg 1000w, https:\/\/s3.cidadeazulnoticias.com.br\/wp-content\/uploads\/2026\/09\/02184657\/sest-senat-2-41-300x199.jpg 300w, https:\/\/s3.cidadeazulnoticias.com.br\/wp-content\/uploads\/2026\/09\/02184657\/sest-senat-2-41-768x510.jpg 768w, https:\/\/s3.cidadeazulnoticias.com.br\/wp-content\/uploads\/2026\/09\/02184657\/sest-senat-2-41-633x420.jpg 633w, https:\/\/s3.cidadeazulnoticias.com.br\/wp-content\/uploads\/2026\/09\/02184657\/sest-senat-2-41-696x462.jpg 696w\" sizes=\"(max-width: 1000px) 100vw, 1000px\" \/><\/p>\n<h3>SEST SENAT: 17 anos transformando vidas<\/h3>\n<p>Ao longo de sua trajet\u00f3ria em Rio Claro, o SEST SENAT ampliou sua atua\u00e7\u00e3o e se consolidou como um importante espa\u00e7o de atendimento e desenvolvimento para os profissionais do transporte.<\/p>\n<p>A unidade oferece servi\u00e7os nas \u00e1reas de odontologia, psicologia, nutri\u00e7\u00e3o e fisioterapia, al\u00e9m de atividades de esporte e lazer e programas de qualifica\u00e7\u00e3o profissional. A estrutura tamb\u00e9m conta com academia, sala de Pilates, equipamentos para atendimento odontol\u00f3gico e simulador de dire\u00e7\u00e3o para caminh\u00f5es e \u00f4nibus.<\/p>\n<p>A atua\u00e7\u00e3o n\u00e3o se limita, por\u00e9m, \u00e0s instala\u00e7\u00f5es f\u00edsicas. Por meio de cursos, projetos e a\u00e7\u00f5es voltadas \u00e0 forma\u00e7\u00e3o profissional, a institui\u00e7\u00e3o participa diretamente da constru\u00e7\u00e3o de novas oportunidades para trabalhadores que buscam ingressar, permanecer ou crescer no mercado de trabalho.<\/p>\n<p>Durante o Experience Day, a import\u00e2ncia dessa atua\u00e7\u00e3o foi apresentada aos convidados, mostrando que o SEST SENAT vai al\u00e9m da presta\u00e7\u00e3o de servi\u00e7os: \u00e9 tamb\u00e9m um espa\u00e7o de relacionamento, conhecimento e aproxima\u00e7\u00e3o com aqueles que fazem o transporte acontecer.<\/p>\n<p><img loading=\"lazy\" decoding=\"async\" class=\"alignnone wp-image-129774 size-full\" src=\"https:\/\/s3.cidadeazulnoticias.com.br\/wp-content\/uploads\/2026\/09\/02184923\/sest-senat-1-5.jpg\" alt=\"\" width=\"1000\" height=\"664\" srcset=\"https:\/\/s3.cidadeazulnoticias.com.br\/wp-content\/uploads\/2026\/09\/02184923\/sest-senat-1-5.jpg 1000w, https:\/\/s3.cidadeazulnoticias.com.br\/wp-content\/uploads\/2026\/09\/02184923\/sest-senat-1-5-300x199.jpg 300w, https:\/\/s3.cidadeazulnoticias.com.br\/wp-content\/uploads\/2026\/09\/02184923\/sest-senat-1-5-768x510.jpg 768w, https:\/\/s3.cidadeazulnoticias.com.br\/wp-content\/uploads\/2026\/09\/02184923\/sest-senat-1-5-633x420.jpg 633w, https:\/\/s3.cidadeazulnoticias.com.br\/wp-content\/uploads\/2026\/09\/02184923\/sest-senat-1-5-696x462.jpg 696w\" sizes=\"(max-width: 1000px) 100vw, 1000px\" \/><\/p>\n<h4>Conhecimento e os desafios do setor<\/h4>\n<p>Entre os destaques da programa\u00e7\u00e3o esteve a palestra \u201cReforma Tribut\u00e1ria e o Impacto no Transporte Rodovi\u00e1rio de Carga\u201d, apresentada pela Dra. Shirley Cristina Rosseto.<\/p>\n<p>O tema levou aos participantes informa\u00e7\u00f5es e reflex\u00f5es sobre um dos assuntos que mais despertam aten\u00e7\u00e3o no setor produtivo e que poder\u00e1 trazer mudan\u00e7as importantes para empresas e profissionais do transporte.<\/p>\n<p>Tamb\u00e9m houve apresenta\u00e7\u00e3o dos alunos da unidade e, na sequ\u00eancia, o supervisor das 32 unidades do SEST SENAT no Estado de S\u00e3o Paulo, Rafael Marchesi, apresentou as atividades desenvolvidas pela institui\u00e7\u00e3o e as possibilidades de intera\u00e7\u00e3o com os transportadores rodovi\u00e1rios.<\/p>\n<p><img loading=\"lazy\" decoding=\"async\" class=\"alignnone wp-image-129772 size-full\" src=\"https:\/\/s3.cidadeazulnoticias.com.br\/wp-content\/uploads\/2026\/09\/02184611\/sest-senat-1-40.jpg\" alt=\"\" width=\"1000\" height=\"664\" srcset=\"https:\/\/s3.cidadeazulnoticias.com.br\/wp-content\/uploads\/2026\/09\/02184611\/sest-senat-1-40.jpg 1000w, https:\/\/s3.cidadeazulnoticias.com.br\/wp-content\/uploads\/2026\/09\/02184611\/sest-senat-1-40-300x199.jpg 300w, https:\/\/s3.cidadeazulnoticias.com.br\/wp-content\/uploads\/2026\/09\/02184611\/sest-senat-1-40-768x510.jpg 768w, https:\/\/s3.cidadeazulnoticias.com.br\/wp-content\/uploads\/2026\/09\/02184611\/sest-senat-1-40-633x420.jpg 633w, https:\/\/s3.cidadeazulnoticias.com.br\/wp-content\/uploads\/2026\/09\/02184611\/sest-senat-1-40-696x462.jpg 696w\" sizes=\"(max-width: 1000px) 100vw, 1000px\" \/><\/p>\n<h4>Um encontro para celebrar e olhar para o futuro<\/h4>\n<p>O Experience Day terminou com a solenidade de nomea\u00e7\u00e3o da unidade e um brunch oferecido aos participantes, encerrando uma manh\u00e3 marcada por informa\u00e7\u00e3o, relacionamento e emo\u00e7\u00e3o.<\/p>\n<p>A presen\u00e7a de empres\u00e1rios, lideran\u00e7as, profissionais do transporte e parceiros refor\u00e7ou a import\u00e2ncia da uni\u00e3o entre diferentes setores para o fortalecimento da atividade que movimenta cidades, empresas e a economia.<\/p>\n<p>Ao completar 17 anos em Rio Claro e receber oficialmente o nome de Jo\u00e3o Partezani Neto, o SEST SENAT escreve mais uma p\u00e1gina de sua hist\u00f3ria.<\/p>\n<p>Uma hist\u00f3ria feita de pessoas, oportunidades e trabalho. E, como lembrou o pr\u00f3prio homenageado, de sementes que muitas vezes s\u00e3o plantadas sem que se veja imediatamente o resultado.<\/p>\n<p>Porque, no transporte e na vida, tamb\u00e9m \u00e9 preciso acreditar no que foi plantado at\u00e9 que as flores apare\u00e7am.<\/p>\n<p>Confira a galeria de fotos!<\/p>\n<p><img loading=\"lazy\" decoding=\"async\" class=\"alignnone wp-image-129796 size-full\" src=\"https:\/\/s3.cidadeazulnoticias.com.br\/wp-content\/uploads\/2026\/09\/02185654\/sest-senat-1-8.jpg\" alt=\"\" width=\"1000\" height=\"664\" srcset=\"https:\/\/s3.cidadeazulnoticias.com.br\/wp-content\/uploads\/2026\/09\/02185654\/sest-senat-1-8.jpg 1000w, https:\/\/s3.cidadeazulnoticias.com.br\/wp-content\/uploads\/2026\/09\/02185654\/sest-senat-1-8-300x199.jpg 300w, https:\/\/s3.cidadeazulnoticias.com.br\/wp-content\/uploads\/2026\/09\/02185654\/sest-senat-1-8-768x510.jpg 768w, https:\/\/s3.cidadeazulnoticias.com.br\/wp-content\/uploads\/2026\/09\/02185654\/sest-senat-1-8-633x420.jpg 633w, https:\/\/s3.cidadeazulnoticias.com.br\/wp-content\/uploads\/2026\/09\/02185654\/sest-senat-1-8-696x462.jpg 696w\" sizes=\"(max-width: 1000px) 100vw, 1000px\" \/><\/p>\n<p>Os momentos que marcaram o Experience Day SEST SENAT Rio Claro ficaram registrados em imagens. Na galeria, voc\u00ea pode conferir os detalhes da celebra\u00e7\u00e3o dos 17 anos da unidade, a participa\u00e7\u00e3o de empres\u00e1rios, lideran\u00e7as e profissionais do setor, al\u00e9m dos registros da emocionante solenidade de nomea\u00e7\u00e3o da Unidade Operacional SEST SENAT Jo\u00e3o Partezani Neto.<\/p>\n<p>\ud83d\udc49 Acesse nossa galeria de fotos e reviva conosco os momentos dessa manh\u00e3 especial, que celebrou a hist\u00f3ria, as conquistas e o futuro do transporte em Rio Claro.<\/p>\n<div id='gallery-1' class='gallery galleryid-129768 gallery-columns-3 gallery-size-thumbnail'><figure class='gallery-item'>\n\t\t\t<div class='gallery-icon landscape'>\n\t\t\t\t<a href='https:\/\/cidadeazulnoticias.com.br\/sest-senat-rio-claro-celebra-17-anos-e-eterniza-nome-de-joao-partezani-neto-em-sua-unidade\/sest-senat-1-4\/'><img loading=\"lazy\" decoding=\"async\" width=\"150\" height=\"150\" src=\"https:\/\/s3.cidadeazulnoticias.com.br\/wp-content\/uploads\/2026\/09\/02185152\/sest-senat-1-4-150x150.jpg\" class=\"attachment-thumbnail size-thumbnail\" alt=\"\" \/><\/a>\n\t\t\t<\/div><\/figure><figure class='gallery-item'>\n\t\t\t<div class='gallery-icon landscape'>\n\t\t\t\t<a href='https:\/\/cidadeazulnoticias.com.br\/sest-senat-rio-claro-celebra-17-anos-e-eterniza-nome-de-joao-partezani-neto-em-sua-unidade\/sest-senat-1-9\/'><img loading=\"lazy\" decoding=\"async\" width=\"150\" height=\"150\" src=\"https:\/\/s3.cidadeazulnoticias.com.br\/wp-content\/uploads\/2026\/09\/02185159\/sest-senat-1-9-150x150.jpg\" class=\"attachment-thumbnail size-thumbnail\" alt=\"\" \/><\/a>\n\t\t\t<\/div><\/figure><figure class='gallery-item'>\n\t\t\t<div class='gallery-icon landscape'>\n\t\t\t\t<a href='https:\/\/cidadeazulnoticias.com.br\/sest-senat-rio-claro-celebra-17-anos-e-eterniza-nome-de-joao-partezani-neto-em-sua-unidade\/sest-senat-1-12\/'><img loading=\"lazy\" decoding=\"async\" width=\"150\" height=\"150\" src=\"https:\/\/s3.cidadeazulnoticias.com.br\/wp-content\/uploads\/2026\/09\/02185218\/sest-senat-1-12-150x150.jpg\" class=\"attachment-thumbnail size-thumbnail\" alt=\"\" \/><\/a>\n\t\t\t<\/div><\/figure><figure class='gallery-item'>\n\t\t\t<div class='gallery-icon landscape'>\n\t\t\t\t<a href='https:\/\/cidadeazulnoticias.com.br\/sest-senat-rio-claro-celebra-17-anos-e-eterniza-nome-de-joao-partezani-neto-em-sua-unidade\/sest-senat-1-13-copia\/'><img loading=\"lazy\" decoding=\"async\" width=\"150\" height=\"150\" src=\"https:\/\/s3.cidadeazulnoticias.com.br\/wp-content\/uploads\/2026\/09\/02185224\/sest-senat-1-13-Copia-150x150.jpg\" class=\"attachment-thumbnail size-thumbnail\" alt=\"\" \/><\/a>\n\t\t\t<\/div><\/figure><figure class='gallery-item'>\n\t\t\t<div class='gallery-icon landscape'>\n\t\t\t\t<a href='https:\/\/cidadeazulnoticias.com.br\/sest-senat-rio-claro-celebra-17-anos-e-eterniza-nome-de-joao-partezani-neto-em-sua-unidade\/sest-senat-1-15-copia\/'><img loading=\"lazy\" decoding=\"async\" width=\"150\" height=\"150\" src=\"https:\/\/s3.cidadeazulnoticias.com.br\/wp-content\/uploads\/2026\/09\/02185231\/sest-senat-1-15-Copia-150x150.jpg\" class=\"attachment-thumbnail size-thumbnail\" alt=\"\" \/><\/a>\n\t\t\t<\/div><\/figure><figure class='gallery-item'>\n\t\t\t<div class='gallery-icon landscape'>\n\t\t\t\t<a href='https:\/\/cidadeazulnoticias.com.br\/sest-senat-rio-claro-celebra-17-anos-e-eterniza-nome-de-joao-partezani-neto-em-sua-unidade\/sest-senat-2-13-copia\/'><img loading=\"lazy\" decoding=\"async\" width=\"150\" height=\"150\" src=\"https:\/\/s3.cidadeazulnoticias.com.br\/wp-content\/uploads\/2026\/09\/02185248\/sest-senat-2-13-Copia-150x150.jpg\" class=\"attachment-thumbnail size-thumbnail\" alt=\"\" \/><\/a>\n\t\t\t<\/div><\/figure><figure class='gallery-item'>\n\t\t\t<div class='gallery-icon landscape'>\n\t\t\t\t<a href='https:\/\/cidadeazulnoticias.com.br\/sest-senat-rio-claro-celebra-17-anos-e-eterniza-nome-de-joao-partezani-neto-em-sua-unidade\/sest-senat-2-20-copia\/'><img loading=\"lazy\" decoding=\"async\" width=\"150\" height=\"150\" src=\"https:\/\/s3.cidadeazulnoticias.com.br\/wp-content\/uploads\/2026\/09\/02185254\/sest-senat-2-20-Copia-150x150.jpg\" class=\"attachment-thumbnail size-thumbnail\" alt=\"\" \/><\/a>\n\t\t\t<\/div><\/figure><figure class='gallery-item'>\n\t\t\t<div class='gallery-icon landscape'>\n\t\t\t\t<a href='https:\/\/cidadeazulnoticias.com.br\/sest-senat-rio-claro-celebra-17-anos-e-eterniza-nome-de-joao-partezani-neto-em-sua-unidade\/sest-senat-2-21-copia\/'><img loading=\"lazy\" decoding=\"async\" width=\"150\" height=\"150\" src=\"https:\/\/s3.cidadeazulnoticias.com.br\/wp-content\/uploads\/2026\/09\/02185302\/sest-senat-2-21-Copia-150x150.jpg\" class=\"attachment-thumbnail size-thumbnail\" alt=\"\" \/><\/a>\n\t\t\t<\/div><\/figure><figure class='gallery-item'>\n\t\t\t<div class='gallery-icon landscape'>\n\t\t\t\t<a href='https:\/\/cidadeazulnoticias.com.br\/sest-senat-rio-claro-celebra-17-anos-e-eterniza-nome-de-joao-partezani-neto-em-sua-unidade\/sest-senat-2-36-copia\/'><img loading=\"lazy\" decoding=\"async\" width=\"150\" height=\"150\" src=\"https:\/\/s3.cidadeazulnoticias.com.br\/wp-content\/uploads\/2026\/09\/02185319\/sest-senat-2-36-Copia-150x150.jpg\" class=\"attachment-thumbnail size-thumbnail\" alt=\"\" \/><\/a>\n\t\t\t<\/div><\/figure><figure class='gallery-item'>\n\t\t\t<div class='gallery-icon landscape'>\n\t\t\t\t<a href='https:\/\/cidadeazulnoticias.com.br\/sest-senat-rio-claro-celebra-17-anos-e-eterniza-nome-de-joao-partezani-neto-em-sua-unidade\/sest-senat-2-44-copia\/'><img loading=\"lazy\" decoding=\"async\" width=\"150\" height=\"150\" src=\"https:\/\/s3.cidadeazulnoticias.com.br\/wp-content\/uploads\/2026\/09\/02185325\/sest-senat-2-44-Copia-150x150.jpg\" class=\"attachment-thumbnail size-thumbnail\" alt=\"\" \/><\/a>\n\t\t\t<\/div><\/figure><figure class='gallery-item'>\n\t\t\t<div class='gallery-icon landscape'>\n\t\t\t\t<a href='https:\/\/cidadeazulnoticias.com.br\/sest-senat-rio-claro-celebra-17-anos-e-eterniza-nome-de-joao-partezani-neto-em-sua-unidade\/sest-senat-2-46-copia\/'><img loading=\"lazy\" decoding=\"async\" width=\"150\" height=\"150\" src=\"https:\/\/s3.cidadeazulnoticias.com.br\/wp-content\/uploads\/2026\/09\/02185332\/sest-senat-2-46-Copia-150x150.jpg\" class=\"attachment-thumbnail size-thumbnail\" alt=\"\" \/><\/a>\n\t\t\t<\/div><\/figure><figure class='gallery-item'>\n\t\t\t<div class='gallery-icon landscape'>\n\t\t\t\t<a href='https:\/\/cidadeazulnoticias.com.br\/sest-senat-rio-claro-celebra-17-anos-e-eterniza-nome-de-joao-partezani-neto-em-sua-unidade\/sest-senat-2-47-copia\/'><img loading=\"lazy\" decoding=\"async\" width=\"150\" height=\"150\" src=\"https:\/\/s3.cidadeazulnoticias.com.br\/wp-content\/uploads\/2026\/09\/02185348\/sest-senat-2-47-Copia-150x150.jpg\" class=\"attachment-thumbnail size-thumbnail\" alt=\"\" \/><\/a>\n\t\t\t<\/div><\/figure><figure class='gallery-item'>\n\t\t\t<div class='gallery-icon landscape'>\n\t\t\t\t<a href='https:\/\/cidadeazulnoticias.com.br\/sest-senat-rio-claro-celebra-17-anos-e-eterniza-nome-de-joao-partezani-neto-em-sua-unidade\/sest-senat-2-49-copia\/'><img loading=\"lazy\" decoding=\"async\" width=\"150\" height=\"150\" src=\"https:\/\/s3.cidadeazulnoticias.com.br\/wp-content\/uploads\/2026\/09\/02185357\/sest-senat-2-49-Copia-150x150.jpg\" class=\"attachment-thumbnail size-thumbnail\" alt=\"\" \/><\/a>\n\t\t\t<\/div><\/figure><figure class='gallery-item'>\n\t\t\t<div class='gallery-icon landscape'>\n\t\t\t\t<a href='https:\/\/cidadeazulnoticias.com.br\/sest-senat-rio-claro-celebra-17-anos-e-eterniza-nome-de-joao-partezani-neto-em-sua-unidade\/sest-senat-2-52-copia\/'><img loading=\"lazy\" decoding=\"async\" width=\"150\" height=\"150\" src=\"https:\/\/s3.cidadeazulnoticias.com.br\/wp-content\/uploads\/2026\/09\/02185404\/sest-senat-2-52-Copia-150x150.jpg\" class=\"attachment-thumbnail size-thumbnail\" alt=\"\" \/><\/a>\n\t\t\t<\/div><\/figure><figure class='gallery-item'>\n\t\t\t<div class='gallery-icon landscape'>\n\t\t\t\t<a href='https:\/\/cidadeazulnoticias.com.br\/sest-senat-rio-claro-celebra-17-anos-e-eterniza-nome-de-joao-partezani-neto-em-sua-unidade\/sest-senat-2-54-copia-copia\/'><img loading=\"lazy\" decoding=\"async\" width=\"150\" height=\"150\" src=\"https:\/\/s3.cidadeazulnoticias.com.br\/wp-content\/uploads\/2026\/09\/02185410\/sest-senat-2-54-Copia-Copia-150x150.jpg\" class=\"attachment-thumbnail size-thumbnail\" alt=\"\" \/><\/a>\n\t\t\t<\/div><\/figure><figure class='gallery-item'>\n\t\t\t<div class='gallery-icon landscape'>\n\t\t\t\t<a href='https:\/\/cidadeazulnoticias.com.br\/sest-senat-rio-claro-celebra-17-anos-e-eterniza-nome-de-joao-partezani-neto-em-sua-unidade\/sest-senat-2-57-copia-copia\/'><img loading=\"lazy\" decoding=\"async\" width=\"150\" height=\"150\" src=\"https:\/\/s3.cidadeazulnoticias.com.br\/wp-content\/uploads\/2026\/09\/02185419\/sest-senat-2-57-Copia-Copia-150x150.jpg\" class=\"attachment-thumbnail size-thumbnail\" alt=\"\" \/><\/a>\n\t\t\t<\/div><\/figure><figure class='gallery-item'>\n\t\t\t<div class='gallery-icon landscape'>\n\t\t\t\t<a href='https:\/\/cidadeazulnoticias.com.br\/sest-senat-rio-claro-celebra-17-anos-e-eterniza-nome-de-joao-partezani-neto-em-sua-unidade\/sest-senat-2-59-copia-copia\/'><img loading=\"lazy\" decoding=\"async\" width=\"150\" height=\"150\" src=\"https:\/\/s3.cidadeazulnoticias.com.br\/wp-content\/uploads\/2026\/09\/02185425\/sest-senat-2-59-Copia-Copia-150x150.jpg\" class=\"attachment-thumbnail size-thumbnail\" alt=\"\" \/><\/a>\n\t\t\t<\/div><\/figure><figure class='gallery-item'>\n\t\t\t<div class='gallery-icon landscape'>\n\t\t\t\t<a href='https:\/\/cidadeazulnoticias.com.br\/sest-senat-rio-claro-celebra-17-anos-e-eterniza-nome-de-joao-partezani-neto-em-sua-unidade\/sest-senat-2-61-copia-copia\/'><img loading=\"lazy\" decoding=\"async\" width=\"150\" height=\"150\" src=\"https:\/\/s3.cidadeazulnoticias.com.br\/wp-content\/uploads\/2026\/09\/02185434\/sest-senat-2-61-Copia-Copia-150x150.jpg\" class=\"attachment-thumbnail size-thumbnail\" alt=\"\" \/><\/a>\n\t\t\t<\/div><\/figure><figure class='gallery-item'>\n\t\t\t<div class='gallery-icon landscape'>\n\t\t\t\t<a href='https:\/\/cidadeazulnoticias.com.br\/sest-senat-rio-claro-celebra-17-anos-e-eterniza-nome-de-joao-partezani-neto-em-sua-unidade\/sest-senat-2-63-copia-copia\/'><img loading=\"lazy\" decoding=\"async\" width=\"150\" height=\"150\" src=\"https:\/\/s3.cidadeazulnoticias.com.br\/wp-content\/uploads\/2026\/09\/02185456\/sest-senat-2-63-Copia-Copia-150x150.jpg\" class=\"attachment-thumbnail size-thumbnail\" alt=\"\" \/><\/a>\n\t\t\t<\/div><\/figure><figure class='gallery-item'>\n\t\t\t<div class='gallery-icon landscape'>\n\t\t\t\t<a href='https:\/\/cidadeazulnoticias.com.br\/sest-senat-rio-claro-celebra-17-anos-e-eterniza-nome-de-joao-partezani-neto-em-sua-unidade\/sest-senat-2-64-copia-copia\/'><img loading=\"lazy\" decoding=\"async\" width=\"150\" height=\"150\" src=\"https:\/\/s3.cidadeazulnoticias.com.br\/wp-content\/uploads\/2026\/09\/02185503\/sest-senat-2-64-Copia-Copia-150x150.jpg\" class=\"attachment-thumbnail size-thumbnail\" alt=\"\" \/><\/a>\n\t\t\t<\/div><\/figure>\n\t\t<\/div>\n\n<p>&nbsp;<\/p>\n","protected":false},"excerpt":{"rendered":"<p>Experience Day reuniu representantes do setor de transporte, autoridades, empres\u00e1rios e parceiros em uma manh\u00e3 de conhecimento, integra\u00e7\u00e3o e homenagem. O SEST SENAT Rio Claro viveu nesta quarta-feira (2) um daqueles dias que entram para a hist\u00f3ria. A unidade, que h\u00e1 17 anos atua na cidade oferecendo servi\u00e7os de sa\u00fade, qualidade de vida, esporte e [&hellip;]<\/p>\n","protected":false},"author":9,"featured_media":129769,"comment_status":"closed","ping_status":"closed","sticky":false,"template":"","format":"standard","meta":{"footnotes":""},"categories":[1,187],"tags":[14367,9118,14368,10314,14369,13943,12720,8919,12717,13163,14372,14371,14370],"class_list":{"0":"post-129768","1":"post","2":"type-post","3":"status-publish","4":"format-standard","5":"has-post-thumbnail","7":"category-instagram","8":"category-rio-claro","9":"tag-17anos","10":"tag-desenvolvimento","11":"tag-experienceday","12":"tag-homenagem","13":"tag-joaopartezanineto","14":"tag-mobilidade","15":"tag-qualificacaoprofissional","16":"tag-rioclaro","17":"tag-sestsenat","18":"tag-sestsenatrioclaro","19":"tag-sestsenatsp","20":"tag-transportedecargas","21":"tag-transporterodoviario"},"_links":{"self":[{"href":"https:\/\/cidadeazulnoticias.com.br\/wp-json\/wp\/v2\/posts\/129768"}],"collection":[{"href":"https:\/\/cidadeazulnoticias.com.br\/wp-json\/wp\/v2\/posts"}],"about":[{"href":"https:\/\/cidadeazulnoticias.com.br\/wp-json\/wp\/v2\/types\/post"}],"author":[{"embeddable":true,"href":"https:\/\/cidadeazulnoticias.com.br\/wp-json\/wp\/v2\/users\/9"}],"replies":[{"embeddable":true,"href":"https:\/\/cidadeazulnoticias.com.br\/wp-json\/wp\/v2\/comments?post=129768"}],"version-history":[{"count":2,"href":"https:\/\/cidadeazulnoticias.com.br\/wp-json\/wp\/v2\/posts\/129768\/revisions"}],"predecessor-version":[{"id":129797,"href":"https:\/\/cidadeazulnoticias.com.br\/wp-json\/wp\/v2\/posts\/129768\/revisions\/129797"}],"wp:featuredmedia":[{"embeddable":true,"href":"https:\/\/cidadeazulnoticias.com.br\/wp-json\/wp\/v2\/media\/129769"}],"wp:attachment":[{"href":"https:\/\/cidadeazulnoticias.com.br\/wp-json\/wp\/v2\/media?parent=129768"}],"wp:term":[{"taxonomy":"category","embeddable":true,"href":"https:\/\/cidadeazulnoticias.com.br\/wp-json\/wp\/v2\/categories?post=129768"},{"taxonomy":"post_tag","embeddable":true,"href":"https:\/\/cidadeazulnoticias.com.br\/wp-json\/wp\/v2\/tags?post=129768"}],"curies":[{"name":"wp","href":"https:\/\/api.w.org\/{rel}","templated":true}]}},{"id":129765,"date":"2026-09-02T14:04:54","date_gmt":"2026-09-02T17:04:54","guid":{"rendered":"https:\/\/cidadeazulnoticias.com.br\/?p=129765"},"modified":"2026-09-02T14:04:54","modified_gmt":"2026-09-02T17:04:54","slug":"justica-tinha-encontro-marcado-policia-militar-captura-dois-procurados-em-rio-claro-e-santa-gertrudes","status":"publish","type":"post","link":"https:\/\/cidadeazulnoticias.com.br\/justica-tinha-encontro-marcado-policia-militar-captura-dois-procurados-em-rio-claro-e-santa-gertrudes\/","title":{"rendered":"Justi\u00e7a tinha encontro marcado: Pol\u00edcia Militar captura dois procurados em Rio Claro e Santa Gertrudes"},"content":{"rendered":"<h2><em>Em a\u00e7\u00f5es realizadas na ter\u00e7a-feira, policiais militares localizaram dois homens com mandados de pris\u00e3o em aberto; um deles foi encontrado durante a Opera\u00e7\u00e3o Impacto \u2013 Adaga XVII<\/em><\/h2>\n<p>A ter\u00e7a-feira (1\u00ba) foi de trabalho dobrado para a Pol\u00edcia Militar na regi\u00e3o. Em duas a\u00e7\u00f5es distintas, realizadas em Santa Gertrudes e Rio Claro, equipes policiais localizaram e capturaram dois homens que eram procurados pela Justi\u00e7a. Quando existe mandado em aberto, n\u00e3o adianta tentar se esconder: mais cedo ou mais tarde, a conta chega \u2014 e, desta vez, chegou com viatura na porta.<\/p>\n<p>A primeira captura ocorreu durante a tarde, no bairro Bom Sucesso, em Santa Gertrudes. Policiais militares realizavam patrulhamento e, de posse das informa\u00e7\u00f5es sobre um mandado de pris\u00e3o, seguiram at\u00e9 o endere\u00e7o onde o procurado poderia ser localizado.<\/p>\n<p>O homem foi encontrado, abordado e conduzido \u00e0 Delegacia de Pol\u00edcia de Santa Gertrudes, onde foi apresentado \u00e0 autoridade policial para o cumprimento da determina\u00e7\u00e3o judicial.<\/p>\n<p>J\u00e1 durante a noite, em Rio Claro, a movimenta\u00e7\u00e3o policial continuou. Durante a Opera\u00e7\u00e3o Impacto \u2013 Adaga XVII, uma equipe de For\u00e7a T\u00e1tica localizou outro homem procurado pela Justi\u00e7a no bairro Jardim Panorama.<\/p>\n<p>Durante a abordagem e busca pessoal, os policiais n\u00e3o encontraram nenhum objeto il\u00edcito com o suspeito. A consulta aos sistemas, no entanto, confirmou que havia contra ele um mandado de pris\u00e3o relacionado ao artigo 16 da Lei n\u00ba 10.826\/03, o Estatuto do Desarmamento, que trata de condutas envolvendo posse ou porte ilegal de arma de fogo de uso restrito ou proibido, conforme a previs\u00e3o legal aplic\u00e1vel ao caso.<\/p>\n<p>Diante da confirma\u00e7\u00e3o, o homem foi conduzido ao Plant\u00e3o Policial de Rio Claro, onde permaneceu recolhido e \u00e0 disposi\u00e7\u00e3o da Justi\u00e7a.<\/p>\n<p>No balan\u00e7o da noite, dois procurados, duas cidades e o mesmo destino: o reencontro com a Justi\u00e7a.<\/p>\n<p>&nbsp;<\/p>\n","protected":false},"excerpt":{"rendered":"<p>Em a\u00e7\u00f5es realizadas na ter\u00e7a-feira, policiais militares localizaram dois homens com mandados de pris\u00e3o em aberto; um deles foi encontrado durante a Opera\u00e7\u00e3o Impacto \u2013 Adaga XVII A ter\u00e7a-feira (1\u00ba) foi de trabalho dobrado para a Pol\u00edcia Militar na regi\u00e3o. Em duas a\u00e7\u00f5es distintas, realizadas em Santa Gertrudes e Rio Claro, equipes policiais localizaram e [&hellip;]<\/p>\n","protected":false},"author":9,"featured_media":111470,"comment_status":"closed","ping_status":"closed","sticky":false,"template":"","format":"standard","meta":{"footnotes":""},"categories":[1,2],"tags":[14366,10478,10472,12214,9252,12020,9481,10435,9128,8917,8919,10263,8921],"class_list":{"0":"post-129765","1":"post","2":"type-post","3":"status-publish","4":"format-standard","5":"has-post-thumbnail","7":"category-instagram","8":"category-seguranca","9":"tag-adagaxvii","10":"tag-bomsucesso","11":"tag-cidadeazulnoticias","12":"tag-estatutododesarmamento","13":"tag-forcatatica","14":"tag-jardimpanorama","15":"tag-justica","16":"tag-operacaoimpacto","17":"tag-policia","18":"tag-policiamilitar","19":"tag-rioclaro","20":"tag-santagertrudes","21":"tag-segurancapublica"},"_links":{"self":[{"href":"https:\/\/cidadeazulnoticias.com.br\/wp-json\/wp\/v2\/posts\/129765"}],"collection":[{"href":"https:\/\/cidadeazulnoticias.com.br\/wp-json\/wp\/v2\/posts"}],"about":[{"href":"https:\/\/cidadeazulnoticias.com.br\/wp-json\/wp\/v2\/types\/post"}],"author":[{"embeddable":true,"href":"https:\/\/cidadeazulnoticias.com.br\/wp-json\/wp\/v2\/users\/9"}],"replies":[{"embeddable":true,"href":"https:\/\/cidadeazulnoticias.com.br\/wp-json\/wp\/v2\/comments?post=129765"}],"version-history":[{"count":1,"href":"https:\/\/cidadeazulnoticias.com.br\/wp-json\/wp\/v2\/posts\/129765\/revisions"}],"predecessor-version":[{"id":129766,"href":"https:\/\/cidadeazulnoticias.com.br\/wp-json\/wp\/v2\/posts\/129765\/revisions\/129766"}],"wp:featuredmedia":[{"embeddable":true,"href":"https:\/\/cidadeazulnoticias.com.br\/wp-json\/wp\/v2\/media\/111470"}],"wp:attachment":[{"href":"https:\/\/cidadeazulnoticias.com.br\/wp-json\/wp\/v2\/media?parent=129765"}],"wp:term":[{"taxonomy":"category","embeddable":true,"href":"https:\/\/cidadeazulnoticias.com.br\/wp-json\/wp\/v2\/categories?post=129765"},{"taxonomy":"post_tag","embeddable":true,"href":"https:\/\/cidadeazulnoticias.com.br\/wp-json\/wp\/v2\/tags?post=129765"}],"curies":[{"name":"wp","href":"https:\/\/api.w.org\/{rel}","templated":true}]}},{"id":129762,"date":"2026-09-02T13:50:00","date_gmt":"2026-09-02T16:50:00","guid":{"rendered":"https:\/\/cidadeazulnoticias.com.br\/?p=129762"},"modified":"2026-09-02T13:50:00","modified_gmt":"2026-09-02T16:50:00","slug":"fuga-acidente-e-um-etilometro-que-resolveu-pedir-arrego","status":"publish","type":"post","link":"https:\/\/cidadeazulnoticias.com.br\/fuga-acidente-e-um-etilometro-que-resolveu-pedir-arrego\/","title":{"rendered":"FUGA, ACIDENTE E UM ETIL\u00d4METRO QUE RESOLVEU \u201cPEDIR ARREGO\u201d"},"content":{"rendered":"<h2><em>Motorista \u00e9 preso ap\u00f3s atingir motocicleta, fugir sem prestar socorro e ser localizado em casa, em Santa Gertrudes.<\/em><\/h2>\n<p>Uma ocorr\u00eancia de tr\u00e2nsito terminou com acidente, fuga, atendimento m\u00e9dico e pris\u00e3o na tarde de ter\u00e7a-feira (1\u00ba), em Santa Gertrudes. A Pol\u00edcia Militar foi acionada ap\u00f3s uma motocicleta se envolver em uma colis\u00e3o que deixou duas pessoas feridas.<\/p>\n<p>Segundo o relato apresentado aos policiais, o condutor da motocicleta transportava uma adolescente como passageira quando encontrou um autom\u00f3vel parado no meio da via. Ap\u00f3s conseguir ultrapassar o carro e entrar em outra rua, o motociclista teria sido atingido pelo mesmo ve\u00edculo.<\/p>\n<p>O detalhe que deixou a ocorr\u00eancia ainda mais complicada veio depois da colis\u00e3o. Conforme o relato, mesmo ap\u00f3s a queda dos ocupantes da motocicleta, o motorista do autom\u00f3vel teria continuado acelerando e s\u00f3 parado depois que as v\u00edtimas acabaram colidindo contra um lat\u00e3o de lixo.<\/p>\n<p>Em vez de permanecer no local para prestar socorro, o condutor teria escolhido outro destino: casa. Testemunhas acompanharam o deslocamento do ve\u00edculo e indicaram aos policiais o im\u00f3vel onde o motorista havia entrado.<\/p>\n<p>Com a chegada das equipes, o homem saiu da resid\u00eancia e alegou que havia fugido por medo. O autom\u00f3vel foi localizado na garagem e acabou apreendido posteriormente pela Pol\u00edcia Civil.<\/p>\n<p>E quando o baf\u00f4metro resolveu n\u00e3o colaborar&#8230;<\/p>\n<p>No Plant\u00e3o Policial, os policiais ainda tentaram realizar o teste com etil\u00f4metro para verificar eventual embriaguez. S\u00f3 que, numa esp\u00e9cie de \u201cgreve tecnol\u00f3gica\u201d, o equipamento apresentou defeito e n\u00e3o foi poss\u00edvel imprimir o resultado.<\/p>\n<p>Diante do problema, o motorista foi encaminhado para coleta de sangue, procedimento destinado a verificar eventual presen\u00e7a de \u00e1lcool no organismo.<\/p>\n<p>As duas v\u00edtimas receberam atendimento m\u00e9dico e, posteriormente, foram liberadas.<\/p>\n<p>A ocorr\u00eancia foi registrada pela Pol\u00edcia Civil envolvendo suspeita de embriaguez, fuga e les\u00e3o corporal. O motorista permaneceu preso \u00e0 disposi\u00e7\u00e3o da Justi\u00e7a.<\/p>\n<p>De acordo com o registro policial, n\u00e3o havia antecedentes criminais em nome do homem.<\/p>\n<p>No tr\u00e2nsito, uma decis\u00e3o errada pode transformar alguns segundos em uma ocorr\u00eancia policial inteira. E, neste caso, at\u00e9 o baf\u00f4metro parece ter decidido que j\u00e1 tinha confus\u00e3o suficiente para uma tarde s\u00f3.<\/p>\n","protected":false},"excerpt":{"rendered":"<p>Motorista \u00e9 preso ap\u00f3s atingir motocicleta, fugir sem prestar socorro e ser localizado em casa, em Santa Gertrudes. Uma ocorr\u00eancia de tr\u00e2nsito terminou com acidente, fuga, atendimento m\u00e9dico e pris\u00e3o na tarde de ter\u00e7a-feira (1\u00ba), em Santa Gertrudes. A Pol\u00edcia Militar foi acionada ap\u00f3s uma motocicleta se envolver em uma colis\u00e3o que deixou duas pessoas [&hellip;]<\/p>\n","protected":false},"author":9,"featured_media":117079,"comment_status":"closed","ping_status":"closed","sticky":false,"template":"","format":"standard","meta":{"footnotes":""},"categories":[1,2],"tags":[],"class_list":{"0":"post-129762","1":"post","2":"type-post","3":"status-publish","4":"format-standard","5":"has-post-thumbnail","7":"category-instagram","8":"category-seguranca"},"_links":{"self":[{"href":"https:\/\/cidadeazulnoticias.com.br\/wp-json\/wp\/v2\/posts\/129762"}],"collection":[{"href":"https:\/\/cidadeazulnoticias.com.br\/wp-json\/wp\/v2\/posts"}],"about":[{"href":"https:\/\/cidadeazulnoticias.com.br\/wp-json\/wp\/v2\/types\/post"}],"author":[{"embeddable":true,"href":"https:\/\/cidadeazulnoticias.com.br\/wp-json\/wp\/v2\/users\/9"}],"replies":[{"embeddable":true,"href":"https:\/\/cidadeazulnoticias.com.br\/wp-json\/wp\/v2\/comments?post=129762"}],"version-history":[{"count":1,"href":"https:\/\/cidadeazulnoticias.com.br\/wp-json\/wp\/v2\/posts\/129762\/revisions"}],"predecessor-version":[{"id":129763,"href":"https:\/\/cidadeazulnoticias.com.br\/wp-json\/wp\/v2\/posts\/129762\/revisions\/129763"}],"wp:featuredmedia":[{"embeddable":true,"href":"https:\/\/cidadeazulnoticias.com.br\/wp-json\/wp\/v2\/media\/117079"}],"wp:attachment":[{"href":"https:\/\/cidadeazulnoticias.com.br\/wp-json\/wp\/v2\/media?parent=129762"}],"wp:term":[{"taxonomy":"category","embeddable":true,"href":"https:\/\/cidadeazulnoticias.com.br\/wp-json\/wp\/v2\/categories?post=129762"},{"taxonomy":"post_tag","embeddable":true,"href":"https:\/\/cidadeazulnoticias.com.br\/wp-json\/wp\/v2\/tags?post=129762"}],"curies":[{"name":"wp","href":"https:\/\/api.w.org\/{rel}","templated":true}]}},{"id":129760,"date":"2026-09-02T13:42:17","date_gmt":"2026-09-02T16:42:17","guid":{"rendered":"https:\/\/cidadeazulnoticias.com.br\/?p=129760"},"modified":"2026-09-02T13:55:04","modified_gmt":"2026-09-02T16:55:04","slug":"pistola-no-banco-do-passageiro-chama-atencao-da-pm-e-termina-em-apreensao-no-centro-de-rio-claro","status":"publish","type":"post","link":"https:\/\/cidadeazulnoticias.com.br\/pistola-no-banco-do-passageiro-chama-atencao-da-pm-e-termina-em-apreensao-no-centro-de-rio-claro\/","title":{"rendered":"Pistola no banco do passageiro chama aten\u00e7\u00e3o da PM e termina em apreens\u00e3o no Centro de Rio Claro"},"content":{"rendered":"<h2><em>Objeto com apar\u00eancia de arma de fogo estava dentro de ve\u00edculo motivou abordagem; policiais constataram que se tratava de uma pistola de press\u00e3o do tipo Airsoft<\/em><\/h2>\n<p>Aquela cena que faz qualquer patrulheiro ficar com os olhos bem abertos: durante o patrulhamento pela regi\u00e3o central de Rio Claro, na manh\u00e3 de ter\u00e7a-feira (1\u00ba), policiais militares visualizaram um homem dentro de um ve\u00edculo, aparentemente desacordado. At\u00e9 a\u00ed, uma situa\u00e7\u00e3o que j\u00e1 merecia uma averigua\u00e7\u00e3o. Mas havia um detalhe a mais: sobre o banco do passageiro estava um objeto com apar\u00eancia de arma de fogo.<\/p>\n<p>Diante da possibilidade de haver uma arma no interior do carro, os policiais realizaram a abordagem. E foi a\u00ed que a hist\u00f3ria mudou de rumo \u2014 embora o susto inicial tenha sido leg\u00edtimo.<\/p>\n<p>Durante a averigua\u00e7\u00e3o, os policiais constataram que o objeto era uma pistola de press\u00e3o do tipo Airsoft, movida a g\u00e1s comprimido. O equipamento, por\u00e9m, apresentava uma caracter\u00edstica que poderia aumentar bastante a confus\u00e3o: n\u00e3o possu\u00eda a identifica\u00e7\u00e3o nas cores laranja ou vermelha na extremidade do cano, fazendo com que sua apar\u00eancia pudesse ser facilmente confundida com a de uma arma de fogo verdadeira.<\/p>\n<h4>O equipamento acabou sendo apreendido.<\/h4>\n<p>O homem foi encaminhado ao Plant\u00e3o Policial, onde a autoridade policial registrou a ocorr\u00eancia como localiza\u00e7\u00e3o\/apreens\u00e3o de objeto. Foram recolhidos um simulacro de pistola, seis esferas de metal e uma c\u00e1psula de g\u00e1s CO\u2082.<\/p>\n<h5>N\u00e3o houve registro de pris\u00e3o do envolvido.<\/h5>\n<p>Segundo as informa\u00e7\u00f5es do registro policial, o homem j\u00e1 possu\u00eda anota\u00e7\u00e3o anterior relacionada a embriaguez ao volante. O documento tamb\u00e9m faz refer\u00eancia ao artigo 22 da Lei Maria da Penha, dispositivo que trata de medidas protetivas de urg\u00eancia. Como essa refer\u00eancia, isoladamente, n\u00e3o identifica uma determinada natureza criminal, ela n\u00e3o \u00e9 apresentada aqui como antecedente de um crime espec\u00edfico.<\/p>\n<p>No fim das contas, a pistola n\u00e3o era de fogo, mas a apar\u00eancia foi suficiente para acender o alerta da equipe. E fica a velha li\u00e7\u00e3o da coluna policial: quando o objeto parece uma arma, principalmente dentro de um ve\u00edculo, ningu\u00e9m vai esperar chegar o pr\u00f3ximo cap\u00edtulo para descobrir se era de verdade ou n\u00e3o. A abordagem vem primeiro \u2014 a explica\u00e7\u00e3o, depois.<\/p>\n","protected":false},"excerpt":{"rendered":"<p>Objeto com apar\u00eancia de arma de fogo estava dentro de ve\u00edculo motivou abordagem; policiais constataram que se tratava de uma pistola de press\u00e3o do tipo Airsoft Aquela cena que faz qualquer patrulheiro ficar com os olhos bem abertos: durante o patrulhamento pela regi\u00e3o central de Rio Claro, na manh\u00e3 de ter\u00e7a-feira (1\u00ba), policiais militares visualizaram [&hellip;]<\/p>\n","protected":false},"author":9,"featured_media":129764,"comment_status":"closed","ping_status":"closed","sticky":false,"template":"","format":"standard","meta":{"footnotes":""},"categories":[187],"tags":[13949,8920,10472,186,11459,9128,8917,8919,9218,12380],"class_list":{"0":"post-129760","1":"post","2":"type-post","3":"status-publish","4":"format-standard","5":"has-post-thumbnail","7":"category-rio-claro","8":"tag-airsoft","9":"tag-apreensao","10":"tag-cidadeazulnoticias","11":"tag-gcm","12":"tag-plantaopolicial","13":"tag-policia","14":"tag-policiamilitar","15":"tag-rioclaro","16":"tag-seguranca","17":"tag-simulacro"},"_links":{"self":[{"href":"https:\/\/cidadeazulnoticias.com.br\/wp-json\/wp\/v2\/posts\/129760"}],"collection":[{"href":"https:\/\/cidadeazulnoticias.com.br\/wp-json\/wp\/v2\/posts"}],"about":[{"href":"https:\/\/cidadeazulnoticias.com.br\/wp-json\/wp\/v2\/types\/post"}],"author":[{"embeddable":true,"href":"https:\/\/cidadeazulnoticias.com.br\/wp-json\/wp\/v2\/users\/9"}],"replies":[{"embeddable":true,"href":"https:\/\/cidadeazulnoticias.com.br\/wp-json\/wp\/v2\/comments?post=129760"}],"version-history":[{"count":1,"href":"https:\/\/cidadeazulnoticias.com.br\/wp-json\/wp\/v2\/posts\/129760\/revisions"}],"predecessor-version":[{"id":129761,"href":"https:\/\/cidadeazulnoticias.com.br\/wp-json\/wp\/v2\/posts\/129760\/revisions\/129761"}],"wp:featuredmedia":[{"embeddable":true,"href":"https:\/\/cidadeazulnoticias.com.br\/wp-json\/wp\/v2\/media\/129764"}],"wp:attachment":[{"href":"https:\/\/cidadeazulnoticias.com.br\/wp-json\/wp\/v2\/media?parent=129760"}],"wp:term":[{"taxonomy":"category","embeddable":true,"href":"https:\/\/cidadeazulnoticias.com.br\/wp-json\/wp\/v2\/categories?post=129760"},{"taxonomy":"post_tag","embeddable":true,"href":"https:\/\/cidadeazulnoticias.com.br\/wp-json\/wp\/v2\/tags?post=129760"}],"curies":[{"name":"wp","href":"https:\/\/api.w.org\/{rel}","templated":true}]}},{"id":129757,"date":"2026-09-01T19:40:46","date_gmt":"2026-09-01T22:40:46","guid":{"rendered":"https:\/\/cidadeazulnoticias.com.br\/?p=129757"},"modified":"2026-09-01T19:40:46","modified_gmt":"2026-09-01T22:40:46","slug":"shopping-rio-claro-recebe-oficinas-de-arte-gratuitas-com-lu-pedroso","status":"publish","type":"post","link":"https:\/\/cidadeazulnoticias.com.br\/shopping-rio-claro-recebe-oficinas-de-arte-gratuitas-com-lu-pedroso\/","title":{"rendered":"Shopping Rio Claro recebe oficinas de arte gratuitas com L\u00fa Pedroso"},"content":{"rendered":"<h2><em>Artista rio-clarense ensina t\u00e9cnicas de pinturas gratuitamente \u00e0s quartas-feiras.<\/em><\/h2>\n<p>O espa\u00e7o Exposi\u00e7\u00e3o L\u00fa Pedroso Artes do Shopping Rio Claro, administrado pelo Grupo AD, contar\u00e1 com oficinas art\u00edsticas gratuitas durante o m\u00eas de setembro.<\/p>\n<p>A artista L\u00fa Pedroso trabalha com d\u00e9coupage em vidros, em madeira e em tela, pintura org\u00e2nica em garrafa ou cer\u00e2mica e pintura em tela, e quem aprecia artes pl\u00e1sticas pode participar das oficinas que acontecem nos dias 2, 9, 16, 23 e 30 de setembro, ao lado da loja Centauro.<\/p>\n<p>\u201cA artista L\u00fa Pedroso tem uma exposi\u00e7\u00e3o fixa no Shopping Rio Claro, onde tamb\u00e9m compartilha seus conhecimentos em artes pl\u00e1sticas todas as quartas-feiras. As pessoas interessadas em aprender t\u00e9cnicas de d\u00e9coupage, craquel\u00ea e pintura org\u00e2nica e em tela podem fazer a inscri\u00e7\u00e3o antecipada pelo WhatsApp (19) 98443-6979\u201d, afirma B\u00e1rbara Crocco, coordenadora de Marketing do Shopping Rio Claro.<\/p>\n<p>SERVI\u00c7O<\/p>\n<p>Oficinas art\u00edsticas com L\u00fa Pedroso<\/p>\n<p>Dias: 2, 9, 16, 23 e 30 de setembro<\/p>\n<p>Hor\u00e1rio: a partir das 14h30<\/p>\n<p>Local: Exposi\u00e7\u00e3o L\u00fa Pedroso Artes, ao lado da Loja Centauro<\/p>\n<p>Inscri\u00e7\u00f5es: antecipadas pelo WhatsApp (19) 98443-6979<\/p>\n","protected":false},"excerpt":{"rendered":"<p>Artista rio-clarense ensina t\u00e9cnicas de pinturas gratuitamente \u00e0s quartas-feiras. O espa\u00e7o Exposi\u00e7\u00e3o L\u00fa Pedroso Artes do Shopping Rio Claro, administrado pelo Grupo AD, contar\u00e1 com oficinas art\u00edsticas gratuitas durante o m\u00eas de setembro. A artista L\u00fa Pedroso trabalha com d\u00e9coupage em vidros, em madeira e em tela, pintura org\u00e2nica em garrafa ou cer\u00e2mica e pintura [&hellip;]<\/p>\n","protected":false},"author":9,"featured_media":129758,"comment_status":"closed","ping_status":"closed","sticky":false,"template":"","format":"standard","meta":{"footnotes":""},"categories":[1,187],"tags":[],"class_list":{"0":"post-129757","1":"post","2":"type-post","3":"status-publish","4":"format-standard","5":"has-post-thumbnail","7":"category-instagram","8":"category-rio-claro"},"_links":{"self":[{"href":"https:\/\/cidadeazulnoticias.com.br\/wp-json\/wp\/v2\/posts\/129757"}],"collection":[{"href":"https:\/\/cidadeazulnoticias.com.br\/wp-json\/wp\/v2\/posts"}],"about":[{"href":"https:\/\/cidadeazulnoticias.com.br\/wp-json\/wp\/v2\/types\/post"}],"author":[{"embeddable":true,"href":"https:\/\/cidadeazulnoticias.com.br\/wp-json\/wp\/v2\/users\/9"}],"replies":[{"embeddable":true,"href":"https:\/\/cidadeazulnoticias.com.br\/wp-json\/wp\/v2\/comments?post=129757"}],"version-history":[{"count":1,"href":"https:\/\/cidadeazulnoticias.com.br\/wp-json\/wp\/v2\/posts\/129757\/revisions"}],"predecessor-version":[{"id":129759,"href":"https:\/\/cidadeazulnoticias.com.br\/wp-json\/wp\/v2\/posts\/129757\/revisions\/129759"}],"wp:featuredmedia":[{"embeddable":true,"href":"https:\/\/cidadeazulnoticias.com.br\/wp-json\/wp\/v2\/media\/129758"}],"wp:attachment":[{"href":"https:\/\/cidadeazulnoticias.com.br\/wp-json\/wp\/v2\/media?parent=129757"}],"wp:term":[{"taxonomy":"category","embeddable":true,"href":"https:\/\/cidadeazulnoticias.com.br\/wp-json\/wp\/v2\/categories?post=129757"},{"taxonomy":"post_tag","embeddable":true,"href":"https:\/\/cidadeazulnoticias.com.br\/wp-json\/wp\/v2\/tags?post=129757"}],"curies":[{"name":"wp","href":"https:\/\/api.w.org\/{rel}","templated":true}]}},{"id":129754,"date":"2026-09-01T15:25:27","date_gmt":"2026-09-01T18:25:27","guid":{"rendered":"https:\/\/cidadeazulnoticias.com.br\/?p=129754"},"modified":"2026-09-01T15:25:27","modified_gmt":"2026-09-01T18:25:27","slug":"percarbonato-viralizou-veja-como-usar-o-produto-no-dia-a-dia-para-potencializar-a-limpeza","status":"publish","type":"post","link":"https:\/\/cidadeazulnoticias.com.br\/percarbonato-viralizou-veja-como-usar-o-produto-no-dia-a-dia-para-potencializar-a-limpeza\/","title":{"rendered":"Percarbonato viralizou: veja como usar o produto no dia a dia para potencializar a limpeza"},"content":{"rendered":"<h2><em>Alvejante ecol\u00f3gico e tira-manchas pode ser usado em roupas brancas e coloridas e em superf\u00edcies como azulejos, rejuntes e pl\u00e1sticos<\/em><\/h2>\n<p>O percarbonato de s\u00f3dio ganhou espa\u00e7o ap\u00f3s viralizar por sua capacidade de auxiliar na remo\u00e7\u00e3o de manchas e sujeiras mais dif\u00edceis. Conhecido pela capacidade de liberar oxig\u00eanio ativo em contato com a \u00e1gua, o composto atua como alvejante e tira-manchas e pode ser um aliado em diferentes tarefas do dia a dia.<\/p>\n<p>Entre os diferenciais do percarbonato de s\u00f3dio est\u00e1 sua composi\u00e7\u00e3o livre de cloro, perfumes e corantes. O composto \u00e9 biodegrad\u00e1vel e, em contato com a \u00e1gua, se decomp\u00f5e em \u00e1gua, oxig\u00eanio e carbonato de s\u00f3dio, sem deixar res\u00edduos agressivos ao meio ambiente. Sua a\u00e7\u00e3o ocorre por meio da libera\u00e7\u00e3o de oxig\u00eanio ativo, o que contribui para a remo\u00e7\u00e3o de manchas e sujeiras dif\u00edceis. Vers\u00e1til, pode ser utilizado em roupas brancas e coloridas e em superf\u00edcies como azulejos, rejuntes e pl\u00e1sticos, sempre de acordo com as recomenda\u00e7\u00f5es de uso e a compatibilidade com o material.<\/p>\n<p>\u201cAntes de comprar ou utilizar qualquer produto de limpeza, \u00e9 importante ler o r\u00f3tulo e verificar para quais finalidades ele \u00e9 indicado, como deve ser aplicado e quais cuidados precisam ser observados. A quantidade, o tempo de contato e o tipo de material precisam ser considerados para que o consumidor aproveite seus benef\u00edcios sem correr riscos de danificar a superf\u00edcie ou a pe\u00e7a. Na rede Ecoville, os vendedores tamb\u00e9m s\u00e3o capacitados para orientar os consumidores sobre as caracter\u00edsticas e as formas adequadas de uso dos produtos, ajudando a esclarecer d\u00favidas no momento da compra\u201d, explica Rafael Alves dos Santos, especialista em limpeza da Ecoville, maior rede especializada em produtos de limpeza do Brasil, em Cambu\u00ed (MG).<\/p>\n<p>Do guarda-roupa \u00e0 cozinha: onde usar o percarbonato<\/p>\n<p>Na lavanderia, o percarbonato pode ser utilizado no tratamento de roupas brancas e coloridas, especialmente em pe\u00e7as com manchas e res\u00edduos dif\u00edceis, al\u00e9m de panos de prato muito engordurados. Para obter melhores resultados, a recomenda\u00e7\u00e3o \u00e9 deixar as pe\u00e7as de molho com cerca de duas colheres de sopa de percarbonato para cada litro de \u00e1gua quente, o que ajuda a potencializar sua a\u00e7\u00e3o, por pelo menos tr\u00eas horas. Depois, as pe\u00e7as podem ser colocadas na m\u00e1quina de lavar com o sab\u00e3o em p\u00f3 ou l\u00edquido habitual, seguindo normalmente o ciclo de lavagem.<\/p>\n<p>\u201cO percarbonato \u00e9 especialmente interessante quando o objetivo \u00e9 tratar sujidades como sangue, vinho, suor e gordura. Mas \u00e9 importante sempre verificar a etiqueta da roupa e as recomenda\u00e7\u00f5es do fabricante antes da aplica\u00e7\u00e3o, principalmente em pe\u00e7as mais delicadas ou que tenham alguma restri\u00e7\u00e3o espec\u00edfica\u201d, orienta Rafael.<\/p>\n<p>Al\u00e9m das roupas, o produto tamb\u00e9m pode ser aplicado em algumas superf\u00edcies, como azulejos, rejuntes e pl\u00e1sticos. Nesses casos, \u00e9 importante verificar se o material \u00e9 compat\u00edvel com o produto e seguir as orienta\u00e7\u00f5es indicadas para a aplica\u00e7\u00e3o.<\/p>\n<p>O que n\u00e3o fazer com o percarbonato?<\/p>\n<p>Apesar da versatilidade, n\u00e3o significa que o percarbonato possa ser utilizado de qualquer maneira. Um dos principais cuidados \u00e9 evitar misturas improvisadas com outros produtos de limpeza.<\/p>\n<p>\u201cN\u00e3o \u00e9 necess\u00e1rio criar receitas ou aumentar a quantidade do produto para tentar obter um resultado mais potente. O percarbonato j\u00e1 possui uma finalidade espec\u00edfica e deve ser utilizado conforme as orienta\u00e7\u00f5es. O excesso n\u00e3o significa maior efici\u00eancia e pode aumentar o risco de danos ao material e \u00e0 pr\u00f3pria sa\u00fade\u201d, explica o especialista.<\/p>\n<p>Outro cuidado \u00e9 n\u00e3o aplicar o produto em materiais sem antes verificar sua compatibilidade e n\u00e3o deixar a solu\u00e7\u00e3o em contato com a superf\u00edcie ou tecido por mais tempo do que o recomendado. Em caso de d\u00favida, a orienta\u00e7\u00e3o \u00e9 consultar as instru\u00e7\u00f5es da embalagem e, quando necess\u00e1rio, testar previamente em uma pequena \u00e1rea.<\/p>\n<p>Mais do que uma tend\u00eancia que viraliza, o percarbonato pode ser um aliado pr\u00e1tico para diferentes tarefas quando utilizado de maneira adequada. \u201cO consumidor n\u00e3o precisa deixar de usar o percarbonato, pelo contr\u00e1rio, \u00e9 um produto eficiente e vers\u00e1til quando aplicado corretamente. A chave est\u00e1 em conhecer a finalidade, respeitar as quantidades indicadas e entender as caracter\u00edsticas do material que ser\u00e1 tratado\u201d, finaliza Rafael.<\/p>\n<p>Sobre Ecoville<\/p>\n<p>Fundada em 2007, a Ecoville \u00e9 a maior rede de franquias de produtos de limpeza do Brasil. Com mais de 300 opera\u00e7\u00f5es pelo pa\u00eds, a marca se posiciona como um centro de solu\u00e7\u00f5es de limpeza com especialistas no assunto para atender o consumidor final. A franquia comercializa um mix com mais de 2000 SKu\u2019s entre produtos, acess\u00f3rios e equipamentos para limpeza residencial e profissional de alta qualidade. <\/p>\n","protected":false},"excerpt":{"rendered":"<p>Alvejante ecol\u00f3gico e tira-manchas pode ser usado em roupas brancas e coloridas e em superf\u00edcies como azulejos, rejuntes e pl\u00e1sticos O percarbonato de s\u00f3dio ganhou espa\u00e7o ap\u00f3s viralizar por sua capacidade de auxiliar na remo\u00e7\u00e3o de manchas e sujeiras mais dif\u00edceis. Conhecido pela capacidade de liberar oxig\u00eanio ativo em contato com a \u00e1gua, o composto [&hellip;]<\/p>\n","protected":false},"author":9,"featured_media":129755,"comment_status":"closed","ping_status":"closed","sticky":false,"template":"","format":"standard","meta":{"footnotes":""},"categories":[1,165],"tags":[],"class_list":{"0":"post-129754","1":"post","2":"type-post","3":"status-publish","4":"format-standard","5":"has-post-thumbnail","7":"category-instagram","8":"category-publieditorial"},"_links":{"self":[{"href":"https:\/\/cidadeazulnoticias.com.br\/wp-json\/wp\/v2\/posts\/129754"}],"collection":[{"href":"https:\/\/cidadeazulnoticias.com.br\/wp-json\/wp\/v2\/posts"}],"about":[{"href":"https:\/\/cidadeazulnoticias.com.br\/wp-json\/wp\/v2\/types\/post"}],"author":[{"embeddable":true,"href":"https:\/\/cidadeazulnoticias.com.br\/wp-json\/wp\/v2\/users\/9"}],"replies":[{"embeddable":true,"href":"https:\/\/cidadeazulnoticias.com.br\/wp-json\/wp\/v2\/comments?post=129754"}],"version-history":[{"count":1,"href":"https:\/\/cidadeazulnoticias.com.br\/wp-json\/wp\/v2\/posts\/129754\/revisions"}],"predecessor-version":[{"id":129756,"href":"https:\/\/cidadeazulnoticias.com.br\/wp-json\/wp\/v2\/posts\/129754\/revisions\/129756"}],"wp:featuredmedia":[{"embeddable":true,"href":"https:\/\/cidadeazulnoticias.com.br\/wp-json\/wp\/v2\/media\/129755"}],"wp:attachment":[{"href":"https:\/\/cidadeazulnoticias.com.br\/wp-json\/wp\/v2\/media?parent=129754"}],"wp:term":[{"taxonomy":"category","embeddable":true,"href":"https:\/\/cidadeazulnoticias.com.br\/wp-json\/wp\/v2\/categories?post=129754"},{"taxonomy":"post_tag","embeddable":true,"href":"https:\/\/cidadeazulnoticias.com.br\/wp-json\/wp\/v2\/tags?post=129754"}],"curies":[{"name":"wp","href":"https:\/\/api.w.org\/{rel}","templated":true}]}},{"id":129752,"date":"2026-09-01T15:08:22","date_gmt":"2026-09-01T18:08:22","guid":{"rendered":"https:\/\/cidadeazulnoticias.com.br\/?p=129752"},"modified":"2026-09-01T15:08:22","modified_gmt":"2026-09-01T18:08:22","slug":"quintal-das-pretas-leva-roda-de-samba-ao-museu-nesse-domingo","status":"publish","type":"post","link":"https:\/\/cidadeazulnoticias.com.br\/quintal-das-pretas-leva-roda-de-samba-ao-museu-nesse-domingo\/","title":{"rendered":"Quintal das Pretas leva roda de samba ao Museu nesse domingo"},"content":{"rendered":"<h2><em>Al\u00e9m de samba, o evento, que come\u00e7a ao meio dia, ter\u00e1 visita\u00e7\u00e3o, \u00e1rea de alimenta\u00e7\u00e3o e feira de artesanato.<\/em><\/h2>\n<p>O Museu Hist\u00f3rico de Rio Claro tem programa\u00e7\u00e3o imperd\u00edvel nesse domingo (6) para quem gosta de boa m\u00fasica, lazer e divers\u00e3o de qualidade. O projeto Quintal das Pretas vai realizar sua tradicional roda de samba nas depend\u00eancias do museu, que \u00e9 uma das principais refer\u00eancias culturais do munic\u00edpio.<\/p>\n<p>\u201cO Quintal das Pretas \u2013 edi\u00e7\u00e3o Museu\u201d tem entrada gratuita e vai reunir, a partir do meio-dia, v\u00e1rias atra\u00e7\u00f5es, como \u00e1rea de alimenta\u00e7\u00e3o e feira de artesanato, al\u00e9m de visita\u00e7\u00e3o monitorada ao museu.<\/p>\n<p>J\u00e1 o coletivo Quintal das Pretas est\u00e1 previsto para come\u00e7ar sua roda de samba \u00e0s 17 horas. O grupo, que cativa pela anima\u00e7\u00e3o e j\u00e1 se tornou sin\u00f4nimo de boa m\u00fasica, vai al\u00e9m e desenvolve importante trabalho focado na valoriza\u00e7\u00e3o da cultura negra, ancestralidade e representatividade.<\/p>\n<p>\u201cEsse \u00e9 uma iniciativa para reafirmar o museu como mais que um espa\u00e7o de resgate e preserva\u00e7\u00e3o hist\u00f3ricos, mas tamb\u00e9m como polo de eventos e atividades culturais diversificadas\u201d, explica a secret\u00e1ria de Cultura, Nath\u00e1lia Spatti.<\/p>\n<p>Localizado na esquina da Avenida 2 com a Rua 7, Centro, o Museu Hist\u00f3rico e Pedag\u00f3gico Amador Bueno da Veiga \u00e9 espa\u00e7o ideal para quem quer conhecer um pouco da hist\u00f3ria do munic\u00edpio e ver itens antigos ou curiosos.<\/p>\n<p>Nas exposi\u00e7\u00f5es permanentes, como as focadas em Ulysses Guimar\u00e3es e Amaral Gurgel, os visitantes tamb\u00e9m podem aprender mais sobre personalidades importantes que marcaram Rio Claro.<\/p>\n","protected":false},"excerpt":{"rendered":"<p>Al\u00e9m de samba, o evento, que come\u00e7a ao meio dia, ter\u00e1 visita\u00e7\u00e3o, \u00e1rea de alimenta\u00e7\u00e3o e feira de artesanato. O Museu Hist\u00f3rico de Rio Claro tem programa\u00e7\u00e3o imperd\u00edvel nesse domingo (6) para quem gosta de boa m\u00fasica, lazer e divers\u00e3o de qualidade. O projeto Quintal das Pretas vai realizar sua tradicional roda de samba nas [&hellip;]<\/p>\n","protected":false},"author":9,"featured_media":123765,"comment_status":"closed","ping_status":"closed","sticky":false,"template":"","format":"standard","meta":{"footnotes":""},"categories":[1,187],"tags":[],"class_list":{"0":"post-129752","1":"post","2":"type-post","3":"status-publish","4":"format-standard","5":"has-post-thumbnail","7":"category-instagram","8":"category-rio-claro"},"_links":{"self":[{"href":"https:\/\/cidadeazulnoticias.com.br\/wp-json\/wp\/v2\/posts\/129752"}],"collection":[{"href":"https:\/\/cidadeazulnoticias.com.br\/wp-json\/wp\/v2\/posts"}],"about":[{"href":"https:\/\/cidadeazulnoticias.com.br\/wp-json\/wp\/v2\/types\/post"}],"author":[{"embeddable":true,"href":"https:\/\/cidadeazulnoticias.com.br\/wp-json\/wp\/v2\/users\/9"}],"replies":[{"embeddable":true,"href":"https:\/\/cidadeazulnoticias.com.br\/wp-json\/wp\/v2\/comments?post=129752"}],"version-history":[{"count":1,"href":"https:\/\/cidadeazulnoticias.com.br\/wp-json\/wp\/v2\/posts\/129752\/revisions"}],"predecessor-version":[{"id":129753,"href":"https:\/\/cidadeazulnoticias.com.br\/wp-json\/wp\/v2\/posts\/129752\/revisions\/129753"}],"wp:featuredmedia":[{"embeddable":true,"href":"https:\/\/cidadeazulnoticias.com.br\/wp-json\/wp\/v2\/media\/123765"}],"wp:attachment":[{"href":"https:\/\/cidadeazulnoticias.com.br\/wp-json\/wp\/v2\/media?parent=129752"}],"wp:term":[{"taxonomy":"category","embeddable":true,"href":"https:\/\/cidadeazulnoticias.com.br\/wp-json\/wp\/v2\/categories?post=129752"},{"taxonomy":"post_tag","embeddable":true,"href":"https:\/\/cidadeazulnoticias.com.br\/wp-json\/wp\/v2\/tags?post=129752"}],"curies":[{"name":"wp","href":"https:\/\/api.w.org\/{rel}","templated":true}]}},{"id":129750,"date":"2026-09-01T14:31:11","date_gmt":"2026-09-01T17:31:11","guid":{"rendered":"https:\/\/cidadeazulnoticias.com.br\/?p=129750"},"modified":"2026-09-01T14:31:11","modified_gmt":"2026-09-01T17:31:11","slug":"ciesp-rio-claro-chega-aos-77-anos-como-protagonista-da-industria-regional","status":"publish","type":"post","link":"https:\/\/cidadeazulnoticias.com.br\/ciesp-rio-claro-chega-aos-77-anos-como-protagonista-da-industria-regional\/","title":{"rendered":"CIESP Rio Claro chega aos 77 anos como protagonista da ind\u00fastria regional"},"content":{"rendered":"<h2>\n<em>Entidade acompanha a transforma\u00e7\u00e3o do setor produtivo e mant\u00e9m atua\u00e7\u00e3o pr\u00f3xima das empresas em uma regi\u00e3o marcada pela diversidade industrial e pela inova\u00e7\u00e3o<\/em><\/h2>\n<p>Setenta e sete anos de hist\u00f3ria n\u00e3o se resumem a uma data no calend\u00e1rio. Para o CIESP Rio Claro, a trajet\u00f3ria iniciada em 1949 acompanha tamb\u00e9m as muitas transforma\u00e7\u00f5es pelas quais passou a ind\u00fastria da regi\u00e3o \u2014 de um cen\u00e1rio marcado pela tradi\u00e7\u00e3o cer\u00e2mica \u00e0 consolida\u00e7\u00e3o de um parque industrial diversificado e cada vez mais conectado \u00e0 tecnologia, \u00e0 inova\u00e7\u00e3o e aos mercados internacionais.<\/p>\n<p>Ao longo dessas d\u00e9cadas, a entidade se tornou uma refer\u00eancia na representa\u00e7\u00e3o do setor produtivo regional e na aproxima\u00e7\u00e3o entre empresas, institui\u00e7\u00f5es e poder p\u00fablico. Sua atua\u00e7\u00e3o alcan\u00e7a, al\u00e9m de Rio Claro, os munic\u00edpios de Araras, Corumbata\u00ed, Ipe\u00fana, Itirapina, Leme e Santa Gertrudes, formando uma \u00e1rea de forte participa\u00e7\u00e3o na economia paulista.<\/p>\n<p>Um dos grandes s\u00edmbolos dessa trajet\u00f3ria est\u00e1 justamente na ind\u00fastria cer\u00e2mica. A regi\u00e3o abriga um dos principais polos cer\u00e2micos do mundo, mas a economia industrial local h\u00e1 muito deixou de depender de um \u00fanico segmento. Hoje, convivem no territ\u00f3rio empresas dos setores de linha branca, metalurgia, qu\u00edmica leve, tubos e conex\u00f5es, insumos m\u00e9dicos, entre outras atividades.<\/p>\n<p>Nesse cen\u00e1rio, o trabalho do CIESP vai al\u00e9m da representa\u00e7\u00e3o institucional. A entidade oferece \u00e0s empresas acesso a informa\u00e7\u00f5es, orienta\u00e7\u00e3o e servi\u00e7os que podem fazer diferen\u00e7a no dia a dia dos neg\u00f3cios. No campo do com\u00e9rcio exterior, por exemplo, atua no apoio \u00e0 emiss\u00e3o de Certificados de Origem e na disponibiliza\u00e7\u00e3o de informa\u00e7\u00f5es estrat\u00e9gicas para empresas que buscam ampliar sua presen\u00e7a em outros mercados.<\/p>\n<p>A aproxima\u00e7\u00e3o com o setor produtivo tamb\u00e9m coloca o CIESP no papel de interlocutor entre diferentes setores da sociedade. Em uma economia em constante transforma\u00e7\u00e3o, quest\u00f5es relacionadas \u00e0 competitividade, m\u00e3o de obra, legisla\u00e7\u00e3o, inova\u00e7\u00e3o, com\u00e9rcio exterior e ambiente de neg\u00f3cios exigem di\u00e1logo permanente.<\/p>\n<p>E \u00e9 justamente essa capacidade de acompanhar as mudan\u00e7as que ajuda a explicar a perman\u00eancia da entidade ao longo de mais de sete d\u00e9cadas.<\/p>\n<p>A ind\u00fastria regional de hoje \u00e9 diferente daquela de 1949. As m\u00e1quinas mudaram, os processos ganharam tecnologia, os mercados se tornaram globais e novos segmentos passaram a ocupar espa\u00e7o. O desafio, entretanto, continua semelhante: criar condi\u00e7\u00f5es para que as empresas possam crescer, investir, gerar empregos e contribuir para o desenvolvimento das cidades.<\/p>\n<p>Ao completar 77 anos, o CIESP Rio Claro olha para essa hist\u00f3ria n\u00e3o apenas como um patrim\u00f4nio institucional, mas como uma responsabilidade para os pr\u00f3ximos cap\u00edtulos. A proposta \u00e9 continuar pr\u00f3ximo das empresas e participar das discuss\u00f5es que definem os rumos da ind\u00fastria e da economia regional.<\/p>\n<p>Mais do que celebrar o passado, a marca dos 77 anos representa uma oportunidade para olhar para frente \u2014 em uma regi\u00e3o que mant\u00e9m sua tradi\u00e7\u00e3o industrial, mas que tamb\u00e9m j\u00e1 demonstra que inova\u00e7\u00e3o e competitividade s\u00e3o ingredientes indispens\u00e1veis para escrever o futuro.<\/p>\n<p>&nbsp;<\/p>\n","protected":false},"excerpt":{"rendered":"<p>Entidade acompanha a transforma\u00e7\u00e3o do setor produtivo e mant\u00e9m atua\u00e7\u00e3o pr\u00f3xima das empresas em uma regi\u00e3o marcada pela diversidade industrial e pela inova\u00e7\u00e3o Setenta e sete anos de hist\u00f3ria n\u00e3o se resumem a uma data no calend\u00e1rio. Para o CIESP Rio Claro, a trajet\u00f3ria iniciada em 1949 acompanha tamb\u00e9m as muitas transforma\u00e7\u00f5es pelas quais passou [&hellip;]<\/p>\n","protected":false},"author":9,"featured_media":120019,"comment_status":"closed","ping_status":"closed","sticky":false,"template":"","format":"standard","meta":{"footnotes":""},"categories":[1,187],"tags":[14363,9859,14362,14253,14365,10447,13423,9116,9104,10707,14364,10374,10359,9887,11437,8919,10263,14115],"class_list":{"0":"post-129750","1":"post","2":"type-post","3":"status-publish","4":"format-standard","5":"has-post-thumbnail","7":"category-instagram","8":"category-rio-claro","9":"tag-77ano","10":"tag-araras","11":"tag-ciesprioclar","12":"tag-comercioexterior","13":"tag-competitividade","14":"tag-corumbatai","15":"tag-desenvolvimentoregional","16":"tag-empreendedorismo","17":"tag-industria","18":"tag-industriapaulista","19":"tag-industriaregional","20":"tag-inovacao","21":"tag-ipeuna","22":"tag-itirapina","23":"tag-leme","24":"tag-rioclaro","25":"tag-santagertrudes","26":"tag-setorprodutivo"},"_links":{"self":[{"href":"https:\/\/cidadeazulnoticias.com.br\/wp-json\/wp\/v2\/posts\/129750"}],"collection":[{"href":"https:\/\/cidadeazulnoticias.com.br\/wp-json\/wp\/v2\/posts"}],"about":[{"href":"https:\/\/cidadeazulnoticias.com.br\/wp-json\/wp\/v2\/types\/post"}],"author":[{"embeddable":true,"href":"https:\/\/cidadeazulnoticias.com.br\/wp-json\/wp\/v2\/users\/9"}],"replies":[{"embeddable":true,"href":"https:\/\/cidadeazulnoticias.com.br\/wp-json\/wp\/v2\/comments?post=129750"}],"version-history":[{"count":1,"href":"https:\/\/cidadeazulnoticias.com.br\/wp-json\/wp\/v2\/posts\/129750\/revisions"}],"predecessor-version":[{"id":129751,"href":"https:\/\/cidadeazulnoticias.com.br\/wp-json\/wp\/v2\/posts\/129750\/revisions\/129751"}],"wp:featuredmedia":[{"embeddable":true,"href":"https:\/\/cidadeazulnoticias.com.br\/wp-json\/wp\/v2\/media\/120019"}],"wp:attachment":[{"href":"https:\/\/cidadeazulnoticias.com.br\/wp-json\/wp\/v2\/media?parent=129750"}],"wp:term":[{"taxonomy":"category","embeddable":true,"href":"https:\/\/cidadeazulnoticias.com.br\/wp-json\/wp\/v2\/categories?post=129750"},{"taxonomy":"post_tag","embeddable":true,"href":"https:\/\/cidadeazulnoticias.com.br\/wp-json\/wp\/v2\/tags?post=129750"}],"curies":[{"name":"wp","href":"https:\/\/api.w.org\/{rel}","templated":true}]}},{"id":129748,"date":"2026-09-01T14:16:38","date_gmt":"2026-09-01T17:16:38","guid":{"rendered":"https:\/\/cidadeazulnoticias.com.br\/?p=129748"},"modified":"2026-09-01T14:16:38","modified_gmt":"2026-09-01T17:16:38","slug":"madrugada-nada-lucrativa-pm-flagra-suspeito-dentro-de-comercio-e-interrompe-compras-sem-pagar","status":"publish","type":"post","link":"https:\/\/cidadeazulnoticias.com.br\/madrugada-nada-lucrativa-pm-flagra-suspeito-dentro-de-comercio-e-interrompe-compras-sem-pagar\/","title":{"rendered":"Madrugada nada lucrativa: PM flagra suspeito dentro de com\u00e9rcio e interrompe \u201ccompras\u201d sem pagar"},"content":{"rendered":"<h2><em>Homem foi detido ainda no interior do estabelecimento com produtos separados em sacolas, dinheiro e um alicate; preju\u00edzo estimado chegaria a R$ 850.<\/em><\/h2>\n<p>A madrugada desta ter\u00e7a-feira (1\u00ba) terminou com uma \u201ccompra\u201d que n\u00e3o chegou nem perto do caixa \u2014 e muito menos do carrinho de sa\u00edda. A Pol\u00edcia Militar prendeu em flagrante um homem suspeito de furtar um estabelecimento comercial em Rio Claro.<\/p>\n<p>A equipe foi acionada ap\u00f3s a informa\u00e7\u00e3o de que o furto estava acontecendo. Com apoio de outras viaturas, os policiais chegaram ao local e encontraram o indiv\u00edduo ainda no interior do com\u00e9rcio.<\/p>\n<p>Segundo o registro da ocorr\u00eancia, os policiais localizaram diversos produtos que j\u00e1 estavam separados em sacolas, aparentemente preparados para deixar o estabelecimento. Entre os itens estavam bon\u00e9s, isqueiros, alimentos e outros produtos.<\/p>\n<p>Tamb\u00e9m foram encontrados R$ 54,35 em dinheiro e um alicate, que acabou apreendido. Conforme informado no registro, os produtos recuperados foram avaliados em aproximadamente R$ 850.<\/p>\n<p>A tentativa de transformar o com\u00e9rcio em uma esp\u00e9cie de \u201cself-service da madrugada\u201d acabou interrompida pela chegada da PM. O suspeito foi detido e encaminhado ao Plant\u00e3o Policial, onde a ocorr\u00eancia foi registrada como furto em flagrante.<\/p>\n<p>Ap\u00f3s os procedimentos legais, o homem permaneceu preso \u00e0 disposi\u00e7\u00e3o da Justi\u00e7a.<\/p>\n<p>Ainda conforme o registro policial, o detido possui antecedente relacionado ao tr\u00e1fico de drogas, previsto no artigo 33 da Lei n\u00ba 11.343\/06.<\/p>\n<p>No fim das contas, a madrugada que poderia terminar com sacolas cheias e preju\u00edzo para o comerciante terminou com o suspeito fazendo o caminho inverso: do estabelecimento direto para o Plant\u00e3o Policial.<\/p>\n<p>&nbsp;<\/p>\n","protected":false},"excerpt":{"rendered":"<p>Homem foi detido ainda no interior do estabelecimento com produtos separados em sacolas, dinheiro e um alicate; preju\u00edzo estimado chegaria a R$ 850. A madrugada desta ter\u00e7a-feira (1\u00ba) terminou com uma \u201ccompra\u201d que n\u00e3o chegou nem perto do caixa \u2014 e muito menos do carrinho de sa\u00edda. A Pol\u00edcia Militar prendeu em flagrante um homem [&hellip;]<\/p>\n","protected":false},"author":9,"featured_media":118581,"comment_status":"closed","ping_status":"closed","sticky":false,"template":"","format":"standard","meta":{"footnotes":""},"categories":[1,2],"tags":[10472,14361,9923,14360,11459,89,9128,8917,8919,9218],"class_list":{"0":"post-129748","1":"post","2":"type-post","3":"status-publish","4":"format-standard","5":"has-post-thumbnail","7":"category-instagram","8":"category-seguranca","9":"tag-cidadeazulnoticias","10":"tag-correnciapolicial","11":"tag-furto","12":"tag-furtoemflagrante","13":"tag-plantaopolicial","14":"tag-pm","15":"tag-policia","16":"tag-policiamilitar","17":"tag-rioclaro","18":"tag-seguranca"},"_links":{"self":[{"href":"https:\/\/cidadeazulnoticias.com.br\/wp-json\/wp\/v2\/posts\/129748"}],"collection":[{"href":"https:\/\/cidadeazulnoticias.com.br\/wp-json\/wp\/v2\/posts"}],"about":[{"href":"https:\/\/cidadeazulnoticias.com.br\/wp-json\/wp\/v2\/types\/post"}],"author":[{"embeddable":true,"href":"https:\/\/cidadeazulnoticias.com.br\/wp-json\/wp\/v2\/users\/9"}],"replies":[{"embeddable":true,"href":"https:\/\/cidadeazulnoticias.com.br\/wp-json\/wp\/v2\/comments?post=129748"}],"version-history":[{"count":1,"href":"https:\/\/cidadeazulnoticias.com.br\/wp-json\/wp\/v2\/posts\/129748\/revisions"}],"predecessor-version":[{"id":129749,"href":"https:\/\/cidadeazulnoticias.com.br\/wp-json\/wp\/v2\/posts\/129748\/revisions\/129749"}],"wp:featuredmedia":[{"embeddable":true,"href":"https:\/\/cidadeazulnoticias.com.br\/wp-json\/wp\/v2\/media\/118581"}],"wp:attachment":[{"href":"https:\/\/cidadeazulnoticias.com.br\/wp-json\/wp\/v2\/media?parent=129748"}],"wp:term":[{"taxonomy":"category","embeddable":true,"href":"https:\/\/cidadeazulnoticias.com.br\/wp-json\/wp\/v2\/categories?post=129748"},{"taxonomy":"post_tag","embeddable":true,"href":"https:\/\/cidadeazulnoticias.com.br\/wp-json\/wp\/v2\/tags?post=129748"}],"curies":[{"name":"wp","href":"https:\/\/api.w.org\/{rel}","templated":true}]}},{"id":129745,"date":"2026-09-01T13:40:24","date_gmt":"2026-09-01T16:40:24","guid":{"rendered":"https:\/\/cidadeazulnoticias.com.br\/?p=129745"},"modified":"2026-09-01T13:40:24","modified_gmt":"2026-09-01T16:40:24","slug":"madona-fareja-o-esconderijo-e-gcm-estoura-ponto-de-trafico-no-jardim-paulista-ii","status":"publish","type":"post","link":"https:\/\/cidadeazulnoticias.com.br\/madona-fareja-o-esconderijo-e-gcm-estoura-ponto-de-trafico-no-jardim-paulista-ii\/","title":{"rendered":"Madona fareja o esconderijo e GCM estoura ponto de tr\u00e1fico no Jardim Paulista II"},"content":{"rendered":"<h2><em>Cadela do Canil da GCM localizou drogas escondidas em barraco de \u00e1rea invadida; casal foi preso em flagrante com maconha, crack, balan\u00e7as e materiais usados para preparar e embalar entorpecentes.<\/em><\/h2>\n<p>A noite de segunda-feira (31) terminou com uma dupla de quatro patas \u2014 e bastante efici\u00eancia \u2014 entrando em cena no Jardim Paulista II, em Rio Claro. Desta vez, quem roubou a cena foi Madona, a cadela farejadora K9 do Canil da Guarda Civil Municipal, que ajudou os agentes a encontrar o esconderijo onde estavam armazenadas drogas que, segundo a GCM, seriam destinadas \u00e0 comercializa\u00e7\u00e3o.<\/p>\n<p>A ocorr\u00eancia foi registrada por volta das 20h30, durante patrulhamento preventivo e ostensivo pela Avenida 56. Os guardas teriam avistado dois indiv\u00edduos em atitude suspeita. Ao perceberem a aproxima\u00e7\u00e3o da viatura, eles mudaram repentinamente de dire\u00e7\u00e3o e aceleraram o passo, entrando em um barraco improvisado localizado em uma \u00e1rea invadida.<\/p>\n<p>A rea\u00e7\u00e3o chamou a aten\u00e7\u00e3o dos agentes, que realizaram a abordagem. Os suspeitos, um homem de 46 anos e uma mulher de 54 anos, foram identificados.<\/p>\n<p>Segundo a GCM, durante a abordagem, ambos teriam admitido informalmente que utilizavam o im\u00f3vel como moradia e tamb\u00e9m para ocultar drogas destinadas \u00e0 venda na regi\u00e3o.<\/p>\n<p>Foi a\u00ed que Madona entrou em a\u00e7\u00e3o.<\/p>\n<p>Com o faro mais afiado que muita investiga\u00e7\u00e3o de longa data, a K9 realizou a varredura no local e indicou pontos espec\u00edficos onde os entorpecentes e materiais estavam escondidos. A equipe fez a busca e encontrou uma verdadeira \u201clinha de produ\u00e7\u00e3o\u201d improvisada.<\/p>\n<p>\ud83d\udea8 Apreens\u00e3o<\/p>\n<p>De acordo com a Guarda Civil Municipal, foram apreendidos:<\/p>\n<p>um tijolo e duas por\u00e7\u00f5es brutas de subst\u00e2ncia an\u00e1loga ao crack;<br \/>\nmeio tijolo e duas por\u00e7\u00f5es grandes de subst\u00e2ncia an\u00e1loga \u00e0 maconha;<br \/>\noito por\u00e7\u00f5es menores de maconha j\u00e1 fracionadas e embaladas em sacos tipo zip lock;<br \/>\nseis por\u00e7\u00f5es de uma subst\u00e2ncia conhecida como \u201cmesclado\u201d;<br \/>\nduas balan\u00e7as de precis\u00e3o;<br \/>\ngrande quantidade de embalagens pl\u00e1sticas vazias.<\/p>\n<p>A ocorr\u00eancia contou ainda com o apoio da equipe de motos GAM, que auxiliou os agentes durante a a\u00e7\u00e3o.<\/p>\n<p>Com a localiza\u00e7\u00e3o dos entorpecentes, o casal recebeu voz de pris\u00e3o e foi encaminhado, juntamente com todo o material apreendido, ao plant\u00e3o policial.<\/p>\n<p>A autoridade policial ratificou a pris\u00e3o em flagrante dos dois suspeitos, que permaneceram \u00e0 disposi\u00e7\u00e3o da Justi\u00e7a.<\/p>\n<p>No Jardim Paulista II, pelo menos naquela noite, a velha m\u00e1xima de que \u201co crime n\u00e3o compensa\u201d ganhou uma ajudinha especial: quando Madona entrou em cena, n\u00e3o teve esconderijo que segurasse o faro da K9. \ud83d\udc15\u200d\ud83e\uddba\ud83d\ude94<\/p>\n<p>&nbsp;<\/p>\n","protected":false},"excerpt":{"rendered":"<p>Cadela do Canil da GCM localizou drogas escondidas em barraco de \u00e1rea invadida; casal foi preso em flagrante com maconha, crack, balan\u00e7as e materiais usados para preparar e embalar entorpecentes. A noite de segunda-feira (31) terminou com uma dupla de quatro patas \u2014 e bastante efici\u00eancia \u2014 entrando em cena no Jardim Paulista II, em [&hellip;]<\/p>\n","protected":false},"author":9,"featured_media":129746,"comment_status":"closed","ping_status":"closed","sticky":false,"template":"","format":"standard","meta":{"footnotes":""},"categories":[1,2],"tags":[11907,10472,12006,68,10613,186,8905,12438,12298,9128,10456,8919,9218],"class_list":{"0":"post-129745","1":"post","2":"type-post","3":"status-publish","4":"format-standard","5":"has-post-thumbnail","7":"category-instagram","8":"category-seguranca","9":"tag-canilgcm","10":"tag-cidadeazulnoticias","11":"tag-combateaotrafico","12":"tag-drogas","13":"tag-gam","14":"tag-gcm","15":"tag-guardacivilmunicipal","16":"tag-jardimpaulistaii","17":"tag-k9madona","18":"tag-policia","19":"tag-prisaoemflagrante","20":"tag-rioclaro","21":"tag-seguranca"},"_links":{"self":[{"href":"https:\/\/cidadeazulnoticias.com.br\/wp-json\/wp\/v2\/posts\/129745"}],"collection":[{"href":"https:\/\/cidadeazulnoticias.com.br\/wp-json\/wp\/v2\/posts"}],"about":[{"href":"https:\/\/cidadeazulnoticias.com.br\/wp-json\/wp\/v2\/types\/post"}],"author":[{"embeddable":true,"href":"https:\/\/cidadeazulnoticias.com.br\/wp-json\/wp\/v2\/users\/9"}],"replies":[{"embeddable":true,"href":"https:\/\/cidadeazulnoticias.com.br\/wp-json\/wp\/v2\/comments?post=129745"}],"version-history":[{"count":1,"href":"https:\/\/cidadeazulnoticias.com.br\/wp-json\/wp\/v2\/posts\/129745\/revisions"}],"predecessor-version":[{"id":129747,"href":"https:\/\/cidadeazulnoticias.com.br\/wp-json\/wp\/v2\/posts\/129745\/revisions\/129747"}],"wp:featuredmedia":[{"embeddable":true,"href":"https:\/\/cidadeazulnoticias.com.br\/wp-json\/wp\/v2\/media\/129746"}],"wp:attachment":[{"href":"https:\/\/cidadeazulnoticias.com.br\/wp-json\/wp\/v2\/media?parent=129745"}],"wp:term":[{"taxonomy":"category","embeddable":true,"href":"https:\/\/cidadeazulnoticias.com.br\/wp-json\/wp\/v2\/categories?post=129745"},{"taxonomy":"post_tag","embeddable":true,"href":"https:\/\/cidadeazulnoticias.com.br\/wp-json\/wp\/v2\/tags?post=129745"}],"curies":[{"name":"wp","href":"https:\/\/api.w.org\/{rel}","templated":true}]}},{"id":129743,"date":"2026-09-01T12:15:53","date_gmt":"2026-09-01T15:15:53","guid":{"rendered":"https:\/\/cidadeazulnoticias.com.br\/?p=129743"},"modified":"2026-09-01T12:15:53","modified_gmt":"2026-09-01T15:15:53","slug":"professores-e-associados-do-cpp-sao-convidados-a-participar-da-eleicao-do-conselho-superior","status":"publish","type":"post","link":"https:\/\/cidadeazulnoticias.com.br\/professores-e-associados-do-cpp-sao-convidados-a-participar-da-eleicao-do-conselho-superior\/","title":{"rendered":"Professores e associados do CPP s\u00e3o convidados a participar da elei\u00e7\u00e3o do Conselho Superior"},"content":{"rendered":"<h2><em>Vota\u00e7\u00e3o acontece nesta quarta-feira, 2 de setembro, das 8h \u00e0s 17h, na sede regional do Centro do Professorado Paulista, em Rio Claro.<\/em><\/h2>\n<p>Os associados do Centro do Professorado Paulista (CPP) t\u00eam um importante compromisso nesta quarta-feira, 2 de setembro: a elei\u00e7\u00e3o dos representantes que ir\u00e3o compor o Conselho Superior do CPP para o mandato 2026\/2031.<\/p>\n<p>Em Rio Claro, a vota\u00e7\u00e3o ser\u00e1 realizada das 8h \u00e0s 17h, na sede regional da entidade, localizada na Rua 16 BE, n\u00ba 441, bairro Est\u00e1dio. A dire\u00e7\u00e3o regional convida professores e demais associados a participarem do processo eleitoral, exercerem seu direito de voto e aproveitarem tamb\u00e9m para tomar um caf\u00e9 e confraternizar com os colegas.<\/p>\n<p>A elei\u00e7\u00e3o acontece simultaneamente em diferentes unidades do CPP no Estado de S\u00e3o Paulo. Ao todo, o Conselho Superior ser\u00e1 formado por 200 membros, escolhidos por vota\u00e7\u00e3o direta e secreta dos associados, para um mandato de cinco anos.<\/p>\n<h3>Regi\u00e3o de Rio Claro tem candidatos na disputa<\/h3>\n<p>A participa\u00e7\u00e3o regional ganha destaque nesta elei\u00e7\u00e3o. Entre os candidatos de todo o Estado, a regi\u00e3o apresenta nomes que colocam representantes locais na disputa por uma cadeira no Conselho Superior.<\/p>\n<p>Os candidatos relacionados s\u00e3o:<\/p>\n<p>Adilson Tavares<br \/>\nArlete Mariuza Mathias<br \/>\nEdilene Fahl<br \/>\nJesiel Eliezer Zerbo<br \/>\nLucia Regina L. Figueiredo<br \/>\nMaria Tereza Mendon\u00e7a<br \/>\nJos\u00e9 Roberto Varussa<br \/>\nMoacir Jo\u00e3o Rossini<br \/>\nRosemari Viscaino<br \/>\nSidnei Barrocas<br \/>\nSebasti\u00e3o M. dos Santos<\/p>\n<p>A elei\u00e7\u00e3o \u00e9 uma oportunidade para que os associados participem diretamente da escolha daqueles que ir\u00e3o represent\u00e1-los na estrutura de decis\u00f5es do CPP durante os pr\u00f3ximos cinco anos.<\/p>\n<h4>Participa\u00e7\u00e3o fortalece a representa\u00e7\u00e3o<\/h4>\n<p>O diretor regional do CPP de Rio Claro, Moacir Jo\u00e3o Rossini, refor\u00e7a o convite para que os associados compare\u00e7am \u00e0 sede regional e participem da elei\u00e7\u00e3o.<\/p>\n<p>Mais do que colocar uma c\u00e9dula na urna, a vota\u00e7\u00e3o representa a oportunidade de contribuir para a escolha dos representantes que ter\u00e3o participa\u00e7\u00e3o nas decis\u00f5es da entidade.<\/p>\n<p>A expectativa \u00e9 de que professores e associados da regi\u00e3o compare\u00e7am ao local de vota\u00e7\u00e3o ao longo do dia. E, para receber os participantes, o CPP de Rio Claro prepara tamb\u00e9m aquele tradicional caf\u00e9 \u2014 porque discutir os caminhos da categoria com uma x\u00edcara na m\u00e3o fica ainda melhor.<\/p>\n<h5>Elei\u00e7\u00e3o acontece em todo o Estado<\/h5>\n<p>O processo eleitoral do Conselho Superior ser\u00e1 realizado nas unidades do CPP definidas pela Comiss\u00e3o Eleitoral, incluindo a Sede Central, subsedes da Capital e sedes regionais.<\/p>\n<p>Em Rio Claro, os associados devem comparecer \u00e0 sede regional munidos da documenta\u00e7\u00e3o necess\u00e1ria para a vota\u00e7\u00e3o e observar as orienta\u00e7\u00f5es da comiss\u00e3o eleitoral.<\/p>\n<p>A apura\u00e7\u00e3o dos votos est\u00e1 prevista para ocorrer entre 8 e 18 de setembro, na Sede Central do CPP. A proclama\u00e7\u00e3o dos eleitos est\u00e1 programada para 21 de setembro, enquanto a posse dos novos conselheiros dever\u00e1 ocorrer em 25 de setembro.<\/p>\n<h5>Servi\u00e7o<\/h5>\n<p>Elei\u00e7\u00e3o do Conselho Superior do CPP \u2013 Mandato 2026\/2031<\/p>\n<p>\ud83d\udcc5 Data: 2 de setembro de 2026<br \/>\n\u23f0 Hor\u00e1rio: das 8h \u00e0s 17h<br \/>\n\ud83d\udccd Local: CPP \u2013 Sede Regional de Rio Claro<br \/>\n\ud83d\udccc Endere\u00e7o: Rua 16 BE, n\u00ba 441 \u2013 Bairro Est\u00e1dio \u2013 Rio Claro\/SP<br \/>\n\u2615 A entidade convida os associados para participar da vota\u00e7\u00e3o e tomar um caf\u00e9 no local.<\/p>\n<p>Professores e associados: a participa\u00e7\u00e3o de cada voto ajuda a definir quem representar\u00e1 a categoria no Conselho Superior do CPP nos pr\u00f3ximos cinco anos.<\/p>\n","protected":false},"excerpt":{"rendered":"<p>Vota\u00e7\u00e3o acontece nesta quarta-feira, 2 de setembro, das 8h \u00e0s 17h, na sede regional do Centro do Professorado Paulista, em Rio Claro. Os associados do Centro do Professorado Paulista (CPP) t\u00eam um importante compromisso nesta quarta-feira, 2 de setembro: a elei\u00e7\u00e3o dos representantes que ir\u00e3o compor o Conselho Superior do CPP para o mandato 2026\/2031. [&hellip;]<\/p>\n","protected":false},"author":9,"featured_media":113175,"comment_status":"closed","ping_status":"closed","sticky":false,"template":"","format":"standard","meta":{"footnotes":""},"categories":[1,187],"tags":[],"class_list":{"0":"post-129743","1":"post","2":"type-post","3":"status-publish","4":"format-standard","5":"has-post-thumbnail","7":"category-instagram","8":"category-rio-claro"},"_links":{"self":[{"href":"https:\/\/cidadeazulnoticias.com.br\/wp-json\/wp\/v2\/posts\/129743"}],"collection":[{"href":"https:\/\/cidadeazulnoticias.com.br\/wp-json\/wp\/v2\/posts"}],"about":[{"href":"https:\/\/cidadeazulnoticias.com.br\/wp-json\/wp\/v2\/types\/post"}],"author":[{"embeddable":true,"href":"https:\/\/cidadeazulnoticias.com.br\/wp-json\/wp\/v2\/users\/9"}],"replies":[{"embeddable":true,"href":"https:\/\/cidadeazulnoticias.com.br\/wp-json\/wp\/v2\/comments?post=129743"}],"version-history":[{"count":1,"href":"https:\/\/cidadeazulnoticias.com.br\/wp-json\/wp\/v2\/posts\/129743\/revisions"}],"predecessor-version":[{"id":129744,"href":"https:\/\/cidadeazulnoticias.com.br\/wp-json\/wp\/v2\/posts\/129743\/revisions\/129744"}],"wp:featuredmedia":[{"embeddable":true,"href":"https:\/\/cidadeazulnoticias.com.br\/wp-json\/wp\/v2\/media\/113175"}],"wp:attachment":[{"href":"https:\/\/cidadeazulnoticias.com.br\/wp-json\/wp\/v2\/media?parent=129743"}],"wp:term":[{"taxonomy":"category","embeddable":true,"href":"https:\/\/cidadeazulnoticias.com.br\/wp-json\/wp\/v2\/categories?post=129743"},{"taxonomy":"post_tag","embeddable":true,"href":"https:\/\/cidadeazulnoticias.com.br\/wp-json\/wp\/v2\/tags?post=129743"}],"curies":[{"name":"wp","href":"https:\/\/api.w.org\/{rel}","templated":true}]}},{"id":129741,"date":"2026-09-01T11:38:49","date_gmt":"2026-09-01T14:38:49","guid":{"rendered":"https:\/\/cidadeazulnoticias.com.br\/?p=129741"},"modified":"2026-09-01T11:38:49","modified_gmt":"2026-09-01T14:38:49","slug":"patrulhamento-termina-em-encontro-com-a-justica-em-santa-gertrudes","status":"publish","type":"post","link":"https:\/\/cidadeazulnoticias.com.br\/patrulhamento-termina-em-encontro-com-a-justica-em-santa-gertrudes\/","title":{"rendered":"Patrulhamento termina em \u201cencontro\u201d com a Justi\u00e7a em Santa Gertrudes"},"content":{"rendered":"<h2><em>Homem abordado pela Pol\u00edcia Militar no Residencial Iporanga era procurado por d\u00edvida de alimentos superior a R$ 12 mil<\/em><\/h2>\n<p>O que parecia ser apenas mais uma ocorr\u00eancia de perturba\u00e7\u00e3o em via p\u00fablica acabou levando a Pol\u00edcia Militar a descobrir que havia uma pend\u00eancia bem mais s\u00e9ria esperando por um homem abordado na tarde de segunda-feira (31), no Residencial Iporanga, em Santa Gertrudes.<\/p>\n<p>Durante patrulhamento pela regi\u00e3o, os policiais visualizaram um indiv\u00edduo que aparentava estar embriagado e estaria perturbando pedestres. Diante da situa\u00e7\u00e3o, os militares realizaram a abordagem. Na revista, nada de il\u00edcito foi encontrado.<\/p>\n<p>Mas a consulta aos sistemas policiais revelou aquilo que a abordagem inicial n\u00e3o mostrava: havia um mandado de pris\u00e3o em aberto contra o homem.<\/p>\n<p>E, neste caso, a pend\u00eancia n\u00e3o era pequena.<\/p>\n<p>Segundo o registro policial, tratava-se de um mandado de pris\u00e3o civil decorrente de d\u00edvida de alimentos, com determina\u00e7\u00e3o de pris\u00e3o pelo prazo de 30 dias a partir da captura. O d\u00e9bito informado no documento era de R$ 12.232,05, valor atualizado em novembro de 2025.<\/p>\n<p>Ou seja: o patrulhamento come\u00e7ou com uma situa\u00e7\u00e3o aparentemente corriqueira e terminou com o abordado fazendo uma parada nada desejada na Delegacia de Pol\u00edcia.<\/p>\n<p>Da rua para a delegacia<\/p>\n<p>O homem foi conduzido \u00e0 Delegacia de Pol\u00edcia de Santa Gertrudes, onde permaneceu preso \u00e0 disposi\u00e7\u00e3o da Justi\u00e7a.<\/p>\n<p>De acordo com o hist\u00f3rico mencionado no documento, tamb\u00e9m havia registros relacionados a les\u00e3o corporal e embriaguez ao volante.<\/p>\n<p>O registro ainda faz refer\u00eancia ao artigo 69 do C\u00f3digo Penal, que trata do concurso material de crimes \u2014 situa\u00e7\u00e3o em que, presentes os requisitos legais, as penas correspondentes aos crimes podem ser aplicadas cumulativamente. O dispositivo, por si s\u00f3, n\u00e3o representa um crime espec\u00edfico.<\/p>\n<p>No fim das contas, a ocorr\u00eancia deixa uma velha li\u00e7\u00e3o das ruas: \u00e0s vezes, a pessoa pode at\u00e9 n\u00e3o estar carregando nada de il\u00edcito no bolso, mas a consulta aos sistemas pode revelar que a Justi\u00e7a est\u00e1 procurando por ela h\u00e1 algum tempo.<\/p>\n<p>E, em Santa Gertrudes, naquela tarde, o patrulhamento fez justamente esse trabalho: encontrou quem a Justi\u00e7a estava procurando.<\/p>\n<p>&nbsp;<\/p>\n","protected":false},"excerpt":{"rendered":"<p>Homem abordado pela Pol\u00edcia Militar no Residencial Iporanga era procurado por d\u00edvida de alimentos superior a R$ 12 mil O que parecia ser apenas mais uma ocorr\u00eancia de perturba\u00e7\u00e3o em via p\u00fablica acabou levando a Pol\u00edcia Militar a descobrir que havia uma pend\u00eancia bem mais s\u00e9ria esperando por um homem abordado na tarde de segunda-feira [&hellip;]<\/p>\n","protected":false},"author":9,"featured_media":115115,"comment_status":"closed","ping_status":"closed","sticky":false,"template":"","format":"standard","meta":{"footnotes":""},"categories":[1,2],"tags":[10472,14359,11712,11775,9128,8917,12647,14358,10263,8921],"class_list":{"0":"post-129741","1":"post","2":"type-post","3":"status-publish","4":"format-standard","5":"has-post-thumbnail","7":"category-instagram","8":"category-seguranca","9":"tag-cidadeazulnoticias","10":"tag-dividadealimentos","11":"tag-mandadodeprisao","12":"tag-ocorrenciapolicial","13":"tag-policia","14":"tag-policiamilitar","15":"tag-procuradopelajustica","16":"tag-residencialiporanga","17":"tag-santagertrudes","18":"tag-segurancapublica"},"_links":{"self":[{"href":"https:\/\/cidadeazulnoticias.com.br\/wp-json\/wp\/v2\/posts\/129741"}],"collection":[{"href":"https:\/\/cidadeazulnoticias.com.br\/wp-json\/wp\/v2\/posts"}],"about":[{"href":"https:\/\/cidadeazulnoticias.com.br\/wp-json\/wp\/v2\/types\/post"}],"author":[{"embeddable":true,"href":"https:\/\/cidadeazulnoticias.com.br\/wp-json\/wp\/v2\/users\/9"}],"replies":[{"embeddable":true,"href":"https:\/\/cidadeazulnoticias.com.br\/wp-json\/wp\/v2\/comments?post=129741"}],"version-history":[{"count":1,"href":"https:\/\/cidadeazulnoticias.com.br\/wp-json\/wp\/v2\/posts\/129741\/revisions"}],"predecessor-version":[{"id":129742,"href":"https:\/\/cidadeazulnoticias.com.br\/wp-json\/wp\/v2\/posts\/129741\/revisions\/129742"}],"wp:featuredmedia":[{"embeddable":true,"href":"https:\/\/cidadeazulnoticias.com.br\/wp-json\/wp\/v2\/media\/115115"}],"wp:attachment":[{"href":"https:\/\/cidadeazulnoticias.com.br\/wp-json\/wp\/v2\/media?parent=129741"}],"wp:term":[{"taxonomy":"category","embeddable":true,"href":"https:\/\/cidadeazulnoticias.com.br\/wp-json\/wp\/v2\/categories?post=129741"},{"taxonomy":"post_tag","embeddable":true,"href":"https:\/\/cidadeazulnoticias.com.br\/wp-json\/wp\/v2\/tags?post=129741"}],"curies":[{"name":"wp","href":"https:\/\/api.w.org\/{rel}","templated":true}]}},{"id":129738,"date":"2026-09-01T11:31:57","date_gmt":"2026-09-01T14:31:57","guid":{"rendered":"https:\/\/cidadeazulnoticias.com.br\/?p=129738"},"modified":"2026-09-01T11:31:57","modified_gmt":"2026-09-01T14:31:57","slug":"farol-apagado-cnh-ausente-e-uma-tentativa-de-fuga-que-nao-deu-certo-no-diario-ville-em-rio-claro","status":"publish","type":"post","link":"https:\/\/cidadeazulnoticias.com.br\/farol-apagado-cnh-ausente-e-uma-tentativa-de-fuga-que-nao-deu-certo-no-diario-ville-em-rio-claro\/","title":{"rendered":"Farol apagado, CNH ausente e uma tentativa de fuga que n\u00e3o deu certo no Di\u00e1rio Ville em Rio Claro"},"content":{"rendered":"<h2><em>Condutor de 19 anos tentou escapar de abordagem da GCM, mas acabou parado e teve motocicleta apreendida por irregularidades.<\/em><\/h2>\n<p>Uma tentativa de evitar uma abordagem da Guarda Civil Municipal terminou com a motocicleta apreendida na noite do \u00faltimo domingo (30), no bairro Di\u00e1rio Ville, em Rio Claro.<\/p>\n<p>Por volta das 19h30, agentes realizavam patrulhamento preventivo pela regi\u00e3o quando avistaram uma Suzuki Yes 125 circulando com o farol apagado. At\u00e9 a\u00ed, j\u00e1 havia um motivo para a abordagem. O problema \u00e9 que, ao perceber a aproxima\u00e7\u00e3o da viatura, o condutor, de 19 anos, decidiu acelerar e ignorar a ordem de parada.<\/p>\n<p>A fuga, por\u00e9m, foi curta. Os agentes realizaram o acompanhamento e conseguiram abordar o motociclista. Na revista pessoal, nada de il\u00edcito foi encontrado.<\/p>\n<p>Mas, se o rapaz esperava que a hist\u00f3ria terminasse ali, o tr\u00e2nsito tinha outros planos. Durante a fiscaliza\u00e7\u00e3o, foi constatado que ele n\u00e3o possu\u00eda Carteira Nacional de Habilita\u00e7\u00e3o (CNH) e que a documenta\u00e7\u00e3o da motocicleta estava em atraso.<\/p>\n<p>Diante das irregularidades constatadas, foram adotadas as medidas administrativas previstas pelo C\u00f3digo de Tr\u00e2nsito Brasileiro (CTB), e a motocicleta acabou apreendida.<\/p>\n<p>O condutor foi liberado no local ap\u00f3s os procedimentos.<\/p>\n<p>No fim das contas, a tentativa de ganhar alguns metros acabou rendendo uma parada obrigat\u00f3ria e uma motocicleta fora de circula\u00e7\u00e3o. No tr\u00e2nsito, como diz o velho ditado que ningu\u00e9m escreveu, mas todo mundo conhece: quando a viatura manda parar, acelerar raramente melhora o roteiro.<\/p>\n","protected":false},"excerpt":{"rendered":"<p>Condutor de 19 anos tentou escapar de abordagem da GCM, mas acabou parado e teve motocicleta apreendida por irregularidades. Uma tentativa de evitar uma abordagem da Guarda Civil Municipal terminou com a motocicleta apreendida na noite do \u00faltimo domingo (30), no bairro Di\u00e1rio Ville, em Rio Claro. Por volta das 19h30, agentes realizavam patrulhamento preventivo [&hellip;]<\/p>\n","protected":false},"author":9,"featured_media":129739,"comment_status":"closed","ping_status":"closed","sticky":false,"template":"","format":"standard","meta":{"footnotes":""},"categories":[1,2],"tags":[],"class_list":{"0":"post-129738","1":"post","2":"type-post","3":"status-publish","4":"format-standard","5":"has-post-thumbnail","7":"category-instagram","8":"category-seguranca"},"_links":{"self":[{"href":"https:\/\/cidadeazulnoticias.com.br\/wp-json\/wp\/v2\/posts\/129738"}],"collection":[{"href":"https:\/\/cidadeazulnoticias.com.br\/wp-json\/wp\/v2\/posts"}],"about":[{"href":"https:\/\/cidadeazulnoticias.com.br\/wp-json\/wp\/v2\/types\/post"}],"author":[{"embeddable":true,"href":"https:\/\/cidadeazulnoticias.com.br\/wp-json\/wp\/v2\/users\/9"}],"replies":[{"embeddable":true,"href":"https:\/\/cidadeazulnoticias.com.br\/wp-json\/wp\/v2\/comments?post=129738"}],"version-history":[{"count":1,"href":"https:\/\/cidadeazulnoticias.com.br\/wp-json\/wp\/v2\/posts\/129738\/revisions"}],"predecessor-version":[{"id":129740,"href":"https:\/\/cidadeazulnoticias.com.br\/wp-json\/wp\/v2\/posts\/129738\/revisions\/129740"}],"wp:featuredmedia":[{"embeddable":true,"href":"https:\/\/cidadeazulnoticias.com.br\/wp-json\/wp\/v2\/media\/129739"}],"wp:attachment":[{"href":"https:\/\/cidadeazulnoticias.com.br\/wp-json\/wp\/v2\/media?parent=129738"}],"wp:term":[{"taxonomy":"category","embeddable":true,"href":"https:\/\/cidadeazulnoticias.com.br\/wp-json\/wp\/v2\/categories?post=129738"},{"taxonomy":"post_tag","embeddable":true,"href":"https:\/\/cidadeazulnoticias.com.br\/wp-json\/wp\/v2\/tags?post=129738"}],"curies":[{"name":"wp","href":"https:\/\/api.w.org\/{rel}","templated":true}]}},{"id":129734,"date":"2026-09-01T09:06:18","date_gmt":"2026-09-01T12:06:18","guid":{"rendered":"https:\/\/cidadeazulnoticias.com.br\/?p=129734"},"modified":"2026-09-01T09:06:18","modified_gmt":"2026-09-01T12:06:18","slug":"moto-furtada-e-recuperada-durante-patrulhamento-no-centro-de-rio-claro","status":"publish","type":"post","link":"https:\/\/cidadeazulnoticias.com.br\/moto-furtada-e-recuperada-durante-patrulhamento-no-centro-de-rio-claro\/","title":{"rendered":"Moto furtada \u00e9 recuperada durante patrulhamento no Centro de Rio Claro"},"content":{"rendered":"<h2><em>Passeio pela Avenida 26 terminou com abordagem da Guarda Civil; motocicleta tinha registro de furto e apresentava sinais de adultera\u00e7\u00e3o no chassi<\/em><\/h2>\n<p>A noite de domingo (30) parecia seguir tranquila na regi\u00e3o central de Rio Claro, at\u00e9 que uma motocicleta Honda CG Fan, ano 2006, de cor preta, chamou a aten\u00e7\u00e3o da Guarda Civil. E, como diz o velho ditado policial, quando a equipe est\u00e1 atenta, a consulta ao emplacamento pode revelar hist\u00f3rias que o tr\u00e2nsito n\u00e3o conta.<\/p>\n<p>Por volta das 23h56, a viatura 015 realizava patrulhamento pela regi\u00e3o central quando avistou a motocicleta transitando pela Avenida 26. Os agentes fizeram a pesquisa da placa e descobriram que o ve\u00edculo possu\u00eda registro de furto.<\/p>\n<p>A abordagem foi realizada e o condutor, de 18 anos, passou pela averigua\u00e7\u00e3o. Durante a fiscaliza\u00e7\u00e3o, os guardas constataram outro detalhe nada discreto: o chassi da motocicleta apresentava sinais de adultera\u00e7\u00e3o.<\/p>\n<p>Como se n\u00e3o bastasse, tamb\u00e9m foi verificado que o jovem n\u00e3o possu\u00eda habilita\u00e7\u00e3o para conduzir ve\u00edculo automotor.<\/p>\n<p>Diante da situa\u00e7\u00e3o, o condutor e a motocicleta foram encaminhados ao Plant\u00e3o Policial, onde a Pol\u00edcia Civil elaborou o Boletim de Ocorr\u00eancia (BOPC) de natureza furto.<\/p>\n<p>O jovem foi ouvido pela autoridade policial e liberado posteriormente. J\u00e1 a motocicleta, essa n\u00e3o teve a mesma sorte: permaneceu apreendida, ficando \u00e0 disposi\u00e7\u00e3o das provid\u00eancias cab\u00edveis.<\/p>\n<p>No fim das contas, a motocicleta que circulava pela regi\u00e3o central acabou fazendo uma parada bem diferente daquela que o condutor provavelmente imaginava. A consulta da Guarda Civil transformou uma simples abordagem de rotina na recupera\u00e7\u00e3o de um ve\u00edculo com registro de furto.<\/p>\n<p>&nbsp;<\/p>\n<p>&nbsp;<\/p>\n","protected":false},"excerpt":{"rendered":"<p>Passeio pela Avenida 26 terminou com abordagem da Guarda Civil; motocicleta tinha registro de furto e apresentava sinais de adultera\u00e7\u00e3o no chassi A noite de domingo (30) parecia seguir tranquila na regi\u00e3o central de Rio Claro, at\u00e9 que uma motocicleta Honda CG Fan, ano 2006, de cor preta, chamou a aten\u00e7\u00e3o da Guarda Civil. E, [&hellip;]<\/p>\n","protected":false},"author":9,"featured_media":129735,"comment_status":"closed","ping_status":"closed","sticky":false,"template":"","format":"standard","meta":{"footnotes":""},"categories":[1,2],"tags":[14357,11319,9923,9898,12045,14128,11775,11459,9128,10484,8919,8921],"class_list":{"0":"post-129734","1":"post","2":"type-post","3":"status-publish","4":"format-standard","5":"has-post-thumbnail","7":"category-instagram","8":"category-seguranca","9":"tag-avenida26","10":"tag-cidadeazul","11":"tag-furto","12":"tag-guardacivil","13":"tag-motocicletafurtada","14":"tag-motorecuperada","15":"tag-ocorrenciapolicial","16":"tag-plantaopolicial","17":"tag-policia","18":"tag-policiacivil","19":"tag-rioclaro","20":"tag-segurancapublica"},"_links":{"self":[{"href":"https:\/\/cidadeazulnoticias.com.br\/wp-json\/wp\/v2\/posts\/129734"}],"collection":[{"href":"https:\/\/cidadeazulnoticias.com.br\/wp-json\/wp\/v2\/posts"}],"about":[{"href":"https:\/\/cidadeazulnoticias.com.br\/wp-json\/wp\/v2\/types\/post"}],"author":[{"embeddable":true,"href":"https:\/\/cidadeazulnoticias.com.br\/wp-json\/wp\/v2\/users\/9"}],"replies":[{"embeddable":true,"href":"https:\/\/cidadeazulnoticias.com.br\/wp-json\/wp\/v2\/comments?post=129734"}],"version-history":[{"count":1,"href":"https:\/\/cidadeazulnoticias.com.br\/wp-json\/wp\/v2\/posts\/129734\/revisions"}],"predecessor-version":[{"id":129736,"href":"https:\/\/cidadeazulnoticias.com.br\/wp-json\/wp\/v2\/posts\/129734\/revisions\/129736"}],"wp:featuredmedia":[{"embeddable":true,"href":"https:\/\/cidadeazulnoticias.com.br\/wp-json\/wp\/v2\/media\/129735"}],"wp:attachment":[{"href":"https:\/\/cidadeazulnoticias.com.br\/wp-json\/wp\/v2\/media?parent=129734"}],"wp:term":[{"taxonomy":"category","embeddable":true,"href":"https:\/\/cidadeazulnoticias.com.br\/wp-json\/wp\/v2\/categories?post=129734"},{"taxonomy":"post_tag","embeddable":true,"href":"https:\/\/cidadeazulnoticias.com.br\/wp-json\/wp\/v2\/tags?post=129734"}],"curies":[{"name":"wp","href":"https:\/\/api.w.org\/{rel}","templated":true}]}},{"id":129732,"date":"2026-09-01T08:59:33","date_gmt":"2026-09-01T11:59:33","guid":{"rendered":"https:\/\/cidadeazulnoticias.com.br\/?p=129732"},"modified":"2026-09-01T08:59:33","modified_gmt":"2026-09-01T11:59:33","slug":"jardim-progresso-2-recebe-sessao-de-cinema-ao-ar-livre-nesse-sabado","status":"publish","type":"post","link":"https:\/\/cidadeazulnoticias.com.br\/jardim-progresso-2-recebe-sessao-de-cinema-ao-ar-livre-nesse-sabado\/","title":{"rendered":"Jardim Progresso 2 recebe sess\u00e3o de cinema ao ar livre nesse s\u00e1bado"},"content":{"rendered":"<h2><em>Anima\u00e7\u00e3o \u201cComo M\u00e1gica\u201d ser\u00e1 exibida \u00e0s 19 horas no campo de futebol do bairro.<\/em><\/h2>\n<p>Mais uma edi\u00e7\u00e3o do Cine ao Luar ser\u00e1 realizada neste s\u00e1bado (5) a partir das 19 horas. A sess\u00e3o, no jardim Progresso 2, n\u00e3o ter\u00e1 cobran\u00e7a de ingresso. Toda a comunidade do distrito poder\u00e1 curtir a exibi\u00e7\u00e3o de Como M\u00e1gica, sucesso lan\u00e7ado neste ano.<\/p>\n<p>O filme, exibido pela Netflix, \u00e9 divers\u00e3o garantida para toda a fam\u00edlia. Haver\u00e1 distribui\u00e7\u00e3o de pipoca. A sess\u00e3o ser\u00e1 realizada no campo de futebol do Jardim Progresso 2, na Avenida 2, 1835.<\/p>\n<p>O Cine ao Luar \u00e9 uma iniciativa da prefeitura de Rio Claro, por meio da Secretaria de Cultura, com objetivo de promover momentos de lazer e divers\u00e3o nos bairros e distritos, ampliando o acesso da comunidade a filmes de sucesso.<\/p>\n<p>Como M\u00e1gica \u00e9 uma fantasia e com\u00e9dia em anima\u00e7\u00e3o sobre um incidente entre uma ave e uma criatura pequena que trocam de corpos. Esses inimigos naturais ter\u00e3o que unir-se pela sobreviv\u00eancia em meio \u00e0 terra selvagem e cheia de magia.<\/p>\n<p>O Cine ao Luar tem parceria com Gira Mundo Divers\u00f5es. A agenda pode ser alterada em caso de chuva.<\/p>\n","protected":false},"excerpt":{"rendered":"<p>Anima\u00e7\u00e3o \u201cComo M\u00e1gica\u201d ser\u00e1 exibida \u00e0s 19 horas no campo de futebol do bairro. Mais uma edi\u00e7\u00e3o do Cine ao Luar ser\u00e1 realizada neste s\u00e1bado (5) a partir das 19 horas. A sess\u00e3o, no jardim Progresso 2, n\u00e3o ter\u00e1 cobran\u00e7a de ingresso. Toda a comunidade do distrito poder\u00e1 curtir a exibi\u00e7\u00e3o de Como M\u00e1gica, sucesso [&hellip;]<\/p>\n","protected":false},"author":9,"featured_media":71967,"comment_status":"closed","ping_status":"closed","sticky":false,"template":"","format":"standard","meta":{"footnotes":""},"categories":[1,187],"tags":[],"class_list":{"0":"post-129732","1":"post","2":"type-post","3":"status-publish","4":"format-standard","5":"has-post-thumbnail","7":"category-instagram","8":"category-rio-claro"},"_links":{"self":[{"href":"https:\/\/cidadeazulnoticias.com.br\/wp-json\/wp\/v2\/posts\/129732"}],"collection":[{"href":"https:\/\/cidadeazulnoticias.com.br\/wp-json\/wp\/v2\/posts"}],"about":[{"href":"https:\/\/cidadeazulnoticias.com.br\/wp-json\/wp\/v2\/types\/post"}],"author":[{"embeddable":true,"href":"https:\/\/cidadeazulnoticias.com.br\/wp-json\/wp\/v2\/users\/9"}],"replies":[{"embeddable":true,"href":"https:\/\/cidadeazulnoticias.com.br\/wp-json\/wp\/v2\/comments?post=129732"}],"version-history":[{"count":1,"href":"https:\/\/cidadeazulnoticias.com.br\/wp-json\/wp\/v2\/posts\/129732\/revisions"}],"predecessor-version":[{"id":129733,"href":"https:\/\/cidadeazulnoticias.com.br\/wp-json\/wp\/v2\/posts\/129732\/revisions\/129733"}],"wp:featuredmedia":[{"embeddable":true,"href":"https:\/\/cidadeazulnoticias.com.br\/wp-json\/wp\/v2\/media\/71967"}],"wp:attachment":[{"href":"https:\/\/cidadeazulnoticias.com.br\/wp-json\/wp\/v2\/media?parent=129732"}],"wp:term":[{"taxonomy":"category","embeddable":true,"href":"https:\/\/cidadeazulnoticias.com.br\/wp-json\/wp\/v2\/categories?post=129732"},{"taxonomy":"post_tag","embeddable":true,"href":"https:\/\/cidadeazulnoticias.com.br\/wp-json\/wp\/v2\/tags?post=129732"}],"curies":[{"name":"wp","href":"https:\/\/api.w.org\/{rel}","templated":true}]}},{"id":129730,"date":"2026-09-01T08:36:29","date_gmt":"2026-09-01T11:36:29","guid":{"rendered":"https:\/\/cidadeazulnoticias.com.br\/?p=129730"},"modified":"2026-09-01T08:36:29","modified_gmt":"2026-09-01T11:36:29","slug":"defesa-civil-do-estado-alerta-para-temporais-e-chuva-persistente-na-primeira-semana-de-setembro-em-sp","status":"publish","type":"post","link":"https:\/\/cidadeazulnoticias.com.br\/defesa-civil-do-estado-alerta-para-temporais-e-chuva-persistente-na-primeira-semana-de-setembro-em-sp\/","title":{"rendered":"Defesa Civil do Estado alerta para temporais e chuva persistente na primeira semana de setembro em SP"},"content":{"rendered":"<h2><em>Frente fria avan\u00e7a pelo territ\u00f3rio paulista nesta ter\u00e7a-feira (1\u00ba), com previs\u00e3o de ventos acima de 75 km\/h, granizo e queda de temperatura.<\/em><\/h2>\n<p>Ap\u00f3s as chuvas registradas em diferentes regi\u00f5es do estado de S\u00e3o Paulo durante o fim de semana, a primeira semana de setembro come\u00e7a com a passagem de uma frente fria e a persist\u00eancia das precipita\u00e7\u00f5es. Entre esta segunda-feira (31) e ter\u00e7a-feira (1\u00ba), o avan\u00e7o do sistema deve provocar temporais em diferentes \u00e1reas do territ\u00f3rio paulista, com possibilidade de chuva forte, descargas el\u00e9tricas, granizo e rajadas de vento que podem superar os 75 km\/h.<\/p>\n<p>A condi\u00e7\u00e3o meteorol\u00f3gica exige aten\u00e7\u00e3o especial na regi\u00e3o metropolitana da capital, Baixada Santista, litoral norte, Vale do Ribeira, Vale do Para\u00edba, Serra da Mantiqueira e nas regi\u00f5es de Itapeva, Registro, Sorocaba, Campinas, Ribeir\u00e3o Preto, Barretos, Franca e Presidente Prudente, onde h\u00e1 maior potencial para ventos intensos.<\/p>\n<p>Nas demais \u00e1reas do estado, tamb\u00e9m s\u00e3o esperadas rajadas expressivas associadas \u00e0 passagem da frente fria e \u00e0 forma\u00e7\u00e3o de tempestades.<\/p>\n<p>Os ventos fortes podem provocar queda de \u00e1rvores, destelhamentos, interrup\u00e7\u00f5es no fornecimento de energia el\u00e9trica, danos em estruturas vulner\u00e1veis e impactos na mobilidade urbana e nas opera\u00e7\u00f5es portu\u00e1rias. Nas regi\u00f5es que j\u00e1 registraram ocorr\u00eancias no fim de semana, a previs\u00e3o de novos epis\u00f3dios de chuva e vento refor\u00e7a o alerta para o agravamento dos impactos.<\/p>\n<p>Al\u00e9m das chuvas e dos ventos, a passagem da frente fria provocar\u00e1 queda nas temperaturas em todo o Estado, marcando uma mudan\u00e7a significativa no cen\u00e1rio meteorol\u00f3gico ap\u00f3s o per\u00edodo de temperaturas mais elevadas.<\/p>\n<p>A popula\u00e7\u00e3o deve acompanhar os alertas meteorol\u00f3gicos e adotar medidas preventivas durante a ocorr\u00eancia de tempestades.<\/p>\n<p>Durante as rajadas, \u00e9 importante permanecer em local seguro, longe de \u00e1rvores, postes, estruturas met\u00e1licas e coberturas fr\u00e1geis, al\u00e9m de retirar objetos que possam ser arremessados pelo vento.<\/p>\n<p>Em caso de chuva intensa, motoristas devem reduzir a velocidade e redobrar a aten\u00e7\u00e3o, especialmente nas rodovias.<\/p>\n<p>A Defesa Civil do Estado segue monitorando as condi\u00e7\u00f5es meteorol\u00f3gicas e os poss\u00edveis impactos associados \u00e0 passagem da frente fria e \u00e0 persist\u00eancia das chuvas em todo o territ\u00f3rio paulista.<\/p>\n<p>Em caso de inc\u00eandio ou situa\u00e7\u00e3o de emerg\u00eancia, acione o Corpo de Bombeiros pelo telefone 193 ou a Defesa Civil pelo 199.<\/p>\n<p>Para receber alertas gratuitos da Defesa Civil por SMS, cadastre o CEP de interesse enviando uma mensagem de texto para o n\u00famero 40199.<\/p>\n","protected":false},"excerpt":{"rendered":"<p>Frente fria avan\u00e7a pelo territ\u00f3rio paulista nesta ter\u00e7a-feira (1\u00ba), com previs\u00e3o de ventos acima de 75 km\/h, granizo e queda de temperatura. Ap\u00f3s as chuvas registradas em diferentes regi\u00f5es do estado de S\u00e3o Paulo durante o fim de semana, a primeira semana de setembro come\u00e7a com a passagem de uma frente fria e a persist\u00eancia [&hellip;]<\/p>\n","protected":false},"author":9,"featured_media":107867,"comment_status":"closed","ping_status":"closed","sticky":false,"template":"","format":"standard","meta":{"footnotes":""},"categories":[1,28],"tags":[],"class_list":{"0":"post-129730","1":"post","2":"type-post","3":"status-publish","4":"format-standard","5":"has-post-thumbnail","7":"category-instagram","8":"category-noticias"},"_links":{"self":[{"href":"https:\/\/cidadeazulnoticias.com.br\/wp-json\/wp\/v2\/posts\/129730"}],"collection":[{"href":"https:\/\/cidadeazulnoticias.com.br\/wp-json\/wp\/v2\/posts"}],"about":[{"href":"https:\/\/cidadeazulnoticias.com.br\/wp-json\/wp\/v2\/types\/post"}],"author":[{"embeddable":true,"href":"https:\/\/cidadeazulnoticias.com.br\/wp-json\/wp\/v2\/users\/9"}],"replies":[{"embeddable":true,"href":"https:\/\/cidadeazulnoticias.com.br\/wp-json\/wp\/v2\/comments?post=129730"}],"version-history":[{"count":1,"href":"https:\/\/cidadeazulnoticias.com.br\/wp-json\/wp\/v2\/posts\/129730\/revisions"}],"predecessor-version":[{"id":129731,"href":"https:\/\/cidadeazulnoticias.com.br\/wp-json\/wp\/v2\/posts\/129730\/revisions\/129731"}],"wp:featuredmedia":[{"embeddable":true,"href":"https:\/\/cidadeazulnoticias.com.br\/wp-json\/wp\/v2\/media\/107867"}],"wp:attachment":[{"href":"https:\/\/cidadeazulnoticias.com.br\/wp-json\/wp\/v2\/media?parent=129730"}],"wp:term":[{"taxonomy":"category","embeddable":true,"href":"https:\/\/cidadeazulnoticias.com.br\/wp-json\/wp\/v2\/categories?post=129730"},{"taxonomy":"post_tag","embeddable":true,"href":"https:\/\/cidadeazulnoticias.com.br\/wp-json\/wp\/v2\/tags?post=129730"}],"curies":[{"name":"wp","href":"https:\/\/api.w.org\/{rel}","templated":true}]}},{"id":129727,"date":"2026-08-31T18:55:09","date_gmt":"2026-08-31T21:55:09","guid":{"rendered":"https:\/\/cidadeazulnoticias.com.br\/?p=129727"},"modified":"2026-08-31T18:55:09","modified_gmt":"2026-08-31T21:55:09","slug":"idosos-de-rio-claro-visitam-a-expoflora","status":"publish","type":"post","link":"https:\/\/cidadeazulnoticias.com.br\/idosos-de-rio-claro-visitam-a-expoflora\/","title":{"rendered":"Idosos de Rio Claro visitam a Expoflora"},"content":{"rendered":"<h2><em>Visitas s\u00e3o organizadas pelo Fundo Social e Assessoria do Idoso.<\/em><\/h2>\n<p>At\u00e9 o pr\u00f3ximo dia 25 mais de 300 rio-clarenses dos grupos de terceira idade ir\u00e3o visitar a 43\u00b0 Expoflora, em Holambra, um dos mais tradicionais eventos de flores e plantas ornamentais do pa\u00eds.<\/p>\n<p>As viagens ser\u00e3o semanais e foram iniciadas nesta sexta-feira (28), conforme calend\u00e1rio organizado pelo Fundo Social de Solidariedade do Munic\u00edpio e Assessoria do Idoso.<\/p>\n<p>\u201cA iniciativa tem como objetivo proporcionar aos participantes um dia de lazer, cultura, integra\u00e7\u00e3o e novas experi\u00eancias, fortalecendo tamb\u00e9m os v\u00ednculos de conviv\u00eancia entre os integrantes dos grupos da melhor idade do munic\u00edpio\u201d, afirma Nat\u00e1lia Ramassotti, presidente do Fundo Social.<\/p>\n<p>Todos os idosos que participam dos grupos da terceira idade do munic\u00edpio foram convidados. As vagas foram disponibilizadas aos interessados e preenchidas conforme a ordem de inscri\u00e7\u00e3o, de acordo com a procura e a disponibilidade de cada viagem.<\/p>\n","protected":false},"excerpt":{"rendered":"<p>Visitas s\u00e3o organizadas pelo Fundo Social e Assessoria do Idoso. At\u00e9 o pr\u00f3ximo dia 25 mais de 300 rio-clarenses dos grupos de terceira idade ir\u00e3o visitar a 43\u00b0 Expoflora, em Holambra, um dos mais tradicionais eventos de flores e plantas ornamentais do pa\u00eds. As viagens ser\u00e3o semanais e foram iniciadas nesta sexta-feira (28), conforme calend\u00e1rio [&hellip;]<\/p>\n","protected":false},"author":9,"featured_media":129728,"comment_status":"closed","ping_status":"closed","sticky":false,"template":"","format":"standard","meta":{"footnotes":""},"categories":[1,187],"tags":[],"class_list":{"0":"post-129727","1":"post","2":"type-post","3":"status-publish","4":"format-standard","5":"has-post-thumbnail","7":"category-instagram","8":"category-rio-claro"},"_links":{"self":[{"href":"https:\/\/cidadeazulnoticias.com.br\/wp-json\/wp\/v2\/posts\/129727"}],"collection":[{"href":"https:\/\/cidadeazulnoticias.com.br\/wp-json\/wp\/v2\/posts"}],"about":[{"href":"https:\/\/cidadeazulnoticias.com.br\/wp-json\/wp\/v2\/types\/post"}],"author":[{"embeddable":true,"href":"https:\/\/cidadeazulnoticias.com.br\/wp-json\/wp\/v2\/users\/9"}],"replies":[{"embeddable":true,"href":"https:\/\/cidadeazulnoticias.com.br\/wp-json\/wp\/v2\/comments?post=129727"}],"version-history":[{"count":1,"href":"https:\/\/cidadeazulnoticias.com.br\/wp-json\/wp\/v2\/posts\/129727\/revisions"}],"predecessor-version":[{"id":129729,"href":"https:\/\/cidadeazulnoticias.com.br\/wp-json\/wp\/v2\/posts\/129727\/revisions\/129729"}],"wp:featuredmedia":[{"embeddable":true,"href":"https:\/\/cidadeazulnoticias.com.br\/wp-json\/wp\/v2\/media\/129728"}],"wp:attachment":[{"href":"https:\/\/cidadeazulnoticias.com.br\/wp-json\/wp\/v2\/media?parent=129727"}],"wp:term":[{"taxonomy":"category","embeddable":true,"href":"https:\/\/cidadeazulnoticias.com.br\/wp-json\/wp\/v2\/categories?post=129727"},{"taxonomy":"post_tag","embeddable":true,"href":"https:\/\/cidadeazulnoticias.com.br\/wp-json\/wp\/v2\/tags?post=129727"}],"curies":[{"name":"wp","href":"https:\/\/api.w.org\/{rel}","templated":true}]}},{"id":129724,"date":"2026-08-31T18:44:27","date_gmt":"2026-08-31T21:44:27","guid":{"rendered":"https:\/\/cidadeazulnoticias.com.br\/?p=129724"},"modified":"2026-08-31T18:44:27","modified_gmt":"2026-08-31T21:44:27","slug":"rio-claro-recebe-o-premiado-espetaculo-meu-remedio-de-mouhamed-harfouch-com-entrada-gratuita","status":"publish","type":"post","link":"https:\/\/cidadeazulnoticias.com.br\/rio-claro-recebe-o-premiado-espetaculo-meu-remedio-de-mouhamed-harfouch-com-entrada-gratuita\/","title":{"rendered":"Rio Claro recebe o premiado espet\u00e1culo \u201cMeu Rem\u00e9dio\u201d, de Mouhamed Harfouch, com entrada gratuita"},"content":{"rendered":"<h2><em>Com\u00e9dia autobiogr\u00e1fica estreia no Teatro do SESI Rio Claro em setembro e abre turn\u00ea que passar\u00e1 por cinco cidades do interior paulista.<\/em><\/h2>\n<p>Rio Claro ser\u00e1 a primeira cidade a receber a nova turn\u00ea do espet\u00e1culo \u201cMeu Rem\u00e9dio\u201d, solo autobiogr\u00e1fico escrito, produzido e interpretado pelo ator, cantor e compositor Mouhamed Harfouch. A temporada come\u00e7a no dia 3 de setembro, no Teatro do SESI Rio Claro, com apresenta\u00e7\u00f5es nos dias 3, 4, 5 e 6 de setembro, todas com entrada gratuita.<\/p>\n<p>Com uma combina\u00e7\u00e3o de humor, m\u00fasica, mem\u00f3ria e afeto, \u201cMeu Rem\u00e9dio\u201d prop\u00f5e ao p\u00fablico uma experi\u00eancia que vai al\u00e9m da com\u00e9dia. A partir de hist\u00f3rias pessoais, o artista transforma viv\u00eancias em uma narrativa sobre as rela\u00e7\u00f5es humanas, os encontros, as lembran\u00e7as e os caminhos encontrados para lidar com as diferentes situa\u00e7\u00f5es da vida.<\/p>\n<p>A montagem tem dire\u00e7\u00e3o de Jo\u00e3o Fonseca, reconhecido por trabalhos de destaque no teatro musical brasileiro, entre eles Djavan \u2013 Uma Hist\u00f3ria pra Contar, Tim Maia: Vale Tudo, Cazuza: Pro Dia Nascer Feliz e C\u00e1ssia Eller.<\/p>\n<p>O espet\u00e1culo chega ao interior paulista com uma trajet\u00f3ria de sucesso. \u201cMeu Rem\u00e9dio\u201d j\u00e1 conquistou mais de 10 mil espectadores, ap\u00f3s tr\u00eas temporadas consecutivas com sess\u00f5es lotadas no Rio de Janeiro e em S\u00e3o Paulo. A produ\u00e7\u00e3o tamb\u00e9m acumula reconhecimento da cr\u00edtica, com o pr\u00eamio de Melhor Solo pelo Pr\u00eamio Arcanjo 2025 e Melhor Dramaturgia na FITA.<\/p>\n<p>Depois da estreia em Rio Claro, a circula\u00e7\u00e3o seguir\u00e1 por outras quatro cidades do interior de S\u00e3o Paulo: Itapetininga, Sorocaba, Campinas e Ribeir\u00e3o Preto. Ao todo, ser\u00e3o 24 sess\u00f5es, realizadas at\u00e9 o dia 1\u00ba de novembro.<\/p>\n<p>A passagem pelo Teatro do SESI Rio Claro representa uma oportunidade para o p\u00fablico acompanhar gratuitamente um trabalho que vem conquistando espectadores e reconhecimento por sua capacidade de transformar experi\u00eancias pessoais em teatro, humor e emo\u00e7\u00e3o.<\/p>\n<p>\u201cMeu Rem\u00e9dio\u201d \u2014 Rio Claro<br \/>\n\ud83d\udccd Teatro do SESI Rio Claro<br \/>\n\ud83d\udcc5 3, 4, 5 e 6 de setembro<br \/>\n\ud83c\udfad Com Mouhamed Harfouch<br \/>\n\ud83c\udfac Dire\u00e7\u00e3o: Jo\u00e3o Fonseca<br \/>\n\ud83c\udf9f\ufe0f Entrada gratuita<\/p>\n","protected":false},"excerpt":{"rendered":"<p>Com\u00e9dia autobiogr\u00e1fica estreia no Teatro do SESI Rio Claro em setembro e abre turn\u00ea que passar\u00e1 por cinco cidades do interior paulista. Rio Claro ser\u00e1 a primeira cidade a receber a nova turn\u00ea do espet\u00e1culo \u201cMeu Rem\u00e9dio\u201d, solo autobiogr\u00e1fico escrito, produzido e interpretado pelo ator, cantor e compositor Mouhamed Harfouch. A temporada come\u00e7a no dia [&hellip;]<\/p>\n","protected":false},"author":9,"featured_media":129725,"comment_status":"closed","ping_status":"closed","sticky":false,"template":"","format":"standard","meta":{"footnotes":""},"categories":[213,1],"tags":[],"class_list":{"0":"post-129724","1":"post","2":"type-post","3":"status-publish","4":"format-standard","5":"has-post-thumbnail","7":"category-cultura","8":"category-instagram"},"_links":{"self":[{"href":"https:\/\/cidadeazulnoticias.com.br\/wp-json\/wp\/v2\/posts\/129724"}],"collection":[{"href":"https:\/\/cidadeazulnoticias.com.br\/wp-json\/wp\/v2\/posts"}],"about":[{"href":"https:\/\/cidadeazulnoticias.com.br\/wp-json\/wp\/v2\/types\/post"}],"author":[{"embeddable":true,"href":"https:\/\/cidadeazulnoticias.com.br\/wp-json\/wp\/v2\/users\/9"}],"replies":[{"embeddable":true,"href":"https:\/\/cidadeazulnoticias.com.br\/wp-json\/wp\/v2\/comments?post=129724"}],"version-history":[{"count":1,"href":"https:\/\/cidadeazulnoticias.com.br\/wp-json\/wp\/v2\/posts\/129724\/revisions"}],"predecessor-version":[{"id":129726,"href":"https:\/\/cidadeazulnoticias.com.br\/wp-json\/wp\/v2\/posts\/129724\/revisions\/129726"}],"wp:featuredmedia":[{"embeddable":true,"href":"https:\/\/cidadeazulnoticias.com.br\/wp-json\/wp\/v2\/media\/129725"}],"wp:attachment":[{"href":"https:\/\/cidadeazulnoticias.com.br\/wp-json\/wp\/v2\/media?parent=129724"}],"wp:term":[{"taxonomy":"category","embeddable":true,"href":"https:\/\/cidadeazulnoticias.com.br\/wp-json\/wp\/v2\/categories?post=129724"},{"taxonomy":"post_tag","embeddable":true,"href":"https:\/\/cidadeazulnoticias.com.br\/wp-json\/wp\/v2\/tags?post=129724"}],"curies":[{"name":"wp","href":"https:\/\/api.w.org\/{rel}","templated":true}]}},{"id":129721,"date":"2026-08-31T14:19:40","date_gmt":"2026-08-31T17:19:40","guid":{"rendered":"https:\/\/cidadeazulnoticias.com.br\/?p=129721"},"modified":"2026-08-31T14:19:40","modified_gmt":"2026-08-31T17:19:40","slug":"estado-de-sp-tem-135-mil-vagas-de-emprego-nesta-semana-confira","status":"publish","type":"post","link":"https:\/\/cidadeazulnoticias.com.br\/estado-de-sp-tem-135-mil-vagas-de-emprego-nesta-semana-confira\/","title":{"rendered":"Estado de SP tem 13,5 mil vagas de emprego nesta semana; confira"},"content":{"rendered":"<h2><em>Com 2.866 vagas, auxiliar de log\u00edstica \u00e9 a ocupa\u00e7\u00e3o com mais oportunidades nesta segunda-feira (31).<\/em><\/h2>\n<p>Os Postos de Atendimento ao Trabalhador (PATs) do Governo de S\u00e3o Paulo oferecem nesta segunda-feira (31) 13.509 vagas de emprego. A Secretaria de Desenvolvimento Econ\u00f4mico conta com mais de 200 unidades de atendimento espalhadas por todo o estado para auxiliar quem est\u00e1 em busca de emprego. Al\u00e9m dos PATs, os trabalhadores de S\u00e3o Paulo podem acessar o Trampolim, plataforma que re\u00fane vagas de emprego e cursos de qualifica\u00e7\u00e3o.<\/p>\n<h3>As 10 ocupa\u00e7\u00f5es com mais vagas oferecidas s\u00e3o:<\/h3>\n<p>Auxiliar de log\u00edstica: 2.866 vagas;<br \/>\nAlimentador de linha de produ\u00e7\u00e3o: 1.403 vagas;<br \/>\nFaxineiro: 696 vagas;<br \/>\nOperador de telemarketing ativo e receptivo: 631 vagas;<br \/>\nTrabalhador no cultivo de \u00e1rvores frut\u00edferas: 406 vagas;<br \/>\nAtendente de lojas e mercados: 379 vagas;<br \/>\nServente de obras: 377 vagas;<br \/>\nAtendente de lanchonete: 306 vagas;<br \/>\nOperador de caixa: 279 vagas;<br \/>\nVendedor de com\u00e9rcio varejista: 264 vagas.<\/p>\n<p>Os Postos de Atendimento ao Trabalhador com mais vagas s\u00e3o:<\/p>\n<p>PAT Embu, na regi\u00e3o administrativa de S\u00e3o Paulo: 1.532 vagas;<br \/>\nPAT Santana de Parna\u00edba, na regi\u00e3o administrativa de S\u00e3o Paulo: 1.271 vagas;<br \/>\nPAT Valinhos, na regi\u00e3o administrativa de Campinas: 1.069 vagas;<br \/>\nPAT Itapecerica da Serra, na regi\u00e3o administrativa de S\u00e3o Paulo: 533 vagas;<br \/>\nPAT Indaiatuba, na regi\u00e3o administrativa de Campinas: 494 vagas;<br \/>\nPAT Barueri, na regi\u00e3o administrativa de S\u00e3o Paulo: 439 vagas;<br \/>\nPAT Bebedouro, na regi\u00e3o administrativa de Barretos: 419 vagas;<br \/>\nPAT Jandira, na regi\u00e3o administrativa de S\u00e3o Paulo: 361 vagas;<br \/>\nPAT Cabre\u00fava, na regi\u00e3o administrativa de Campinas: 350 vagas;<br \/>\nPAT Votorantim, na regi\u00e3o administrativa de Sorocaba: 318 vagas.<br \/>\nPara usar um servi\u00e7o do PAT em seu munic\u00edpio, \u00e9 necess\u00e1rio levar RG, CPF e Carteira de Trabalho. Os endere\u00e7os podem ser conferidos neste link.<\/p>\n<p>Al\u00e9m das vagas, os PATs oferecem atendimento e servi\u00e7os gratuitos para trabalhadores, como a habilita\u00e7\u00e3o ao Seguro-Desemprego. \u00c9 importante lembrar que as vagas podem ser preenchidas a qualquer momento e o n\u00famero pode variar ao longo do dia.<\/p>\n<p>Veja abaixo o n\u00famero de vagas por regi\u00f5es administrativas do estado:<\/p>\n<p>Ara\u00e7atuba: 8 vagas;<br \/>\nBarretos: 559 vagas;<br \/>\nBauru: 215 vagas;<br \/>\nCampinas: 4.033 vagas;<br \/>\nFranca: 161 vagas;<br \/>\nItapeva: 74 vagas;<br \/>\nMar\u00edlia: 153 vagas;<br \/>\nPresidente Prudente: 47 vagas;<br \/>\nRA Central: 228 vagas;<br \/>\nRibeir\u00e3o Preto: 333 vagas;<br \/>\nSantos: 115 vagas;<br \/>\nSorocaba: 1.137 vagas;<br \/>\nS\u00e3o Jos\u00e9 do Rio Preto: 178 vagas;<br \/>\nS\u00e3o Jos\u00e9 dos Campos: 628 vagas;<br \/>\nS\u00e3o Paulo: 5.640 vagas.<\/p>\n<p>Trampolim<\/p>\n<p>A plataforma Trampolim re\u00fane vagas de emprego e cursos de qualifica\u00e7\u00e3o, e o candidato pode aplicar filtros para vagas de acordo com a \u00e1rea e com a localiza\u00e7\u00e3o de sua prefer\u00eancia. Al\u00e9m disso, tamb\u00e9m h\u00e1 diversos cursos de qualifica\u00e7\u00e3o para conseguir concorrer \u00e0s vagas de seu perfil.<\/p>\n<p>O Trampolim \u00e9 uma plataforma digital gratuita. Nela, existe uma curadoria de vagas de emprego e cursos, al\u00e9m de testes de habilidades e uma ferramenta para cria\u00e7\u00e3o de curr\u00edculo profissional.<\/p>\n<p>H\u00e1 tamb\u00e9m uma se\u00e7\u00e3o dedicada exclusivamente para o p\u00fablico idoso que busca recoloca\u00e7\u00e3o profissional. Por l\u00e1, o p\u00fablico 60+ consegue acessar microcr\u00e9dito e cursos de qualifica\u00e7\u00e3o profissional. Saiba mais no site do Trampolim.<\/p>\n<p>Postos de Atendimento ao Trabalhador<\/p>\n<p>O Governo de S\u00e3o Paulo conta com mais de 200 Postos de Atendimento ao Trabalhador (PATs), presentes em todo o estado. O equipamento concentra servi\u00e7os gratuitos \u00e0 popula\u00e7\u00e3o, destinados \u00e0 gera\u00e7\u00e3o de emprego e renda.<\/p>\n<p>Os PATs realizam a intermedia\u00e7\u00e3o de m\u00e3o de obra. O objetivo \u00e9 promover a recoloca\u00e7\u00e3o do trabalhador no mercado de trabalho por meio de buscas junto ao Sistema Nacional de Emprego (SINE).<\/p>\n<p>Al\u00e9m disso, nos PATs, o cidad\u00e3o tamb\u00e9m encontra o servi\u00e7o de habilita\u00e7\u00e3o ao seguro-desemprego. Assim, o trabalhador desempregado tem acesso \u00e0 assist\u00eancia financeira tempor\u00e1ria em virtude da dispensa sem justa causa.<\/p>\n<p>Para atendimento nas unidades, deve-se comparecer diretamente ao Posto mais pr\u00f3ximo com RG, CPF e Carteira de Trabalho. Os endere\u00e7os est\u00e3o dispon\u00edveis <a href=\"https:\/\/www.desenvolvimentoeconomico.sp.gov.br\/DesenvolvimentoEconomico\/institucional\/Programas\/pat_programa\" target=\"_blank\" rel=\"noopener\">neste link.<\/a><\/p>\n","protected":false},"excerpt":{"rendered":"<p>Com 2.866 vagas, auxiliar de log\u00edstica \u00e9 a ocupa\u00e7\u00e3o com mais oportunidades nesta segunda-feira (31). Os Postos de Atendimento ao Trabalhador (PATs) do Governo de S\u00e3o Paulo oferecem nesta segunda-feira (31) 13.509 vagas de emprego. A Secretaria de Desenvolvimento Econ\u00f4mico conta com mais de 200 unidades de atendimento espalhadas por todo o estado para auxiliar [&hellip;]<\/p>\n","protected":false},"author":9,"featured_media":129539,"comment_status":"closed","ping_status":"closed","sticky":false,"template":"","format":"standard","meta":{"footnotes":""},"categories":[17],"tags":[],"class_list":{"0":"post-129721","1":"post","2":"type-post","3":"status-publish","4":"format-standard","5":"has-post-thumbnail","7":"category-empregos"},"_links":{"self":[{"href":"https:\/\/cidadeazulnoticias.com.br\/wp-json\/wp\/v2\/posts\/129721"}],"collection":[{"href":"https:\/\/cidadeazulnoticias.com.br\/wp-json\/wp\/v2\/posts"}],"about":[{"href":"https:\/\/cidadeazulnoticias.com.br\/wp-json\/wp\/v2\/types\/post"}],"author":[{"embeddable":true,"href":"https:\/\/cidadeazulnoticias.com.br\/wp-json\/wp\/v2\/users\/9"}],"replies":[{"embeddable":true,"href":"https:\/\/cidadeazulnoticias.com.br\/wp-json\/wp\/v2\/comments?post=129721"}],"version-history":[{"count":1,"href":"https:\/\/cidadeazulnoticias.com.br\/wp-json\/wp\/v2\/posts\/129721\/revisions"}],"predecessor-version":[{"id":129722,"href":"https:\/\/cidadeazulnoticias.com.br\/wp-json\/wp\/v2\/posts\/129721\/revisions\/129722"}],"wp:featuredmedia":[{"embeddable":true,"href":"https:\/\/cidadeazulnoticias.com.br\/wp-json\/wp\/v2\/media\/129539"}],"wp:attachment":[{"href":"https:\/\/cidadeazulnoticias.com.br\/wp-json\/wp\/v2\/media?parent=129721"}],"wp:term":[{"taxonomy":"category","embeddable":true,"href":"https:\/\/cidadeazulnoticias.com.br\/wp-json\/wp\/v2\/categories?post=129721"},{"taxonomy":"post_tag","embeddable":true,"href":"https:\/\/cidadeazulnoticias.com.br\/wp-json\/wp\/v2\/tags?post=129721"}],"curies":[{"name":"wp","href":"https:\/\/api.w.org\/{rel}","templated":true}]}},{"id":129719,"date":"2026-08-31T14:16:19","date_gmt":"2026-08-31T17:16:19","guid":{"rendered":"https:\/\/cidadeazulnoticias.com.br\/?p=129719"},"modified":"2026-08-31T14:16:19","modified_gmt":"2026-08-31T17:16:19","slug":"defesa-civil-emite-75-alertas-durante-temporal-e-envia-ajuda-humanitaria-a-municipios-afetados","status":"publish","type":"post","link":"https:\/\/cidadeazulnoticias.com.br\/defesa-civil-emite-75-alertas-durante-temporal-e-envia-ajuda-humanitaria-a-municipios-afetados\/","title":{"rendered":"Defesa Civil emite 75 alertas durante temporal e envia ajuda humanit\u00e1ria a munic\u00edpios afetados"},"content":{"rendered":"<h2><em>Em Palmeiras d\u2019Oeste e Itarar\u00e9, equipes foram mobilizadas para prestar apoio \u00e0s fam\u00edlias afetadas com o envio de assist\u00eancia emergencial. Tamb\u00e9m foram disparados 11 alertas gerais via Cell Broadcast.<\/em><\/h2>\n<p>A Defesa Civil do Estado de S\u00e3o Paulo emitiu 64 alertas via SMS e 11 alertas via Cell Broadcast por causa das fortes chuvas e rajadas de vento que atingiram o estado desde domingo (30).<\/p>\n<p>Em Palmeiras d\u2019Oeste e Itarar\u00e9, equipes da Defesa Civil do Estado foram mobilizadas para prestar apoio humanit\u00e1rio \u00e0s fam\u00edlias afetadas. Em Palmeiras d\u2019Oeste, foram enviados 20 cestas b\u00e1sicas, 20 kits de higiene pessoal, 40 kits de limpeza, 60 kits dormit\u00f3rio (colch\u00e3o, cobertor, travesseiro e jogo de cama), al\u00e9m de tr\u00eas lonas pl\u00e1sticas e 10 fitas zebradas. As equipes tamb\u00e9m prestam suporte \u00e0s necessidades mais urgentes decorrentes dos eventos.<\/p>\n<p>\u201cAs equipes da Defesa Civil permanecem mobilizadas para apoiar os munic\u00edpios atingidos e acompanhar a evolu\u00e7\u00e3o das condi\u00e7\u00f5es clim\u00e1ticas em todo o estado. Os alertas enviados por SMS e Cell Broadcast s\u00e3o ferramentas fundamentais para informar a popula\u00e7\u00e3o de forma r\u00e1pida e orientar quem est\u00e1 em \u00e1reas de risco a procurar um local seguro\u201d, afirma o diretor de Comunica\u00e7\u00e3o da Defesa Civil, capit\u00e3o Maxwell Souza.<\/p>\n<p>Os temporais provocaram ocorr\u00eancias em nove munic\u00edpios, incluindo quedas de \u00e1rvores, interrup\u00e7\u00f5es no fornecimento de energia, destelhamentos e a queda de parte da estrutura de um est\u00e1dio em Promiss\u00e3o. Ao todo, duas pessoas ficaram feridas, oito ficaram desabrigadas e 21 foram desalojadas.<\/p>\n<p>De acordo com a Defesa Civil estadual, os munic\u00edpios que registraram ocorr\u00eancias foram Fl\u00f3rida Paulista, S\u00e3o Luiz do Paraitinga, Promiss\u00e3o, Palmeiras d\u2019Oeste, Itaber\u00e1, Campinas, Itarar\u00e9, Francisco Morato e Valinhos.<\/p>\n","protected":false},"excerpt":{"rendered":"<p>Em Palmeiras d\u2019Oeste e Itarar\u00e9, equipes foram mobilizadas para prestar apoio \u00e0s fam\u00edlias afetadas com o envio de assist\u00eancia emergencial. Tamb\u00e9m foram disparados 11 alertas gerais via Cell Broadcast. A Defesa Civil do Estado de S\u00e3o Paulo emitiu 64 alertas via SMS e 11 alertas via Cell Broadcast por causa das fortes chuvas e rajadas [&hellip;]<\/p>\n","protected":false},"author":9,"featured_media":109075,"comment_status":"closed","ping_status":"closed","sticky":false,"template":"","format":"standard","meta":{"footnotes":""},"categories":[1,28],"tags":[],"class_list":{"0":"post-129719","1":"post","2":"type-post","3":"status-publish","4":"format-standard","5":"has-post-thumbnail","7":"category-instagram","8":"category-noticias"},"_links":{"self":[{"href":"https:\/\/cidadeazulnoticias.com.br\/wp-json\/wp\/v2\/posts\/129719"}],"collection":[{"href":"https:\/\/cidadeazulnoticias.com.br\/wp-json\/wp\/v2\/posts"}],"about":[{"href":"https:\/\/cidadeazulnoticias.com.br\/wp-json\/wp\/v2\/types\/post"}],"author":[{"embeddable":true,"href":"https:\/\/cidadeazulnoticias.com.br\/wp-json\/wp\/v2\/users\/9"}],"replies":[{"embeddable":true,"href":"https:\/\/cidadeazulnoticias.com.br\/wp-json\/wp\/v2\/comments?post=129719"}],"version-history":[{"count":1,"href":"https:\/\/cidadeazulnoticias.com.br\/wp-json\/wp\/v2\/posts\/129719\/revisions"}],"predecessor-version":[{"id":129720,"href":"https:\/\/cidadeazulnoticias.com.br\/wp-json\/wp\/v2\/posts\/129719\/revisions\/129720"}],"wp:featuredmedia":[{"embeddable":true,"href":"https:\/\/cidadeazulnoticias.com.br\/wp-json\/wp\/v2\/media\/109075"}],"wp:attachment":[{"href":"https:\/\/cidadeazulnoticias.com.br\/wp-json\/wp\/v2\/media?parent=129719"}],"wp:term":[{"taxonomy":"category","embeddable":true,"href":"https:\/\/cidadeazulnoticias.com.br\/wp-json\/wp\/v2\/categories?post=129719"},{"taxonomy":"post_tag","embeddable":true,"href":"https:\/\/cidadeazulnoticias.com.br\/wp-json\/wp\/v2\/tags?post=129719"}],"curies":[{"name":"wp","href":"https:\/\/api.w.org\/{rel}","templated":true}]}},{"id":129716,"date":"2026-08-31T14:11:29","date_gmt":"2026-08-31T17:11:29","guid":{"rendered":"https:\/\/cidadeazulnoticias.com.br\/?p=129716"},"modified":"2026-08-31T14:11:29","modified_gmt":"2026-08-31T17:11:29","slug":"esclerose-multipla-tambem-pode-comprometer-a-musculatura-responsavel-pela-respiracao","status":"publish","type":"post","link":"https:\/\/cidadeazulnoticias.com.br\/esclerose-multipla-tambem-pode-comprometer-a-musculatura-responsavel-pela-respiracao\/","title":{"rendered":"Esclerose m\u00faltipla tamb\u00e9m pode comprometer a musculatura respons\u00e1vel pela respira\u00e7\u00e3o"},"content":{"rendered":"<h2><em>Altera\u00e7\u00f5es est\u00e3o associadas a dificuldades de equil\u00edbrio, mobilidade e estabilidade postural<\/em><\/h2>\n<p>Al\u00e9m de comprometer movimentos, equil\u00edbrio e coordena\u00e7\u00e3o, a esclerose m\u00faltipla tamb\u00e9m pode afetar a musculatura envolvida na respira\u00e7\u00e3o. O Dia de Conscientiza\u00e7\u00e3o Nacional sobre a doen\u00e7a, celebrado em 30 de agosto, traz um alerta sobre a rela\u00e7\u00e3o entre mobilidade e a fun\u00e7\u00e3o respirat\u00f3ria.<\/p>\n<p>Para o neurologista Edson Issamu, da Rede de Hospitais S\u00e3o Camilo de S\u00e3o Paulo, esse \u00e9 um aspecto que ainda recebe pouca aten\u00e7\u00e3o. \u201cA esclerose m\u00faltipla \u00e9 conhecida pelos impactos na marcha, no equil\u00edbrio e na coordena\u00e7\u00e3o, mas a doen\u00e7a pode atingir diferentes grupos musculares, incluindo aqueles envolvidos na respira\u00e7\u00e3o. Muitas vezes, essa altera\u00e7\u00e3o ocorre de forma gradual e sem sintomas evidentes, o que refor\u00e7a a import\u00e2ncia de avalia\u00e7\u00f5es peri\u00f3dicas e do acompanhamento multidisciplinar\u201d.<\/p>\n<p>A fisioterapia \u00e9 uma das \u00e1reas que atuam na preserva\u00e7\u00e3o da funcionalidade. Al\u00e9m do fortalecimento muscular e do treino de equil\u00edbrio e marcha, exerc\u00edcios espec\u00edficos podem trabalhar a musculatura respirat\u00f3ria e auxiliar na manuten\u00e7\u00e3o da capacidade funcional.<\/p>\n<p>Segundo Luis Carlos Gomes, fisioterapeuta da Rede, a interven\u00e7\u00e3o deve ser individualizada e iniciada o mais cedo poss\u00edvel. \u201cO objetivo \u00e9 preservar a autonomia pelo maior tempo poss\u00edvel. Trabalhamos for\u00e7a, equil\u00edbrio, mobilidade, condicionamento e, quando necess\u00e1rio, a musculatura respirat\u00f3ria. Pequenas perdas funcionais identificadas precocemente podem ser tratadas antes de gerarem impactos maiores na rotina do paciente\u201d.<\/p>\n<p>Como preservar a mobilidade e a fun\u00e7\u00e3o respirat\u00f3ria?<\/p>\n<p>Na pr\u00e1tica, alguns cuidados podem fazer parte do acompanhamento, sempre de acordo com a avalia\u00e7\u00e3o m\u00e9dica e fisioterap\u00eautica:<\/p>\n<p>Manter-se fisicamente ativo: exerc\u00edcios orientados podem trabalhar for\u00e7a, resist\u00eancia, equil\u00edbrio, coordena\u00e7\u00e3o e flexibilidade, capacidades diretamente relacionadas \u00e0 mobilidade e \u00e0 autonomia.<br \/>\nTreinar marcha e equil\u00edbrio: atividades espec\u00edficas podem ajudar a preservar a seguran\u00e7a para caminhar e realizar tarefas do cotidiano, especialmente quando h\u00e1 altera\u00e7\u00f5es de equil\u00edbrio ou coordena\u00e7\u00e3o.<br \/>\nTrabalhar a for\u00e7a muscular: o fortalecimento deve ser individualizado, considerando o n\u00edvel de comprometimento e a resposta de cada pessoa ao esfor\u00e7o. O objetivo \u00e9 preservar a capacidade de realizar movimentos e atividades di\u00e1rias.<br \/>\nIncluir exerc\u00edcios respirat\u00f3rios quando houver indica\u00e7\u00e3o: o treinamento espec\u00edfico da musculatura inspirat\u00f3ria e expirat\u00f3ria tem mostrado resultados positivos sobre a for\u00e7a dos m\u00fasculos respirat\u00f3rios e alguns par\u00e2metros pulmonares em pessoas com esclerose m\u00faltipla.<br \/>\nN\u00e3o esperar falta de ar para investigar: altera\u00e7\u00f5es da musculatura respirat\u00f3ria podem n\u00e3o provocar sintomas evidentes no in\u00edcio. A avalia\u00e7\u00e3o funcional permite identificar poss\u00edveis perdas e definir se h\u00e1 necessidade de uma abordagem respirat\u00f3ria espec\u00edfica.<br \/>\nControlar a fadiga durante o exerc\u00edcio: o cansa\u00e7o \u00e9 um dos sintomas que podem limitar a atividade f\u00edsica na esclerose m\u00faltipla. O treinamento precisa respeitar os per\u00edodos de maior fadiga e ser ajustado individualmente. Estudos recentes encontraram redu\u00e7\u00e3o de medidas de fadiga ap\u00f3s treinamento respirat\u00f3rio, embora os resultados variem conforme o instrumento utilizado.<br \/>\nManter acompanhamento multidisciplinar: neurologista e fisioterapeuta podem acompanhar diferentes aspectos da doen\u00e7a e ajustar as estrat\u00e9gias de tratamento conforme surgem novas limita\u00e7\u00f5es.<br \/>\nA preserva\u00e7\u00e3o da funcionalidade depende, portanto, de acompanhamento cont\u00ednuo e de um programa de exerc\u00edcios adequado \u00e0s caracter\u00edsticas de cada paciente. O treinamento respirat\u00f3rio pode ser um complemento da reabilita\u00e7\u00e3o, e n\u00e3o um substituto do tratamento neurol\u00f3gico ou da avalia\u00e7\u00e3o individualizada.<\/p>\n<p>Institu\u00eddo pela Lei n\u00ba 11.303, o Dia Nacional de Conscientiza\u00e7\u00e3o sobre a Esclerose M\u00faltipla busca ampliar o conhecimento sobre a doen\u00e7a e refor\u00e7ar a import\u00e2ncia do diagn\u00f3stico e do acompanhamento cont\u00ednuo.<\/p>\n<p>Sobre a Rede de Hospitais S\u00e3o Camilo de S\u00e3o Paulo<\/p>\n<p>No Brasil desde 1922, a S\u00e3o Camilo pertence \u00e0 Ordem dos Ministros dos Enfermos, fundada por S\u00e3o Camilo de Lellis. Al\u00e9m de hospitais, conta com Centros de Educa\u00e7\u00e3o Infantil, Col\u00e9gios e Centros Universit\u00e1rios.<\/p>\n<p>As Unidades Pompeia, Santana e Ipiranga fazem parte da Rede de Hospitais de S\u00e3o Paulo, que prestam atendimentos em mais de 60 especialidades e cirurgias de alta complexidade em neurologia, cardiologia, transplantes de f\u00edgado e musculoesquel\u00e9tico, cirurgias rob\u00f3tica e bari\u00e1trica. Por meio da atua\u00e7\u00e3o filantr\u00f3pica, apoiam na manuten\u00e7\u00e3o das atividades de v\u00e1rios Hospitais administrados pela S\u00e3o Camilo no Brasil com atendimento ao SUS.<\/p>\n<p>A Rede de Hospital S\u00e3o Camilo de S\u00e3o Paulo possui Centro de Oncologia e de Hematologia (Transplantes de Medula \u00d3ssea) e tratamento com CAR-T-CELL. Refer\u00eancia em urg\u00eancia e emerg\u00eancia conta com PS Adulto, Infantil e 60+. Possui a Certifica\u00e7\u00e3o em n\u00edvel Diamante da Qmentum Internacional, o Selo Amigo do Idoso e as Certifica\u00e7\u00f5es PALC e ABHH.<\/p>\n","protected":false},"excerpt":{"rendered":"<p>Altera\u00e7\u00f5es est\u00e3o associadas a dificuldades de equil\u00edbrio, mobilidade e estabilidade postural Al\u00e9m de comprometer movimentos, equil\u00edbrio e coordena\u00e7\u00e3o, a esclerose m\u00faltipla tamb\u00e9m pode afetar a musculatura envolvida na respira\u00e7\u00e3o. O Dia de Conscientiza\u00e7\u00e3o Nacional sobre a doen\u00e7a, celebrado em 30 de agosto, traz um alerta sobre a rela\u00e7\u00e3o entre mobilidade e a fun\u00e7\u00e3o respirat\u00f3ria. Para [&hellip;]<\/p>\n","protected":false},"author":9,"featured_media":129717,"comment_status":"closed","ping_status":"closed","sticky":false,"template":"","format":"standard","meta":{"footnotes":""},"categories":[1,210],"tags":[],"class_list":{"0":"post-129716","1":"post","2":"type-post","3":"status-publish","4":"format-standard","5":"has-post-thumbnail","7":"category-instagram","8":"category-saude-noticias"},"_links":{"self":[{"href":"https:\/\/cidadeazulnoticias.com.br\/wp-json\/wp\/v2\/posts\/129716"}],"collection":[{"href":"https:\/\/cidadeazulnoticias.com.br\/wp-json\/wp\/v2\/posts"}],"about":[{"href":"https:\/\/cidadeazulnoticias.com.br\/wp-json\/wp\/v2\/types\/post"}],"author":[{"embeddable":true,"href":"https:\/\/cidadeazulnoticias.com.br\/wp-json\/wp\/v2\/users\/9"}],"replies":[{"embeddable":true,"href":"https:\/\/cidadeazulnoticias.com.br\/wp-json\/wp\/v2\/comments?post=129716"}],"version-history":[{"count":1,"href":"https:\/\/cidadeazulnoticias.com.br\/wp-json\/wp\/v2\/posts\/129716\/revisions"}],"predecessor-version":[{"id":129718,"href":"https:\/\/cidadeazulnoticias.com.br\/wp-json\/wp\/v2\/posts\/129716\/revisions\/129718"}],"wp:featuredmedia":[{"embeddable":true,"href":"https:\/\/cidadeazulnoticias.com.br\/wp-json\/wp\/v2\/media\/129717"}],"wp:attachment":[{"href":"https:\/\/cidadeazulnoticias.com.br\/wp-json\/wp\/v2\/media?parent=129716"}],"wp:term":[{"taxonomy":"category","embeddable":true,"href":"https:\/\/cidadeazulnoticias.com.br\/wp-json\/wp\/v2\/categories?post=129716"},{"taxonomy":"post_tag","embeddable":true,"href":"https:\/\/cidadeazulnoticias.com.br\/wp-json\/wp\/v2\/tags?post=129716"}],"curies":[{"name":"wp","href":"https:\/\/api.w.org\/{rel}","templated":true}]}},{"id":129713,"date":"2026-08-31T14:07:44","date_gmt":"2026-08-31T17:07:44","guid":{"rendered":"https:\/\/cidadeazulnoticias.com.br\/?p=129713"},"modified":"2026-08-31T14:07:44","modified_gmt":"2026-08-31T17:07:44","slug":"rio-claro-amplia-acesso-a-equipamentos-e-produtos-de-saude-com-novas-opcoes-de-compra-e-locacao","status":"publish","type":"post","link":"https:\/\/cidadeazulnoticias.com.br\/rio-claro-amplia-acesso-a-equipamentos-e-produtos-de-saude-com-novas-opcoes-de-compra-e-locacao\/","title":{"rendered":"Rio Claro amplia acesso a equipamentos e produtos de sa\u00fade com novas op\u00e7\u00f5es de compra e loca\u00e7\u00e3o"},"content":{"rendered":"<h2><em>Com duas unidades na cidade, Viva Cuidar re\u00fane venda, loca\u00e7\u00e3o e intermedia\u00e7\u00e3o de solu\u00e7\u00f5es para pacientes, fam\u00edlias e pessoas que buscam preven\u00e7\u00e3o, recupera\u00e7\u00e3o, bem-estar e qualidade de vida.<\/em><\/h2>\n<p>Uma cirurgia inesperada, a recupera\u00e7\u00e3o de uma les\u00e3o, os cuidados com um familiar idoso ou simplesmente a busca por mais preven\u00e7\u00e3o e qualidade de vida. Em diferentes momentos, uma mesma d\u00favida pode surgir. \u00c9 melhor comprar ou alugar um equipamento de sa\u00fade?<br \/>\nEm Rio Claro, as duas possibilidades est\u00e3o dispon\u00edveis. A Viva Cuidar re\u00fane venda, loca\u00e7\u00e3o e intermedia\u00e7\u00e3o de equipamentos e produtos de sa\u00fade e mant\u00e9m duas unidades na cidade. A proposta \u00e9 atender necessidades bastante diferentes, desde quem precisa utilizar determinado equipamento por algumas semanas at\u00e9 quem procura uma solu\u00e7\u00e3o permanente ou produtos incorporados \u00e0 rotina de cuidado e bem-estar.<br \/>\nA loca\u00e7\u00e3o pode fazer sentido, por exemplo, quando a necessidade \u00e9 tempor\u00e1ria, como durante a recupera\u00e7\u00e3o de uma cirurgia ou les\u00e3o. J\u00e1 a compra atende situa\u00e7\u00f5es de uso cont\u00ednuo e tamb\u00e9m uma nova demanda relacionada \u00e0 preven\u00e7\u00e3o, conforto, recupera\u00e7\u00e3o e qualidade de vida. O portf\u00f3lio acompanha esses diferentes momentos e inclui desde solu\u00e7\u00f5es para mobilidade e cuidados domiciliares at\u00e9 meias de compress\u00e3o, equipamentos de massagem e outros produtos de sa\u00fade.<br \/>\nA hist\u00f3ria da empresa come\u00e7ou justamente em Rio Claro. A Viva Cuidar surgiu no final de 2020 como uma startup, depois de pesquisas de campo, grupos focais com profissionais da \u00e1rea e an\u00e1lise do mercado. Os estudos deram origem a um neg\u00f3cio inicialmente digital, estruturado para conectar diferentes necessidades de sa\u00fade \u00e0s solu\u00e7\u00f5es dispon\u00edveis.<br \/>\nAs primeiras opera\u00e7\u00f5es aconteceram pelo e-commerce. Com o crescimento da procura, a experi\u00eancia digital ganhou endere\u00e7o f\u00edsico. Em janeiro de 2023, a Viva Cuidar abriu sua unidade na Avenida 7A, na Vila Horto Florestal. Posteriormente, a presen\u00e7a na cidade foi ampliada com um segundo endere\u00e7o, na Rua 14, no bairro Consola\u00e7\u00e3o.<br \/>\n\u00c0 frente do projeto est\u00e1 Cristina Monte. Economista, mestre em Economia Pol\u00edtica pela PUC-SP e com MBA em Governan\u00e7a Corporativa, a executiva construiu sua trajet\u00f3ria nas \u00e1reas de finan\u00e7as, controladoria, governan\u00e7a e intelig\u00eancia de neg\u00f3cios e hoje coordena o desenvolvimento da opera\u00e7\u00e3o.<br \/>\n\u201cExistem necessidades muito diferentes quando falamos de sa\u00fade. Para algumas pessoas, a loca\u00e7\u00e3o \u00e9 a alternativa mais adequada porque o uso ser\u00e1 tempor\u00e1rio. Em outras situa\u00e7\u00f5es, a compra faz mais sentido porque aquele produto far\u00e1 parte da rotina. Nosso papel \u00e9 entender essa necessidade e ajudar o cliente a encontrar o caminho mais adequado\u201d, explica Cristina.<br \/>\nEssa mudan\u00e7a de comportamento acompanha transforma\u00e7\u00f5es maiores da sociedade. O envelhecimento da popula\u00e7\u00e3o, o avan\u00e7o dos cuidados realizados dentro de casa e a preocupa\u00e7\u00e3o crescente com preven\u00e7\u00e3o e qualidade de vida est\u00e3o ampliando o universo da sa\u00fade para al\u00e9m dos hospitais e consult\u00f3rios.<br \/>\n\u00c9 tamb\u00e9m por isso que a Viva Cuidar n\u00e3o trabalha apenas com demandas relacionadas a pacientes. H\u00e1 espa\u00e7o para pessoas que procuram cuidar da sa\u00fade antes que exista uma necessidade cl\u00ednica, incorporando produtos voltados \u00e0 preven\u00e7\u00e3o, recupera\u00e7\u00e3o e bem-estar \u00e0 vida cotidiana. \u00c9 o conceito de healthiness, que amplia o olhar sobre sa\u00fade e passa a considerar h\u00e1bitos, longevidade e qualidade de vida.<br \/>\nPara Cristina, a presen\u00e7a f\u00edsica tem import\u00e2ncia particular nesse mercado. \u201cMuitas vezes, a pessoa chega at\u00e9 n\u00f3s sem saber se precisa comprar ou alugar, qual produto procurar ou por quanto tempo ir\u00e1 utiliz\u00e1-lo. Sa\u00fade envolve contexto. Por isso, ouvir e orientar fazem parte do atendimento tanto quanto disponibilizar o equipamento.\u201d<br \/>\nDepois de nascer em Rio Claro, o projeto avan\u00e7ou para Limeira, S\u00e3o Carlos, Piracicaba e S\u00e3o Paulo. Na cidade onde a hist\u00f3ria come\u00e7ou, a Viva Cuidar mant\u00e9m duas unidades e aposta justamente na proximidade para tornar essas solu\u00e7\u00f5es mais conhecidas entre a popula\u00e7\u00e3o.<br \/>\n\u201cQueremos que as pessoas saibam que existem diferentes caminhos. Em alguns momentos, a melhor decis\u00e3o ser\u00e1 alugar. Em outros, comprar. O importante \u00e9 facilitar o acesso \u00e0 solu\u00e7\u00e3o que fa\u00e7a sentido para aquela pessoa e para aquele momento da vida\u201d, finaliza Cristina.<\/p>\n<p>Viva Cuidar em Rio Claro<br \/>\nAs duas unidades oferecem venda, loca\u00e7\u00e3o e intermedia\u00e7\u00e3o de equipamentos e produtos de sa\u00fade:<br \/>\nVila Horto Florestal<br \/>\nAvenida 7A, 249 \u2013 Rio Claro (SP)<br \/>\nConsola\u00e7\u00e3o<br \/>\nRua 14, 258 \u2013 Rio Claro (SP)<\/p>\n","protected":false},"excerpt":{"rendered":"<p>Com duas unidades na cidade, Viva Cuidar re\u00fane venda, loca\u00e7\u00e3o e intermedia\u00e7\u00e3o de solu\u00e7\u00f5es para pacientes, fam\u00edlias e pessoas que buscam preven\u00e7\u00e3o, recupera\u00e7\u00e3o, bem-estar e qualidade de vida. Uma cirurgia inesperada, a recupera\u00e7\u00e3o de uma les\u00e3o, os cuidados com um familiar idoso ou simplesmente a busca por mais preven\u00e7\u00e3o e qualidade de vida. Em diferentes [&hellip;]<\/p>\n","protected":false},"author":9,"featured_media":129714,"comment_status":"closed","ping_status":"closed","sticky":false,"template":"","format":"standard","meta":{"footnotes":""},"categories":[1,187],"tags":[],"class_list":{"0":"post-129713","1":"post","2":"type-post","3":"status-publish","4":"format-standard","5":"has-post-thumbnail","7":"category-instagram","8":"category-rio-claro"},"_links":{"self":[{"href":"https:\/\/cidadeazulnoticias.com.br\/wp-json\/wp\/v2\/posts\/129713"}],"collection":[{"href":"https:\/\/cidadeazulnoticias.com.br\/wp-json\/wp\/v2\/posts"}],"about":[{"href":"https:\/\/cidadeazulnoticias.com.br\/wp-json\/wp\/v2\/types\/post"}],"author":[{"embeddable":true,"href":"https:\/\/cidadeazulnoticias.com.br\/wp-json\/wp\/v2\/users\/9"}],"replies":[{"embeddable":true,"href":"https:\/\/cidadeazulnoticias.com.br\/wp-json\/wp\/v2\/comments?post=129713"}],"version-history":[{"count":1,"href":"https:\/\/cidadeazulnoticias.com.br\/wp-json\/wp\/v2\/posts\/129713\/revisions"}],"predecessor-version":[{"id":129715,"href":"https:\/\/cidadeazulnoticias.com.br\/wp-json\/wp\/v2\/posts\/129713\/revisions\/129715"}],"wp:featuredmedia":[{"embeddable":true,"href":"https:\/\/cidadeazulnoticias.com.br\/wp-json\/wp\/v2\/media\/129714"}],"wp:attachment":[{"href":"https:\/\/cidadeazulnoticias.com.br\/wp-json\/wp\/v2\/media?parent=129713"}],"wp:term":[{"taxonomy":"category","embeddable":true,"href":"https:\/\/cidadeazulnoticias.com.br\/wp-json\/wp\/v2\/categories?post=129713"},{"taxonomy":"post_tag","embeddable":true,"href":"https:\/\/cidadeazulnoticias.com.br\/wp-json\/wp\/v2\/tags?post=129713"}],"curies":[{"name":"wp","href":"https:\/\/api.w.org\/{rel}","templated":true}]}},{"id":129710,"date":"2026-08-31T13:40:25","date_gmt":"2026-08-31T16:40:25","guid":{"rendered":"https:\/\/cidadeazulnoticias.com.br\/?p=129710"},"modified":"2026-08-31T13:40:25","modified_gmt":"2026-08-31T16:40:25","slug":"discussao-termina-em-prisao-por-violencia-domestica-em-ipeuna","status":"publish","type":"post","link":"https:\/\/cidadeazulnoticias.com.br\/discussao-termina-em-prisao-por-violencia-domestica-em-ipeuna\/","title":{"rendered":"Discuss\u00e3o termina em pris\u00e3o por viol\u00eancia dom\u00e9stica em Ipe\u00fana"},"content":{"rendered":"<h2><em>Homem teria amea\u00e7ado e agredido a companheira e ainda se recusado a deixar a resid\u00eancia; PM precisou cont\u00ea-lo para condu\u00e7\u00e3o ao Plant\u00e3o Policial.<\/em><\/h2>\n<p>Uma discuss\u00e3o entre um casal terminou com a chegada da Pol\u00edcia Militar e uma pris\u00e3o em flagrante na noite de domingo (30), no Jardim Nova Ipe\u00fana, em Ipe\u00fana.<\/p>\n<p>De acordo com o registro da ocorr\u00eancia, a equipe policial foi acionada para atender a uma den\u00fancia de viol\u00eancia dom\u00e9stica. No local, a v\u00edtima relatou aos policiais que havia discutido com o companheiro e pedido que ele deixasse a resid\u00eancia.<\/p>\n<p>O pedido, por\u00e9m, teria sido recebido com amea\u00e7as. Segundo o relato apresentado \u00e0 pol\u00edcia, na sequ\u00eancia, o homem teria agredido a companheira com um empurr\u00e3o no rosto.<\/p>\n<p>Quando o \u201c\u00e9 melhor voc\u00ea ir embora\u201d n\u00e3o foi levado a s\u00e9rio<\/p>\n<p>Diante da situa\u00e7\u00e3o, os policiais fizeram contato com o homem e determinaram que ele deixasse o im\u00f3vel. O problema \u00e9 que, segundo a ocorr\u00eancia, a ordem policial teria encontrado resist\u00eancia \u2014 e n\u00e3o pouca.<\/p>\n<p>O homem teria se recusado reiteradamente a sair da resid\u00eancia, apresentando comportamento alterado e demonstrando resist\u00eancia e desobedi\u00eancia \u00e0s determina\u00e7\u00f5es dos policiais.<\/p>\n<p>Nesse momento, a conversa deixou de ser apenas discuss\u00e3o de casal e passou a exigir a interven\u00e7\u00e3o da equipe. Os policiais precisaram realizar a conten\u00e7\u00e3o do homem para conduzi-lo ao Plant\u00e3o Policial.<\/p>\n<p>A autoridade policial ratificou a pris\u00e3o em flagrante, e o indiv\u00edduo permaneceu \u00e0 disposi\u00e7\u00e3o da Justi\u00e7a.<\/p>\n<p>Segundo o documento analisado, n\u00e3o constam antecedentes criminais em nome do homem.<\/p>\n<p>Viol\u00eancia dom\u00e9stica n\u00e3o \u00e9 \u201cbriga de casal\u201d<\/p>\n<p>Casos como esse refor\u00e7am uma quest\u00e3o que precisa ser tratada com seriedade: amea\u00e7as e agress\u00f5es dentro de uma rela\u00e7\u00e3o n\u00e3o devem ser naturalizadas como simples desentendimentos conjugais.<\/p>\n<p>Discuss\u00f5es podem acontecer. Viol\u00eancia, n\u00e3o.<\/p>\n<p>E, quando a situa\u00e7\u00e3o ultrapassa os limites do respeito e da seguran\u00e7a, a interven\u00e7\u00e3o das for\u00e7as policiais pode ser necess\u00e1ria para proteger a v\u00edtima e restabelecer a ordem.<\/p>\n<p>No epis\u00f3dio de Ipe\u00fana, o que come\u00e7ou como uma discuss\u00e3o terminou com algemas, Plant\u00e3o Policial e uma decis\u00e3o da Justi\u00e7a pela frente. Definitivamente, uma daquelas discuss\u00f5es em que ningu\u00e9m ganhou \u2014 mas algu\u00e9m acabou respondendo pelo que teria feito.<\/p>\n<p>&nbsp;<\/p>\n","protected":false},"excerpt":{"rendered":"<p>Homem teria amea\u00e7ado e agredido a companheira e ainda se recusado a deixar a resid\u00eancia; PM precisou cont\u00ea-lo para condu\u00e7\u00e3o ao Plant\u00e3o Policial. Uma discuss\u00e3o entre um casal terminou com a chegada da Pol\u00edcia Militar e uma pris\u00e3o em flagrante na noite de domingo (30), no Jardim Nova Ipe\u00fana, em Ipe\u00fana. De acordo com o [&hellip;]<\/p>\n","protected":false},"author":9,"featured_media":129711,"comment_status":"closed","ping_status":"closed","sticky":false,"template":"","format":"standard","meta":{"footnotes":""},"categories":[1,2],"tags":[10472,10359,14356,9481,11775,9128,8917,10456,8921,10632],"class_list":{"0":"post-129710","1":"post","2":"type-post","3":"status-publish","4":"format-standard","5":"has-post-thumbnail","7":"category-instagram","8":"category-seguranca","9":"tag-cidadeazulnoticias","10":"tag-ipeuna","11":"tag-jardimnovaipeuna","12":"tag-justica","13":"tag-ocorrenciapolicial","14":"tag-policia","15":"tag-policiamilitar","16":"tag-prisaoemflagrante","17":"tag-segurancapublica","18":"tag-violenciadomestica"},"_links":{"self":[{"href":"https:\/\/cidadeazulnoticias.com.br\/wp-json\/wp\/v2\/posts\/129710"}],"collection":[{"href":"https:\/\/cidadeazulnoticias.com.br\/wp-json\/wp\/v2\/posts"}],"about":[{"href":"https:\/\/cidadeazulnoticias.com.br\/wp-json\/wp\/v2\/types\/post"}],"author":[{"embeddable":true,"href":"https:\/\/cidadeazulnoticias.com.br\/wp-json\/wp\/v2\/users\/9"}],"replies":[{"embeddable":true,"href":"https:\/\/cidadeazulnoticias.com.br\/wp-json\/wp\/v2\/comments?post=129710"}],"version-history":[{"count":1,"href":"https:\/\/cidadeazulnoticias.com.br\/wp-json\/wp\/v2\/posts\/129710\/revisions"}],"predecessor-version":[{"id":129712,"href":"https:\/\/cidadeazulnoticias.com.br\/wp-json\/wp\/v2\/posts\/129710\/revisions\/129712"}],"wp:featuredmedia":[{"embeddable":true,"href":"https:\/\/cidadeazulnoticias.com.br\/wp-json\/wp\/v2\/media\/129711"}],"wp:attachment":[{"href":"https:\/\/cidadeazulnoticias.com.br\/wp-json\/wp\/v2\/media?parent=129710"}],"wp:term":[{"taxonomy":"category","embeddable":true,"href":"https:\/\/cidadeazulnoticias.com.br\/wp-json\/wp\/v2\/categories?post=129710"},{"taxonomy":"post_tag","embeddable":true,"href":"https:\/\/cidadeazulnoticias.com.br\/wp-json\/wp\/v2\/tags?post=129710"}],"curies":[{"name":"wp","href":"https:\/\/api.w.org\/{rel}","templated":true}]}},{"id":129707,"date":"2026-08-31T11:04:02","date_gmt":"2026-08-31T14:04:02","guid":{"rendered":"https:\/\/cidadeazulnoticias.com.br\/?p=129707"},"modified":"2026-08-31T11:04:02","modified_gmt":"2026-08-31T14:04:02","slug":"correr-nao-resolveu-pm-prende-homem-por-trafico-de-drogas-no-jardim-guanabara","status":"publish","type":"post","link":"https:\/\/cidadeazulnoticias.com.br\/correr-nao-resolveu-pm-prende-homem-por-trafico-de-drogas-no-jardim-guanabara\/","title":{"rendered":"CORRER N\u00c3O RESOLVEU: PM PRENDE HOMEM POR TR\u00c1FICO DE DROGAS NO JARDIM GUANABARA"},"content":{"rendered":"<h2>\n<em>Homem tentou se desfazer dos entorpecentes e ainda fugiu a p\u00e9 durante abordagem, mas acabou alcan\u00e7ado pelos policiais; ocorr\u00eancia aconteceu nas proximidades de uma unidade escolar<\/em><\/h2>\n<p>A tarde de domingo (30) terminou com pris\u00e3o em flagrante por tr\u00e1fico de drogas no Jardim Guanabara, em Rio Claro. A ocorr\u00eancia foi atendida pela Pol\u00edcia Militar durante patrulhamento pela regi\u00e3o.<\/p>\n<p>Segundo informa\u00e7\u00f5es da PM, os policiais visualizaram um indiv\u00edduo que, ao perceber a aproxima\u00e7\u00e3o da viatura, resolveu tentar se livrar de alguns objetos, arremessando-os por cima do muro de uma resid\u00eancia.<\/p>\n<p>Na abordagem, os policiais encontraram com o homem dinheiro e microtubos contendo subst\u00e2ncia com caracter\u00edsticas de coca\u00edna. Mas, antes que a busca pessoal fosse conclu\u00edda, o suspeito decidiu mudar o roteiro da ocorr\u00eancia e fugiu a p\u00e9.<\/p>\n<p>A tentativa de escapar, por\u00e9m, n\u00e3o durou muito. Ap\u00f3s acompanhamento por diversas vias, os policiais conseguiram alcan\u00e7ar o indiv\u00edduo.<\/p>\n<p>Na sequ\u00eancia, a equipe tamb\u00e9m verificou o local onde os objetos haviam sido arremessados. E a estrat\u00e9gia de \u201cjogar para o outro lado do muro\u201d n\u00e3o deu muito certo: os policiais localizaram mais entorpecentes.<\/p>\n<p>Ao final da ocorr\u00eancia, foram apreendidos 63 microtubos contendo coca\u00edna, totalizando 40 gramas, al\u00e9m de R$ 21,50 em dinheiro.<\/p>\n<p>O homem recebeu atendimento m\u00e9dico e, posteriormente, foi encaminhado ao Plant\u00e3o Policial. A autoridade policial ratificou a pris\u00e3o em flagrante por tr\u00e1fico de drogas e determinou que ele permanecesse \u00e0 disposi\u00e7\u00e3o da Justi\u00e7a.<\/p>\n<p>Um detalhe que chama aten\u00e7\u00e3o no registro \u00e9 que a ocorr\u00eancia aconteceu nas proximidades de uma unidade escolar, circunst\u00e2ncia que refor\u00e7a a import\u00e2ncia do patrulhamento preventivo realizado pela Pol\u00edcia Militar naquela regi\u00e3o.<\/p>\n<p>De acordo com a resenha policial, o preso j\u00e1 possu\u00eda registros anteriores relacionados aos artigos 28, 33, 35 e 40 da Lei de Drogas, al\u00e9m dos artigos 29, 69, 129, 147 e 155 do C\u00f3digo Penal.<\/p>\n<p>No domingo, pelo menos, a corrida teve linha de chegada definida: a viatura chegou primeiro ao destino \u2014 e o suspeito terminou a prova direto no Plant\u00e3o Policial.<\/p>\n","protected":false},"excerpt":{"rendered":"<p>Homem tentou se desfazer dos entorpecentes e ainda fugiu a p\u00e9 durante abordagem, mas acabou alcan\u00e7ado pelos policiais; ocorr\u00eancia aconteceu nas proximidades de uma unidade escolar A tarde de domingo (30) terminou com pris\u00e3o em flagrante por tr\u00e1fico de drogas no Jardim Guanabara, em Rio Claro. A ocorr\u00eancia foi atendida pela Pol\u00edcia Militar durante patrulhamento [&hellip;]<\/p>\n","protected":false},"author":9,"featured_media":129708,"comment_status":"closed","ping_status":"closed","sticky":false,"template":"","format":"standard","meta":{"footnotes":""},"categories":[1,2],"tags":[14355],"class_list":{"0":"post-129707","1":"post","2":"type-post","3":"status-publish","4":"format-standard","5":"has-post-thumbnail","7":"category-instagram","8":"category-seguranca","9":"tag-policiamilitar-pm-rioclaro-jardimguanabara-traficodedrogas-combateasdrogas-segurancapublica-policia-ocorrenciapolicial-plantaopolicial-cidadeazulnoticias"},"_links":{"self":[{"href":"https:\/\/cidadeazulnoticias.com.br\/wp-json\/wp\/v2\/posts\/129707"}],"collection":[{"href":"https:\/\/cidadeazulnoticias.com.br\/wp-json\/wp\/v2\/posts"}],"about":[{"href":"https:\/\/cidadeazulnoticias.com.br\/wp-json\/wp\/v2\/types\/post"}],"author":[{"embeddable":true,"href":"https:\/\/cidadeazulnoticias.com.br\/wp-json\/wp\/v2\/users\/9"}],"replies":[{"embeddable":true,"href":"https:\/\/cidadeazulnoticias.com.br\/wp-json\/wp\/v2\/comments?post=129707"}],"version-history":[{"count":1,"href":"https:\/\/cidadeazulnoticias.com.br\/wp-json\/wp\/v2\/posts\/129707\/revisions"}],"predecessor-version":[{"id":129709,"href":"https:\/\/cidadeazulnoticias.com.br\/wp-json\/wp\/v2\/posts\/129707\/revisions\/129709"}],"wp:featuredmedia":[{"embeddable":true,"href":"https:\/\/cidadeazulnoticias.com.br\/wp-json\/wp\/v2\/media\/129708"}],"wp:attachment":[{"href":"https:\/\/cidadeazulnoticias.com.br\/wp-json\/wp\/v2\/media?parent=129707"}],"wp:term":[{"taxonomy":"category","embeddable":true,"href":"https:\/\/cidadeazulnoticias.com.br\/wp-json\/wp\/v2\/categories?post=129707"},{"taxonomy":"post_tag","embeddable":true,"href":"https:\/\/cidadeazulnoticias.com.br\/wp-json\/wp\/v2\/tags?post=129707"}],"curies":[{"name":"wp","href":"https:\/\/api.w.org\/{rel}","templated":true}]}},{"id":129705,"date":"2026-08-31T10:52:49","date_gmt":"2026-08-31T13:52:49","guid":{"rendered":"https:\/\/cidadeazulnoticias.com.br\/?p=129705"},"modified":"2026-08-31T10:52:49","modified_gmt":"2026-08-31T13:52:49","slug":"domingo-de-violencia-termina-com-homem-preso-por-agressao-e-ameaca-em-itirapina","status":"publish","type":"post","link":"https:\/\/cidadeazulnoticias.com.br\/domingo-de-violencia-termina-com-homem-preso-por-agressao-e-ameaca-em-itirapina\/","title":{"rendered":"Domingo de viol\u00eancia termina com homem preso por agress\u00e3o e amea\u00e7a em Itirapina"},"content":{"rendered":"<h2><em>Mulher relatou agress\u00f5es recorrentes, tentativa de sufocamento e amea\u00e7a de morte com uma faca; filho do casal, de apenas dois anos, estava na resid\u00eancia durante os fatos.<\/em><\/h2>\n<p>O que deveria ser apenas mais uma tarde de domingo em fam\u00edlia terminou com a interven\u00e7\u00e3o da Pol\u00edcia Militar e uma pris\u00e3o em flagrante no Jardim Nova Itirapina. Um homem foi detido ap\u00f3s ser acusado de agredir, amea\u00e7ar e tentar sufocar a pr\u00f3pria companheira, al\u00e9m de colocar uma faca no pesco\u00e7o da v\u00edtima e amea\u00e7\u00e1-la de morte.<\/p>\n<p>A Pol\u00edcia Militar foi acionada ap\u00f3s receber informa\u00e7\u00f5es de que uma mulher estaria sendo agredida pelo companheiro e que ele estaria armado com uma faca.<\/p>\n<p>No local, a v\u00edtima relatou aos policiais que as agress\u00f5es n\u00e3o seriam um epis\u00f3dio isolado. Segundo seu depoimento, ap\u00f3s um desentendimento, ela teria sido agredida fisicamente, ofendida e, em determinado momento, o homem teria tentado sufoc\u00e1-la. Ainda conforme o relato, ele teria colocado uma faca em seu pesco\u00e7o e feito amea\u00e7as de morte.<\/p>\n<p>Como se a situa\u00e7\u00e3o j\u00e1 n\u00e3o fosse grave o suficiente, m\u00f3veis e eletrodom\u00e9sticos da resid\u00eancia tamb\u00e9m teriam sido danificados durante o epis\u00f3dio.<\/p>\n<p>E h\u00e1 um detalhe que torna a ocorr\u00eancia ainda mais preocupante: tudo teria acontecido na presen\u00e7a do filho do casal, uma crian\u00e7a de apenas dois anos de idade.<\/p>\n<h3>Resist\u00eancia e mais amea\u00e7as<\/h3>\n<p>Durante a interven\u00e7\u00e3o policial, segundo a PM, o homem apresentou comportamento agressivo, resistiu \u00e0 abordagem e continuou proferindo amea\u00e7as contra a v\u00edtima. Diante da situa\u00e7\u00e3o, os policiais precisaram cont\u00ea-lo.<\/p>\n<p>Aquela velha hist\u00f3ria de que \u201cbriga de casal ningu\u00e9m mete a colher\u201d definitivamente n\u00e3o combina com situa\u00e7\u00f5es de viol\u00eancia dom\u00e9stica. Quando aparecem agress\u00f5es, amea\u00e7as, uma faca e uma crian\u00e7a exposta ao cen\u00e1rio, a colher d\u00e1 lugar \u00e0 interven\u00e7\u00e3o policial \u2014 e com toda raz\u00e3o.<\/p>\n<p>As partes receberam atendimento m\u00e9dico e, posteriormente, foram encaminhadas ao Plant\u00e3o Policial de Rio Claro, onde a ocorr\u00eancia foi apresentada.<\/p>\n<p>A autoridade policial ratificou a pris\u00e3o em flagrante, e o homem permaneceu recolhido \u00e0 disposi\u00e7\u00e3o da Justi\u00e7a.<\/p>\n<p>Uma faca utilizada durante as amea\u00e7as foi apreendida.<\/p>\n<p>Segundo as informa\u00e7\u00f5es da ocorr\u00eancia, o preso j\u00e1 possu\u00eda antecedentes criminais por tr\u00e1fico de drogas e recepta\u00e7\u00e3o.<\/p>\n<p>A ocorr\u00eancia refor\u00e7a, mais uma vez, a import\u00e2ncia de denunciar situa\u00e7\u00f5es de viol\u00eancia dom\u00e9stica. A viol\u00eancia dentro de casa n\u00e3o deve ser tratada como assunto particular ou \u201cproblema de casal\u201d. Quando h\u00e1 agress\u00e3o e amea\u00e7a, existe uma situa\u00e7\u00e3o de risco que pode \u2014 e deve \u2014 ser comunicada \u00e0s autoridades.<\/p>\n<p>Viol\u00eancia dom\u00e9stica n\u00e3o \u00e9 discuss\u00e3o de relacionamento. \u00c9 crime, \u00e9 risco e pode terminar em trag\u00e9dia.<\/p>\n<p>&nbsp;<\/p>\n<p>&nbsp;<\/p>\n","protected":false},"excerpt":{"rendered":"<p>Mulher relatou agress\u00f5es recorrentes, tentativa de sufocamento e amea\u00e7a de morte com uma faca; filho do casal, de apenas dois anos, estava na resid\u00eancia durante os fatos. O que deveria ser apenas mais uma tarde de domingo em fam\u00edlia terminou com a interven\u00e7\u00e3o da Pol\u00edcia Militar e uma pris\u00e3o em flagrante no Jardim Nova Itirapina. [&hellip;]<\/p>\n","protected":false},"author":9,"featured_media":115586,"comment_status":"closed","ping_status":"closed","sticky":false,"template":"","format":"standard","meta":{"footnotes":""},"categories":[1,2],"tags":[9484,11164,10472,9887,12925,11459,8917,10456,8919,8921,10632],"class_list":{"0":"post-129705","1":"post","2":"type-post","3":"status-publish","4":"format-standard","5":"has-post-thumbnail","7":"category-instagram","8":"category-seguranca","9":"tag-agressao","10":"tag-ameaca","11":"tag-cidadeazulnoticias","12":"tag-itirapina","13":"tag-jardimnovaitirapina","14":"tag-plantaopolicial","15":"tag-policiamilitar","16":"tag-prisaoemflagrante","17":"tag-rioclaro","18":"tag-segurancapublica","19":"tag-violenciadomestica"},"_links":{"self":[{"href":"https:\/\/cidadeazulnoticias.com.br\/wp-json\/wp\/v2\/posts\/129705"}],"collection":[{"href":"https:\/\/cidadeazulnoticias.com.br\/wp-json\/wp\/v2\/posts"}],"about":[{"href":"https:\/\/cidadeazulnoticias.com.br\/wp-json\/wp\/v2\/types\/post"}],"author":[{"embeddable":true,"href":"https:\/\/cidadeazulnoticias.com.br\/wp-json\/wp\/v2\/users\/9"}],"replies":[{"embeddable":true,"href":"https:\/\/cidadeazulnoticias.com.br\/wp-json\/wp\/v2\/comments?post=129705"}],"version-history":[{"count":1,"href":"https:\/\/cidadeazulnoticias.com.br\/wp-json\/wp\/v2\/posts\/129705\/revisions"}],"predecessor-version":[{"id":129706,"href":"https:\/\/cidadeazulnoticias.com.br\/wp-json\/wp\/v2\/posts\/129705\/revisions\/129706"}],"wp:featuredmedia":[{"embeddable":true,"href":"https:\/\/cidadeazulnoticias.com.br\/wp-json\/wp\/v2\/media\/115586"}],"wp:attachment":[{"href":"https:\/\/cidadeazulnoticias.com.br\/wp-json\/wp\/v2\/media?parent=129705"}],"wp:term":[{"taxonomy":"category","embeddable":true,"href":"https:\/\/cidadeazulnoticias.com.br\/wp-json\/wp\/v2\/categories?post=129705"},{"taxonomy":"post_tag","embeddable":true,"href":"https:\/\/cidadeazulnoticias.com.br\/wp-json\/wp\/v2\/tags?post=129705"}],"curies":[{"name":"wp","href":"https:\/\/api.w.org\/{rel}","templated":true}]}},{"id":129660,"date":"2026-08-30T11:32:34","date_gmt":"2026-08-30T14:32:34","guid":{"rendered":"https:\/\/cidadeazulnoticias.com.br\/?p=129660"},"modified":"2026-08-30T11:32:34","modified_gmt":"2026-08-30T14:32:34","slug":"baile-da-advocacia-reune-elegancia-musica-e-celebracao-em-uma-noite-memoravel-em-rio-claro","status":"publish","type":"post","link":"https:\/\/cidadeazulnoticias.com.br\/baile-da-advocacia-reune-elegancia-musica-e-celebracao-em-uma-noite-memoravel-em-rio-claro\/","title":{"rendered":"Baile da Advocacia re\u00fane eleg\u00e2ncia, m\u00fasica e celebra\u00e7\u00e3o em uma noite memor\u00e1vel em Rio Claro"},"content":{"rendered":"<h2><em>Evento promovido pela 4\u00aa Subse\u00e7\u00e3o da OAB Rio Claro teve recep\u00e7\u00e3o calorosa, gastronomia especial e atra\u00e7\u00f5es que conduziram a festa do acolhimento \u00e0 pista de dan\u00e7a.<\/em><\/h2>\n<p>&nbsp;<\/p>\n<p>Se existe uma receita para uma noite perfeita, a 4\u00aa Subse\u00e7\u00e3o da OAB Rio Claro parece ter encontrado todos os ingredientes. M\u00fasica bem escolhida, gastronomia caprichada, ambiente de confraterniza\u00e7\u00e3o e, principalmente, gente disposta a celebrar. Foi assim o Baile da Advocacia, realizado no sal\u00e3o do Grupo Gin\u00e1stico Rioclarense, que reuniu advogados, familiares e convidados em uma noite marcada pela eleg\u00e2ncia, amizade e muita anima\u00e7\u00e3o.<\/p>\n<p><img loading=\"lazy\" decoding=\"async\" class=\"alignnone wp-image-129664 size-full\" src=\"https:\/\/s3.cidadeazulnoticias.com.br\/wp-content\/uploads\/2026\/08\/30111808\/baile-da-advocacia-OAB-6.jpg\" alt=\"\" width=\"1000\" height=\"664\" srcset=\"https:\/\/s3.cidadeazulnoticias.com.br\/wp-content\/uploads\/2026\/08\/30111808\/baile-da-advocacia-OAB-6.jpg 1000w, https:\/\/s3.cidadeazulnoticias.com.br\/wp-content\/uploads\/2026\/08\/30111808\/baile-da-advocacia-OAB-6-300x199.jpg 300w, https:\/\/s3.cidadeazulnoticias.com.br\/wp-content\/uploads\/2026\/08\/30111808\/baile-da-advocacia-OAB-6-768x510.jpg 768w, https:\/\/s3.cidadeazulnoticias.com.br\/wp-content\/uploads\/2026\/08\/30111808\/baile-da-advocacia-OAB-6-633x420.jpg 633w, https:\/\/s3.cidadeazulnoticias.com.br\/wp-content\/uploads\/2026\/08\/30111808\/baile-da-advocacia-OAB-6-696x462.jpg 696w\" sizes=\"(max-width: 1000px) 100vw, 1000px\" \/><\/p>\n<p>&nbsp;<\/p>\n<p>Logo na chegada, os convidados foram recebidos pela presidente da 4\u00aa Subse\u00e7\u00e3o da OAB Rio Claro, Dra. Ana Paula Gon\u00e7alves Copriva, pelo vice-presidente Levi Martins e por toda a diretoria. Mais do que uma recep\u00e7\u00e3o formal, o momento traduziu o esp\u00edrito da celebra\u00e7\u00e3o: acolher, aproximar e reunir a advocacia rio-clarense em torno de uma noite especialmente preparada para comemorar o M\u00eas da Advocacia.<\/p>\n<p><img loading=\"lazy\" decoding=\"async\" class=\"alignnone wp-image-129665 size-full\" src=\"https:\/\/s3.cidadeazulnoticias.com.br\/wp-content\/uploads\/2026\/08\/30112011\/baile-da-advocacia-OAB-8.jpg\" alt=\"\" width=\"1000\" height=\"664\" srcset=\"https:\/\/s3.cidadeazulnoticias.com.br\/wp-content\/uploads\/2026\/08\/30112011\/baile-da-advocacia-OAB-8.jpg 1000w, https:\/\/s3.cidadeazulnoticias.com.br\/wp-content\/uploads\/2026\/08\/30112011\/baile-da-advocacia-OAB-8-300x199.jpg 300w, https:\/\/s3.cidadeazulnoticias.com.br\/wp-content\/uploads\/2026\/08\/30112011\/baile-da-advocacia-OAB-8-768x510.jpg 768w, https:\/\/s3.cidadeazulnoticias.com.br\/wp-content\/uploads\/2026\/08\/30112011\/baile-da-advocacia-OAB-8-633x420.jpg 633w, https:\/\/s3.cidadeazulnoticias.com.br\/wp-content\/uploads\/2026\/08\/30112011\/baile-da-advocacia-OAB-8-696x462.jpg 696w\" sizes=\"(max-width: 1000px) 100vw, 1000px\" \/><\/p>\n<p>E a programa\u00e7\u00e3o musical mostrou que festa boa tamb\u00e9m depende de saber escolher o momento certo para cada atra\u00e7\u00e3o.<\/p>\n<h4>Nicole Nagib e o som que acolheu<\/h4>\n<p>A abertura ficou por conta de Nicole Nagib, que trouxe ao sal\u00e3o um repert\u00f3rio cuidadosamente escolhido para aquele primeiro momento da noite.<\/p>\n<p><img loading=\"lazy\" decoding=\"async\" class=\"alignnone wp-image-129662 size-full\" src=\"https:\/\/s3.cidadeazulnoticias.com.br\/wp-content\/uploads\/2026\/08\/30111517\/baile-da-advocacia-OAB-26.jpg\" alt=\"\" width=\"1000\" height=\"664\" srcset=\"https:\/\/s3.cidadeazulnoticias.com.br\/wp-content\/uploads\/2026\/08\/30111517\/baile-da-advocacia-OAB-26.jpg 1000w, https:\/\/s3.cidadeazulnoticias.com.br\/wp-content\/uploads\/2026\/08\/30111517\/baile-da-advocacia-OAB-26-300x199.jpg 300w, https:\/\/s3.cidadeazulnoticias.com.br\/wp-content\/uploads\/2026\/08\/30111517\/baile-da-advocacia-OAB-26-768x510.jpg 768w, https:\/\/s3.cidadeazulnoticias.com.br\/wp-content\/uploads\/2026\/08\/30111517\/baile-da-advocacia-OAB-26-633x420.jpg 633w, https:\/\/s3.cidadeazulnoticias.com.br\/wp-content\/uploads\/2026\/08\/30111517\/baile-da-advocacia-OAB-26-696x462.jpg 696w\" sizes=\"(max-width: 1000px) 100vw, 1000px\" \/><\/p>\n<p>Com sua voz melodiosa, doce e suave, mas tamb\u00e9m capaz de ganhar for\u00e7a e intensidade, Nicole criou uma atmosfera acolhedora, perfeita para os primeiros encontros, cumprimentos e reencontros entre os convidados.<\/p>\n<p>Ao lado do guitarrista Matheus Santos, a cantora proporcionou uma apresenta\u00e7\u00e3o marcada pela delicadeza e pela sintonia, transformando m\u00fasica em emo\u00e7\u00e3o e dando o tom elegante que a abertura da noite pedia.<\/p>\n<p>Foi aquele momento em que ningu\u00e9m tinha pressa de ir para a pista. Afinal, ainda era hora de colocar a conversa em dia, brindar, rever amigos e simplesmente aproveitar uma boa m\u00fasica.<\/p>\n<h4>Quando Kalu e os Bambas assumiram o palco&#8230;<\/h4>\n<p>Mas, como toda boa festa sabe fazer, o clima mudou na hora certa.<\/p>\n<p>Na sequ\u00eancia, Kalu e os Bambas assumiram o palco e fizeram aquilo que sabem fazer muito bem: colocar o p\u00fablico para dan\u00e7ar.<\/p>\n<p><img loading=\"lazy\" decoding=\"async\" class=\"alignnone wp-image-129663 size-full\" src=\"https:\/\/s3.cidadeazulnoticias.com.br\/wp-content\/uploads\/2026\/08\/30111725\/baile-da-advocacia-OAB-41.jpg\" alt=\"\" width=\"1000\" height=\"664\" srcset=\"https:\/\/s3.cidadeazulnoticias.com.br\/wp-content\/uploads\/2026\/08\/30111725\/baile-da-advocacia-OAB-41.jpg 1000w, https:\/\/s3.cidadeazulnoticias.com.br\/wp-content\/uploads\/2026\/08\/30111725\/baile-da-advocacia-OAB-41-300x199.jpg 300w, https:\/\/s3.cidadeazulnoticias.com.br\/wp-content\/uploads\/2026\/08\/30111725\/baile-da-advocacia-OAB-41-768x510.jpg 768w, https:\/\/s3.cidadeazulnoticias.com.br\/wp-content\/uploads\/2026\/08\/30111725\/baile-da-advocacia-OAB-41-633x420.jpg 633w, https:\/\/s3.cidadeazulnoticias.com.br\/wp-content\/uploads\/2026\/08\/30111725\/baile-da-advocacia-OAB-41-696x462.jpg 696w\" sizes=\"(max-width: 1000px) 100vw, 1000px\" \/><\/p>\n<p>Com muito ritmo, energia e um repert\u00f3rio contagiante, a banda transformou o sal\u00e3o em pista de dan\u00e7a. Advogados, familiares e convidados deixaram as mesas de lado e se entregaram \u00e0 m\u00fasica, mostrando que, quando a advocacia resolve comemorar, tamb\u00e9m sabe defender \u2014 e muito bem \u2014 o direito \u00e0 divers\u00e3o!<\/p>\n<h4>Uma estrela \u00e0 parte: a gastronomia<\/h4>\n<p>Se a m\u00fasica foi respons\u00e1vel por conduzir as emo\u00e7\u00f5es da noite, a gastronomia tamb\u00e9m teve seu momento de protagonismo.<\/p>\n<p>O Buffet Pinhatti preparou um card\u00e1pio \u00e0 altura da ocasi\u00e3o, come\u00e7ando por uma mesa de aperitivos repleta de op\u00e7\u00f5es e seguindo para pratos principais que agradaram aos mais diversos paladares.<\/p>\n<p>Entre os destaques, o mignon e o peixe ganharam aten\u00e7\u00e3o especial, acompanhados por uma variedade de guarni\u00e7\u00f5es que completaram a experi\u00eancia gastron\u00f4mica.<\/p>\n<p>Em uma festa onde tudo foi pensado para agradar, a gastronomia acabou funcionando como mais uma atra\u00e7\u00e3o \u2014 e daquelas que ningu\u00e9m queria perder.<\/p>\n<p>Uma noite para celebrar a advocacia<\/p>\n<p>Durante o evento, o Cidade Azul Not\u00edcias tamb\u00e9m conversou com a presidente da 4\u00aa Subse\u00e7\u00e3o, Dra. Ana Paula Gon\u00e7alves Copriva, que destacou a import\u00e2ncia da confraterniza\u00e7\u00e3o e do trabalho desenvolvido pela entidade em favor da advocacia.<\/p>\n<p>Ana Paula fez quest\u00e3o de lembrar que agosto \u00e9 o M\u00eas da Advocacia e aproveitou para convidar os profissionais a participarem das atividades promovidas pela OAB Rio Claro e conhecerem a nova sede da Casa da Advocacia e Cidadania, espa\u00e7o que representa mais um importante cap\u00edtulo na trajet\u00f3ria da entidade.<\/p>\n<blockquote class=\"instagram-media\" style=\"background: #FFF; border: 0; border-radius: 3px; box-shadow: 0 0 1px 0 rgba(0,0,0,0.5),0 1px 10px 0 rgba(0,0,0,0.15); margin: 1px; max-width: 540px; min-width: 326px; padding: 0; width: calc(100% - 2px);\" data-instgrm-captioned=\"\" data-instgrm-permalink=\"https:\/\/www.instagram.com\/reel\/DcUxlWkxvkT\/?utm_source=ig_embed&amp;utm_campaign=loading\" data-instgrm-version=\"14\">\n<div style=\"padding: 16px;\">\n<p>&nbsp;<\/p>\n<div style=\"display: flex; flex-direction: row; align-items: center;\">\n<div style=\"background-color: #f4f4f4; border-radius: 50%; flex-grow: 0; height: 40px; margin-right: 14px; width: 40px;\"><\/div>\n<div style=\"display: flex; flex-direction: column; flex-grow: 1; justify-content: center;\">\n<div style=\"background-color: #f4f4f4; border-radius: 4px; flex-grow: 0; height: 14px; margin-bottom: 6px; width: 100px;\"><\/div>\n<div style=\"background-color: #f4f4f4; border-radius: 4px; flex-grow: 0; height: 14px; width: 60px;\"><\/div>\n<\/div>\n<\/div>\n<div style=\"padding: 19% 0;\"><\/div>\n<div style=\"display: block; height: 50px; margin: 0 auto 12px; width: 50px;\"><\/div>\n<div style=\"padding-top: 8px;\">\n<div style=\"color: #3897f0; font-family: Arial,sans-serif; font-size: 14px; font-style: normal; font-weight: 550; line-height: 18px;\">Ver essa foto no Instagram<\/div>\n<\/div>\n<div style=\"padding: 12.5% 0;\"><\/div>\n<div style=\"display: flex; flex-direction: row; margin-bottom: 14px; align-items: center;\">\n<div>\n<div style=\"background-color: #f4f4f4; border-radius: 50%; height: 12.5px; width: 12.5px; transform: translateX(0px) translateY(7px);\"><\/div>\n<div style=\"background-color: #f4f4f4; height: 12.5px; transform: rotate(-45deg) translateX(3px) translateY(1px); width: 12.5px; flex-grow: 0; margin-right: 14px; margin-left: 2px;\"><\/div>\n<div style=\"background-color: #f4f4f4; border-radius: 50%; height: 12.5px; width: 12.5px; transform: translateX(9px) translateY(-18px);\"><\/div>\n<\/div>\n<div style=\"margin-left: 8px;\">\n<div style=\"background-color: #f4f4f4; border-radius: 50%; flex-grow: 0; height: 20px; width: 20px;\"><\/div>\n<div style=\"width: 0; height: 0; border-top: 2px solid transparent; border-left: 6px solid #f4f4f4; border-bottom: 2px solid transparent; transform: translateX(16px) translateY(-4px) rotate(30deg);\"><\/div>\n<\/div>\n<div style=\"margin-left: auto;\">\n<div style=\"width: 0px; border-top: 8px solid #F4F4F4; border-right: 8px solid transparent; transform: translateY(16px);\"><\/div>\n<div style=\"background-color: #f4f4f4; flex-grow: 0; height: 12px; width: 16px; transform: translateY(-4px);\"><\/div>\n<div style=\"width: 0; height: 0; border-top: 8px solid #F4F4F4; border-left: 8px solid transparent; transform: translateY(-4px) translateX(8px);\"><\/div>\n<\/div>\n<\/div>\n<div style=\"display: flex; flex-direction: column; flex-grow: 1; justify-content: center; margin-bottom: 24px;\">\n<div style=\"background-color: #f4f4f4; border-radius: 4px; flex-grow: 0; height: 14px; margin-bottom: 6px; width: 224px;\"><\/div>\n<div style=\"background-color: #f4f4f4; border-radius: 4px; flex-grow: 0; height: 14px; width: 144px;\"><\/div>\n<\/div>\n<p>&nbsp;<\/p>\n<p style=\"color: #c9c8cd; font-family: Arial,sans-serif; font-size: 14px; line-height: 17px; margin-bottom: 0; margin-top: 8px; overflow: hidden; padding: 8px 0 7px; text-align: center; text-overflow: ellipsis; white-space: nowrap;\"><a style=\"color: #c9c8cd; font-family: Arial,sans-serif; font-size: 14px; font-style: normal; font-weight: normal; line-height: 17px; text-decoration: none;\" href=\"https:\/\/www.instagram.com\/reel\/DcUxlWkxvkT\/?utm_source=ig_embed&amp;utm_campaign=loading\" target=\"_blank\" rel=\"noopener\">Um post compartilhado por Cidade Azul Noti\u0301cias (@cidadeazulnoticias)<\/a><\/p>\n<\/div>\n<\/blockquote>\n<p><script async src=\"\/\/www.instagram.com\/embed.js\"><\/script><\/p>\n<p>O vice-presidente Levi Martins tamb\u00e9m falou ao Cidade Azul Not\u00edcias e saudou os presentes, estendendo o abra\u00e7o da entidade inclusive aos advogados que, por algum motivo, n\u00e3o puderam participar da celebra\u00e7\u00e3o. Em sua fala, destacou o trabalho realizado pela OAB Rio Claro e a import\u00e2ncia de momentos como aquele para fortalecer os v\u00ednculos entre os profissionais.<\/p>\n<blockquote class=\"instagram-media\" style=\"background: #FFF; border: 0; border-radius: 3px; box-shadow: 0 0 1px 0 rgba(0,0,0,0.5),0 1px 10px 0 rgba(0,0,0,0.15); margin: 1px; max-width: 540px; min-width: 326px; padding: 0; width: calc(100% - 2px);\" data-instgrm-captioned=\"\" data-instgrm-permalink=\"https:\/\/www.instagram.com\/reel\/DcU3n8txKt4\/?utm_source=ig_embed&amp;utm_campaign=loading\" data-instgrm-version=\"14\">\n<div style=\"padding: 16px;\">\n<p>&nbsp;<\/p>\n<div style=\"display: flex; flex-direction: row; align-items: center;\">\n<div style=\"background-color: #f4f4f4; border-radius: 50%; flex-grow: 0; height: 40px; margin-right: 14px; width: 40px;\"><\/div>\n<div style=\"display: flex; flex-direction: column; flex-grow: 1; justify-content: center;\">\n<div style=\"background-color: #f4f4f4; border-radius: 4px; flex-grow: 0; height: 14px; margin-bottom: 6px; width: 100px;\"><\/div>\n<div style=\"background-color: #f4f4f4; border-radius: 4px; flex-grow: 0; height: 14px; width: 60px;\"><\/div>\n<\/div>\n<\/div>\n<div style=\"padding: 19% 0;\"><\/div>\n<div style=\"display: block; height: 50px; margin: 0 auto 12px; width: 50px;\"><\/div>\n<div style=\"padding-top: 8px;\">\n<div style=\"color: #3897f0; font-family: Arial,sans-serif; font-size: 14px; font-style: normal; font-weight: 550; line-height: 18px;\">Ver essa foto no Instagram<\/div>\n<\/div>\n<div style=\"padding: 12.5% 0;\"><\/div>\n<div style=\"display: flex; flex-direction: row; margin-bottom: 14px; align-items: center;\">\n<div>\n<div style=\"background-color: #f4f4f4; border-radius: 50%; height: 12.5px; width: 12.5px; transform: translateX(0px) translateY(7px);\"><\/div>\n<div style=\"background-color: #f4f4f4; height: 12.5px; transform: rotate(-45deg) translateX(3px) translateY(1px); width: 12.5px; flex-grow: 0; margin-right: 14px; margin-left: 2px;\"><\/div>\n<div style=\"background-color: #f4f4f4; border-radius: 50%; height: 12.5px; width: 12.5px; transform: translateX(9px) translateY(-18px);\"><\/div>\n<\/div>\n<div style=\"margin-left: 8px;\">\n<div style=\"background-color: #f4f4f4; border-radius: 50%; flex-grow: 0; height: 20px; width: 20px;\"><\/div>\n<div style=\"width: 0; height: 0; border-top: 2px solid transparent; border-left: 6px solid #f4f4f4; border-bottom: 2px solid transparent; transform: translateX(16px) translateY(-4px) rotate(30deg);\"><\/div>\n<\/div>\n<div style=\"margin-left: auto;\">\n<div style=\"width: 0px; border-top: 8px solid #F4F4F4; border-right: 8px solid transparent; transform: translateY(16px);\"><\/div>\n<div style=\"background-color: #f4f4f4; flex-grow: 0; height: 12px; width: 16px; transform: translateY(-4px);\"><\/div>\n<div style=\"width: 0; height: 0; border-top: 8px solid #F4F4F4; border-left: 8px solid transparent; transform: translateY(-4px) translateX(8px);\"><\/div>\n<\/div>\n<\/div>\n<div style=\"display: flex; flex-direction: column; flex-grow: 1; justify-content: center; margin-bottom: 24px;\">\n<div style=\"background-color: #f4f4f4; border-radius: 4px; flex-grow: 0; height: 14px; margin-bottom: 6px; width: 224px;\"><\/div>\n<div style=\"background-color: #f4f4f4; border-radius: 4px; flex-grow: 0; height: 14px; width: 144px;\"><\/div>\n<\/div>\n<p>&nbsp;<\/p>\n<p style=\"color: #c9c8cd; font-family: Arial,sans-serif; font-size: 14px; line-height: 17px; margin-bottom: 0; margin-top: 8px; overflow: hidden; padding: 8px 0 7px; text-align: center; text-overflow: ellipsis; white-space: nowrap;\"><a style=\"color: #c9c8cd; font-family: Arial,sans-serif; font-size: 14px; font-style: normal; font-weight: normal; line-height: 17px; text-decoration: none;\" href=\"https:\/\/www.instagram.com\/reel\/DcU3n8txKt4\/?utm_source=ig_embed&amp;utm_campaign=loading\" target=\"_blank\" rel=\"noopener\">Um post compartilhado por Cidade Azul Noti\u0301cias (@cidadeazulnoticias)<\/a><\/p>\n<\/div>\n<\/blockquote>\n<p><script async src=\"\/\/www.instagram.com\/embed.js\"><\/script><\/p>\n<p>E foi justamente essa palavra \u2014 uni\u00e3o \u2014 que pareceu resumir a noite.<\/p>\n<p>Mais do que um baile, a celebra\u00e7\u00e3o foi uma oportunidade para a advocacia rio-clarense se encontrar fora dos tribunais, dos escrit\u00f3rios e das agendas profissionais. Uma noite para conversar, sorrir, dan\u00e7ar, brindar e fortalecer amizades.<\/p>\n<p>A presidente Dra. Ana Paula Gon\u00e7alves Copriva, o vice-presidente Levi Martins e toda a diretoria da 4\u00aa Subse\u00e7\u00e3o mostraram, mais uma vez, que valorizar uma classe tamb\u00e9m significa criar momentos para que ela se reconhe\u00e7a, se aproxime e comemore suas conquistas.<\/p>\n<p>E pelo que se viu no sal\u00e3o do Grupo Gin\u00e1stico, a advocacia rio-clarense n\u00e3o apenas marcou presen\u00e7a: fez do Baile da Advocacia 2026 uma noite para ficar na mem\u00f3ria.<\/p>\n<p>E a noite continua em nossas lentes!<\/p>\n<p>Quem esteve no Baile da Advocacia 2026 certamente vai querer reviver cada momento dessa celebra\u00e7\u00e3o. E quem n\u00e3o p\u00f4de estar presente ter\u00e1 a oportunidade de conferir um pouco do que aconteceu nessa noite especial.<\/p>\n<p>Acesse nossa galeria de fotos e confira os registros dos convidados, dos momentos de confraterniza\u00e7\u00e3o, da m\u00fasica, da alegria e de tudo aquilo que fez desta festa um grande sucesso.<\/p>\n<p>Visite o Cidade Azul Not\u00edcias e confira nossa galeria de fotos!<\/p>\n<div id='gallery-2' class='gallery galleryid-129660 gallery-columns-3 gallery-size-thumbnail'><figure class='gallery-item'>\n\t\t\t<div class='gallery-icon landscape'>\n\t\t\t\t<a href='https:\/\/cidadeazulnoticias.com.br\/baile-da-advocacia-reune-elegancia-musica-e-celebracao-em-uma-noite-memoravel-em-rio-claro\/baile-da-advocacia-oab-7\/'><img loading=\"lazy\" decoding=\"async\" width=\"150\" height=\"150\" src=\"https:\/\/s3.cidadeazulnoticias.com.br\/wp-content\/uploads\/2026\/08\/30112648\/baile-da-advocacia-OAB-7-150x150.jpg\" class=\"attachment-thumbnail size-thumbnail\" alt=\"\" \/><\/a>\n\t\t\t<\/div><\/figure><figure class='gallery-item'>\n\t\t\t<div class='gallery-icon landscape'>\n\t\t\t\t<a href='https:\/\/cidadeazulnoticias.com.br\/baile-da-advocacia-reune-elegancia-musica-e-celebracao-em-uma-noite-memoravel-em-rio-claro\/baile-da-advocacia-oab-9\/'><img loading=\"lazy\" decoding=\"async\" width=\"150\" height=\"150\" src=\"https:\/\/s3.cidadeazulnoticias.com.br\/wp-content\/uploads\/2026\/08\/30112654\/baile-da-advocacia-OAB-9-150x150.jpg\" class=\"attachment-thumbnail size-thumbnail\" alt=\"\" \/><\/a>\n\t\t\t<\/div><\/figure><figure class='gallery-item'>\n\t\t\t<div class='gallery-icon landscape'>\n\t\t\t\t<a href='https:\/\/cidadeazulnoticias.com.br\/baile-da-advocacia-reune-elegancia-musica-e-celebracao-em-uma-noite-memoravel-em-rio-claro\/baile-da-advocacia-oab-11\/'><img loading=\"lazy\" decoding=\"async\" width=\"150\" height=\"150\" src=\"https:\/\/s3.cidadeazulnoticias.com.br\/wp-content\/uploads\/2026\/08\/30112708\/baile-da-advocacia-OAB-11-150x150.jpg\" class=\"attachment-thumbnail size-thumbnail\" alt=\"\" \/><\/a>\n\t\t\t<\/div><\/figure><figure class='gallery-item'>\n\t\t\t<div class='gallery-icon landscape'>\n\t\t\t\t<a href='https:\/\/cidadeazulnoticias.com.br\/baile-da-advocacia-reune-elegancia-musica-e-celebracao-em-uma-noite-memoravel-em-rio-claro\/baile-da-advocacia-oab-14\/'><img loading=\"lazy\" decoding=\"async\" width=\"150\" height=\"150\" src=\"https:\/\/s3.cidadeazulnoticias.com.br\/wp-content\/uploads\/2026\/08\/30112721\/baile-da-advocacia-OAB-14-150x150.jpg\" class=\"attachment-thumbnail size-thumbnail\" alt=\"\" \/><\/a>\n\t\t\t<\/div><\/figure><figure class='gallery-item'>\n\t\t\t<div class='gallery-icon landscape'>\n\t\t\t\t<a href='https:\/\/cidadeazulnoticias.com.br\/baile-da-advocacia-reune-elegancia-musica-e-celebracao-em-uma-noite-memoravel-em-rio-claro\/baile-da-advocacia-oab-16\/'><img loading=\"lazy\" decoding=\"async\" width=\"150\" height=\"150\" src=\"https:\/\/s3.cidadeazulnoticias.com.br\/wp-content\/uploads\/2026\/08\/30112731\/baile-da-advocacia-OAB-16-150x150.jpg\" class=\"attachment-thumbnail size-thumbnail\" alt=\"\" \/><\/a>\n\t\t\t<\/div><\/figure><figure class='gallery-item'>\n\t\t\t<div class='gallery-icon landscape'>\n\t\t\t\t<a href='https:\/\/cidadeazulnoticias.com.br\/baile-da-advocacia-reune-elegancia-musica-e-celebracao-em-uma-noite-memoravel-em-rio-claro\/baile-da-advocacia-oab-17\/'><img loading=\"lazy\" decoding=\"async\" width=\"150\" height=\"150\" src=\"https:\/\/s3.cidadeazulnoticias.com.br\/wp-content\/uploads\/2026\/08\/30112751\/baile-da-advocacia-OAB-17-150x150.jpg\" class=\"attachment-thumbnail size-thumbnail\" alt=\"\" \/><\/a>\n\t\t\t<\/div><\/figure><figure class='gallery-item'>\n\t\t\t<div class='gallery-icon landscape'>\n\t\t\t\t<a href='https:\/\/cidadeazulnoticias.com.br\/baile-da-advocacia-reune-elegancia-musica-e-celebracao-em-uma-noite-memoravel-em-rio-claro\/baile-da-advocacia-oab-19\/'><img loading=\"lazy\" decoding=\"async\" width=\"150\" height=\"150\" src=\"https:\/\/s3.cidadeazulnoticias.com.br\/wp-content\/uploads\/2026\/08\/30112801\/baile-da-advocacia-OAB-19-150x150.jpg\" class=\"attachment-thumbnail size-thumbnail\" alt=\"\" \/><\/a>\n\t\t\t<\/div><\/figure><figure class='gallery-item'>\n\t\t\t<div class='gallery-icon landscape'>\n\t\t\t\t<a href='https:\/\/cidadeazulnoticias.com.br\/baile-da-advocacia-reune-elegancia-musica-e-celebracao-em-uma-noite-memoravel-em-rio-claro\/baile-da-advocacia-oab-20\/'><img loading=\"lazy\" decoding=\"async\" width=\"150\" height=\"150\" src=\"https:\/\/s3.cidadeazulnoticias.com.br\/wp-content\/uploads\/2026\/08\/30112820\/baile-da-advocacia-OAB-20-150x150.jpg\" class=\"attachment-thumbnail size-thumbnail\" alt=\"\" \/><\/a>\n\t\t\t<\/div><\/figure><figure class='gallery-item'>\n\t\t\t<div class='gallery-icon landscape'>\n\t\t\t\t<a href='https:\/\/cidadeazulnoticias.com.br\/baile-da-advocacia-reune-elegancia-musica-e-celebracao-em-uma-noite-memoravel-em-rio-claro\/baile-da-advocacia-oab-22\/'><img loading=\"lazy\" decoding=\"async\" width=\"150\" height=\"150\" src=\"https:\/\/s3.cidadeazulnoticias.com.br\/wp-content\/uploads\/2026\/08\/30112830\/baile-da-advocacia-OAB-22-150x150.jpg\" class=\"attachment-thumbnail size-thumbnail\" alt=\"\" \/><\/a>\n\t\t\t<\/div><\/figure><figure class='gallery-item'>\n\t\t\t<div class='gallery-icon landscape'>\n\t\t\t\t<a href='https:\/\/cidadeazulnoticias.com.br\/baile-da-advocacia-reune-elegancia-musica-e-celebracao-em-uma-noite-memoravel-em-rio-claro\/baile-da-advocacia-oab-23\/'><img loading=\"lazy\" decoding=\"async\" width=\"150\" height=\"150\" src=\"https:\/\/s3.cidadeazulnoticias.com.br\/wp-content\/uploads\/2026\/08\/30112849\/baile-da-advocacia-OAB-23-150x150.jpg\" class=\"attachment-thumbnail size-thumbnail\" alt=\"\" \/><\/a>\n\t\t\t<\/div><\/figure><figure class='gallery-item'>\n\t\t\t<div class='gallery-icon landscape'>\n\t\t\t\t<a href='https:\/\/cidadeazulnoticias.com.br\/baile-da-advocacia-reune-elegancia-musica-e-celebracao-em-uma-noite-memoravel-em-rio-claro\/baile-da-advocacia-oab-24\/'><img loading=\"lazy\" decoding=\"async\" width=\"150\" height=\"150\" src=\"https:\/\/s3.cidadeazulnoticias.com.br\/wp-content\/uploads\/2026\/08\/30112858\/baile-da-advocacia-OAB-24-150x150.jpg\" class=\"attachment-thumbnail size-thumbnail\" alt=\"\" \/><\/a>\n\t\t\t<\/div><\/figure><figure class='gallery-item'>\n\t\t\t<div class='gallery-icon landscape'>\n\t\t\t\t<a href='https:\/\/cidadeazulnoticias.com.br\/baile-da-advocacia-reune-elegancia-musica-e-celebracao-em-uma-noite-memoravel-em-rio-claro\/baile-da-advocacia-oab-28\/'><img loading=\"lazy\" decoding=\"async\" width=\"150\" height=\"150\" src=\"https:\/\/s3.cidadeazulnoticias.com.br\/wp-content\/uploads\/2026\/08\/30112909\/baile-da-advocacia-OAB-28-150x150.jpg\" class=\"attachment-thumbnail size-thumbnail\" alt=\"\" \/><\/a>\n\t\t\t<\/div><\/figure><figure class='gallery-item'>\n\t\t\t<div class='gallery-icon landscape'>\n\t\t\t\t<a href='https:\/\/cidadeazulnoticias.com.br\/baile-da-advocacia-reune-elegancia-musica-e-celebracao-em-uma-noite-memoravel-em-rio-claro\/baile-da-advocacia-oab-30\/'><img loading=\"lazy\" decoding=\"async\" width=\"150\" height=\"150\" src=\"https:\/\/s3.cidadeazulnoticias.com.br\/wp-content\/uploads\/2026\/08\/30112919\/baile-da-advocacia-OAB-30-150x150.jpg\" class=\"attachment-thumbnail size-thumbnail\" alt=\"\" \/><\/a>\n\t\t\t<\/div><\/figure><figure class='gallery-item'>\n\t\t\t<div class='gallery-icon landscape'>\n\t\t\t\t<a href='https:\/\/cidadeazulnoticias.com.br\/baile-da-advocacia-reune-elegancia-musica-e-celebracao-em-uma-noite-memoravel-em-rio-claro\/baile-da-advocacia-oab-32\/'><img loading=\"lazy\" decoding=\"async\" width=\"150\" height=\"150\" src=\"https:\/\/s3.cidadeazulnoticias.com.br\/wp-content\/uploads\/2026\/08\/30112929\/baile-da-advocacia-OAB-32-150x150.jpg\" class=\"attachment-thumbnail size-thumbnail\" alt=\"\" \/><\/a>\n\t\t\t<\/div><\/figure><figure class='gallery-item'>\n\t\t\t<div class='gallery-icon landscape'>\n\t\t\t\t<a href='https:\/\/cidadeazulnoticias.com.br\/baile-da-advocacia-reune-elegancia-musica-e-celebracao-em-uma-noite-memoravel-em-rio-claro\/baile-da-advocacia-oab-38\/'><img loading=\"lazy\" decoding=\"async\" width=\"150\" height=\"150\" src=\"https:\/\/s3.cidadeazulnoticias.com.br\/wp-content\/uploads\/2026\/08\/30112938\/baile-da-advocacia-OAB-38-150x150.jpg\" class=\"attachment-thumbnail size-thumbnail\" alt=\"\" \/><\/a>\n\t\t\t<\/div><\/figure><figure class='gallery-item'>\n\t\t\t<div class='gallery-icon landscape'>\n\t\t\t\t<a href='https:\/\/cidadeazulnoticias.com.br\/baile-da-advocacia-reune-elegancia-musica-e-celebracao-em-uma-noite-memoravel-em-rio-claro\/baile-da-advocacia-oab-39\/'><img loading=\"lazy\" decoding=\"async\" width=\"150\" height=\"150\" src=\"https:\/\/s3.cidadeazulnoticias.com.br\/wp-content\/uploads\/2026\/08\/30112947\/baile-da-advocacia-OAB-39-150x150.jpg\" class=\"attachment-thumbnail size-thumbnail\" alt=\"\" \/><\/a>\n\t\t\t<\/div><\/figure><figure class='gallery-item'>\n\t\t\t<div class='gallery-icon landscape'>\n\t\t\t\t<a href='https:\/\/cidadeazulnoticias.com.br\/baile-da-advocacia-reune-elegancia-musica-e-celebracao-em-uma-noite-memoravel-em-rio-claro\/baile-da-advocacia-oab-44\/'><img loading=\"lazy\" decoding=\"async\" width=\"150\" height=\"150\" src=\"https:\/\/s3.cidadeazulnoticias.com.br\/wp-content\/uploads\/2026\/08\/30112956\/baile-da-advocacia-OAB-44-150x150.jpg\" class=\"attachment-thumbnail size-thumbnail\" alt=\"\" \/><\/a>\n\t\t\t<\/div><\/figure><figure class='gallery-item'>\n\t\t\t<div class='gallery-icon landscape'>\n\t\t\t\t<a href='https:\/\/cidadeazulnoticias.com.br\/baile-da-advocacia-reune-elegancia-musica-e-celebracao-em-uma-noite-memoravel-em-rio-claro\/baile-da-advocacia-oab-45\/'><img loading=\"lazy\" decoding=\"async\" width=\"150\" height=\"150\" src=\"https:\/\/s3.cidadeazulnoticias.com.br\/wp-content\/uploads\/2026\/08\/30113004\/baile-da-advocacia-OAB-45-150x150.jpg\" class=\"attachment-thumbnail size-thumbnail\" alt=\"\" \/><\/a>\n\t\t\t<\/div><\/figure><figure class='gallery-item'>\n\t\t\t<div class='gallery-icon landscape'>\n\t\t\t\t<a href='https:\/\/cidadeazulnoticias.com.br\/baile-da-advocacia-reune-elegancia-musica-e-celebracao-em-uma-noite-memoravel-em-rio-claro\/baile-da-advocacia-oab-50-2\/'><img loading=\"lazy\" decoding=\"async\" width=\"150\" height=\"150\" src=\"https:\/\/s3.cidadeazulnoticias.com.br\/wp-content\/uploads\/2026\/08\/30113020\/baile-da-advocacia-OAB-50-1-150x150.jpg\" class=\"attachment-thumbnail size-thumbnail\" alt=\"\" \/><\/a>\n\t\t\t<\/div><\/figure><figure class='gallery-item'>\n\t\t\t<div class='gallery-icon landscape'>\n\t\t\t\t<a href='https:\/\/cidadeazulnoticias.com.br\/baile-da-advocacia-reune-elegancia-musica-e-celebracao-em-uma-noite-memoravel-em-rio-claro\/baile-da-advocacia-oab-55\/'><img loading=\"lazy\" decoding=\"async\" width=\"150\" height=\"150\" src=\"https:\/\/s3.cidadeazulnoticias.com.br\/wp-content\/uploads\/2026\/08\/30113028\/baile-da-advocacia-OAB-55-150x150.jpg\" class=\"attachment-thumbnail size-thumbnail\" alt=\"\" \/><\/a>\n\t\t\t<\/div><\/figure><figure class='gallery-item'>\n\t\t\t<div class='gallery-icon landscape'>\n\t\t\t\t<a href='https:\/\/cidadeazulnoticias.com.br\/baile-da-advocacia-reune-elegancia-musica-e-celebracao-em-uma-noite-memoravel-em-rio-claro\/baile-da-advocacia-oab-56\/'><img loading=\"lazy\" decoding=\"async\" width=\"150\" height=\"150\" src=\"https:\/\/s3.cidadeazulnoticias.com.br\/wp-content\/uploads\/2026\/08\/30113037\/baile-da-advocacia-OAB-56-150x150.jpg\" class=\"attachment-thumbnail size-thumbnail\" alt=\"\" \/><\/a>\n\t\t\t<\/div><\/figure><figure class='gallery-item'>\n\t\t\t<div class='gallery-icon landscape'>\n\t\t\t\t<a href='https:\/\/cidadeazulnoticias.com.br\/baile-da-advocacia-reune-elegancia-musica-e-celebracao-em-uma-noite-memoravel-em-rio-claro\/baile-da-advocacia-oab-58\/'><img loading=\"lazy\" decoding=\"async\" width=\"150\" height=\"150\" src=\"https:\/\/s3.cidadeazulnoticias.com.br\/wp-content\/uploads\/2026\/08\/30113046\/baile-da-advocacia-OAB-58-150x150.jpg\" class=\"attachment-thumbnail size-thumbnail\" alt=\"\" \/><\/a>\n\t\t\t<\/div><\/figure><figure class='gallery-item'>\n\t\t\t<div class='gallery-icon landscape'>\n\t\t\t\t<a href='https:\/\/cidadeazulnoticias.com.br\/baile-da-advocacia-reune-elegancia-musica-e-celebracao-em-uma-noite-memoravel-em-rio-claro\/baile-da-advocacia-oab-59\/'><img loading=\"lazy\" decoding=\"async\" width=\"150\" height=\"150\" src=\"https:\/\/s3.cidadeazulnoticias.com.br\/wp-content\/uploads\/2026\/08\/30113056\/baile-da-advocacia-OAB-59-150x150.jpg\" class=\"attachment-thumbnail size-thumbnail\" alt=\"\" \/><\/a>\n\t\t\t<\/div><\/figure><figure class='gallery-item'>\n\t\t\t<div class='gallery-icon landscape'>\n\t\t\t\t<a href='https:\/\/cidadeazulnoticias.com.br\/baile-da-advocacia-reune-elegancia-musica-e-celebracao-em-uma-noite-memoravel-em-rio-claro\/baile-da-advocacia-oab-62\/'><img loading=\"lazy\" decoding=\"async\" width=\"150\" height=\"150\" src=\"https:\/\/s3.cidadeazulnoticias.com.br\/wp-content\/uploads\/2026\/08\/30113107\/baile-da-advocacia-OAB-62-150x150.jpg\" class=\"attachment-thumbnail size-thumbnail\" alt=\"\" \/><\/a>\n\t\t\t<\/div><\/figure><figure class='gallery-item'>\n\t\t\t<div class='gallery-icon landscape'>\n\t\t\t\t<a href='https:\/\/cidadeazulnoticias.com.br\/baile-da-advocacia-reune-elegancia-musica-e-celebracao-em-uma-noite-memoravel-em-rio-claro\/baile-da-advocacia-oab-63\/'><img loading=\"lazy\" decoding=\"async\" width=\"150\" height=\"150\" src=\"https:\/\/s3.cidadeazulnoticias.com.br\/wp-content\/uploads\/2026\/08\/30113116\/baile-da-advocacia-OAB-63-150x150.jpg\" class=\"attachment-thumbnail size-thumbnail\" alt=\"\" \/><\/a>\n\t\t\t<\/div><\/figure><figure class='gallery-item'>\n\t\t\t<div class='gallery-icon landscape'>\n\t\t\t\t<a href='https:\/\/cidadeazulnoticias.com.br\/baile-da-advocacia-reune-elegancia-musica-e-celebracao-em-uma-noite-memoravel-em-rio-claro\/baile-da-advocacia-oab-64\/'><img loading=\"lazy\" decoding=\"async\" width=\"150\" height=\"150\" src=\"https:\/\/s3.cidadeazulnoticias.com.br\/wp-content\/uploads\/2026\/08\/30113126\/baile-da-advocacia-OAB-64-150x150.jpg\" class=\"attachment-thumbnail size-thumbnail\" alt=\"\" \/><\/a>\n\t\t\t<\/div><\/figure><figure class='gallery-item'>\n\t\t\t<div class='gallery-icon landscape'>\n\t\t\t\t<a href='https:\/\/cidadeazulnoticias.com.br\/baile-da-advocacia-reune-elegancia-musica-e-celebracao-em-uma-noite-memoravel-em-rio-claro\/baile-da-advocacia-oab-65\/'><img loading=\"lazy\" decoding=\"async\" width=\"150\" height=\"150\" src=\"https:\/\/s3.cidadeazulnoticias.com.br\/wp-content\/uploads\/2026\/08\/30113134\/baile-da-advocacia-OAB-65-150x150.jpg\" class=\"attachment-thumbnail size-thumbnail\" alt=\"\" \/><\/a>\n\t\t\t<\/div><\/figure><figure class='gallery-item'>\n\t\t\t<div class='gallery-icon landscape'>\n\t\t\t\t<a href='https:\/\/cidadeazulnoticias.com.br\/baile-da-advocacia-reune-elegancia-musica-e-celebracao-em-uma-noite-memoravel-em-rio-claro\/baile-da-advocacia-oab-66\/'><img loading=\"lazy\" decoding=\"async\" width=\"150\" height=\"150\" src=\"https:\/\/s3.cidadeazulnoticias.com.br\/wp-content\/uploads\/2026\/08\/30113144\/baile-da-advocacia-OAB-66-150x150.jpg\" class=\"attachment-thumbnail size-thumbnail\" alt=\"\" \/><\/a>\n\t\t\t<\/div><\/figure><figure class='gallery-item'>\n\t\t\t<div class='gallery-icon landscape'>\n\t\t\t\t<a href='https:\/\/cidadeazulnoticias.com.br\/baile-da-advocacia-reune-elegancia-musica-e-celebracao-em-uma-noite-memoravel-em-rio-claro\/baile-da-advocacia-oab-68\/'><img loading=\"lazy\" decoding=\"async\" width=\"150\" height=\"150\" src=\"https:\/\/s3.cidadeazulnoticias.com.br\/wp-content\/uploads\/2026\/08\/30113152\/baile-da-advocacia-OAB-68-150x150.jpg\" class=\"attachment-thumbnail size-thumbnail\" alt=\"\" \/><\/a>\n\t\t\t<\/div><\/figure>\n\t\t<\/div>\n\n","protected":false},"excerpt":{"rendered":"<p>Evento promovido pela 4\u00aa Subse\u00e7\u00e3o da OAB Rio Claro teve recep\u00e7\u00e3o calorosa, gastronomia especial e atra\u00e7\u00f5es que conduziram a festa do acolhimento \u00e0 pista de dan\u00e7a. &nbsp; Se existe uma receita para uma noite perfeita, a 4\u00aa Subse\u00e7\u00e3o da OAB Rio Claro parece ter encontrado todos os ingredientes. M\u00fasica bem escolhida, gastronomia caprichada, ambiente de [&hellip;]<\/p>\n","protected":false},"author":9,"featured_media":129661,"comment_status":"closed","ping_status":"closed","sticky":false,"template":"","format":"standard","meta":{"footnotes":""},"categories":[3],"tags":[],"class_list":{"0":"post-129660","1":"post","2":"type-post","3":"status-publish","4":"format-standard","5":"has-post-thumbnail","7":"category-social"},"_links":{"self":[{"href":"https:\/\/cidadeazulnoticias.com.br\/wp-json\/wp\/v2\/posts\/129660"}],"collection":[{"href":"https:\/\/cidadeazulnoticias.com.br\/wp-json\/wp\/v2\/posts"}],"about":[{"href":"https:\/\/cidadeazulnoticias.com.br\/wp-json\/wp\/v2\/types\/post"}],"author":[{"embeddable":true,"href":"https:\/\/cidadeazulnoticias.com.br\/wp-json\/wp\/v2\/users\/9"}],"replies":[{"embeddable":true,"href":"https:\/\/cidadeazulnoticias.com.br\/wp-json\/wp\/v2\/comments?post=129660"}],"version-history":[{"count":1,"href":"https:\/\/cidadeazulnoticias.com.br\/wp-json\/wp\/v2\/posts\/129660\/revisions"}],"predecessor-version":[{"id":129695,"href":"https:\/\/cidadeazulnoticias.com.br\/wp-json\/wp\/v2\/posts\/129660\/revisions\/129695"}],"wp:featuredmedia":[{"embeddable":true,"href":"https:\/\/cidadeazulnoticias.com.br\/wp-json\/wp\/v2\/media\/129661"}],"wp:attachment":[{"href":"https:\/\/cidadeazulnoticias.com.br\/wp-json\/wp\/v2\/media?parent=129660"}],"wp:term":[{"taxonomy":"category","embeddable":true,"href":"https:\/\/cidadeazulnoticias.com.br\/wp-json\/wp\/v2\/categories?post=129660"},{"taxonomy":"post_tag","embeddable":true,"href":"https:\/\/cidadeazulnoticias.com.br\/wp-json\/wp\/v2\/tags?post=129660"}],"curies":[{"name":"wp","href":"https:\/\/api.w.org\/{rel}","templated":true}]}},{"id":129657,"date":"2026-08-30T10:42:46","date_gmt":"2026-08-30T13:42:46","guid":{"rendered":"https:\/\/cidadeazulnoticias.com.br\/?p=129657"},"modified":"2026-08-30T10:42:46","modified_gmt":"2026-08-30T13:42:46","slug":"fuga-quedas-e-terminal-rodoviario-pm-localiza-suspeito-de-roubos-em-rio-claro","status":"publish","type":"post","link":"https:\/\/cidadeazulnoticias.com.br\/fuga-quedas-e-terminal-rodoviario-pm-localiza-suspeito-de-roubos-em-rio-claro\/","title":{"rendered":"FUGA, QUEDAS E TERMINAL RODOVI\u00c1RIO: PM LOCALIZA SUSPEITO DE ROUBOS EM RIO CLARO"},"content":{"rendered":"<h2><em>Motocicleta com placa encoberta chamou a aten\u00e7\u00e3o dos policiais; ap\u00f3s persegui\u00e7\u00e3o por diversos bairros, suspeito caiu duas vezes, abandonou a moto e tentou escapar a p\u00e9, mas acabou localizado dentro do Terminal Rodovi\u00e1rio<\/em><\/h2>\n<p>A madrugada de s\u00e1bado (29) teve direito a persegui\u00e7\u00e3o, duas quedas de motocicleta e uma tentativa de fuga que terminou em um lugar onde, provavelmente, o suspeito esperava encontrar uma sa\u00edda: o Terminal Rodovi\u00e1rio de Rio Claro. S\u00f3 que, desta vez, o destino n\u00e3o era uma viagem.<\/p>\n<p>Durante patrulhamento, policiais militares visualizaram uma motocicleta trafegando na contram\u00e3o, com a placa encoberta por uma sacola pl\u00e1stica. Diante da situa\u00e7\u00e3o, os policiais deram ordem de parada, mas o condutor decidiu acelerar \u2014 e iniciou-se um acompanhamento por diversos bairros da cidade.<\/p>\n<p>Segundo o registro da ocorr\u00eancia, o motociclista desobedeceu aos sinais sonoros e luminosos da viatura e, durante a fuga, acabou caindo duas vezes. Depois de uma nova queda, abandonou a motocicleta e tentou continuar a escapada a p\u00e9, entrando no Terminal Rodovi\u00e1rio.<\/p>\n<p>A estrat\u00e9gia, por\u00e9m, n\u00e3o funcionou. O homem foi localizado e abordado pelos policiais. Ainda de acordo com o registro, ele resistiu \u00e0 abordagem, sendo necess\u00e1rio o uso de for\u00e7a f\u00edsica para cont\u00ea-lo e algem\u00e1-lo.<\/p>\n<p>Moto entra na investiga\u00e7\u00e3o de roubos<\/p>\n<p>A ocorr\u00eancia ganhou outro cap\u00edtulo quando os policiais realizaram dilig\u00eancias em raz\u00e3o de roubos registrados recentemente em postos de combust\u00edveis daquela regi\u00e3o.<\/p>\n<p>Durante as investiga\u00e7\u00f5es preliminares, o homem abordado teria sido reconhecido como autor de roubos cometidos, ainda no mesmo m\u00eas, em dois estabelecimentos.<\/p>\n<p>O suspeito foi encaminhado para atendimento m\u00e9dico e, posteriormente, apresentado no Plant\u00e3o Policial, juntamente com a motocicleta.<\/p>\n<p>A autoridade policial registrou a ocorr\u00eancia por desobedi\u00eancia e apreens\u00e3o de ve\u00edculo. O homem foi ouvido e liberado.<\/p>\n<p>J\u00e1 a motocicleta ficou apreendida e dever\u00e1 passar por investiga\u00e7\u00e3o para verificar sua eventual rela\u00e7\u00e3o com os roubos registrados na cidade.<\/p>\n<h4>A madrugada que come\u00e7ou na contram\u00e3o<\/h4>\n<p>Entre placa escondida, fuga, quedas, corrida a p\u00e9 e uma passagem pelo Terminal Rodovi\u00e1rio, a motocicleta acabou chegando ao destino que seu condutor provavelmente menos desejava: o p\u00e1tio da pol\u00edcia.<\/p>\n<p>Mas, brincadeiras \u00e0 parte, a apreens\u00e3o do ve\u00edculo pode ajudar a esclarecer os roubos que est\u00e3o sendo investigados. Agora, caber\u00e1 \u00e0s autoridades reunir as provas e verificar a participa\u00e7\u00e3o do suspeito nos crimes.<\/p>\n<p>Importante: o reconhecimento mencionado no registro policial integra a investiga\u00e7\u00e3o. A eventual responsabilidade criminal dever\u00e1 ser definida pelas autoridades competentes e pelo devido processo legal.<\/p>\n","protected":false},"excerpt":{"rendered":"<p>Motocicleta com placa encoberta chamou a aten\u00e7\u00e3o dos policiais; ap\u00f3s persegui\u00e7\u00e3o por diversos bairros, suspeito caiu duas vezes, abandonou a moto e tentou escapar a p\u00e9, mas acabou localizado dentro do Terminal Rodovi\u00e1rio A madrugada de s\u00e1bado (29) teve direito a persegui\u00e7\u00e3o, duas quedas de motocicleta e uma tentativa de fuga que terminou em um [&hellip;]<\/p>\n","protected":false},"author":9,"featured_media":129658,"comment_status":"closed","ping_status":"closed","sticky":false,"template":"","format":"standard","meta":{"footnotes":""},"categories":[1,2],"tags":[],"class_list":{"0":"post-129657","1":"post","2":"type-post","3":"status-publish","4":"format-standard","5":"has-post-thumbnail","7":"category-instagram","8":"category-seguranca"},"_links":{"self":[{"href":"https:\/\/cidadeazulnoticias.com.br\/wp-json\/wp\/v2\/posts\/129657"}],"collection":[{"href":"https:\/\/cidadeazulnoticias.com.br\/wp-json\/wp\/v2\/posts"}],"about":[{"href":"https:\/\/cidadeazulnoticias.com.br\/wp-json\/wp\/v2\/types\/post"}],"author":[{"embeddable":true,"href":"https:\/\/cidadeazulnoticias.com.br\/wp-json\/wp\/v2\/users\/9"}],"replies":[{"embeddable":true,"href":"https:\/\/cidadeazulnoticias.com.br\/wp-json\/wp\/v2\/comments?post=129657"}],"version-history":[{"count":1,"href":"https:\/\/cidadeazulnoticias.com.br\/wp-json\/wp\/v2\/posts\/129657\/revisions"}],"predecessor-version":[{"id":129659,"href":"https:\/\/cidadeazulnoticias.com.br\/wp-json\/wp\/v2\/posts\/129657\/revisions\/129659"}],"wp:featuredmedia":[{"embeddable":true,"href":"https:\/\/cidadeazulnoticias.com.br\/wp-json\/wp\/v2\/media\/129658"}],"wp:attachment":[{"href":"https:\/\/cidadeazulnoticias.com.br\/wp-json\/wp\/v2\/media?parent=129657"}],"wp:term":[{"taxonomy":"category","embeddable":true,"href":"https:\/\/cidadeazulnoticias.com.br\/wp-json\/wp\/v2\/categories?post=129657"},{"taxonomy":"post_tag","embeddable":true,"href":"https:\/\/cidadeazulnoticias.com.br\/wp-json\/wp\/v2\/tags?post=129657"}],"curies":[{"name":"wp","href":"https:\/\/api.w.org\/{rel}","templated":true}]}},{"id":129654,"date":"2026-08-30T10:34:53","date_gmt":"2026-08-30T13:34:53","guid":{"rendered":"https:\/\/cidadeazulnoticias.com.br\/?p=129654"},"modified":"2026-08-30T10:34:53","modified_gmt":"2026-08-30T13:34:53","slug":"entenda-por-que-a-depressao-nao-tratada-precocemente-na-mae-afeta-a-trajetoria-de-adolescentes","status":"publish","type":"post","link":"https:\/\/cidadeazulnoticias.com.br\/entenda-por-que-a-depressao-nao-tratada-precocemente-na-mae-afeta-a-trajetoria-de-adolescentes\/","title":{"rendered":"Entenda por que a depress\u00e3o n\u00e3o tratada precocemente na m\u00e3e afeta a trajet\u00f3ria de adolescentes"},"content":{"rendered":"<h2><em>Sintomas depressivos persistentes e falta de apoio podem influenciar o modo de intera\u00e7\u00e3o com os filhos e, consequentemente, o desenvolvimento de crian\u00e7as e adolescentes.<\/em><\/h2>\n<p>Um estudo liderado pela Faculdade de Medicina da USP (FMUSP) mostra que m\u00e3es que sofrem com depress\u00e3o persistente t\u00eam maior probabilidade de adotar um estilo de cria\u00e7\u00e3o mais duro e agressivo, com atitudes como controle excessivo, puni\u00e7\u00f5es f\u00edsicas ou verbais e falta de abertura para o di\u00e1logo.<\/p>\n<p>O estudo, que foi realizado com jovens nascidos em Pelotas (RS), alerta para a import\u00e2ncia da interven\u00e7\u00e3o precoce, com tratamento das m\u00e3es e apoio \u00e0s pr\u00e1ticas parentais, sugerindo que esse estilo de cria\u00e7\u00e3o pode afetar as capacidades dos jovens. O preju\u00edzo foi observado nas fun\u00e7\u00f5es executivas dos filhos na adolesc\u00eancia \u2013 habilidades cerebrais essenciais para focar a aten\u00e7\u00e3o, lembrar-se de informa\u00e7\u00f5es e gerenciar as tarefas do dia a dia.<\/p>\n<p>\u201cEmbora a magnitude dos efeitos observados tenha sido modesta e, portanto, insuficiente para aplica\u00e7\u00e3o cl\u00ednica imediata em n\u00edvel individual, eles refor\u00e7am a import\u00e2ncia do apoio precoce e cont\u00ednuo \u00e0 sa\u00fade mental materna e \u00e0s pr\u00e1ticas parentais\u201d, escrevem os pesquisadores no artigo.<\/p>\n<h3>Foco e mem\u00f3ria prejudicados<\/h3>\n<p>Adolescentes cujas m\u00e3es tiveram sintomas de depress\u00e3o graves e cont\u00ednuos ao longo dos anos apresentaram os piores resultados em testes de aten\u00e7\u00e3o sustentada (capacidade de manter o foco) e mem\u00f3ria epis\u00f3dica (capacidade de lembrar de fatos e situa\u00e7\u00f5es).<\/p>\n<p>A depress\u00e3o materna diminui a capacidade da m\u00e3e de lidar com o estresse e com as necessidades emocionais da crian\u00e7a. Isso, muitas vezes, gera um comportamento parental mais explosivo e hostil. Esse ambiente estressante pode atrapalhar o treino de foco e autocontrole do jovem.<\/p>\n<p>Os impactos negativos na mem\u00f3ria tamb\u00e9m foram percebidos em jovens cujas m\u00e3es tiveram depress\u00e3o moderada ou mesmo sintomas que diminu\u00edram com o tempo, mostrando que o bem-estar materno precisa de apoio constante.<\/p>\n<p>A pesquisa acompanhou dados de 1.949 crian\u00e7as nascidas em Pelotas no ano de 2004. As m\u00e3es foram avaliadas em v\u00e1rios momentos \u2013 desde os 3 meses do beb\u00ea at\u00e9 os 11 anos da crian\u00e7a. As pr\u00e1ticas de cria\u00e7\u00e3o foram medidas aos 11 anos, e os jovens realizaram testes cognitivos digitais avan\u00e7ados aos 15 anos.<\/p>\n<p>\u201cO maior uso de pr\u00e1ticas parentais severas aos 11 anos mediou a associa\u00e7\u00e3o entre as trajet\u00f3rias dos sintomas depressivos maternos, avaliadas desde o nascimento at\u00e9 os 11 anos, e as fun\u00e7\u00f5es executivas dos adolescentes aos 15 anos\u201d, escrevem os pesquisadores.<\/p>\n<p>Alicia Matijasevich, professora associada do Departamento de Medicina Preventiva da FMUSP e orientadora do estudo, explica que \u201cdificuldades em aten\u00e7\u00e3o e mem\u00f3ria na adolesc\u00eancia podem impactar desempenho escolar, inser\u00e7\u00e3o no mercado de trabalho e trajet\u00f3rias de vida. O estudo aponta para a necessidade de ampliar o reconhecimento social da import\u00e2ncia do cuidado \u00e0 sa\u00fade mental de m\u00e3es, especialmente em contextos de vulnerabilidade\u201d.<\/p>\n<h4>Poss\u00edveis interven\u00e7\u00f5es<\/h4>\n<p>O trabalho indica que interven\u00e7\u00f5es precoces e integradas, voltadas tanto \u00e0 sa\u00fade mental materna quanto \u00e0s pr\u00e1ticas parentais, podem ter efeitos positivos de longo prazo no desenvolvimento cognitivo e nas oportunidades de vida dos indiv\u00edduos.<\/p>\n<p>No \u00e2mbito do Sistema \u00danico de Sa\u00fade, o SUS, os achados sugerem a import\u00e2ncia de fortalecer a\u00e7\u00f5es de identifica\u00e7\u00e3o precoce e acompanhamento cont\u00ednuo de sintomas depressivos maternos, n\u00e3o apenas no per\u00edodo p\u00f3s-parto, mas ao longo da inf\u00e2ncia dos filhos. Tamb\u00e9m indicam que interven\u00e7\u00f5es n\u00e3o devem se restringir ao tratamento da depress\u00e3o, mas integrar componentes de apoio \u00e0s pr\u00e1ticas parentais.<\/p>\n<p>\u201cEstrat\u00e9gias na aten\u00e7\u00e3o prim\u00e1ria, como acompanhamento longitudinal, visitas domiciliares e programas de parentalidade podem ter potencial de reduzir efeitos negativos no desenvolvimento infantil e adolescente\u201d, comenta a professora Alicia Matijasevich, sugerindo \u201ca utilidade de rastrear n\u00e3o apenas a depress\u00e3o materna, mas tamb\u00e9m aspectos da rela\u00e7\u00e3o pais-filhos, e, quando necess\u00e1rio, encaminhar para interven\u00e7\u00f5es combinadas (sa\u00fade mental e orienta\u00e7\u00e3o parental)\u201d.<\/p>\n","protected":false},"excerpt":{"rendered":"<p>Sintomas depressivos persistentes e falta de apoio podem influenciar o modo de intera\u00e7\u00e3o com os filhos e, consequentemente, o desenvolvimento de crian\u00e7as e adolescentes. Um estudo liderado pela Faculdade de Medicina da USP (FMUSP) mostra que m\u00e3es que sofrem com depress\u00e3o persistente t\u00eam maior probabilidade de adotar um estilo de cria\u00e7\u00e3o mais duro e agressivo, [&hellip;]<\/p>\n","protected":false},"author":9,"featured_media":129655,"comment_status":"closed","ping_status":"closed","sticky":false,"template":"","format":"standard","meta":{"footnotes":""},"categories":[1,28],"tags":[],"class_list":{"0":"post-129654","1":"post","2":"type-post","3":"status-publish","4":"format-standard","5":"has-post-thumbnail","7":"category-instagram","8":"category-noticias"},"_links":{"self":[{"href":"https:\/\/cidadeazulnoticias.com.br\/wp-json\/wp\/v2\/posts\/129654"}],"collection":[{"href":"https:\/\/cidadeazulnoticias.com.br\/wp-json\/wp\/v2\/posts"}],"about":[{"href":"https:\/\/cidadeazulnoticias.com.br\/wp-json\/wp\/v2\/types\/post"}],"author":[{"embeddable":true,"href":"https:\/\/cidadeazulnoticias.com.br\/wp-json\/wp\/v2\/users\/9"}],"replies":[{"embeddable":true,"href":"https:\/\/cidadeazulnoticias.com.br\/wp-json\/wp\/v2\/comments?post=129654"}],"version-history":[{"count":1,"href":"https:\/\/cidadeazulnoticias.com.br\/wp-json\/wp\/v2\/posts\/129654\/revisions"}],"predecessor-version":[{"id":129656,"href":"https:\/\/cidadeazulnoticias.com.br\/wp-json\/wp\/v2\/posts\/129654\/revisions\/129656"}],"wp:featuredmedia":[{"embeddable":true,"href":"https:\/\/cidadeazulnoticias.com.br\/wp-json\/wp\/v2\/media\/129655"}],"wp:attachment":[{"href":"https:\/\/cidadeazulnoticias.com.br\/wp-json\/wp\/v2\/media?parent=129654"}],"wp:term":[{"taxonomy":"category","embeddable":true,"href":"https:\/\/cidadeazulnoticias.com.br\/wp-json\/wp\/v2\/categories?post=129654"},{"taxonomy":"post_tag","embeddable":true,"href":"https:\/\/cidadeazulnoticias.com.br\/wp-json\/wp\/v2\/tags?post=129654"}],"curies":[{"name":"wp","href":"https:\/\/api.w.org\/{rel}","templated":true}]}},{"id":129652,"date":"2026-08-29T18:44:07","date_gmt":"2026-08-29T21:44:07","guid":{"rendered":"https:\/\/cidadeazulnoticias.com.br\/?p=129652"},"modified":"2026-08-29T18:44:07","modified_gmt":"2026-08-29T21:44:07","slug":"discussao-termina-em-prisao-em-itirapina-a-briga-de-casal-passou-longe-de-ser-so-discussao","status":"publish","type":"post","link":"https:\/\/cidadeazulnoticias.com.br\/discussao-termina-em-prisao-em-itirapina-a-briga-de-casal-passou-longe-de-ser-so-discussao\/","title":{"rendered":"Discuss\u00e3o termina em pris\u00e3o: em Itirapina, a \u201cbriga de casal\u201d passou longe de ser s\u00f3 discuss\u00e3o"},"content":{"rendered":"<h2><em>Homem foi preso em flagrante ap\u00f3s agredir a companheira com tapas e enforcamento e ainda danificar m\u00f3veis e aparelhos da resid\u00eancia; tr\u00eas crian\u00e7as presenciaram a viol\u00eancia<\/em><\/h2>\n<p>A noite de sexta-feira (28) terminou com uma pris\u00e3o em flagrante no bairro Nova Itirapina, em Itirapina, ap\u00f3s uma ocorr\u00eancia de viol\u00eancia dom\u00e9stica atendida pela Pol\u00edcia Militar.<\/p>\n<p>A equipe foi acionada e, no local, a v\u00edtima relatou aos policiais que havia discutido com o companheiro e, durante o desentendimento, sido agredida com tapas e enforcamento. Como se a situa\u00e7\u00e3o j\u00e1 n\u00e3o fosse grave o suficiente, o homem ainda teria partido para o \u201cmodo destrui\u00e7\u00e3o\u201d, danificando diversos objetos dentro da resid\u00eancia.<\/p>\n<p>Segundo o relato, entre os itens danificados estavam uma televis\u00e3o, um guarda-roupa e um aparelho de som.<\/p>\n<p>Com a autoriza\u00e7\u00e3o das partes, os policiais realizaram uma averigua\u00e7\u00e3o no im\u00f3vel e encontraram diversos objetos e utens\u00edlios danificados, situa\u00e7\u00e3o que, conforme o registro da ocorr\u00eancia, era compat\u00edvel com o relato apresentado pela v\u00edtima.<\/p>\n<p>O pr\u00f3prio homem confirmou aos policiais que havia agredido a companheira e causado os danos na resid\u00eancia.<\/p>\n<p>E h\u00e1 um agravante que torna o epis\u00f3dio ainda mais preocupante: toda a situa\u00e7\u00e3o ocorreu na presen\u00e7a de tr\u00eas crian\u00e7as menores de idade e de uma testemunha.<\/p>\n<p>Diante dos fatos, o homem recebeu voz de pris\u00e3o e foi conduzido ao Plant\u00e3o Policial de Rio Claro. A autoridade policial ratificou a pris\u00e3o em flagrante, e o acusado permaneceu recolhido \u00e0 disposi\u00e7\u00e3o da Justi\u00e7a.<\/p>\n<p>Quando a discuss\u00e3o vira viol\u00eancia, a pol\u00edcia entra em cena<\/p>\n<p>Discuss\u00f5es fazem parte da vida, mas agress\u00e3o f\u00edsica, enforcamento e destrui\u00e7\u00e3o de patrim\u00f4nio n\u00e3o s\u00e3o \u201cbriga de casal\u201d \u2014 s\u00e3o situa\u00e7\u00f5es que exigem interven\u00e7\u00e3o e podem configurar crimes.<\/p>\n<p>Neste caso, a atua\u00e7\u00e3o da Pol\u00edcia Militar interrompeu a sequ\u00eancia de viol\u00eancia e encaminhou a ocorr\u00eancia para as provid\u00eancias legais.<\/p>\n<p>Dentro de casa, o que deveria ser espa\u00e7o de seguran\u00e7a acabou virando cen\u00e1rio de agress\u00e3o. E, infelizmente, at\u00e9 a televis\u00e3o, o guarda-roupa e o aparelho de som acabaram entrando na hist\u00f3ria \u2014 mas quem realmente precisava ser protegido eram as pessoas que estavam naquele im\u00f3vel.<\/p>\n<p>O acusado permanece \u00e0 disposi\u00e7\u00e3o da Justi\u00e7a, e o caso ser\u00e1 apurado pelas autoridades competentes.<\/p>\n","protected":false},"excerpt":{"rendered":"<p>Homem foi preso em flagrante ap\u00f3s agredir a companheira com tapas e enforcamento e ainda danificar m\u00f3veis e aparelhos da resid\u00eancia; tr\u00eas crian\u00e7as presenciaram a viol\u00eancia A noite de sexta-feira (28) terminou com uma pris\u00e3o em flagrante no bairro Nova Itirapina, em Itirapina, ap\u00f3s uma ocorr\u00eancia de viol\u00eancia dom\u00e9stica atendida pela Pol\u00edcia Militar. A equipe [&hellip;]<\/p>\n","protected":false},"author":9,"featured_media":120883,"comment_status":"closed","ping_status":"closed","sticky":false,"template":"","format":"standard","meta":{"footnotes":""},"categories":[1,2],"tags":[10472,13348,9887,12463,9128,8917,10456,8919,9218,10632],"class_list":{"0":"post-129652","1":"post","2":"type-post","3":"status-publish","4":"format-standard","5":"has-post-thumbnail","7":"category-instagram","8":"category-seguranca","9":"tag-cidadeazulnoticias","10":"tag-interiordesp","11":"tag-itirapina","12":"tag-novaitirapina","13":"tag-policia","14":"tag-policiamilitar","15":"tag-prisaoemflagrante","16":"tag-rioclaro","17":"tag-seguranca","18":"tag-violenciadomestica"},"_links":{"self":[{"href":"https:\/\/cidadeazulnoticias.com.br\/wp-json\/wp\/v2\/posts\/129652"}],"collection":[{"href":"https:\/\/cidadeazulnoticias.com.br\/wp-json\/wp\/v2\/posts"}],"about":[{"href":"https:\/\/cidadeazulnoticias.com.br\/wp-json\/wp\/v2\/types\/post"}],"author":[{"embeddable":true,"href":"https:\/\/cidadeazulnoticias.com.br\/wp-json\/wp\/v2\/users\/9"}],"replies":[{"embeddable":true,"href":"https:\/\/cidadeazulnoticias.com.br\/wp-json\/wp\/v2\/comments?post=129652"}],"version-history":[{"count":1,"href":"https:\/\/cidadeazulnoticias.com.br\/wp-json\/wp\/v2\/posts\/129652\/revisions"}],"predecessor-version":[{"id":129653,"href":"https:\/\/cidadeazulnoticias.com.br\/wp-json\/wp\/v2\/posts\/129652\/revisions\/129653"}],"wp:featuredmedia":[{"embeddable":true,"href":"https:\/\/cidadeazulnoticias.com.br\/wp-json\/wp\/v2\/media\/120883"}],"wp:attachment":[{"href":"https:\/\/cidadeazulnoticias.com.br\/wp-json\/wp\/v2\/media?parent=129652"}],"wp:term":[{"taxonomy":"category","embeddable":true,"href":"https:\/\/cidadeazulnoticias.com.br\/wp-json\/wp\/v2\/categories?post=129652"},{"taxonomy":"post_tag","embeddable":true,"href":"https:\/\/cidadeazulnoticias.com.br\/wp-json\/wp\/v2\/tags?post=129652"}],"curies":[{"name":"wp","href":"https:\/\/api.w.org\/{rel}","templated":true}]}},{"id":129648,"date":"2026-08-29T18:17:24","date_gmt":"2026-08-29T21:17:24","guid":{"rendered":"https:\/\/cidadeazulnoticias.com.br\/?p=129648"},"modified":"2026-08-29T18:17:24","modified_gmt":"2026-08-29T21:17:24","slug":"a-cozinha-do-trafico-foi-descoberta-pm-prende-homem-com-578-gramas-de-drogas-em-rio-claro","status":"publish","type":"post","link":"https:\/\/cidadeazulnoticias.com.br\/a-cozinha-do-trafico-foi-descoberta-pm-prende-homem-com-578-gramas-de-drogas-em-rio-claro\/","title":{"rendered":"A \u201ccozinha\u201d do tr\u00e1fico foi descoberta: PM prende homem com 578 gramas de drogas em Rio Claro"},"content":{"rendered":"<h2><em>Suspeito foi detido no Parque M\u00e3e Preta ap\u00f3s policiais encontrarem coca\u00edna, crack, maconha, balan\u00e7a de precis\u00e3o e dinheiro; segundo o registro, ele admitiu preparar e armazenar os entorpecentes para comercializa\u00e7\u00e3o.<\/em><\/h2>\n<p>A noite de sexta-feira (28) terminou com uma visita nada agrad\u00e1vel da Pol\u00edcia Militar a uma resid\u00eancia no Parque M\u00e3e Preta, em Rio Claro. O que chamou a aten\u00e7\u00e3o dos policiais durante o patrulhamento acabou levando \u00e0 descoberta de uma verdadeira \u201ccozinha\u201d do tr\u00e1fico, com direito a mat\u00e9ria-prima, produto preparado e at\u00e9 balan\u00e7a de precis\u00e3o.<\/p>\n<p>Durante o patrulhamento, os policiais militares visualizaram uma motocicleta estacionada em frente a uma resid\u00eancia, com a chave no contato e o port\u00e3o aberto. Ao se aproximarem para averigua\u00e7\u00e3o, os agentes perceberam um homem no corredor do im\u00f3vel. Ao notar a presen\u00e7a da equipe, ele correu para o interior da casa.<\/p>\n<p>Na averigua\u00e7\u00e3o do local, os policiais encontraram no quintal dois p\u00e9s de maconha. O morador assumiu que as plantas eram de sua propriedade.<\/p>\n<p>A conversa com os policiais teria revelado que havia mais material no im\u00f3vel. Segundo o registro da ocorr\u00eancia, o homem informou que mantinha outros entorpecentes e materiais em seu quarto e indicou aos policiais onde estavam armazenados.<\/p>\n<p>Ainda de acordo com o registro policial, ele assumiu a responsabilidade pelo material e declarou que realizava a mistura, o preparo e o armazenamento das drogas para posterior comercializa\u00e7\u00e3o.<\/p>\n<h3>E n\u00e3o era pouca coisa.<\/h3>\n<p>Na resid\u00eancia foram apreendidos 355 microtubos de coca\u00edna, 35 gramas de coca\u00edna a granel, 143 por\u00e7\u00f5es de crack e dois p\u00e9s de maconha. Tamb\u00e9m foram localizados uma balan\u00e7a de precis\u00e3o e R$ 62 em dinheiro.<\/p>\n<p>Considerando os pesos informados no registro da ocorr\u00eancia, o total de entorpecentes apreendidos chegou a 578 gramas.<\/p>\n<h4>Do quintal para a delegacia<\/h4>\n<p>A ocorr\u00eancia foi apresentada no Plant\u00e3o Policial, onde a autoridade policial ratificou a pris\u00e3o em flagrante por tr\u00e1fico de drogas. O homem permaneceu preso e foi colocado \u00e0 disposi\u00e7\u00e3o da Justi\u00e7a.<\/p>\n<p>Outro homem que tamb\u00e9m foi conduzido durante a ocorr\u00eancia acabou sendo ouvido e liberado.<\/p>\n<p>O preso j\u00e1 possu\u00eda antecedentes criminais registrados em 2024 pelos crimes de tr\u00e1fico de drogas e recepta\u00e7\u00e3o.<\/p>\n<p>A ocorr\u00eancia refor\u00e7a um velho conhecido das equipes policiais: quando a movimenta\u00e7\u00e3o chama aten\u00e7\u00e3o e a averigua\u00e7\u00e3o come\u00e7a, a \u201ccontabilidade\u201d do tr\u00e1fico pode acabar sendo feita em microtubos, por\u00e7\u00f5es e gramas \u2014 mas o destino costuma ser o mesmo: o Plant\u00e3o Policial.<\/p>\n<p>Aten\u00e7\u00e3o: a pris\u00e3o ocorreu em flagrante, e a responsabiliza\u00e7\u00e3o definitiva pelo crime depender\u00e1 do devido processo legal e de decis\u00e3o judicial.<\/p>\n","protected":false},"excerpt":{"rendered":"<p>Suspeito foi detido no Parque M\u00e3e Preta ap\u00f3s policiais encontrarem coca\u00edna, crack, maconha, balan\u00e7a de precis\u00e3o e dinheiro; segundo o registro, ele admitiu preparar e armazenar os entorpecentes para comercializa\u00e7\u00e3o. A noite de sexta-feira (28) terminou com uma visita nada agrad\u00e1vel da Pol\u00edcia Militar a uma resid\u00eancia no Parque M\u00e3e Preta, em Rio Claro. O [&hellip;]<\/p>\n","protected":false},"author":9,"featured_media":129649,"comment_status":"closed","ping_status":"closed","sticky":false,"template":"","format":"standard","meta":{"footnotes":""},"categories":[1,2],"tags":[],"class_list":{"0":"post-129648","1":"post","2":"type-post","3":"status-publish","4":"format-standard","5":"has-post-thumbnail","7":"category-instagram","8":"category-seguranca"},"_links":{"self":[{"href":"https:\/\/cidadeazulnoticias.com.br\/wp-json\/wp\/v2\/posts\/129648"}],"collection":[{"href":"https:\/\/cidadeazulnoticias.com.br\/wp-json\/wp\/v2\/posts"}],"about":[{"href":"https:\/\/cidadeazulnoticias.com.br\/wp-json\/wp\/v2\/types\/post"}],"author":[{"embeddable":true,"href":"https:\/\/cidadeazulnoticias.com.br\/wp-json\/wp\/v2\/users\/9"}],"replies":[{"embeddable":true,"href":"https:\/\/cidadeazulnoticias.com.br\/wp-json\/wp\/v2\/comments?post=129648"}],"version-history":[{"count":1,"href":"https:\/\/cidadeazulnoticias.com.br\/wp-json\/wp\/v2\/posts\/129648\/revisions"}],"predecessor-version":[{"id":129651,"href":"https:\/\/cidadeazulnoticias.com.br\/wp-json\/wp\/v2\/posts\/129648\/revisions\/129651"}],"wp:featuredmedia":[{"embeddable":true,"href":"https:\/\/cidadeazulnoticias.com.br\/wp-json\/wp\/v2\/media\/129649"}],"wp:attachment":[{"href":"https:\/\/cidadeazulnoticias.com.br\/wp-json\/wp\/v2\/media?parent=129648"}],"wp:term":[{"taxonomy":"category","embeddable":true,"href":"https:\/\/cidadeazulnoticias.com.br\/wp-json\/wp\/v2\/categories?post=129648"},{"taxonomy":"post_tag","embeddable":true,"href":"https:\/\/cidadeazulnoticias.com.br\/wp-json\/wp\/v2\/tags?post=129648"}],"curies":[{"name":"wp","href":"https:\/\/api.w.org\/{rel}","templated":true}]}},{"id":129645,"date":"2026-08-29T18:07:57","date_gmt":"2026-08-29T21:07:57","guid":{"rendered":"https:\/\/cidadeazulnoticias.com.br\/?p=129645"},"modified":"2026-08-29T18:07:57","modified_gmt":"2026-08-29T21:07:57","slug":"calor-intenso-favorece-pancadas-de-chuvas-em-sao-paulo-neste-domingo-30-alerta-defesa-civil","status":"publish","type":"post","link":"https:\/\/cidadeazulnoticias.com.br\/calor-intenso-favorece-pancadas-de-chuvas-em-sao-paulo-neste-domingo-30-alerta-defesa-civil\/","title":{"rendered":"Calor intenso favorece pancadas de chuvas em S\u00e3o Paulo neste domingo (30), alerta Defesa Civil"},"content":{"rendered":"<h2><em>Na Grande S\u00e3o Paulo, chuva deve vir acompanhada de descargas el\u00e9tricas e rajadas de vento.<\/em><\/h2>\n<p>Neste domingo (30), o calor intenso em grande parte do estado de S\u00e3o Paulo favorece a forma\u00e7\u00e3o de pancadas de chuva ao longo do per\u00edodo da tarde em diversas \u00e1reas do territ\u00f3rio paulista.<\/p>\n<p>Entre as regi\u00f5es que devem ser mais afetadas est\u00e3o o sul do estado, pr\u00f3ximo \u00e0 divisa com o Paran\u00e1, especialmente na regi\u00e3o de Itapeva, onde s\u00e3o previstas pancadas de chuva r\u00e1pidas, localizadas e, pontualmente, de maior intensidade.<\/p>\n<p>LEIA TAMB\u00c9M: Umidade relativa do ar pode atingir n\u00edveis cr\u00edticos no interior de S\u00e3o Paulo, alerta Defesa Civil<\/p>\n<p>Nas \u00e1reas da regi\u00e3o metropolitana de S\u00e3o Paulo, Baixada Santista, litoral norte e Vale do Para\u00edba, tamb\u00e9m h\u00e1 previs\u00e3o para ocorr\u00eancia de pancadas de chuva, que poder\u00e3o apresentar momentos de maior intensidade, acompanhadas por descargas el\u00e9tricas e rajadas de vento de intensidade moderada, de forma isolada.<\/p>\n<p>Diante desse cen\u00e1rio, recomenda-se aten\u00e7\u00e3o redobrada, principalmente durante a ocorr\u00eancia das instabilidades. At\u00e9 o momento, n\u00e3o s\u00e3o previstos acumulados pluviom\u00e9tricos significativos.<\/p>\n<p>Em situa\u00e7\u00f5es de emerg\u00eancia, o atendimento pode ser solicitado pelos telefones 199, da Defesa Civil, e 193, do Corpo de Bombeiros.<\/p>\n<p>Para receber alertas gratuitos da Defesa Civil por SMS, cadastre o CEP de interesse enviando uma mensagem de texto para o n\u00famero 40199.<\/p>\n","protected":false},"excerpt":{"rendered":"<p>Na Grande S\u00e3o Paulo, chuva deve vir acompanhada de descargas el\u00e9tricas e rajadas de vento. Neste domingo (30), o calor intenso em grande parte do estado de S\u00e3o Paulo favorece a forma\u00e7\u00e3o de pancadas de chuva ao longo do per\u00edodo da tarde em diversas \u00e1reas do territ\u00f3rio paulista. Entre as regi\u00f5es que devem ser mais [&hellip;]<\/p>\n","protected":false},"author":9,"featured_media":129646,"comment_status":"closed","ping_status":"closed","sticky":false,"template":"","format":"standard","meta":{"footnotes":""},"categories":[1,28],"tags":[],"class_list":{"0":"post-129645","1":"post","2":"type-post","3":"status-publish","4":"format-standard","5":"has-post-thumbnail","7":"category-instagram","8":"category-noticias"},"_links":{"self":[{"href":"https:\/\/cidadeazulnoticias.com.br\/wp-json\/wp\/v2\/posts\/129645"}],"collection":[{"href":"https:\/\/cidadeazulnoticias.com.br\/wp-json\/wp\/v2\/posts"}],"about":[{"href":"https:\/\/cidadeazulnoticias.com.br\/wp-json\/wp\/v2\/types\/post"}],"author":[{"embeddable":true,"href":"https:\/\/cidadeazulnoticias.com.br\/wp-json\/wp\/v2\/users\/9"}],"replies":[{"embeddable":true,"href":"https:\/\/cidadeazulnoticias.com.br\/wp-json\/wp\/v2\/comments?post=129645"}],"version-history":[{"count":1,"href":"https:\/\/cidadeazulnoticias.com.br\/wp-json\/wp\/v2\/posts\/129645\/revisions"}],"predecessor-version":[{"id":129647,"href":"https:\/\/cidadeazulnoticias.com.br\/wp-json\/wp\/v2\/posts\/129645\/revisions\/129647"}],"wp:featuredmedia":[{"embeddable":true,"href":"https:\/\/cidadeazulnoticias.com.br\/wp-json\/wp\/v2\/media\/129646"}],"wp:attachment":[{"href":"https:\/\/cidadeazulnoticias.com.br\/wp-json\/wp\/v2\/media?parent=129645"}],"wp:term":[{"taxonomy":"category","embeddable":true,"href":"https:\/\/cidadeazulnoticias.com.br\/wp-json\/wp\/v2\/categories?post=129645"},{"taxonomy":"post_tag","embeddable":true,"href":"https:\/\/cidadeazulnoticias.com.br\/wp-json\/wp\/v2\/tags?post=129645"}],"curies":[{"name":"wp","href":"https:\/\/api.w.org\/{rel}","templated":true}]}},{"id":129624,"date":"2026-08-28T14:15:55","date_gmt":"2026-08-28T17:15:55","guid":{"rendered":"https:\/\/cidadeazulnoticias.com.br\/?p=129624"},"modified":"2026-08-28T15:00:23","modified_gmt":"2026-08-28T18:00:23","slug":"holambra-floresce-para-o-brasil-expoflora-abre-as-portas-e-promete-uma-primavera-de-cores-sabores-e-tradicao","status":"publish","type":"post","link":"https:\/\/cidadeazulnoticias.com.br\/holambra-floresce-para-o-brasil-expoflora-abre-as-portas-e-promete-uma-primavera-de-cores-sabores-e-tradicao\/","title":{"rendered":"HOLAMBRA FLORESCE PARA O BRASIL: EXPOFLORA ABRE AS PORTAS E PROMETE UMA PRIMAVERA DE CORES, SABORES E TRADI\u00c7\u00c3O"},"content":{"rendered":"<h2><em>43\u00aa edi\u00e7\u00e3o da maior festa de flores da Am\u00e9rica Latina come\u00e7a nesta sexta-feira (28) e espera receber 280 mil visitantes; nossa reportagem esteve na abertura especial para jornalistas e conheceu de perto os encantos da festa<\/em><\/h2>\n<p>H\u00e1 lugares que simplesmente se visitam. E h\u00e1 lugares que fazem quest\u00e3o de receber. Em setembro, Holambra parece fazer as duas coisas ao mesmo tempo: abre as portas para milhares de visitantes e, de alguma maneira, faz cada um deles se sentir um pouco em casa.<\/p>\n<p>\u00c9 com essa atmosfera que come\u00e7a nesta sexta-feira (28) a 43\u00aa edi\u00e7\u00e3o da Expoflora, considerada a maior festa de flores da Am\u00e9rica Latina. Durante cinco semanas, a cidade conhecida pela forte influ\u00eancia da imigra\u00e7\u00e3o holandesa transforma-se em uma grande vitrine a c\u00e9u aberto da floricultura, da gastronomia e das tradi\u00e7\u00f5es que fazem parte da identidade de Holambra.<\/p>\n<p>A festa acontece \u00e0s sextas-feiras, s\u00e1bados e domingos, al\u00e9m do feriado de 7 de setembro, das 9h \u00e0s 19h, no Parque da Expoflora. A expectativa \u00e9 receber aproximadamente 280 mil visitantes, vindos de diferentes regi\u00f5es do Brasil. A movimenta\u00e7\u00e3o deve gerar impacto estimado em cerca de R$ 200 milh\u00f5es na economia de munic\u00edpios localizados em um raio de aproximadamente 180 quil\u00f4metros do parque.<\/p>\n<p>Uma experi\u00eancia que come\u00e7a antes mesmo da abertura<\/p>\n<p>Na quinta-feira (27), nossa equipe participou de uma apresenta\u00e7\u00e3o especial que reuniu jornalistas de diferentes regi\u00f5es do pa\u00eds. Foi uma oportunidade para conhecer antecipadamente os espa\u00e7os e atra\u00e7\u00f5es que estar\u00e3o \u00e0 disposi\u00e7\u00e3o do p\u00fablico.<\/p>\n<p>E h\u00e1 uma caracter\u00edstica da Expoflora que n\u00e3o aparece facilmente em n\u00fameros: a sensa\u00e7\u00e3o de acolhimento.<\/p>\n<p>Ela est\u00e1 nos detalhes, na maneira como os moradores participam da festa, nas apresenta\u00e7\u00f5es dos grupos folcl\u00f3ricos e, principalmente, no orgulho com que Holambra preserva e compartilha suas ra\u00edzes.<\/p>\n<p>Durante as apresenta\u00e7\u00f5es de dan\u00e7a t\u00edpica holandesa, por exemplo, n\u00e3o se v\u00ea apenas um espet\u00e1culo. V\u00ea-se uma tradi\u00e7\u00e3o passada de gera\u00e7\u00e3o em gera\u00e7\u00e3o e uma comunidade envolvida em manter viva uma parte importante de sua hist\u00f3ria.<\/p>\n<p>E, claro, h\u00e1 os sabores.<\/p>\n<figure id=\"attachment_129631\" aria-describedby=\"caption-attachment-129631\" style=\"width: 1000px\" class=\"wp-caption alignnone\"><img loading=\"lazy\" decoding=\"async\" class=\"wp-image-129631 size-full\" src=\"https:\/\/s3.cidadeazulnoticias.com.br\/wp-content\/uploads\/2026\/08\/28131504\/expoflora-2026-merengue.jpg\" alt=\"\" width=\"1000\" height=\"746\" srcset=\"https:\/\/s3.cidadeazulnoticias.com.br\/wp-content\/uploads\/2026\/08\/28131504\/expoflora-2026-merengue.jpg 1000w, https:\/\/s3.cidadeazulnoticias.com.br\/wp-content\/uploads\/2026\/08\/28131504\/expoflora-2026-merengue-300x224.jpg 300w, https:\/\/s3.cidadeazulnoticias.com.br\/wp-content\/uploads\/2026\/08\/28131504\/expoflora-2026-merengue-768x573.jpg 768w, https:\/\/s3.cidadeazulnoticias.com.br\/wp-content\/uploads\/2026\/08\/28131504\/expoflora-2026-merengue-563x420.jpg 563w, https:\/\/s3.cidadeazulnoticias.com.br\/wp-content\/uploads\/2026\/08\/28131504\/expoflora-2026-merengue-80x60.jpg 80w, https:\/\/s3.cidadeazulnoticias.com.br\/wp-content\/uploads\/2026\/08\/28131504\/expoflora-2026-merengue-696x519.jpg 696w, https:\/\/s3.cidadeazulnoticias.com.br\/wp-content\/uploads\/2026\/08\/28131504\/expoflora-2026-merengue-265x198.jpg 265w\" sizes=\"(max-width: 1000px) 100vw, 1000px\" \/><figcaption id=\"caption-attachment-129631\" class=\"wp-caption-text\">Imagem: Juliana Lazarini<\/figcaption><\/figure>\n<p>Nossa equipe tamb\u00e9m teve a oportunidade de experimentar algumas das del\u00edcias oferecidas durante a apresenta\u00e7\u00e3o, entre elas o delicioso Merengue da Vanila Ice, a torta de ma\u00e7\u00e3 e outras especialidades do Restaurante Casa Bela. \u00c9 imposs\u00edvel falar da Expoflora sem reservar espa\u00e7o para a gastronomia, que acompanha o passeio e transforma a visita em uma experi\u00eancia ainda mais completa.<\/p>\n<h3>Flores que contam hist\u00f3rias<\/h3>\n<p>O tema escolhido para 2026 \u00e9 \u201cTradi\u00e7\u00e3o e Origens: uma pintura viva feita com flores\u201d. E a proposta aparece em diferentes espa\u00e7os do parque.<\/p>\n<p>A Exposi\u00e7\u00e3o de Arranjos Florais \u00e9 um dos pontos altos. S\u00e3o mais de 200 mil hastes de flores de corte e plantas, al\u00e9m de aproximadamente 75 mil vasos utilizados nas composi\u00e7\u00f5es.<\/p>\n<p>O resultado \u00e9 um verdadeiro espet\u00e1culo de cores, formas e criatividade.<\/p>\n<p>Entre as esp\u00e9cies e variedades que ganham destaque est\u00e3o banksias, minirrosas de jardim, girass\u00f3is dobrados, cravos spray e novas variedades de statice.<\/p>\n<p>Na Mostra de Paisagismo e Decora\u00e7\u00e3o, 18 ambientes apresentam propostas que aproximam natureza, arquitetura, arte e bem-estar. A ideia \u00e9 mostrar que plantas n\u00e3o s\u00e3o apenas elementos decorativos, mas tamb\u00e9m podem transformar ambientes e criar espa\u00e7os de conviv\u00eancia.<\/p>\n<h4>O novo moinho que j\u00e1 nasceu como cen\u00e1rio para fotos<\/h4>\n<figure id=\"attachment_129633\" aria-describedby=\"caption-attachment-129633\" style=\"width: 561px\" class=\"wp-caption alignnone\"><img loading=\"lazy\" decoding=\"async\" class=\"wp-image-129633 size-full\" src=\"https:\/\/s3.cidadeazulnoticias.com.br\/wp-content\/uploads\/2026\/08\/28133356\/expoflora-moinho-e1787934861383.jpg\" alt=\"\" width=\"561\" height=\"751\" srcset=\"https:\/\/s3.cidadeazulnoticias.com.br\/wp-content\/uploads\/2026\/08\/28133356\/expoflora-moinho-e1787934861383.jpg 561w, https:\/\/s3.cidadeazulnoticias.com.br\/wp-content\/uploads\/2026\/08\/28133356\/expoflora-moinho-e1787934861383-224x300.jpg 224w, https:\/\/s3.cidadeazulnoticias.com.br\/wp-content\/uploads\/2026\/08\/28133356\/expoflora-moinho-e1787934861383-314x420.jpg 314w\" sizes=\"(max-width: 561px) 100vw, 561px\" \/><figcaption id=\"caption-attachment-129633\" class=\"wp-caption-text\">Imagem: Juliana Lazarini<\/figcaption><\/figure>\n<p>Entre as novidades desta edi\u00e7\u00e3o est\u00e1 o moinho Beleven, inspirado em um dos s\u00edmbolos mais conhecidos da cultura holandesa.<\/p>\n<p>Com aproximadamente 9,5 metros de altura, estrutura octogonal, deck externo e quatro p\u00e1s acionadas por motor, o moinho ainda conta com um t\u00fanel na parte inferior, permitindo que os visitantes atravessem a estrutura e fa\u00e7am registros no interior.<\/p>\n<p>E para quem gosta de registrar cada momento nas redes sociais, n\u00e3o faltar\u00e3o cen\u00e1rios. Paleta, pinc\u00e9is, portais e outros espa\u00e7os instagram\u00e1veis foram incorporados ao parque seguindo o conceito da edi\u00e7\u00e3o.<\/p>\n<h5>A tradi\u00e7\u00e3o que faz o p\u00fablico olhar para o c\u00e9u<\/h5>\n<p><img loading=\"lazy\" decoding=\"async\" class=\"alignnone wp-image-129638 size-full\" src=\"https:\/\/s3.cidadeazulnoticias.com.br\/wp-content\/uploads\/2026\/08\/28141137\/expoflora-2026-66.jpg\" alt=\"\" width=\"1000\" height=\"664\" srcset=\"https:\/\/s3.cidadeazulnoticias.com.br\/wp-content\/uploads\/2026\/08\/28141137\/expoflora-2026-66.jpg 1000w, https:\/\/s3.cidadeazulnoticias.com.br\/wp-content\/uploads\/2026\/08\/28141137\/expoflora-2026-66-300x199.jpg 300w, https:\/\/s3.cidadeazulnoticias.com.br\/wp-content\/uploads\/2026\/08\/28141137\/expoflora-2026-66-768x510.jpg 768w, https:\/\/s3.cidadeazulnoticias.com.br\/wp-content\/uploads\/2026\/08\/28141137\/expoflora-2026-66-633x420.jpg 633w, https:\/\/s3.cidadeazulnoticias.com.br\/wp-content\/uploads\/2026\/08\/28141137\/expoflora-2026-66-696x462.jpg 696w\" sizes=\"(max-width: 1000px) 100vw, 1000px\" \/><\/p>\n<p>Se existe um momento capaz de arrancar suspiros at\u00e9 de quem j\u00e1 conhece a festa, ele acontece no final da tarde.<\/p>\n<p>\u00c0s 16h, a Parada das Flores conduz o p\u00fablico at\u00e9 o local onde acontece, \u00e0s 16h30, a tradicional Chuva de P\u00e9talas.<\/p>\n<p>Neste ano ser\u00e3o quatro carros aleg\u00f3ricos, um a mais que nas edi\u00e7\u00f5es anteriores. Decorados com uma grande variedade de flores e folhagens, eles levam o p\u00fablico at\u00e9 um dos momentos mais esperados da Expoflora.<\/p>\n<p>Ent\u00e3o, chega a hora de olhar para o alto.<\/p>\n<blockquote class=\"instagram-media\" style=\"background: #FFF; border: 0; border-radius: 3px; box-shadow: 0 0 1px 0 rgba(0,0,0,0.5),0 1px 10px 0 rgba(0,0,0,0.15); margin: 1px; max-width: 540px; min-width: 326px; padding: 0; width: calc(100% - 2px);\" data-instgrm-captioned=\"\" data-instgrm-permalink=\"https:\/\/www.instagram.com\/reel\/DcjYwQnI5VY\/?utm_source=ig_embed&amp;utm_campaign=loading\" data-instgrm-version=\"14\">\n<div style=\"padding: 16px;\">\n<p>&nbsp;<\/p>\n<div style=\"display: flex; flex-direction: row; align-items: center;\">\n<div style=\"background-color: #f4f4f4; border-radius: 50%; flex-grow: 0; height: 40px; margin-right: 14px; width: 40px;\"><\/div>\n<div style=\"display: flex; flex-direction: column; flex-grow: 1; justify-content: center;\">\n<div style=\"background-color: #f4f4f4; border-radius: 4px; flex-grow: 0; height: 14px; margin-bottom: 6px; width: 100px;\"><\/div>\n<div style=\"background-color: #f4f4f4; border-radius: 4px; flex-grow: 0; height: 14px; width: 60px;\"><\/div>\n<\/div>\n<\/div>\n<div style=\"padding: 19% 0;\"><\/div>\n<div style=\"display: block; height: 50px; margin: 0 auto 12px; width: 50px;\"><\/div>\n<div style=\"padding-top: 8px;\">\n<div style=\"color: #3897f0; font-family: Arial,sans-serif; font-size: 14px; font-style: normal; font-weight: 550; line-height: 18px;\">Ver essa foto no Instagram<\/div>\n<\/div>\n<div style=\"padding: 12.5% 0;\"><\/div>\n<div style=\"display: flex; flex-direction: row; margin-bottom: 14px; align-items: center;\">\n<div>\n<div style=\"background-color: #f4f4f4; border-radius: 50%; height: 12.5px; width: 12.5px; transform: translateX(0px) translateY(7px);\"><\/div>\n<div style=\"background-color: #f4f4f4; height: 12.5px; transform: rotate(-45deg) translateX(3px) translateY(1px); width: 12.5px; flex-grow: 0; margin-right: 14px; margin-left: 2px;\"><\/div>\n<div style=\"background-color: #f4f4f4; border-radius: 50%; height: 12.5px; width: 12.5px; transform: translateX(9px) translateY(-18px);\"><\/div>\n<\/div>\n<div style=\"margin-left: 8px;\">\n<div style=\"background-color: #f4f4f4; border-radius: 50%; flex-grow: 0; height: 20px; width: 20px;\"><\/div>\n<div style=\"width: 0; height: 0; border-top: 2px solid transparent; border-left: 6px solid #f4f4f4; border-bottom: 2px solid transparent; transform: translateX(16px) translateY(-4px) rotate(30deg);\"><\/div>\n<\/div>\n<div style=\"margin-left: auto;\">\n<div style=\"width: 0px; border-top: 8px solid #F4F4F4; border-right: 8px solid transparent; transform: translateY(16px);\"><\/div>\n<div style=\"background-color: #f4f4f4; flex-grow: 0; height: 12px; width: 16px; transform: translateY(-4px);\"><\/div>\n<div style=\"width: 0; height: 0; border-top: 8px solid #F4F4F4; border-left: 8px solid transparent; transform: translateY(-4px) translateX(8px);\"><\/div>\n<\/div>\n<\/div>\n<div style=\"display: flex; flex-direction: column; flex-grow: 1; justify-content: center; margin-bottom: 24px;\">\n<div style=\"background-color: #f4f4f4; border-radius: 4px; flex-grow: 0; height: 14px; margin-bottom: 6px; width: 224px;\"><\/div>\n<div style=\"background-color: #f4f4f4; border-radius: 4px; flex-grow: 0; height: 14px; width: 144px;\"><\/div>\n<\/div>\n<p>&nbsp;<\/p>\n<p style=\"color: #c9c8cd; font-family: Arial,sans-serif; font-size: 14px; line-height: 17px; margin-bottom: 0; margin-top: 8px; overflow: hidden; padding: 8px 0 7px; text-align: center; text-overflow: ellipsis; white-space: nowrap;\"><a style=\"color: #c9c8cd; font-family: Arial,sans-serif; font-size: 14px; font-style: normal; font-weight: normal; line-height: 17px; text-decoration: none;\" href=\"https:\/\/www.instagram.com\/reel\/DcjYwQnI5VY\/?utm_source=ig_embed&amp;utm_campaign=loading\" target=\"_blank\" rel=\"noopener\">Um post compartilhado por Cidade Azul Noti\u0301cias (@cidadeazulnoticias)<\/a><\/p>\n<\/div>\n<\/blockquote>\n<p><script async src=\"\/\/www.instagram.com\/embed.js\"><\/script><\/p>\n<p>Cerca de 150 quilos de p\u00e9talas de rosas s\u00e3o lan\u00e7ados sobre os visitantes. As rosas s\u00e3o despetaladas manualmente e mantidas em c\u00e2mara fria para preservar as p\u00e9talas at\u00e9 o momento do espet\u00e1culo.<\/p>\n<p>E existe aquela velha tradi\u00e7\u00e3o: quem consegue pegar uma p\u00e9tala ainda no ar pode fazer um pedido.<\/p>\n<p>Se funciona ou n\u00e3o, ningu\u00e9m sabe. Mas, diante daquela chuva colorida, poucos resistem \u00e0 tenta\u00e7\u00e3o de tentar.<\/p>\n<h5>Governador prestigia abertura especial<\/h5>\n<p><img loading=\"lazy\" decoding=\"async\" class=\"alignnone wp-image-129635 size-full\" src=\"https:\/\/s3.cidadeazulnoticias.com.br\/wp-content\/uploads\/2026\/08\/28133912\/expoflora-2026-4.jpg\" alt=\"\" width=\"1000\" height=\"664\" srcset=\"https:\/\/s3.cidadeazulnoticias.com.br\/wp-content\/uploads\/2026\/08\/28133912\/expoflora-2026-4.jpg 1000w, https:\/\/s3.cidadeazulnoticias.com.br\/wp-content\/uploads\/2026\/08\/28133912\/expoflora-2026-4-300x199.jpg 300w, https:\/\/s3.cidadeazulnoticias.com.br\/wp-content\/uploads\/2026\/08\/28133912\/expoflora-2026-4-768x510.jpg 768w, https:\/\/s3.cidadeazulnoticias.com.br\/wp-content\/uploads\/2026\/08\/28133912\/expoflora-2026-4-633x420.jpg 633w, https:\/\/s3.cidadeazulnoticias.com.br\/wp-content\/uploads\/2026\/08\/28133912\/expoflora-2026-4-696x462.jpg 696w\" sizes=\"(max-width: 1000px) 100vw, 1000px\" \/><\/p>\n<p>A apresenta\u00e7\u00e3o especial para jornalistas tamb\u00e9m contou com uma presen\u00e7a que chamou a aten\u00e7\u00e3o do protocolo da festa: o governador do Estado de S\u00e3o Paulo, Tarc\u00edsio de Freitas, acompanhado da esposa, Cristiane de Freitas.<\/p>\n<p>A presen\u00e7a do governador refor\u00e7ou a dimens\u00e3o que a Expoflora alcan\u00e7ou ao longo de mais de quatro d\u00e9cadas, n\u00e3o apenas como evento tur\u00edstico, mas como importante movimentador da economia regional.<\/p>\n<h5>Holambra al\u00e9m dos port\u00f5es da Expoflora<\/h5>\n<p>A experi\u00eancia n\u00e3o precisa terminar no parque.<\/p>\n<p><img loading=\"lazy\" decoding=\"async\" class=\"alignnone wp-image-129636 size-full\" src=\"https:\/\/s3.cidadeazulnoticias.com.br\/wp-content\/uploads\/2026\/08\/28134732\/expoflora-2026-78.jpg\" alt=\"\" width=\"1000\" height=\"664\" srcset=\"https:\/\/s3.cidadeazulnoticias.com.br\/wp-content\/uploads\/2026\/08\/28134732\/expoflora-2026-78.jpg 1000w, https:\/\/s3.cidadeazulnoticias.com.br\/wp-content\/uploads\/2026\/08\/28134732\/expoflora-2026-78-300x199.jpg 300w, https:\/\/s3.cidadeazulnoticias.com.br\/wp-content\/uploads\/2026\/08\/28134732\/expoflora-2026-78-768x510.jpg 768w, https:\/\/s3.cidadeazulnoticias.com.br\/wp-content\/uploads\/2026\/08\/28134732\/expoflora-2026-78-633x420.jpg 633w, https:\/\/s3.cidadeazulnoticias.com.br\/wp-content\/uploads\/2026\/08\/28134732\/expoflora-2026-78-696x462.jpg 696w\" sizes=\"(max-width: 1000px) 100vw, 1000px\" \/><\/p>\n<p>O Magic Garden Holambra, localizado a cerca de seis quil\u00f4metros do Parque da Expoflora, oferece uma \u00e1rea de aproximadamente 30 mil metros quadrados com jardins e campos de flores.<\/p>\n<p>Entre as novidades est\u00e3o um novo roseiral, com cerca de 950 roseiras, lavand\u00e1rio, jardim inspirado em borboletas, esculturas e cen\u00e1rios interativos.<\/p>\n<p><img loading=\"lazy\" decoding=\"async\" class=\"alignnone wp-image-129637 size-full\" src=\"https:\/\/s3.cidadeazulnoticias.com.br\/wp-content\/uploads\/2026\/08\/28134952\/expoflora-2026-89.jpg\" alt=\"\" width=\"1000\" height=\"664\" srcset=\"https:\/\/s3.cidadeazulnoticias.com.br\/wp-content\/uploads\/2026\/08\/28134952\/expoflora-2026-89.jpg 1000w, https:\/\/s3.cidadeazulnoticias.com.br\/wp-content\/uploads\/2026\/08\/28134952\/expoflora-2026-89-300x199.jpg 300w, https:\/\/s3.cidadeazulnoticias.com.br\/wp-content\/uploads\/2026\/08\/28134952\/expoflora-2026-89-768x510.jpg 768w, https:\/\/s3.cidadeazulnoticias.com.br\/wp-content\/uploads\/2026\/08\/28134952\/expoflora-2026-89-633x420.jpg 633w, https:\/\/s3.cidadeazulnoticias.com.br\/wp-content\/uploads\/2026\/08\/28134952\/expoflora-2026-89-696x462.jpg 696w\" sizes=\"(max-width: 1000px) 100vw, 1000px\" \/><\/p>\n<p>O campo de girass\u00f3is tamb\u00e9m cresceu. Cerca de 45 mil sementes foram plantadas neste ano, 50% a mais que na edi\u00e7\u00e3o anterior.<\/p>\n<p>E d\u00e1 para levar um pedacinho de Holambra para casa<\/p>\n<h5>Depois de tantas flores, \u00e9 dif\u00edcil resistir.<\/h5>\n<p>O Shopping das Flores ocupa uma \u00e1rea de aproximadamente 3.300 metros quadrados e re\u00fane mais de 400 produtos, principalmente flores e plantas ornamentais cultivadas pelos produtores de Holambra.<\/p>\n<p>Tamb\u00e9m h\u00e1 espa\u00e7os de artesanato e lembran\u00e7as, incluindo as tradicionais cer\u00e2micas azuis inspiradas na porcelana de Delft.<\/p>\n<h6>Holanda no prato<\/h6>\n<p><img loading=\"lazy\" decoding=\"async\" class=\"alignnone wp-image-129632 size-full\" src=\"https:\/\/s3.cidadeazulnoticias.com.br\/wp-content\/uploads\/2026\/08\/28131620\/Novidades-Gastronomicas.jpeg\" alt=\"\" width=\"1000\" height=\"563\" srcset=\"https:\/\/s3.cidadeazulnoticias.com.br\/wp-content\/uploads\/2026\/08\/28131620\/Novidades-Gastronomicas.jpeg 1000w, https:\/\/s3.cidadeazulnoticias.com.br\/wp-content\/uploads\/2026\/08\/28131620\/Novidades-Gastronomicas-300x169.jpeg 300w, https:\/\/s3.cidadeazulnoticias.com.br\/wp-content\/uploads\/2026\/08\/28131620\/Novidades-Gastronomicas-768x432.jpeg 768w, https:\/\/s3.cidadeazulnoticias.com.br\/wp-content\/uploads\/2026\/08\/28131620\/Novidades-Gastronomicas-746x420.jpeg 746w, https:\/\/s3.cidadeazulnoticias.com.br\/wp-content\/uploads\/2026\/08\/28131620\/Novidades-Gastronomicas-696x392.jpeg 696w\" sizes=\"(max-width: 1000px) 100vw, 1000px\" \/><\/p>\n<p>&nbsp;<\/p>\n<p>A gastronomia \u00e9 outro cap\u00edtulo importante da Expoflora.<\/p>\n<p>Al\u00e9m dos pratos que j\u00e1 conquistaram o p\u00fablico ao longo dos anos, a edi\u00e7\u00e3o de 2026 apresenta novidades inspiradas na culin\u00e1ria holandesa, como o frikandel, servido com fritas ou no p\u00e3o, al\u00e9m de receitas que utilizam queijo Gouda maturado e MonChou.<\/p>\n<p>Entre as sobremesas aparecem ainda op\u00e7\u00f5es como picol\u00e9 de hibisco com frutas vermelhas e chocolate branco e merengue de gelato.<\/p>\n<h5>A dan\u00e7a que mant\u00e9m uma hist\u00f3ria viva<\/h5>\n<p>&nbsp;<\/p>\n<p>Cerca de 300 dan\u00e7arinos, distribu\u00eddos em dez grupos, participam das apresenta\u00e7\u00f5es folcl\u00f3ricas durante a festa.<\/p>\n<p>Vestidos com trajes t\u00edpicos e os tradicionais tamancos de madeira, os grupos apresentam coreografias relacionadas a diferentes regi\u00f5es, costumes e tradi\u00e7\u00f5es da Holanda.<\/p>\n<p>Um detalhe particularmente interessante \u00e9 que a tradi\u00e7\u00e3o n\u00e3o ficou restrita aos descendentes de holandeses. Atualmente, pessoas sem ascend\u00eancia holandesa tamb\u00e9m podem participar dos grupos, ajudando a garantir que esse patrim\u00f4nio cultural continue sendo transmitido \u00e0s novas gera\u00e7\u00f5es.<\/p>\n<p>Em algumas apresenta\u00e7\u00f5es, o p\u00fablico tamb\u00e9m poder\u00e1 ser convidado a entrar na dan\u00e7a.<\/p>\n<p>E talvez seja justamente a\u00ed que esteja um dos grandes segredos da Expoflora: ela n\u00e3o quer apenas que o visitante observe. Quer que ele participe.<\/p>\n<h5>Hist\u00f3ria que tamb\u00e9m est\u00e1 presente<\/h5>\n<p>Durante a festa, o Museu Hist\u00f3rico de Holambra integra o roteiro de visita\u00e7\u00e3o sem cobran\u00e7a de novo ingresso.<\/p>\n<p>Fotografias, objetos utilizados pelos pioneiros, r\u00e9plicas das primeiras moradias, m\u00e1quinas e tratores antigos ajudam a contar a hist\u00f3ria da imigra\u00e7\u00e3o e da forma\u00e7\u00e3o da antiga col\u00f4nia holandesa.<\/p>\n<p>A edi\u00e7\u00e3o deste ano tamb\u00e9m apresenta um mini museu dedicado \u00e0 pr\u00f3pria Expoflora, reunindo fotografias, registros e lembran\u00e7as de momentos que marcaram os mais de 40 anos da festa.<\/p>\n<p>Divers\u00e3o para toda a fam\u00edlia<\/p>\n<p>A Expoflora tamb\u00e9m reserva espa\u00e7o para as crian\u00e7as. A Fazendinha aproxima os pequenos do ambiente rural e o parque de divers\u00f5es oferece atra\u00e7\u00f5es para diferentes idades, com acesso pago separadamente.<\/p>\n<p>Nossa impress\u00e3o<\/p>\n<p>Depois de conhecer a festa antes da abertura oficial, fica uma impress\u00e3o bastante clara: a Expoflora \u00e9 muito mais do que uma exposi\u00e7\u00e3o de flores.<\/p>\n<p>\u00c9 uma mistura de turismo, gastronomia, cultura, mem\u00f3ria, entretenimento e, principalmente, identidade.<\/p>\n<p>Holambra consegue transformar suas origens em uma experi\u00eancia contempor\u00e2nea sem abandonar aquilo que a torna diferente. As flores s\u00e3o protagonistas, mas dividem o palco com as pessoas que ajudam a manter viva a hist\u00f3ria da cidade.<\/p>\n<p>E talvez seja justamente por isso que, depois de caminhar entre jardins, ouvir m\u00fasica holandesa, provar uma torta de ma\u00e7\u00e3 e assistir a centenas de p\u00e9talas caindo do c\u00e9u, o visitante v\u00e1 embora com a sensa\u00e7\u00e3o de que n\u00e3o esteve apenas em uma festa.<\/p>\n<p>Esteve em Holambra.<\/p>\n<p>E isso faz toda a diferen\u00e7a.<\/p>\n<p>SERVI\u00c7O<\/p>\n<p>43\u00aa Expoflora \u2013 Holambra<br \/>\n\ud83d\udcc5 De 28 de agosto a 27 de setembro de 2026<br \/>\n\ud83d\udccc Sextas-feiras, s\u00e1bados, domingos e feriado de 7 de setembro<br \/>\n\u23f0 Das 9h \u00e0s 19h<br \/>\n\ud83d\udccd Parque da Expoflora \u2013 Holambra (SP)<br \/>\n\ud83c\udf37 Tema: \u201cTradi\u00e7\u00e3o e Origens: uma pintura viva feita com flores\u201d<br \/>\n\ud83d\udc65 Expectativa: 280 mil visitantes<\/p>\n<p>&nbsp;<\/p>\n<p>&nbsp;<\/p>\n","protected":false},"excerpt":{"rendered":"<p>43\u00aa edi\u00e7\u00e3o da maior festa de flores da Am\u00e9rica Latina come\u00e7a nesta sexta-feira (28) e espera receber 280 mil visitantes; nossa reportagem esteve na abertura especial para jornalistas e conheceu de perto os encantos da festa H\u00e1 lugares que simplesmente se visitam. E h\u00e1 lugares que fazem quest\u00e3o de receber. Em setembro, Holambra parece fazer [&hellip;]<\/p>\n","protected":false},"author":9,"featured_media":129630,"comment_status":"closed","ping_status":"closed","sticky":false,"template":"","format":"standard","meta":{"footnotes":""},"categories":[187],"tags":[],"class_list":{"0":"post-129624","1":"post","2":"type-post","3":"status-publish","4":"format-standard","5":"has-post-thumbnail","7":"category-rio-claro"},"_links":{"self":[{"href":"https:\/\/cidadeazulnoticias.com.br\/wp-json\/wp\/v2\/posts\/129624"}],"collection":[{"href":"https:\/\/cidadeazulnoticias.com.br\/wp-json\/wp\/v2\/posts"}],"about":[{"href":"https:\/\/cidadeazulnoticias.com.br\/wp-json\/wp\/v2\/types\/post"}],"author":[{"embeddable":true,"href":"https:\/\/cidadeazulnoticias.com.br\/wp-json\/wp\/v2\/users\/9"}],"replies":[{"embeddable":true,"href":"https:\/\/cidadeazulnoticias.com.br\/wp-json\/wp\/v2\/comments?post=129624"}],"version-history":[{"count":1,"href":"https:\/\/cidadeazulnoticias.com.br\/wp-json\/wp\/v2\/posts\/129624\/revisions"}],"predecessor-version":[{"id":129639,"href":"https:\/\/cidadeazulnoticias.com.br\/wp-json\/wp\/v2\/posts\/129624\/revisions\/129639"}],"wp:featuredmedia":[{"embeddable":true,"href":"https:\/\/cidadeazulnoticias.com.br\/wp-json\/wp\/v2\/media\/129630"}],"wp:attachment":[{"href":"https:\/\/cidadeazulnoticias.com.br\/wp-json\/wp\/v2\/media?parent=129624"}],"wp:term":[{"taxonomy":"category","embeddable":true,"href":"https:\/\/cidadeazulnoticias.com.br\/wp-json\/wp\/v2\/categories?post=129624"},{"taxonomy":"post_tag","embeddable":true,"href":"https:\/\/cidadeazulnoticias.com.br\/wp-json\/wp\/v2\/tags?post=129624"}],"curies":[{"name":"wp","href":"https:\/\/api.w.org\/{rel}","templated":true}]}},{"id":129627,"date":"2026-08-28T13:10:40","date_gmt":"2026-08-28T16:10:40","guid":{"rendered":"https:\/\/cidadeazulnoticias.com.br\/?p=129627"},"modified":"2026-08-28T13:10:40","modified_gmt":"2026-08-28T16:10:40","slug":"moto-x-carreta-encontro-perigoso-termina-com-motociclista-ferido-no-jardim-guanabara","status":"publish","type":"post","link":"https:\/\/cidadeazulnoticias.com.br\/moto-x-carreta-encontro-perigoso-termina-com-motociclista-ferido-no-jardim-guanabara\/","title":{"rendered":"Moto x carreta: encontro perigoso termina com motociclista ferido no Jardim Guanabara"},"content":{"rendered":"<h2><em>Colis\u00e3o aconteceu no fim da tarde de quinta-feira (27), na Estrada dos Costas com a Avenida 12; jovem de 18 anos foi socorrido e permanece est\u00e1vel.<\/em><\/h2>\n<p>Um encontro que ningu\u00e9m gostaria de protagonizar no tr\u00e2nsito terminou com um motociclista ferido no final da tarde de quinta-feira (27), em Rio Claro. Uma motocicleta e uma carreta se envolveram em um sinistro de tr\u00e2nsito por volta das 17h45, na altura da Estrada dos Costas com a Avenida 12, no Jardim Guanabara.<\/p>\n<p>De acordo com o registro da Guarda Civil Municipal (GCM), o condutor da motocicleta, de 18 anos, sofreu ferimentos na coxa direita e escoria\u00e7\u00f5es no bra\u00e7o esquerdo. Ele foi socorrido e encaminhado ao Pronto-Socorro Municipal Integrado (PSMI).<\/p>\n<p>Apesar do susto e dos ferimentos, o estado de sa\u00fade do jovem foi considerado est\u00e1vel.<\/p>\n<p>A ocorr\u00eancia mobilizou a equipe da GCM, que realizou o atendimento e o registro do sinistro. As circunst\u00e2ncias que levaram \u00e0 colis\u00e3o \u2014 e, principalmente, as responsabilidades de cada envolvido \u2014 ainda dever\u00e3o ser esclarecidas.<\/p>\n<p>A din\u00e2mica do acidente ser\u00e1 apurada pelos \u00f3rg\u00e3os competentes, com base nos depoimentos dos envolvidos e nos elementos t\u00e9cnicos coletados durante a per\u00edcia.<\/p>\n<p>No tr\u00e2nsito, especialmente quando uma moto encontra uma carreta pelo caminho, o tamanho da diferen\u00e7a dispensa qualquer coment\u00e1rio: prud\u00eancia nunca \u00e9 demais. Agora, cabe \u00e0 per\u00edcia colocar cada pe\u00e7a no lugar e esclarecer exatamente como aconteceu o acidente.<\/p>\n<p>&nbsp;<\/p>\n","protected":false},"excerpt":{"rendered":"<p>Colis\u00e3o aconteceu no fim da tarde de quinta-feira (27), na Estrada dos Costas com a Avenida 12; jovem de 18 anos foi socorrido e permanece est\u00e1vel. Um encontro que ningu\u00e9m gostaria de protagonizar no tr\u00e2nsito terminou com um motociclista ferido no final da tarde de quinta-feira (27), em Rio Claro. Uma motocicleta e uma carreta [&hellip;]<\/p>\n","protected":false},"author":9,"featured_media":129628,"comment_status":"closed","ping_status":"closed","sticky":false,"template":"","format":"standard","meta":{"footnotes":""},"categories":[1,2],"tags":[9856,14354,10472,186,8905,12112,10644,8919,11706,12972,9414],"class_list":{"0":"post-129627","1":"post","2":"type-post","3":"status-publish","4":"format-standard","5":"has-post-thumbnail","7":"category-instagram","8":"category-seguranca","9":"tag-acidente","10":"tag-carreta","11":"tag-cidadeazulnoticias","12":"tag-gcm","13":"tag-guardacivilmunicipal","14":"tag-jardimguanabara","15":"tag-motociclista","16":"tag-rioclaro","17":"tag-segurancanotransito","18":"tag-sinistrodetransito","19":"tag-transito"},"_links":{"self":[{"href":"https:\/\/cidadeazulnoticias.com.br\/wp-json\/wp\/v2\/posts\/129627"}],"collection":[{"href":"https:\/\/cidadeazulnoticias.com.br\/wp-json\/wp\/v2\/posts"}],"about":[{"href":"https:\/\/cidadeazulnoticias.com.br\/wp-json\/wp\/v2\/types\/post"}],"author":[{"embeddable":true,"href":"https:\/\/cidadeazulnoticias.com.br\/wp-json\/wp\/v2\/users\/9"}],"replies":[{"embeddable":true,"href":"https:\/\/cidadeazulnoticias.com.br\/wp-json\/wp\/v2\/comments?post=129627"}],"version-history":[{"count":1,"href":"https:\/\/cidadeazulnoticias.com.br\/wp-json\/wp\/v2\/posts\/129627\/revisions"}],"predecessor-version":[{"id":129629,"href":"https:\/\/cidadeazulnoticias.com.br\/wp-json\/wp\/v2\/posts\/129627\/revisions\/129629"}],"wp:featuredmedia":[{"embeddable":true,"href":"https:\/\/cidadeazulnoticias.com.br\/wp-json\/wp\/v2\/media\/129628"}],"wp:attachment":[{"href":"https:\/\/cidadeazulnoticias.com.br\/wp-json\/wp\/v2\/media?parent=129627"}],"wp:term":[{"taxonomy":"category","embeddable":true,"href":"https:\/\/cidadeazulnoticias.com.br\/wp-json\/wp\/v2\/categories?post=129627"},{"taxonomy":"post_tag","embeddable":true,"href":"https:\/\/cidadeazulnoticias.com.br\/wp-json\/wp\/v2\/tags?post=129627"}],"curies":[{"name":"wp","href":"https:\/\/api.w.org\/{rel}","templated":true}]}},{"id":129621,"date":"2026-08-28T11:01:16","date_gmt":"2026-08-28T14:01:16","guid":{"rendered":"https:\/\/cidadeazulnoticias.com.br\/?p=129621"},"modified":"2026-08-28T11:01:16","modified_gmt":"2026-08-28T14:01:16","slug":"prefeitura-e-cartorios-querem-padronizar-processos-de-regularizacao-imobiliaria","status":"publish","type":"post","link":"https:\/\/cidadeazulnoticias.com.br\/prefeitura-e-cartorios-querem-padronizar-processos-de-regularizacao-imobiliaria\/","title":{"rendered":"Prefeitura e cart\u00f3rios querem padronizar processos de regulariza\u00e7\u00e3o imobili\u00e1ria"},"content":{"rendered":"<h2><em>Objetivo \u00e9 fortalecer coopera\u00e7\u00e3o institucional para dinamizar servi\u00e7os \u00e0 popula\u00e7\u00e3o.<\/em><\/h2>\n<p>Em reuni\u00e3o realizada quarta-feira (26), representantes da prefeitura de Rio Claro e dos cart\u00f3rios de registro de im\u00f3veis iniciaram tratativas para fortalecer a coopera\u00e7\u00e3o institucional, visando maior efici\u00eancia nos servi\u00e7os prestados \u00e0 popula\u00e7\u00e3o.<\/p>\n<p>\u201cQueremos padronizar os procedimentos nos processos de regulariza\u00e7\u00e3o imobili\u00e1ria, de maneira que os servi\u00e7os sejam realizados com maior celeridade e o p\u00fablico seja melhor atendido\u201d, explica o secret\u00e1rio municipal de Planejamento, Bruno Oliveira.<\/p>\n<p>Na reuni\u00e3o foram debatidas a padroniza\u00e7\u00e3o de rotinas t\u00e9cnicas e a harmoniza\u00e7\u00e3o entre as diretrizes emitidas pela administra\u00e7\u00e3o p\u00fablica e a pr\u00e1tica registral. \u201cEssa coopera\u00e7\u00e3o entre os agentes da administra\u00e7\u00e3o municipal e as equipes dos cart\u00f3rios registradores tamb\u00e9m visa assegurar a ordena\u00e7\u00e3o do espa\u00e7o urbano e garantir total seguran\u00e7a jur\u00eddica ao patrim\u00f4nio do cidad\u00e3o rio-clarense\u201d, afirma Bruno Oliveira.<\/p>\n<p>Da reuni\u00e3o tamb\u00e9m participaram Jos\u00e9 Gentil Cibien Filho, do 2\u00ba Cart\u00f3rio de Registro de Im\u00f3veis, Geraldo Fel\u00edcio, do 1\u00ba Cart\u00f3rio de Registro de Im\u00f3veis, e os representantes da Secretaria de Planejamento (Raquel Bovo, Rebeca Rodrigues, Pedro Sartori, Lucy Bittencourt, L\u00edvia Bueno e Vicenzo dos Santos), da Secretaria de Habita\u00e7\u00e3o (Luciana Traina, Thais Varussa e Renato de Oliveira), o chefe de gabinete da Procuradoria Geral, Alessander Marrichi, e Gustavo Barbosa (do gabinete do prefeito).<\/p>\n","protected":false},"excerpt":{"rendered":"<p>Objetivo \u00e9 fortalecer coopera\u00e7\u00e3o institucional para dinamizar servi\u00e7os \u00e0 popula\u00e7\u00e3o. Em reuni\u00e3o realizada quarta-feira (26), representantes da prefeitura de Rio Claro e dos cart\u00f3rios de registro de im\u00f3veis iniciaram tratativas para fortalecer a coopera\u00e7\u00e3o institucional, visando maior efici\u00eancia nos servi\u00e7os prestados \u00e0 popula\u00e7\u00e3o. \u201cQueremos padronizar os procedimentos nos processos de regulariza\u00e7\u00e3o imobili\u00e1ria, de maneira que [&hellip;]<\/p>\n","protected":false},"author":9,"featured_media":129622,"comment_status":"closed","ping_status":"closed","sticky":false,"template":"","format":"standard","meta":{"footnotes":""},"categories":[1,187],"tags":[],"class_list":{"0":"post-129621","1":"post","2":"type-post","3":"status-publish","4":"format-standard","5":"has-post-thumbnail","7":"category-instagram","8":"category-rio-claro"},"_links":{"self":[{"href":"https:\/\/cidadeazulnoticias.com.br\/wp-json\/wp\/v2\/posts\/129621"}],"collection":[{"href":"https:\/\/cidadeazulnoticias.com.br\/wp-json\/wp\/v2\/posts"}],"about":[{"href":"https:\/\/cidadeazulnoticias.com.br\/wp-json\/wp\/v2\/types\/post"}],"author":[{"embeddable":true,"href":"https:\/\/cidadeazulnoticias.com.br\/wp-json\/wp\/v2\/users\/9"}],"replies":[{"embeddable":true,"href":"https:\/\/cidadeazulnoticias.com.br\/wp-json\/wp\/v2\/comments?post=129621"}],"version-history":[{"count":1,"href":"https:\/\/cidadeazulnoticias.com.br\/wp-json\/wp\/v2\/posts\/129621\/revisions"}],"predecessor-version":[{"id":129623,"href":"https:\/\/cidadeazulnoticias.com.br\/wp-json\/wp\/v2\/posts\/129621\/revisions\/129623"}],"wp:featuredmedia":[{"embeddable":true,"href":"https:\/\/cidadeazulnoticias.com.br\/wp-json\/wp\/v2\/media\/129622"}],"wp:attachment":[{"href":"https:\/\/cidadeazulnoticias.com.br\/wp-json\/wp\/v2\/media?parent=129621"}],"wp:term":[{"taxonomy":"category","embeddable":true,"href":"https:\/\/cidadeazulnoticias.com.br\/wp-json\/wp\/v2\/categories?post=129621"},{"taxonomy":"post_tag","embeddable":true,"href":"https:\/\/cidadeazulnoticias.com.br\/wp-json\/wp\/v2\/tags?post=129621"}],"curies":[{"name":"wp","href":"https:\/\/api.w.org\/{rel}","templated":true}]}},{"id":129618,"date":"2026-08-28T10:48:32","date_gmt":"2026-08-28T13:48:32","guid":{"rendered":"https:\/\/cidadeazulnoticias.com.br\/?p=129618"},"modified":"2026-08-28T10:48:32","modified_gmt":"2026-08-28T13:48:32","slug":"operacao-cavalo-de-aco-coloca-rio-claro-sob-forte-patrulhamento-contra-crimes-com-motocicletas","status":"publish","type":"post","link":"https:\/\/cidadeazulnoticias.com.br\/operacao-cavalo-de-aco-coloca-rio-claro-sob-forte-patrulhamento-contra-crimes-com-motocicletas\/","title":{"rendered":"Opera\u00e7\u00e3o \u201cCavalo de A\u00e7o\u201d coloca Rio Claro sob forte patrulhamento contra crimes com motocicletas"},"content":{"rendered":"<h2><em>A\u00e7\u00e3o do CPI-9 reuniu policiais de cinco batalh\u00f5es, refor\u00e7ou o policiamento em pontos estrat\u00e9gicos e intensificou a fiscaliza\u00e7\u00e3o de tr\u00e2nsito, especialmente contra a combina\u00e7\u00e3o perigosa entre \u00e1lcool e dire\u00e7\u00e3o.<\/em><\/h2>\n<p>Se algu\u00e9m achou que a quinta-feira, 27 de agosto, seria apenas mais um dia comum nas ruas de Rio Claro, a Pol\u00edcia Militar tratou de mudar o roteiro. Com direito a refor\u00e7o de efetivo e muito policiamento ostensivo, a cidade recebeu a Opera\u00e7\u00e3o \u201cCavalo de A\u00e7o\u201d, voltada principalmente ao combate de crimes praticados com motocicletas.<\/p>\n<p>A opera\u00e7\u00e3o foi coordenada pelo Comando de Policiamento do Interior 9 (CPI-9), sob a lideran\u00e7a do comandante, Coronel PM Cleotheos Sabino de Souza Filho, e teve in\u00edcio \u00e0s 14h, com a revista \u00e0 tropa realizada na sede do 37\u00ba BPM\/I.<\/p>\n<p>A miss\u00e3o reuniu policiais militares de cinco batalh\u00f5es: 10\u00ba BPM\/I, 19\u00ba BPM\/I, 36\u00ba BPM\/I, 37\u00ba BPM\/I e 48\u00ba BPM\/I. Em bom portugu\u00eas policial: foi gente de v\u00e1rias unidades se juntando para fazer a presen\u00e7a ostensiva aparecer \u2014 e bastante.<\/p>\n<h3>Motocicletas no radar<\/h3>\n<p>O principal foco da opera\u00e7\u00e3o foi o combate aos delitos praticados com motocicletas, al\u00e9m da preven\u00e7\u00e3o e repress\u00e3o de outras ocorr\u00eancias criminais.<\/p>\n<p>As equipes realizaram satura\u00e7\u00e3o em pontos estrat\u00e9gicos de Rio Claro, ampliando o patrulhamento ostensivo em diferentes bairros. A estrat\u00e9gia teve como objetivo inibir a a\u00e7\u00e3o de criminosos, aumentar a capacidade de resposta policial e contribuir para a redu\u00e7\u00e3o dos indicadores criminais.<\/p>\n<p>E, quando a Pol\u00edcia Militar fala em satura\u00e7\u00e3o, n\u00e3o significa simplesmente \u201cdar uma voltinha pela cidade\u201d. A proposta \u00e9 ocupar de maneira estrat\u00e9gica determinados locais, aumentando a presen\u00e7a policial e dificultando a atua\u00e7\u00e3o de quem eventualmente esteja planejando cometer algum delito.<\/p>\n<h4>Tr\u00e2nsito tamb\u00e9m entrou na opera\u00e7\u00e3o<\/h4>\n<p>Al\u00e9m do combate \u00e0 criminalidade, a opera\u00e7\u00e3o tamb\u00e9m contou com a\u00e7\u00f5es de fiscaliza\u00e7\u00e3o de tr\u00e2nsito, com aten\u00e7\u00e3o especial \u00e0 condu\u00e7\u00e3o de ve\u00edculos sob efeito de \u00e1lcool.<\/p>\n<p>A preocupa\u00e7\u00e3o n\u00e3o \u00e9 pequena. Afinal, motocicleta, velocidade e bebida alco\u00f3lica formam uma combina\u00e7\u00e3o que costuma terminar muito mal \u2014 e definitivamente n\u00e3o combina com as ruas da cidade.<\/p>\n<p>As fiscaliza\u00e7\u00f5es buscaram retirar de circula\u00e7\u00e3o condutores que apresentassem risco \u00e0 pr\u00f3pria seguran\u00e7a e \u00e0 de terceiros, refor\u00e7ando tamb\u00e9m o car\u00e1ter preventivo da opera\u00e7\u00e3o.<\/p>\n<h5>Pol\u00edcia nas ruas e recado dado<\/h5>\n<p>A presen\u00e7a integrada de policiais de diferentes batalh\u00f5es permitiu ampliar a \u00e1rea de atua\u00e7\u00e3o e refor\u00e7ar o policiamento em diversos pontos do munic\u00edpio.<\/p>\n<p>Segundo o CPI-9, a iniciativa faz parte das estrat\u00e9gias de seguran\u00e7a p\u00fablica desenvolvidas pelo comando e demonstra o compromisso da Pol\u00edcia Militar com a preven\u00e7\u00e3o de crimes, manuten\u00e7\u00e3o da ordem p\u00fablica e prote\u00e7\u00e3o da comunidade.<\/p>\n<p>Com v\u00e1rias equipes espalhadas pela cidade, o recado foi direto: as ruas estavam sob aten\u00e7\u00e3o redobrada.<\/p>\n<p>E, para quem pretende andar dentro da lei, a presen\u00e7a policial pode ser sin\u00f4nimo de tranquilidade. J\u00e1 para quem tinha outros planos, a quinta-feira provavelmente ficou um pouco menos confort\u00e1vel.<\/p>\n<h5>Comunidade tamb\u00e9m pode ajudar<\/h5>\n<p>A Pol\u00edcia Militar refor\u00e7a que a participa\u00e7\u00e3o da popula\u00e7\u00e3o \u00e9 importante no combate \u00e0 criminalidade. Informa\u00e7\u00f5es que possam auxiliar o trabalho policial podem ser encaminhadas pelo telefone 190 ou pelo Disque-Den\u00fancia 181.<\/p>\n<p>A Opera\u00e7\u00e3o \u201cCavalo de A\u00e7o\u201d refor\u00e7ou, mais uma vez, que seguran\u00e7a p\u00fablica n\u00e3o se faz apenas com viaturas nas ruas, mas tamb\u00e9m com planejamento, integra\u00e7\u00e3o entre as for\u00e7as policiais e participa\u00e7\u00e3o da comunidade.<\/p>\n<p>No fim das contas, quando o policiamento aperta o cerco, quem anda certo segue seu caminho. Quem anda torto, melhor prestar aten\u00e7\u00e3o: o \u201cCavalo de A\u00e7o\u201d pode estar passando por perto.<\/p>\n<p>&nbsp;<\/p>\n<p>&nbsp;<\/p>\n","protected":false},"excerpt":{"rendered":"<p>A\u00e7\u00e3o do CPI-9 reuniu policiais de cinco batalh\u00f5es, refor\u00e7ou o policiamento em pontos estrat\u00e9gicos e intensificou a fiscaliza\u00e7\u00e3o de tr\u00e2nsito, especialmente contra a combina\u00e7\u00e3o perigosa entre \u00e1lcool e dire\u00e7\u00e3o. Se algu\u00e9m achou que a quinta-feira, 27 de agosto, seria apenas mais um dia comum nas ruas de Rio Claro, a Pol\u00edcia Militar tratou de mudar [&hellip;]<\/p>\n","protected":false},"author":9,"featured_media":129619,"comment_status":"closed","ping_status":"closed","sticky":false,"template":"","format":"standard","meta":{"footnotes":""},"categories":[1,2],"tags":[10529,11319,10472,13719,12809,9523,12332,10564,13959,10283,14079,8917,8919,8921,9414],"class_list":{"0":"post-129618","1":"post","2":"type-post","3":"status-publish","4":"format-standard","5":"has-post-thumbnail","7":"category-instagram","8":"category-seguranca","9":"tag-37bpmi","10":"tag-cidadeazul","11":"tag-cidadeazulnoticias","12":"tag-combateaocrim","13":"tag-cpi9","14":"tag-fiscalizacao","15":"tag-leiseca","16":"tag-motocicletas","17":"tag-operacaocavalodeaco","18":"tag-pmsp","19":"tag-policiamento","20":"tag-policiamilitar","21":"tag-rioclaro","22":"tag-segurancapublica","23":"tag-transito"},"_links":{"self":[{"href":"https:\/\/cidadeazulnoticias.com.br\/wp-json\/wp\/v2\/posts\/129618"}],"collection":[{"href":"https:\/\/cidadeazulnoticias.com.br\/wp-json\/wp\/v2\/posts"}],"about":[{"href":"https:\/\/cidadeazulnoticias.com.br\/wp-json\/wp\/v2\/types\/post"}],"author":[{"embeddable":true,"href":"https:\/\/cidadeazulnoticias.com.br\/wp-json\/wp\/v2\/users\/9"}],"replies":[{"embeddable":true,"href":"https:\/\/cidadeazulnoticias.com.br\/wp-json\/wp\/v2\/comments?post=129618"}],"version-history":[{"count":1,"href":"https:\/\/cidadeazulnoticias.com.br\/wp-json\/wp\/v2\/posts\/129618\/revisions"}],"predecessor-version":[{"id":129620,"href":"https:\/\/cidadeazulnoticias.com.br\/wp-json\/wp\/v2\/posts\/129618\/revisions\/129620"}],"wp:featuredmedia":[{"embeddable":true,"href":"https:\/\/cidadeazulnoticias.com.br\/wp-json\/wp\/v2\/media\/129619"}],"wp:attachment":[{"href":"https:\/\/cidadeazulnoticias.com.br\/wp-json\/wp\/v2\/media?parent=129618"}],"wp:term":[{"taxonomy":"category","embeddable":true,"href":"https:\/\/cidadeazulnoticias.com.br\/wp-json\/wp\/v2\/categories?post=129618"},{"taxonomy":"post_tag","embeddable":true,"href":"https:\/\/cidadeazulnoticias.com.br\/wp-json\/wp\/v2\/tags?post=129618"}],"curies":[{"name":"wp","href":"https:\/\/api.w.org\/{rel}","templated":true}]}},{"id":129616,"date":"2026-08-28T10:35:39","date_gmt":"2026-08-28T13:35:39","guid":{"rendered":"https:\/\/cidadeazulnoticias.com.br\/?p=129616"},"modified":"2026-08-28T10:35:39","modified_gmt":"2026-08-28T13:35:39","slug":"mandado-nao-tira-folga-pm-captura-procurado-por-descumprir-medida-protetiva-em-torrinha","status":"publish","type":"post","link":"https:\/\/cidadeazulnoticias.com.br\/mandado-nao-tira-folga-pm-captura-procurado-por-descumprir-medida-protetiva-em-torrinha\/","title":{"rendered":"Mandado n\u00e3o tira folga: PM captura procurado por descumprir medida protetiva em Torrinha"},"content":{"rendered":"<h2><em>Homem foi localizado em uma propriedade rural ap\u00f3s policiais levantarem informa\u00e7\u00f5es sobre seu paradeiro; ele n\u00e3o ofereceu resist\u00eancia e acabou atr\u00e1s das grades, \u00e0 disposi\u00e7\u00e3o da Justi\u00e7a.<\/em><\/h2>\n<p>Na tarde de quinta-feira (27), a Pol\u00edcia Militar mostrou mais uma vez que mandado de pris\u00e3o pode at\u00e9 esperar pelo endere\u00e7o certo, mas n\u00e3o costuma desaparecer por conta pr\u00f3pria. Em Torrinha, um homem procurado pela Justi\u00e7a foi localizado e capturado em uma propriedade rural do munic\u00edpio.<\/p>\n<p>A ocorr\u00eancia come\u00e7ou durante o policiamento realizado nas proximidades de uma escola. Ao consultar os sistemas policiais, a equipe constatou que havia um mandado de pris\u00e3o em aberto contra o indiv\u00edduo e iniciou dilig\u00eancias para descobrir onde ele estaria.<\/p>\n<p>As informa\u00e7\u00f5es levaram os policiais at\u00e9 um s\u00edtio na \u00e1rea rural de Torrinha. As equipes foram at\u00e9 o local e encontraram o procurado na \u00e1rea externa da propriedade.<\/p>\n<p>Ao receber a determina\u00e7\u00e3o policial, o homem obedeceu e n\u00e3o ofereceu resist\u00eancia. Na busca pessoal, nada de il\u00edcito foi encontrado.<\/p>\n<p>O mandado estava relacionado a um processo com base no artigo 24-A da Lei Maria da Penha, que trata do descumprimento de medida protetiva de urg\u00eancia.<\/p>\n<p>O homem foi conduzido inicialmente ao plant\u00e3o policial de Torrinha e, posteriormente, apresentado em Brotas. Na unidade policial, a exist\u00eancia do mandado foi confirmada pela autoridade competente.<\/p>\n<p>Depois da papelada e das confirma\u00e7\u00f5es de praxe, veio o destino que j\u00e1 estava determinado pelo mandado: o homem permaneceu preso, \u00e0 disposi\u00e7\u00e3o da Justi\u00e7a.<\/p>\n<p>No fim das contas, a tranquilidade da \u00e1rea rural n\u00e3o foi suficiente para fazer o mandado perder o caminho. A PM encontrou o endere\u00e7o \u2014 e a Justi\u00e7a, agora, dar\u00e1 sequ\u00eancia ao caso.<\/p>\n<p>&nbsp;<\/p>\n","protected":false},"excerpt":{"rendered":"<p>Homem foi localizado em uma propriedade rural ap\u00f3s policiais levantarem informa\u00e7\u00f5es sobre seu paradeiro; ele n\u00e3o ofereceu resist\u00eancia e acabou atr\u00e1s das grades, \u00e0 disposi\u00e7\u00e3o da Justi\u00e7a. Na tarde de quinta-feira (27), a Pol\u00edcia Militar mostrou mais uma vez que mandado de pris\u00e3o pode at\u00e9 esperar pelo endere\u00e7o certo, mas n\u00e3o costuma desaparecer por conta [&hellip;]<\/p>\n","protected":false},"author":9,"featured_media":128204,"comment_status":"closed","ping_status":"closed","sticky":false,"template":"","format":"standard","meta":{"footnotes":""},"categories":[1,2],"tags":[9681,11481,9481,11540,10578,10283,9128,8917,8921,10579],"class_list":{"0":"post-129616","1":"post","2":"type-post","3":"status-publish","4":"format-standard","5":"has-post-thumbnail","7":"category-instagram","8":"category-seguranca","9":"tag-brotas","10":"tag-capturadeprocurado","11":"tag-justica","12":"tag-leimariadapenha","13":"tag-medidaprotetiva","14":"tag-pmsp","15":"tag-policia","16":"tag-policiamilitar","17":"tag-segurancapublica","18":"tag-torrinha"},"_links":{"self":[{"href":"https:\/\/cidadeazulnoticias.com.br\/wp-json\/wp\/v2\/posts\/129616"}],"collection":[{"href":"https:\/\/cidadeazulnoticias.com.br\/wp-json\/wp\/v2\/posts"}],"about":[{"href":"https:\/\/cidadeazulnoticias.com.br\/wp-json\/wp\/v2\/types\/post"}],"author":[{"embeddable":true,"href":"https:\/\/cidadeazulnoticias.com.br\/wp-json\/wp\/v2\/users\/9"}],"replies":[{"embeddable":true,"href":"https:\/\/cidadeazulnoticias.com.br\/wp-json\/wp\/v2\/comments?post=129616"}],"version-history":[{"count":1,"href":"https:\/\/cidadeazulnoticias.com.br\/wp-json\/wp\/v2\/posts\/129616\/revisions"}],"predecessor-version":[{"id":129617,"href":"https:\/\/cidadeazulnoticias.com.br\/wp-json\/wp\/v2\/posts\/129616\/revisions\/129617"}],"wp:featuredmedia":[{"embeddable":true,"href":"https:\/\/cidadeazulnoticias.com.br\/wp-json\/wp\/v2\/media\/128204"}],"wp:attachment":[{"href":"https:\/\/cidadeazulnoticias.com.br\/wp-json\/wp\/v2\/media?parent=129616"}],"wp:term":[{"taxonomy":"category","embeddable":true,"href":"https:\/\/cidadeazulnoticias.com.br\/wp-json\/wp\/v2\/categories?post=129616"},{"taxonomy":"post_tag","embeddable":true,"href":"https:\/\/cidadeazulnoticias.com.br\/wp-json\/wp\/v2\/tags?post=129616"}],"curies":[{"name":"wp","href":"https:\/\/api.w.org\/{rel}","templated":true}]}},{"id":129603,"date":"2026-08-26T21:36:12","date_gmt":"2026-08-27T00:36:12","guid":{"rendered":"https:\/\/cidadeazulnoticias.com.br\/?p=129603"},"modified":"2026-08-26T21:36:12","modified_gmt":"2026-08-27T00:36:12","slug":"renan-santos-defende-bomba-atomica-para-o-brasil-e-promete-governo-de-linha-dura","status":"publish","type":"post","link":"https:\/\/cidadeazulnoticias.com.br\/renan-santos-defende-bomba-atomica-para-o-brasil-e-promete-governo-de-linha-dura\/","title":{"rendered":"Renan Santos defende bomba at\u00f4mica para o Brasil e promete governo de linha dura"},"content":{"rendered":"<h2>Candidato do Miss\u00e3o afirma que pa\u00eds precisa de poder nuclear para ganhar protagonismo internacional e tamb\u00e9m prop\u00f5e nova reforma da Previd\u00eancia, cortes de gastos e medidas mais r\u00edgidas contra o crime<\/h2>\n<p>&nbsp;<\/p>\n<p>A entrevista de Renan Santos, candidato do Miss\u00e3o \u00e0 Presid\u00eancia da Rep\u00fablica, \u00e0 Globo, nesta quarta-feira (26), foi marcada por propostas que certamente v\u00e3o alimentar o debate eleitoral \u2014 e algumas delas prometem provocar bastante discuss\u00e3o.<\/p>\n<p>O principal destaque foi a defesa de que o Brasil desenvolva armamento nuclear. Questionado sobre declara\u00e7\u00f5es anteriores, Renan reafirmou que considera necess\u00e1rio discutir a possibilidade de o pa\u00eds ter uma bomba at\u00f4mica como instrumento de soberania e for\u00e7a internacional.<\/p>\n<p>Segundo o candidato, as grandes pot\u00eancias mundiais possuem armas nucleares e, por isso, ocupam posi\u00e7\u00e3o de destaque nas rela\u00e7\u00f5es internacionais. Ele tamb\u00e9m defendeu a sa\u00edda do Brasil do Tratado de N\u00e3o Prolifera\u00e7\u00e3o de Armas Nucleares. Apesar disso, reconheceu que o pa\u00eds n\u00e3o teria condi\u00e7\u00f5es de desenvolver armas militares desse tipo nos pr\u00f3ximos dez anos.<\/p>\n<h3>STF tamb\u00e9m entra no alvo<\/h3>\n<p>Outro ponto pol\u00eamico foi a rela\u00e7\u00e3o com o Supremo Tribunal Federal. Renan voltou a afirmar que, se eleito, n\u00e3o pretende cumprir uma decis\u00e3o judicial que considere ilegal, argumentando que ningu\u00e9m estaria obrigado a obedecer a uma determina\u00e7\u00e3o que viole a lei.<\/p>\n<p>A declara\u00e7\u00e3o abre um debate delicado sobre os limites entre os Poderes e sobre quem teria autoridade para definir quando uma decis\u00e3o judicial \u00e9 ilegal.<\/p>\n<h4>Nova reforma da Previd\u00eancia<\/h4>\n<p>Na economia, o candidato afirmou que pretende promover uma nova reforma da Previd\u00eancia, al\u00e9m de realizar cortes de gastos p\u00fablicos.<\/p>\n<p>Renan tamb\u00e9m manteve a promessa de reduzir cerca de R$ 1 trilh\u00e3o em despesas, com o objetivo de controlar a trajet\u00f3ria da d\u00edvida e reorganizar as contas p\u00fablicas.<\/p>\n<h4>Seguran\u00e7a em tom de guerra<\/h4>\n<p>Na \u00e1rea de seguran\u00e7a p\u00fablica, o discurso tamb\u00e9m foi de endurecimento. Renan prometeu combater as \u00e1reas dominadas por fac\u00e7\u00f5es criminosas e defendeu medidas inspiradas na pol\u00edtica de seguran\u00e7a do presidente de El Salvador, Nayib Bukele.<\/p>\n<p>Entre as propostas est\u00e3o a utiliza\u00e7\u00e3o do estado de defesa em regi\u00f5es dominadas pelo crime e a constru\u00e7\u00e3o de dez novos pres\u00eddios federais, com investimento estimado em R$ 6 bilh\u00f5es.<\/p>\n<p>A entrevista, conduzida por Renata Vasconcellos e C\u00e9sar Tralli, apresentou ao eleitor um candidato que aposta em propostas de forte impacto: bomba at\u00f4mica, reforma da Previd\u00eancia, cortes bilion\u00e1rios, endurecimento contra o crime e uma rela\u00e7\u00e3o mais confrontadora com decis\u00f5es judiciais.<\/p>\n<p>Se depender de Renan Santos, a campanha presidencial definitivamente n\u00e3o ser\u00e1 uma disputa de propostas discretas. O arsenal de ideias \u2014 desta vez, em sentido quase literal \u2014 promete render muita discuss\u00e3o at\u00e9 as urnas.<\/p>\n","protected":false},"excerpt":{"rendered":"<p>Candidato do Miss\u00e3o afirma que pa\u00eds precisa de poder nuclear para ganhar protagonismo internacional e tamb\u00e9m prop\u00f5e nova reforma da Previd\u00eancia, cortes de gastos e medidas mais r\u00edgidas contra o crime &nbsp; A entrevista de Renan Santos, candidato do Miss\u00e3o \u00e0 Presid\u00eancia da Rep\u00fablica, \u00e0 Globo, nesta quarta-feira (26), foi marcada por propostas que certamente [&hellip;]<\/p>\n","protected":false},"author":9,"featured_media":129604,"comment_status":"closed","ping_status":"closed","sticky":false,"template":"","format":"standard","meta":{"footnotes":""},"categories":[1,2],"tags":[14352,9185,14350,9801,10962,14351,14353,14349,8894,125],"class_list":{"0":"post-129603","1":"post","2":"type-post","3":"status-publish","4":"format-standard","5":"has-post-thumbnail","7":"category-instagram","8":"category-seguranca","9":"tag-bomba-atomica","10":"tag-crime-organizado","11":"tag-eleicoes-2026","12":"tag-missao","13":"tag-politica","14":"tag-presidencia-da-republica","15":"tag-previdencia","16":"tag-renan-santos","17":"tag-seguranca-publica","18":"tag-stf"},"_links":{"self":[{"href":"https:\/\/cidadeazulnoticias.com.br\/wp-json\/wp\/v2\/posts\/129603"}],"collection":[{"href":"https:\/\/cidadeazulnoticias.com.br\/wp-json\/wp\/v2\/posts"}],"about":[{"href":"https:\/\/cidadeazulnoticias.com.br\/wp-json\/wp\/v2\/types\/post"}],"author":[{"embeddable":true,"href":"https:\/\/cidadeazulnoticias.com.br\/wp-json\/wp\/v2\/users\/9"}],"replies":[{"embeddable":true,"href":"https:\/\/cidadeazulnoticias.com.br\/wp-json\/wp\/v2\/comments?post=129603"}],"version-history":[{"count":1,"href":"https:\/\/cidadeazulnoticias.com.br\/wp-json\/wp\/v2\/posts\/129603\/revisions"}],"predecessor-version":[{"id":129605,"href":"https:\/\/cidadeazulnoticias.com.br\/wp-json\/wp\/v2\/posts\/129603\/revisions\/129605"}],"wp:featuredmedia":[{"embeddable":true,"href":"https:\/\/cidadeazulnoticias.com.br\/wp-json\/wp\/v2\/media\/129604"}],"wp:attachment":[{"href":"https:\/\/cidadeazulnoticias.com.br\/wp-json\/wp\/v2\/media?parent=129603"}],"wp:term":[{"taxonomy":"category","embeddable":true,"href":"https:\/\/cidadeazulnoticias.com.br\/wp-json\/wp\/v2\/categories?post=129603"},{"taxonomy":"post_tag","embeddable":true,"href":"https:\/\/cidadeazulnoticias.com.br\/wp-json\/wp\/v2\/tags?post=129603"}],"curies":[{"name":"wp","href":"https:\/\/api.w.org\/{rel}","templated":true}]}},{"id":129594,"date":"2026-08-26T12:50:59","date_gmt":"2026-08-26T15:50:59","guid":{"rendered":"https:\/\/cidadeazulnoticias.com.br\/?p=129594"},"modified":"2026-08-26T12:50:59","modified_gmt":"2026-08-26T15:50:59","slug":"pm-prende-mulher-por-trafico-e-apreende-240-porcoes-de-drogas-em-ipeuna","status":"publish","type":"post","link":"https:\/\/cidadeazulnoticias.com.br\/pm-prende-mulher-por-trafico-e-apreende-240-porcoes-de-drogas-em-ipeuna\/","title":{"rendered":"PM prende mulher por tr\u00e1fico e apreende 240 por\u00e7\u00f5es de drogas em Ipe\u00fana"},"content":{"rendered":"<h2><em>Abordagem no bairro Altos de Ipe\u00fana terminou com a apreens\u00e3o de coca\u00edna, crack, dinheiro e celular; homem que estava com duas por\u00e7\u00f5es foi ouvido e liberado.<\/em><\/h2>\n<p>A noite de ter\u00e7a-feira (25) terminou com uma mulher presa por tr\u00e1fico de drogas no bairro Altos de Ipe\u00fana, em Ipe\u00fana. Durante patrulhamento, policiais militares abordaram dois indiv\u00edduos e, na revista, encontraram com um homem dois microtubos de coca\u00edna e dinheiro.<\/p>\n<p>Questionado, ele teria informado aos policiais que havia comprado a droga de uma mulher que estava no local. A equipe ent\u00e3o realizou a abordagem da suspeita, encontrando com ela outros dois microtubos de coca\u00edna e uma por\u00e7\u00e3o de crack.<\/p>\n<p>Com autoriza\u00e7\u00e3o, os policiais seguiram at\u00e9 a resid\u00eancia da mulher para realizar buscas. E foi a\u00ed que a ocorr\u00eancia ganhou volume: no im\u00f3vel foram localizadas mais 98 por\u00e7\u00f5es de crack, 137 microtubos de coca\u00edna e dinheiro.<\/p>\n<p>No balan\u00e7o final, a a\u00e7\u00e3o resultou na apreens\u00e3o de 141 microtubos de coca\u00edna, 99 por\u00e7\u00f5es de crack, R$ 62 em dinheiro e um aparelho celular \u2014 um verdadeiro estoque que, segundo a pol\u00edcia, n\u00e3o estava ali para enfeitar a casa.<\/p>\n<p>Os envolvidos foram encaminhados ao Plant\u00e3o Policial de Rio Claro. O homem foi ouvido e liberado. J\u00e1 a pris\u00e3o da mulher foi ratificada, permanecendo ela presa \u00e0 disposi\u00e7\u00e3o da Justi\u00e7a.<\/p>\n<p>A ocorr\u00eancia refor\u00e7a a atua\u00e7\u00e3o do policiamento ostensivo no combate ao tr\u00e1fico de drogas na regi\u00e3o. No bairro Altos de Ipe\u00fana, a noite que come\u00e7ou com uma abordagem terminou com uma consider\u00e1vel quantidade de entorpecentes fora de circula\u00e7\u00e3o.<\/p>\n<p>&nbsp;<\/p>\n","protected":false},"excerpt":{"rendered":"<p>Abordagem no bairro Altos de Ipe\u00fana terminou com a apreens\u00e3o de coca\u00edna, crack, dinheiro e celular; homem que estava com duas por\u00e7\u00f5es foi ouvido e liberado. A noite de ter\u00e7a-feira (25) terminou com uma mulher presa por tr\u00e1fico de drogas no bairro Altos de Ipe\u00fana, em Ipe\u00fana. Durante patrulhamento, policiais militares abordaram dois indiv\u00edduos e, [&hellip;]<\/p>\n","protected":false},"author":9,"featured_media":129595,"comment_status":"closed","ping_status":"closed","sticky":false,"template":"","format":"standard","meta":{"footnotes":""},"categories":[1,2],"tags":[8920,10472,69,10589,10359,9128,8917,8919,8921,8918],"class_list":{"0":"post-129594","1":"post","2":"type-post","3":"status-publish","4":"format-standard","5":"has-post-thumbnail","7":"category-instagram","8":"category-seguranca","9":"tag-apreensao","10":"tag-cidadeazulnoticias","11":"tag-cocaina","12":"tag-crack","13":"tag-ipeuna","14":"tag-policia","15":"tag-policiamilitar","16":"tag-rioclaro","17":"tag-segurancapublica","18":"tag-traficodedrogas"},"_links":{"self":[{"href":"https:\/\/cidadeazulnoticias.com.br\/wp-json\/wp\/v2\/posts\/129594"}],"collection":[{"href":"https:\/\/cidadeazulnoticias.com.br\/wp-json\/wp\/v2\/posts"}],"about":[{"href":"https:\/\/cidadeazulnoticias.com.br\/wp-json\/wp\/v2\/types\/post"}],"author":[{"embeddable":true,"href":"https:\/\/cidadeazulnoticias.com.br\/wp-json\/wp\/v2\/users\/9"}],"replies":[{"embeddable":true,"href":"https:\/\/cidadeazulnoticias.com.br\/wp-json\/wp\/v2\/comments?post=129594"}],"version-history":[{"count":1,"href":"https:\/\/cidadeazulnoticias.com.br\/wp-json\/wp\/v2\/posts\/129594\/revisions"}],"predecessor-version":[{"id":129596,"href":"https:\/\/cidadeazulnoticias.com.br\/wp-json\/wp\/v2\/posts\/129594\/revisions\/129596"}],"wp:featuredmedia":[{"embeddable":true,"href":"https:\/\/cidadeazulnoticias.com.br\/wp-json\/wp\/v2\/media\/129595"}],"wp:attachment":[{"href":"https:\/\/cidadeazulnoticias.com.br\/wp-json\/wp\/v2\/media?parent=129594"}],"wp:term":[{"taxonomy":"category","embeddable":true,"href":"https:\/\/cidadeazulnoticias.com.br\/wp-json\/wp\/v2\/categories?post=129594"},{"taxonomy":"post_tag","embeddable":true,"href":"https:\/\/cidadeazulnoticias.com.br\/wp-json\/wp\/v2\/tags?post=129594"}],"curies":[{"name":"wp","href":"https:\/\/api.w.org\/{rel}","templated":true}]}},{"id":129591,"date":"2026-08-26T12:41:55","date_gmt":"2026-08-26T15:41:55","guid":{"rendered":"https:\/\/cidadeazulnoticias.com.br\/?p=129591"},"modified":"2026-08-26T12:41:55","modified_gmt":"2026-08-26T15:41:55","slug":"gangorra-termica-entenda-mudancas-bruscas-de-temperatura-em-sao-paulo-e-veja-orientacoes-da-defesa-civil","status":"publish","type":"post","link":"https:\/\/cidadeazulnoticias.com.br\/gangorra-termica-entenda-mudancas-bruscas-de-temperatura-em-sao-paulo-e-veja-orientacoes-da-defesa-civil\/","title":{"rendered":"\u2018Gangorra t\u00e9rmica\u2019: entenda mudan\u00e7as bruscas de temperatura em S\u00e3o Paulo e veja orienta\u00e7\u00f5es da Defesa Civil"},"content":{"rendered":"<h2><em>Altern\u00e2ncia entre per\u00edodos de frio e calor em poucos dias est\u00e1 relacionada \u00e0 passagem de sistemas meteorol\u00f3gicos e \u00e0 mudan\u00e7a na circula\u00e7\u00e3o das massas de ar.<\/em><\/h2>\n<p>Frio em um dia, calor no outro. As mudan\u00e7as r\u00e1pidas de temperatura registradas em diferentes regi\u00f5es do estado nos \u00faltimos dias s\u00e3o exemplos da chamada \u201cgangorra t\u00e9rmica\u201d, fen\u00f4meno que, segundo a Defesa Civil do Estado de S\u00e3o Paulo, ocorre quando h\u00e1 altern\u00e2ncia entre per\u00edodos de frio e calor em um curto intervalo de tempo.<\/p>\n<p>A partir desta quinta-feira (27), inclusive, o estado ter\u00e1 uma nova virada no tempo, com dias de calor, sol e baixa umidade.<\/p>\n<p>Essa varia\u00e7\u00e3o est\u00e1 relacionada principalmente \u00e0 passagem de sistemas meteorol\u00f3gicos, como frentes frias, e \u00e0 atua\u00e7\u00e3o e deslocamento de diferentes massas de ar. Ap\u00f3s a passagem de um sistema de caracter\u00edstica mais fria, por exemplo, a entrada de ar mais quente pode favorecer uma r\u00e1pida eleva\u00e7\u00e3o das temperaturas.<\/p>\n<p>As oscila\u00e7\u00f5es podem ocorrer em diferentes regi\u00f5es do estado, com intensidades que variam de acordo com as caracter\u00edsticas locais e a atua\u00e7\u00e3o dos sistemas meteorol\u00f3gicos. Esse comportamento pode ser observado com maior frequ\u00eancia durante o inverno e nos per\u00edodos de transi\u00e7\u00e3o entre diferentes padr\u00f5es atmosf\u00e9ricos.<\/p>\n<h3>Defesa Civil orienta popula\u00e7\u00e3o<\/h3>\n<p>Diante das mudan\u00e7as bruscas de temperatura, a popula\u00e7\u00e3o deve acompanhar as previs\u00f5es meteorol\u00f3gicas e os alertas oficiais, adaptando os cuidados \u00e0s condi\u00e7\u00f5es do tempo.<\/p>\n<p>Em per\u00edodos de calor, a recomenda\u00e7\u00e3o \u00e9 manter-se hidratado, evitar exposi\u00e7\u00e3o prolongada ao sol e reduzir a pr\u00e1tica de atividades f\u00edsicas nos hor\u00e1rios mais quentes do dia. Crian\u00e7as, idosos e pessoas mais vulner\u00e1veis devem receber aten\u00e7\u00e3o especial.<\/p>\n<p>J\u00e1 durante os per\u00edodos de frio, \u00e9 importante manter-se bem agasalhado, evitar exposi\u00e7\u00e3o prolongada \u00e0s baixas temperaturas e manter a hidrata\u00e7\u00e3o, tamb\u00e9m com aten\u00e7\u00e3o redobrada a crian\u00e7as e idosos.<\/p>\n<p>Em situa\u00e7\u00f5es de emerg\u00eancia, o atendimento pode ser solicitado pelos telefones 199, da Defesa Civil, e 193, do Corpo de Bombeiros.<\/p>\n<p>Para receber alertas gratuitos da Defesa Civil por SMS, cadastre o CEP de interesse enviando uma mensagem de texto para o n\u00famero 40199.<\/p>\n","protected":false},"excerpt":{"rendered":"<p>Altern\u00e2ncia entre per\u00edodos de frio e calor em poucos dias est\u00e1 relacionada \u00e0 passagem de sistemas meteorol\u00f3gicos e \u00e0 mudan\u00e7a na circula\u00e7\u00e3o das massas de ar. Frio em um dia, calor no outro. As mudan\u00e7as r\u00e1pidas de temperatura registradas em diferentes regi\u00f5es do estado nos \u00faltimos dias s\u00e3o exemplos da chamada \u201cgangorra t\u00e9rmica\u201d, fen\u00f4meno que, [&hellip;]<\/p>\n","protected":false},"author":9,"featured_media":129592,"comment_status":"closed","ping_status":"closed","sticky":false,"template":"","format":"standard","meta":{"footnotes":""},"categories":[1,2],"tags":[],"class_list":{"0":"post-129591","1":"post","2":"type-post","3":"status-publish","4":"format-standard","5":"has-post-thumbnail","7":"category-instagram","8":"category-seguranca"},"_links":{"self":[{"href":"https:\/\/cidadeazulnoticias.com.br\/wp-json\/wp\/v2\/posts\/129591"}],"collection":[{"href":"https:\/\/cidadeazulnoticias.com.br\/wp-json\/wp\/v2\/posts"}],"about":[{"href":"https:\/\/cidadeazulnoticias.com.br\/wp-json\/wp\/v2\/types\/post"}],"author":[{"embeddable":true,"href":"https:\/\/cidadeazulnoticias.com.br\/wp-json\/wp\/v2\/users\/9"}],"replies":[{"embeddable":true,"href":"https:\/\/cidadeazulnoticias.com.br\/wp-json\/wp\/v2\/comments?post=129591"}],"version-history":[{"count":1,"href":"https:\/\/cidadeazulnoticias.com.br\/wp-json\/wp\/v2\/posts\/129591\/revisions"}],"predecessor-version":[{"id":129593,"href":"https:\/\/cidadeazulnoticias.com.br\/wp-json\/wp\/v2\/posts\/129591\/revisions\/129593"}],"wp:featuredmedia":[{"embeddable":true,"href":"https:\/\/cidadeazulnoticias.com.br\/wp-json\/wp\/v2\/media\/129592"}],"wp:attachment":[{"href":"https:\/\/cidadeazulnoticias.com.br\/wp-json\/wp\/v2\/media?parent=129591"}],"wp:term":[{"taxonomy":"category","embeddable":true,"href":"https:\/\/cidadeazulnoticias.com.br\/wp-json\/wp\/v2\/categories?post=129591"},{"taxonomy":"post_tag","embeddable":true,"href":"https:\/\/cidadeazulnoticias.com.br\/wp-json\/wp\/v2\/tags?post=129591"}],"curies":[{"name":"wp","href":"https:\/\/api.w.org\/{rel}","templated":true}]}},{"id":129588,"date":"2026-08-26T12:33:39","date_gmt":"2026-08-26T15:33:39","guid":{"rendered":"https:\/\/cidadeazulnoticias.com.br\/?p=129588"},"modified":"2026-08-26T12:33:39","modified_gmt":"2026-08-26T15:33:39","slug":"policia-militar-localiza-espingarda-usada-durante-furto-em-area-rural-de-brotas","status":"publish","type":"post","link":"https:\/\/cidadeazulnoticias.com.br\/policia-militar-localiza-espingarda-usada-durante-furto-em-area-rural-de-brotas\/","title":{"rendered":"Pol\u00edcia Militar localiza espingarda usada durante furto em \u00e1rea rural de Brotas"},"content":{"rendered":"<h2><em>Arma calibre .20 foi encontrada escondida em uma \u00e1rea de vegeta\u00e7\u00e3o ap\u00f3s dilig\u00eancias que come\u00e7aram com a localiza\u00e7\u00e3o de um celular deixado durante a fuga; adolescente de 17 anos foi identificado e liberado ap\u00f3s o registro da ocorr\u00eancia.<\/em><\/h2>\n<p>Aquela hist\u00f3ria de que \u201co celular entrega tudo\u201d ganhou um cap\u00edtulo policial em Brotas. Na noite de ter\u00e7a-feira (25), a Pol\u00edcia Militar localizou e apreendeu uma espingarda calibre .20 que teria sido utilizada durante um furto ocorrido em uma empresa localizada na \u00e1rea rural do munic\u00edpio.<\/p>\n<p>As dilig\u00eancias tiveram in\u00edcio ap\u00f3s o crime registrado no domingo (23), quando diversos objetos foram furtados da empresa. Durante a fuga, um dos envolvidos teria perdido um aparelho celular. O equipamento acabou localizado pelos policiais e, a partir das informa\u00e7\u00f5es obtidas durante a investiga\u00e7\u00e3o, um adolescente de 17 anos foi identificado e localizado.<\/p>\n<p>Segundo o registro policial, o adolescente admitiu participa\u00e7\u00e3o no furto e relatou que, durante a fuga, teria efetuado disparos para o alto com uma arma de fogo. Ainda conforme o relato, depois dos disparos, a espingarda foi escondida em uma \u00e1rea de vegeta\u00e7\u00e3o pr\u00f3xima \u00e0 resid\u00eancia do adolescente.<\/p>\n<p>Com as informa\u00e7\u00f5es repassadas, os policiais realizaram buscas no local indicado e encontraram uma espingarda calibre .20, acompanhada de uma muni\u00e7\u00e3o do mesmo calibre.<\/p>\n<p>O adolescente foi encaminhado ao Plant\u00e3o Policial de Rio Claro, onde a ocorr\u00eancia foi apresentada. Ap\u00f3s as provid\u00eancias de pol\u00edcia judici\u00e1ria, n\u00e3o houve determina\u00e7\u00e3o para sua apreens\u00e3o. Ele foi liberado e entregue \u00e0 respons\u00e1vel.<\/p>\n<p>A arma, por\u00e9m, n\u00e3o ganhou o mesmo benef\u00edcio: ficou apreendida e agora integra as investiga\u00e7\u00f5es sobre o furto.<\/p>\n<p>O caso permanece sob investiga\u00e7\u00e3o para esclarecer a participa\u00e7\u00e3o dos envolvidos e as circunst\u00e2ncias do crime.<\/p>\n<p>&nbsp;<\/p>\n<p>&nbsp;<\/p>\n","protected":false},"excerpt":{"rendered":"<p>Arma calibre .20 foi encontrada escondida em uma \u00e1rea de vegeta\u00e7\u00e3o ap\u00f3s dilig\u00eancias que come\u00e7aram com a localiza\u00e7\u00e3o de um celular deixado durante a fuga; adolescente de 17 anos foi identificado e liberado ap\u00f3s o registro da ocorr\u00eancia. Aquela hist\u00f3ria de que \u201co celular entrega tudo\u201d ganhou um cap\u00edtulo policial em Brotas. Na noite de [&hellip;]<\/p>\n","protected":false},"author":9,"featured_media":129589,"comment_status":"closed","ping_status":"closed","sticky":false,"template":"","format":"standard","meta":{"footnotes":""},"categories":[1,2],"tags":[8920,9401,9681,14348,9923,13348,9128,8917,8919,8921],"class_list":{"0":"post-129588","1":"post","2":"type-post","3":"status-publish","4":"format-standard","5":"has-post-thumbnail","7":"category-instagram","8":"category-seguranca","9":"tag-apreensao","10":"tag-armadefogo","11":"tag-brotas","12":"tag-espingarda","13":"tag-furto","14":"tag-interiordesp","15":"tag-policia","16":"tag-policiamilitar","17":"tag-rioclaro","18":"tag-segurancapublica"},"_links":{"self":[{"href":"https:\/\/cidadeazulnoticias.com.br\/wp-json\/wp\/v2\/posts\/129588"}],"collection":[{"href":"https:\/\/cidadeazulnoticias.com.br\/wp-json\/wp\/v2\/posts"}],"about":[{"href":"https:\/\/cidadeazulnoticias.com.br\/wp-json\/wp\/v2\/types\/post"}],"author":[{"embeddable":true,"href":"https:\/\/cidadeazulnoticias.com.br\/wp-json\/wp\/v2\/users\/9"}],"replies":[{"embeddable":true,"href":"https:\/\/cidadeazulnoticias.com.br\/wp-json\/wp\/v2\/comments?post=129588"}],"version-history":[{"count":1,"href":"https:\/\/cidadeazulnoticias.com.br\/wp-json\/wp\/v2\/posts\/129588\/revisions"}],"predecessor-version":[{"id":129590,"href":"https:\/\/cidadeazulnoticias.com.br\/wp-json\/wp\/v2\/posts\/129588\/revisions\/129590"}],"wp:featuredmedia":[{"embeddable":true,"href":"https:\/\/cidadeazulnoticias.com.br\/wp-json\/wp\/v2\/media\/129589"}],"wp:attachment":[{"href":"https:\/\/cidadeazulnoticias.com.br\/wp-json\/wp\/v2\/media?parent=129588"}],"wp:term":[{"taxonomy":"category","embeddable":true,"href":"https:\/\/cidadeazulnoticias.com.br\/wp-json\/wp\/v2\/categories?post=129588"},{"taxonomy":"post_tag","embeddable":true,"href":"https:\/\/cidadeazulnoticias.com.br\/wp-json\/wp\/v2\/tags?post=129588"}],"curies":[{"name":"wp","href":"https:\/\/api.w.org\/{rel}","templated":true}]}},{"id":129585,"date":"2026-08-26T12:02:37","date_gmt":"2026-08-26T15:02:37","guid":{"rendered":"https:\/\/cidadeazulnoticias.com.br\/?p=129585"},"modified":"2026-08-26T12:02:37","modified_gmt":"2026-08-26T15:02:37","slug":"capacitacao-aborda-autoidentidade-e-equidade-no-sus","status":"publish","type":"post","link":"https:\/\/cidadeazulnoticias.com.br\/capacitacao-aborda-autoidentidade-e-equidade-no-sus\/","title":{"rendered":"Capacita\u00e7\u00e3o aborda autoidentidade e equidade no SUS"},"content":{"rendered":"<h2><em>Atividade foi realizada na sexta-feira e ter\u00e1 continuidade na segunda-feira.<\/em><\/h2>\n<p>Profissionais do Servi\u00e7o Especializado em Preven\u00e7\u00e3o e Assist\u00eancia (SEPA) participaram na sexta-feira (21) de capacita\u00e7\u00e3o promovida pelo Comit\u00ea T\u00e9cnico de Sa\u00fade da Popula\u00e7\u00e3o Negra, da Funda\u00e7\u00e3o Municipal de Sa\u00fade de Rio Claro. A atividade teve como tema Autoidentidade na sa\u00fade: caminhos para a equidade no SUS.<\/p>\n<p>O encontro proporcionou momento de reflex\u00e3o e troca de conhecimentos sobre a import\u00e2ncia do reconhecimento da identidade, do respeito \u00e0s singularidades e do enfrentamento das desigualdades no acesso e na aten\u00e7\u00e3o \u00e0 sa\u00fade.<\/p>\n<p>\u201cA capacita\u00e7\u00e3o dos profissionais \u00e9 fundamental para fortalecer pr\u00e1ticas de cuidado, tornando-as mais humanizadas e equitativas\u201d, destaca Rafael Andrade, que coordena o Sepa, refor\u00e7ando que \u201cinvestir na forma\u00e7\u00e3o das equipes tamb\u00e9m significa ampliar o olhar sobre as necessidades da popula\u00e7\u00e3o e aprimorar continuamente a assist\u00eancia oferecida\u201d.<\/p>\n<p>A atividade reuniu parte da equipe do Sepa e ter\u00e1 continuidade na segunda-feira (31), quando o encontro ser\u00e1 realizado com demais profissionais do servi\u00e7o. Dessa forma, toda a equipe ter\u00e1 a oportunidade de participar do processo de aprendizado.<\/p>\n","protected":false},"excerpt":{"rendered":"<p>Atividade foi realizada na sexta-feira e ter\u00e1 continuidade na segunda-feira. Profissionais do Servi\u00e7o Especializado em Preven\u00e7\u00e3o e Assist\u00eancia (SEPA) participaram na sexta-feira (21) de capacita\u00e7\u00e3o promovida pelo Comit\u00ea T\u00e9cnico de Sa\u00fade da Popula\u00e7\u00e3o Negra, da Funda\u00e7\u00e3o Municipal de Sa\u00fade de Rio Claro. A atividade teve como tema Autoidentidade na sa\u00fade: caminhos para a equidade no [&hellip;]<\/p>\n","protected":false},"author":9,"featured_media":129586,"comment_status":"closed","ping_status":"closed","sticky":false,"template":"","format":"standard","meta":{"footnotes":""},"categories":[187],"tags":[],"class_list":{"0":"post-129585","1":"post","2":"type-post","3":"status-publish","4":"format-standard","5":"has-post-thumbnail","7":"category-rio-claro"},"_links":{"self":[{"href":"https:\/\/cidadeazulnoticias.com.br\/wp-json\/wp\/v2\/posts\/129585"}],"collection":[{"href":"https:\/\/cidadeazulnoticias.com.br\/wp-json\/wp\/v2\/posts"}],"about":[{"href":"https:\/\/cidadeazulnoticias.com.br\/wp-json\/wp\/v2\/types\/post"}],"author":[{"embeddable":true,"href":"https:\/\/cidadeazulnoticias.com.br\/wp-json\/wp\/v2\/users\/9"}],"replies":[{"embeddable":true,"href":"https:\/\/cidadeazulnoticias.com.br\/wp-json\/wp\/v2\/comments?post=129585"}],"version-history":[{"count":1,"href":"https:\/\/cidadeazulnoticias.com.br\/wp-json\/wp\/v2\/posts\/129585\/revisions"}],"predecessor-version":[{"id":129587,"href":"https:\/\/cidadeazulnoticias.com.br\/wp-json\/wp\/v2\/posts\/129585\/revisions\/129587"}],"wp:featuredmedia":[{"embeddable":true,"href":"https:\/\/cidadeazulnoticias.com.br\/wp-json\/wp\/v2\/media\/129586"}],"wp:attachment":[{"href":"https:\/\/cidadeazulnoticias.com.br\/wp-json\/wp\/v2\/media?parent=129585"}],"wp:term":[{"taxonomy":"category","embeddable":true,"href":"https:\/\/cidadeazulnoticias.com.br\/wp-json\/wp\/v2\/categories?post=129585"},{"taxonomy":"post_tag","embeddable":true,"href":"https:\/\/cidadeazulnoticias.com.br\/wp-json\/wp\/v2\/tags?post=129585"}],"curies":[{"name":"wp","href":"https:\/\/api.w.org\/{rel}","templated":true}]}},{"id":129582,"date":"2026-08-26T11:55:15","date_gmt":"2026-08-26T14:55:15","guid":{"rendered":"https:\/\/cidadeazulnoticias.com.br\/?p=129582"},"modified":"2026-08-26T11:55:15","modified_gmt":"2026-08-26T14:55:15","slug":"fuga-termina-com-crack-pelo-caminho-e-mais-drogas-encontradas-em-quarto-em-santa-gertrudes","status":"publish","type":"post","link":"https:\/\/cidadeazulnoticias.com.br\/fuga-termina-com-crack-pelo-caminho-e-mais-drogas-encontradas-em-quarto-em-santa-gertrudes\/","title":{"rendered":"Fuga termina com crack pelo caminho e mais drogas encontradas em quarto em Santa Gertrudes"},"content":{"rendered":"<h2><em>Homem de 35 anos tentou escapar da abordagem da Pol\u00edcia Militar no Jardim Paulista, mas acabou localizado; ocorr\u00eancia foi registrada como posse de drogas e ele foi liberado ap\u00f3s ser ouvido.<\/em><\/h2>\n<p>A tentativa de escapar da abordagem da Pol\u00edcia Militar n\u00e3o saiu exatamente como o suspeito esperava. Na noite de ter\u00e7a-feira (25), durante patrulhamento pelo Jardim Paulista, em Santa Gertrudes, policiais militares tentaram abordar o condutor de um ve\u00edculo. Na hora da abordagem, ele decidiu correr para dentro de uma resid\u00eancia \u2014 e, no caminho, deixou para tr\u00e1s tr\u00eas pedras de crack.<\/p>\n<p>Os policiais conseguiram alcan\u00e7ar o homem, de 35 anos. Durante a abordagem, ele informou que mantinha outras drogas em seu quarto. Com a informa\u00e7\u00e3o, os policiais realizaram buscas no im\u00f3vel e localizaram por\u00e7\u00f5es de maconha e pedras de crack.<\/p>\n<p>Ao todo, foram apreendidos 55 gramas de maconha e 40 gramas de crack, al\u00e9m das tr\u00eas pedras que haviam sido deixadas para tr\u00e1s durante a fuga.<\/p>\n<p>O homem foi conduzido ao Plant\u00e3o Policial de Rio Claro, onde a ocorr\u00eancia foi registrada como posse de drogas. Ele foi ouvido e, posteriormente, liberado.<\/p>\n<p>No fim das contas, a tentativa de transformar uma abordagem policial em uma corrida de curta dist\u00e2ncia n\u00e3o funcionou. O caminho at\u00e9 a resid\u00eancia ainda rendeu uma pequena \u201cpista\u201d de crack \u2014 e a busca no quarto completou o trabalho dos policiais.<\/p>\n<p>&nbsp;<\/p>\n","protected":false},"excerpt":{"rendered":"<p>Homem de 35 anos tentou escapar da abordagem da Pol\u00edcia Militar no Jardim Paulista, mas acabou localizado; ocorr\u00eancia foi registrada como posse de drogas e ele foi liberado ap\u00f3s ser ouvido. A tentativa de escapar da abordagem da Pol\u00edcia Militar n\u00e3o saiu exatamente como o suspeito esperava. Na noite de ter\u00e7a-feira (25), durante patrulhamento pelo [&hellip;]<\/p>\n","protected":false},"author":9,"featured_media":129583,"comment_status":"closed","ping_status":"closed","sticky":false,"template":"","format":"standard","meta":{"footnotes":""},"categories":[1,2],"tags":[10589,68,13160,70,89,9128,8917,8919,10263,8921],"class_list":{"0":"post-129582","1":"post","2":"type-post","3":"status-publish","4":"format-standard","5":"has-post-thumbnail","7":"category-instagram","8":"category-seguranca","9":"tag-crack","10":"tag-drogas","11":"tag-jardimpaulista","12":"tag-maconha","13":"tag-pm","14":"tag-policia","15":"tag-policiamilitar","16":"tag-rioclaro","17":"tag-santagertrudes","18":"tag-segurancapublica"},"_links":{"self":[{"href":"https:\/\/cidadeazulnoticias.com.br\/wp-json\/wp\/v2\/posts\/129582"}],"collection":[{"href":"https:\/\/cidadeazulnoticias.com.br\/wp-json\/wp\/v2\/posts"}],"about":[{"href":"https:\/\/cidadeazulnoticias.com.br\/wp-json\/wp\/v2\/types\/post"}],"author":[{"embeddable":true,"href":"https:\/\/cidadeazulnoticias.com.br\/wp-json\/wp\/v2\/users\/9"}],"replies":[{"embeddable":true,"href":"https:\/\/cidadeazulnoticias.com.br\/wp-json\/wp\/v2\/comments?post=129582"}],"version-history":[{"count":1,"href":"https:\/\/cidadeazulnoticias.com.br\/wp-json\/wp\/v2\/posts\/129582\/revisions"}],"predecessor-version":[{"id":129584,"href":"https:\/\/cidadeazulnoticias.com.br\/wp-json\/wp\/v2\/posts\/129582\/revisions\/129584"}],"wp:featuredmedia":[{"embeddable":true,"href":"https:\/\/cidadeazulnoticias.com.br\/wp-json\/wp\/v2\/media\/129583"}],"wp:attachment":[{"href":"https:\/\/cidadeazulnoticias.com.br\/wp-json\/wp\/v2\/media?parent=129582"}],"wp:term":[{"taxonomy":"category","embeddable":true,"href":"https:\/\/cidadeazulnoticias.com.br\/wp-json\/wp\/v2\/categories?post=129582"},{"taxonomy":"post_tag","embeddable":true,"href":"https:\/\/cidadeazulnoticias.com.br\/wp-json\/wp\/v2\/tags?post=129582"}],"curies":[{"name":"wp","href":"https:\/\/api.w.org\/{rel}","templated":true}]}},{"id":129580,"date":"2026-08-26T10:49:58","date_gmt":"2026-08-26T13:49:58","guid":{"rendered":"https:\/\/cidadeazulnoticias.com.br\/?p=129580"},"modified":"2026-08-26T10:49:58","modified_gmt":"2026-08-26T13:49:58","slug":"mandado-de-prisao-estava-na-espera-pm-captura-procurado-pela-justica-em-analandia","status":"publish","type":"post","link":"https:\/\/cidadeazulnoticias.com.br\/mandado-de-prisao-estava-na-espera-pm-captura-procurado-pela-justica-em-analandia\/","title":{"rendered":"Mandado de pris\u00e3o estava na espera: PM captura procurado pela Justi\u00e7a em Anal\u00e2ndia"},"content":{"rendered":"<h2><em>Homem de 31 anos foi abordado no Centro da cidade; consulta criminal revelou condena\u00e7\u00e3o por recepta\u00e7\u00e3o e uma extensa ficha de antecedentes.<\/em><\/h2>\n<p>Na noite de ter\u00e7a-feira (25), a Pol\u00edcia Militar mostrou que, em uma abordagem de rotina, a hist\u00f3ria pode mudar de rumo em quest\u00e3o de minutos. Um homem de 31 anos, procurado pela Justi\u00e7a, acabou capturado no Centro de Anal\u00e2ndia.<\/p>\n<p>Durante o patrulhamento, os policiais abordaram o indiv\u00edduo e, na revista, nada de il\u00edcito foi localizado. At\u00e9 a\u00ed, aparentemente, tudo dentro da normalidade. O problema \u2014 ou melhor, a surpresa \u2014 apareceu quando os agentes realizaram a consulta criminal.<\/p>\n<p>O sistema apontou um mandado de pris\u00e3o em aberto pelo crime de recepta\u00e7\u00e3o. A partir da\u00ed, a conversa ganhou outro tom e o homem recebeu voz de pris\u00e3o.<\/p>\n<p>Segundo as informa\u00e7\u00f5es policiais, o procurado j\u00e1 possu\u00eda antecedentes por tr\u00e1fico de drogas, homic\u00eddio, recepta\u00e7\u00e3o, porte de drogas e desacato.<\/p>\n<p>Diante da ordem judicial, ele foi conduzido ao Plant\u00e3o Policial de Rio Claro, onde permaneceu preso e \u00e0 disposi\u00e7\u00e3o da Justi\u00e7a.<\/p>\n<p>A ocorr\u00eancia refor\u00e7a uma velha m\u00e1xima do patrulhamento: \u00e0s vezes, a abordagem come\u00e7a sem nada de il\u00edcito aparente, mas uma simples consulta pode revelar que a Justi\u00e7a j\u00e1 estava procurando pelo cidad\u00e3o.<\/p>\n<p>&nbsp;<\/p>\n","protected":false},"excerpt":{"rendered":"<p>Homem de 31 anos foi abordado no Centro da cidade; consulta criminal revelou condena\u00e7\u00e3o por recepta\u00e7\u00e3o e uma extensa ficha de antecedentes. Na noite de ter\u00e7a-feira (25), a Pol\u00edcia Militar mostrou que, em uma abordagem de rotina, a hist\u00f3ria pode mudar de rumo em quest\u00e3o de minutos. Um homem de 31 anos, procurado pela Justi\u00e7a, [&hellip;]<\/p>\n","protected":false},"author":9,"featured_media":128149,"comment_status":"closed","ping_status":"closed","sticky":false,"template":"","format":"standard","meta":{"footnotes":""},"categories":[1,2],"tags":[10274,10472,11712,11775,9128,8917,12647,9493,8919,8921],"class_list":{"0":"post-129580","1":"post","2":"type-post","3":"status-publish","4":"format-standard","5":"has-post-thumbnail","7":"category-instagram","8":"category-seguranca","9":"tag-analandia","10":"tag-cidadeazulnoticias","11":"tag-mandadodeprisao","12":"tag-ocorrenciapolicial","13":"tag-policia","14":"tag-policiamilitar","15":"tag-procuradopelajustica","16":"tag-receptacao","17":"tag-rioclaro","18":"tag-segurancapublica"},"_links":{"self":[{"href":"https:\/\/cidadeazulnoticias.com.br\/wp-json\/wp\/v2\/posts\/129580"}],"collection":[{"href":"https:\/\/cidadeazulnoticias.com.br\/wp-json\/wp\/v2\/posts"}],"about":[{"href":"https:\/\/cidadeazulnoticias.com.br\/wp-json\/wp\/v2\/types\/post"}],"author":[{"embeddable":true,"href":"https:\/\/cidadeazulnoticias.com.br\/wp-json\/wp\/v2\/users\/9"}],"replies":[{"embeddable":true,"href":"https:\/\/cidadeazulnoticias.com.br\/wp-json\/wp\/v2\/comments?post=129580"}],"version-history":[{"count":1,"href":"https:\/\/cidadeazulnoticias.com.br\/wp-json\/wp\/v2\/posts\/129580\/revisions"}],"predecessor-version":[{"id":129581,"href":"https:\/\/cidadeazulnoticias.com.br\/wp-json\/wp\/v2\/posts\/129580\/revisions\/129581"}],"wp:featuredmedia":[{"embeddable":true,"href":"https:\/\/cidadeazulnoticias.com.br\/wp-json\/wp\/v2\/media\/128149"}],"wp:attachment":[{"href":"https:\/\/cidadeazulnoticias.com.br\/wp-json\/wp\/v2\/media?parent=129580"}],"wp:term":[{"taxonomy":"category","embeddable":true,"href":"https:\/\/cidadeazulnoticias.com.br\/wp-json\/wp\/v2\/categories?post=129580"},{"taxonomy":"post_tag","embeddable":true,"href":"https:\/\/cidadeazulnoticias.com.br\/wp-json\/wp\/v2\/tags?post=129580"}],"curies":[{"name":"wp","href":"https:\/\/api.w.org\/{rel}","templated":true}]}},{"id":129577,"date":"2026-08-26T10:32:58","date_gmt":"2026-08-26T13:32:58","guid":{"rendered":"https:\/\/cidadeazulnoticias.com.br\/?p=129577"},"modified":"2026-08-26T10:33:21","modified_gmt":"2026-08-26T13:33:21","slug":"policia-militar-prende-homem-por-trafico-e-fecha-a-conta-de-dois-roubos-em-rio-claro","status":"publish","type":"post","link":"https:\/\/cidadeazulnoticias.com.br\/policia-militar-prende-homem-por-trafico-e-fecha-a-conta-de-dois-roubos-em-rio-claro\/","title":{"rendered":"Pol\u00edcia Militar prende homem por tr\u00e1fico e \u201cfecha a conta\u201d de dois roubos em Rio Claro"},"content":{"rendered":"<h2><em>Homem foi flagrado com coca\u00edna, maconha e crack no Jardim das Palmeiras e acabou reconhecido como suspeito de dois roubos ocorridos no dia 23<\/em><\/h2>\n<p>A noite de ter\u00e7a-feira (25) terminou com uma pris\u00e3o que, para a Pol\u00edcia Militar, teve um daqueles efeitos colaterais que ajudam a colocar algumas pe\u00e7as no lugar. Durante patrulhamento pelo Jardim das Palmeiras, em Rio Claro, policiais prenderam um homem, de 27 anos, por tr\u00e1fico de drogas e ainda esclareceram dois roubos registrados anteriormente.<\/p>\n<p>Segundo a PM, os policiais visualizaram o indiv\u00edduo durante o patrulhamento. Ao perceber a aproxima\u00e7\u00e3o da viatura, ele teria dispensado um pacote em um terreno e tentado fugir. A estrat\u00e9gia, por\u00e9m, n\u00e3o durou muito: ele foi abordado pelos policiais.<\/p>\n<p>No material dispensado foram encontrados 90 microtubos de coca\u00edna, seis por\u00e7\u00f5es de maconha e um microtubo de crack.<\/p>\n<p>Mas a ocorr\u00eancia ainda reservava uma segunda parte. Durante a abordagem, o homem foi reconhecido como suspeito de um roubo cometido contra um estabelecimento farmac\u00eautico no dia 23. O reconhecimento tamb\u00e9m foi feito com aux\u00edlio de imagens de c\u00e2meras de seguran\u00e7a.<\/p>\n<p>De acordo com o registro policial, o pr\u00f3prio abordado confessou participa\u00e7\u00e3o em dois roubos ocorridos na mesma data.<\/p>\n<p>O homem j\u00e1 possu\u00eda antecedente relacionado \u00e0 Lei de Drogas. Ele foi encaminhado ao Plant\u00e3o Policial, onde a pris\u00e3o em flagrante por tr\u00e1fico de drogas foi ratificada. Al\u00e9m disso, acabou indiciado pelos dois roubos.<\/p>\n<p>No fim das contas, o que come\u00e7ou como uma abordagem durante patrulhamento terminou com drogas apreendidas, uma pris\u00e3o em flagrante e dois casos de roubo esclarecidos. Para quem estava tentando escapar da viatura, definitivamente n\u00e3o foi uma noite de sorte.<\/p>\n<p>O homem permaneceu preso \u00e0 disposi\u00e7\u00e3o da Justi\u00e7a.<\/p>\n<p>&nbsp;<\/p>\n","protected":false},"excerpt":{"rendered":"<p>Homem foi flagrado com coca\u00edna, maconha e crack no Jardim das Palmeiras e acabou reconhecido como suspeito de dois roubos ocorridos no dia 23 A noite de ter\u00e7a-feira (25) terminou com uma pris\u00e3o que, para a Pol\u00edcia Militar, teve um daqueles efeitos colaterais que ajudam a colocar algumas pe\u00e7as no lugar. Durante patrulhamento pelo Jardim [&hellip;]<\/p>\n","protected":false},"author":9,"featured_media":129578,"comment_status":"closed","ping_status":"closed","sticky":false,"template":"","format":"standard","meta":{"footnotes":""},"categories":[1,2],"tags":[10472,11521,11775,9128,8917,8919,13476,8921,8918],"class_list":{"0":"post-129577","1":"post","2":"type-post","3":"status-publish","4":"format-standard","5":"has-post-thumbnail","7":"category-instagram","8":"category-seguranca","9":"tag-cidadeazulnoticias","10":"tag-jardimdaspalmeiras","11":"tag-ocorrenciapolicial","12":"tag-policia","13":"tag-policiamilitar","14":"tag-rioclaro","15":"tag-roubos","16":"tag-segurancapublica","17":"tag-traficodedrogas"},"_links":{"self":[{"href":"https:\/\/cidadeazulnoticias.com.br\/wp-json\/wp\/v2\/posts\/129577"}],"collection":[{"href":"https:\/\/cidadeazulnoticias.com.br\/wp-json\/wp\/v2\/posts"}],"about":[{"href":"https:\/\/cidadeazulnoticias.com.br\/wp-json\/wp\/v2\/types\/post"}],"author":[{"embeddable":true,"href":"https:\/\/cidadeazulnoticias.com.br\/wp-json\/wp\/v2\/users\/9"}],"replies":[{"embeddable":true,"href":"https:\/\/cidadeazulnoticias.com.br\/wp-json\/wp\/v2\/comments?post=129577"}],"version-history":[{"count":1,"href":"https:\/\/cidadeazulnoticias.com.br\/wp-json\/wp\/v2\/posts\/129577\/revisions"}],"predecessor-version":[{"id":129579,"href":"https:\/\/cidadeazulnoticias.com.br\/wp-json\/wp\/v2\/posts\/129577\/revisions\/129579"}],"wp:featuredmedia":[{"embeddable":true,"href":"https:\/\/cidadeazulnoticias.com.br\/wp-json\/wp\/v2\/media\/129578"}],"wp:attachment":[{"href":"https:\/\/cidadeazulnoticias.com.br\/wp-json\/wp\/v2\/media?parent=129577"}],"wp:term":[{"taxonomy":"category","embeddable":true,"href":"https:\/\/cidadeazulnoticias.com.br\/wp-json\/wp\/v2\/categories?post=129577"},{"taxonomy":"post_tag","embeddable":true,"href":"https:\/\/cidadeazulnoticias.com.br\/wp-json\/wp\/v2\/tags?post=129577"}],"curies":[{"name":"wp","href":"https:\/\/api.w.org\/{rel}","templated":true}]}},{"id":129574,"date":"2026-08-26T10:00:36","date_gmt":"2026-08-26T13:00:36","guid":{"rendered":"https:\/\/cidadeazulnoticias.com.br\/?p=129574"},"modified":"2026-08-26T10:00:36","modified_gmt":"2026-08-26T13:00:36","slug":"caninho-virou-esconderijo-gcm-apreende-cocaina-e-flagra-adolescente-no-trafico-perto-de-escola","status":"publish","type":"post","link":"https:\/\/cidadeazulnoticias.com.br\/caninho-virou-esconderijo-gcm-apreende-cocaina-e-flagra-adolescente-no-trafico-perto-de-escola\/","title":{"rendered":"Caninho virou esconderijo: GCM apreende coca\u00edna e flagra adolescente no tr\u00e1fico perto de escola"},"content":{"rendered":"<h2><em>Adolescente de 16 anos foi abordada no bairro S\u00e3o Miguel com dinheiro e droga; outros microtubos de coca\u00edna estavam escondidos em um cano de \u00e1guas pluviais.<\/em><\/h2>\n<p>A noite de segunda-feira (24) terminou com uma abordagem da Guarda Civil Municipal que revelou um esconderijo inusitado para entorpecentes no bairro S\u00e3o Miguel, em Rio Claro. Por volta das 23h04, uma equipe da GCM foi acionada pelo Centro de Comunica\u00e7\u00e3o ap\u00f3s receber uma den\u00fancia de que uma pessoa estaria comercializando drogas e utilizando um cano de \u00e1guas pluviais, na Rua 10-A, para esconder parte do material.<\/p>\n<p>A movimenta\u00e7\u00e3o chamou a aten\u00e7\u00e3o dos agentes e a viatura 013 seguiu para o endere\u00e7o, nas proximidades da Escola Municipal Sylvio de Ara\u00fajo. Com apoio da equipe da Patrulha Maria da Penha, os guardas realizaram a abordagem, j\u00e1 que se tratava de uma adolescente de 16 anos.<\/p>\n<p>Durante a busca pessoal, foi localizado com a adolescente um microtubo contendo subst\u00e2ncia an\u00e1loga \u00e0 coca\u00edna, al\u00e9m de R$ 110 em dinheiro.<\/p>\n<p>Mas a hist\u00f3ria n\u00e3o terminava ali \u2014 e o velho ditado de que esconderijo precisa ser bem escolhido aparentemente n\u00e3o foi levado t\u00e3o a s\u00e9rio. Os agentes verificaram o cano de \u00e1guas pluviais mencionado na den\u00fancia e encontraram outros 13 microtubos contendo subst\u00e2ncia an\u00e1loga \u00e0 coca\u00edna.<\/p>\n<p>Ao todo, foram apreendidos 14 microtubos, com aproximadamente 11 gramas da subst\u00e2ncia, al\u00e9m do dinheiro.<\/p>\n<p>Segundo informa\u00e7\u00f5es obtidas durante a ocorr\u00eancia, a adolescente teria relatado que havia iniciado a atividade no tr\u00e1fico por volta das 13h e j\u00e1 estaria se preparando para deixar o local quando foi abordada.<\/p>\n<p>A adolescente foi encaminhada ao plant\u00e3o policial para as provid\u00eancias legais. Durante os procedimentos, exerceu seu direito constitucional de permanecer em sil\u00eancio. A equipe da viatura 14 fez contato com os respons\u00e1veis. A m\u00e3e informou que n\u00e3o poderia comparecer \u00e0 unidade policial, e posteriormente o pai foi localizado e compareceu ao plant\u00e3o para acompanhar a filha.<\/p>\n<p>Ap\u00f3s a formaliza\u00e7\u00e3o das medidas pertinentes, a adolescente foi liberada e entregue ao respons\u00e1vel legal.<\/p>\n<p>A ocorr\u00eancia foi registrada por meio do BOPC n\u00ba MS5791-2026, com enquadramento no artigo 33 da Lei Federal n\u00ba 11.343\/2006, na modalidade de ato infracional an\u00e1logo ao tr\u00e1fico de drogas.<\/p>\n<p>Material apreendido<br \/>\n14 microtubos contendo subst\u00e2ncia an\u00e1loga \u00e0 coca\u00edna;<br \/>\nAproximadamente 11 gramas da subst\u00e2ncia;<br \/>\nR$ 110 em esp\u00e9cie.<\/p>\n<p>A Guarda Civil Municipal de Rio Claro refor\u00e7ou que mant\u00e9m a\u00e7\u00f5es de preven\u00e7\u00e3o e combate ao tr\u00e1fico de drogas, atuando de forma integrada e dentro dos par\u00e2metros legais.<\/p>\n<p>&nbsp;<\/p>\n","protected":false},"excerpt":{"rendered":"<p>Adolescente de 16 anos foi abordada no bairro S\u00e3o Miguel com dinheiro e droga; outros microtubos de coca\u00edna estavam escondidos em um cano de \u00e1guas pluviais. A noite de segunda-feira (24) terminou com uma abordagem da Guarda Civil Municipal que revelou um esconderijo inusitado para entorpecentes no bairro S\u00e3o Miguel, em Rio Claro. Por volta [&hellip;]<\/p>\n","protected":false},"author":9,"featured_media":129575,"comment_status":"closed","ping_status":"closed","sticky":false,"template":"","format":"standard","meta":{"footnotes":""},"categories":[187],"tags":[8920,11319,69,186,8905,11775,9128,8919,12469,9218,8921,8918],"class_list":{"0":"post-129574","1":"post","2":"type-post","3":"status-publish","4":"format-standard","5":"has-post-thumbnail","7":"category-rio-claro","8":"tag-apreensao","9":"tag-cidadeazul","10":"tag-cocaina","11":"tag-gcm","12":"tag-guardacivilmunicipal","13":"tag-ocorrenciapolicial","14":"tag-policia","15":"tag-rioclaro","16":"tag-saomiguel","17":"tag-seguranca","18":"tag-segurancapublica","19":"tag-traficodedrogas"},"_links":{"self":[{"href":"https:\/\/cidadeazulnoticias.com.br\/wp-json\/wp\/v2\/posts\/129574"}],"collection":[{"href":"https:\/\/cidadeazulnoticias.com.br\/wp-json\/wp\/v2\/posts"}],"about":[{"href":"https:\/\/cidadeazulnoticias.com.br\/wp-json\/wp\/v2\/types\/post"}],"author":[{"embeddable":true,"href":"https:\/\/cidadeazulnoticias.com.br\/wp-json\/wp\/v2\/users\/9"}],"replies":[{"embeddable":true,"href":"https:\/\/cidadeazulnoticias.com.br\/wp-json\/wp\/v2\/comments?post=129574"}],"version-history":[{"count":1,"href":"https:\/\/cidadeazulnoticias.com.br\/wp-json\/wp\/v2\/posts\/129574\/revisions"}],"predecessor-version":[{"id":129576,"href":"https:\/\/cidadeazulnoticias.com.br\/wp-json\/wp\/v2\/posts\/129574\/revisions\/129576"}],"wp:featuredmedia":[{"embeddable":true,"href":"https:\/\/cidadeazulnoticias.com.br\/wp-json\/wp\/v2\/media\/129575"}],"wp:attachment":[{"href":"https:\/\/cidadeazulnoticias.com.br\/wp-json\/wp\/v2\/media?parent=129574"}],"wp:term":[{"taxonomy":"category","embeddable":true,"href":"https:\/\/cidadeazulnoticias.com.br\/wp-json\/wp\/v2\/categories?post=129574"},{"taxonomy":"post_tag","embeddable":true,"href":"https:\/\/cidadeazulnoticias.com.br\/wp-json\/wp\/v2\/tags?post=129574"}],"curies":[{"name":"wp","href":"https:\/\/api.w.org\/{rel}","templated":true}]}},{"id":129572,"date":"2026-08-26T08:52:15","date_gmt":"2026-08-26T11:52:15","guid":{"rendered":"https:\/\/cidadeazulnoticias.com.br\/?p=129572"},"modified":"2026-08-26T08:52:15","modified_gmt":"2026-08-26T11:52:15","slug":"workshop-am-ei-apresenta-tecnologia-social-para-fortalecer-politicas-publicas-de-inovacao","status":"publish","type":"post","link":"https:\/\/cidadeazulnoticias.com.br\/workshop-am-ei-apresenta-tecnologia-social-para-fortalecer-politicas-publicas-de-inovacao\/","title":{"rendered":"Workshop AM-EI apresenta tecnologia social para fortalecer pol\u00edticas p\u00fablicas de inova\u00e7\u00e3o"},"content":{"rendered":"<h2><em>Evento ser\u00e1 realizado na Unesp Rio Claro, na quinta e sexta-feira.<\/em><\/h2>\n<p>O munic\u00edpio de Rio Claro realizar\u00e1 nesta semana o \u201cWorkshop AM-EI \u2013 Apoio Matricial ao Empreendedorismo Inovador\u201d, evento de apresenta\u00e7\u00e3o da pol\u00edtica p\u00fablica que foi desenvolvida para gestores p\u00fablicos, representantes de entidades privadas, associa\u00e7\u00f5es, acad\u00eamicos, entre outros interessados.<\/p>\n<p>O evento ser\u00e1 realizado na quinta e sexta-feira (28), no anfiteatro do IGCE \u2013 Unesp Rio Claro (Avenida 24-A, n\u00ba 1515 &#8211; Bela Vista). As inscri\u00e7\u00f5es s\u00e3o gratuitas podem ser realizadas pelo endere\u00e7o https:\/\/forms.gle\/wYZrgVmnKNHqxHEr8 .<\/p>\n<p>O workshop foi concebido como um espa\u00e7o de di\u00e1logo, reflex\u00e3o e constru\u00e7\u00e3o coletiva, reunindo pesquisadores, gestores p\u00fablicos, representantes de ambientes de inova\u00e7\u00e3o, empreendedores, institui\u00e7\u00f5es de ensino e pesquisa e demais atores do ecossistema regional de inova\u00e7\u00e3o para compartilhar resultados e discutir seus desdobramentos para o fortalecimento das pol\u00edticas p\u00fablicas de inova\u00e7\u00e3o e dos Sistemas Municipais de Inova\u00e7\u00e3o.<\/p>\n<p>A programa\u00e7\u00e3o est\u00e1 organizada em dois dias com enfoques complementares. No primeiro dia, as atividades estar\u00e3o voltadas \u00e0s discuss\u00f5es sobre pol\u00edtica p\u00fablica para sistemas municipais de inova\u00e7\u00e3o, reunindo representantes do governo estadual e municipal, universidades, ambientes de inova\u00e7\u00e3o e institui\u00e7\u00f5es parceiras para debater os resultados, os desafios dos ecossistemas de inova\u00e7\u00e3o e perspectivas para o fortalecimento das pol\u00edticas p\u00fablicas. O segundo dia ser\u00e1 dedicado \u00e0s contribui\u00e7\u00f5es da pesquisa para os campos do empreendedorismo inovador, do poio matricial e da inova\u00e7\u00e3o, por meio de apresenta\u00e7\u00f5es, mesas-redondas e debates entre especialistas, encerrando-se com um espa\u00e7o destinado ao compartilhamento das experi\u00eancias a partir dos membros do Sistema Municipal de Inova\u00e7\u00e3o de Rio Claro.<\/p>\n","protected":false},"excerpt":{"rendered":"<p>Evento ser\u00e1 realizado na Unesp Rio Claro, na quinta e sexta-feira. O munic\u00edpio de Rio Claro realizar\u00e1 nesta semana o \u201cWorkshop AM-EI \u2013 Apoio Matricial ao Empreendedorismo Inovador\u201d, evento de apresenta\u00e7\u00e3o da pol\u00edtica p\u00fablica que foi desenvolvida para gestores p\u00fablicos, representantes de entidades privadas, associa\u00e7\u00f5es, acad\u00eamicos, entre outros interessados. O evento ser\u00e1 realizado na quinta [&hellip;]<\/p>\n","protected":false},"author":9,"featured_media":71428,"comment_status":"closed","ping_status":"closed","sticky":false,"template":"","format":"standard","meta":{"footnotes":""},"categories":[207,1],"tags":[],"class_list":{"0":"post-129572","1":"post","2":"type-post","3":"status-publish","4":"format-standard","5":"has-post-thumbnail","7":"category-educacao","8":"category-instagram"},"_links":{"self":[{"href":"https:\/\/cidadeazulnoticias.com.br\/wp-json\/wp\/v2\/posts\/129572"}],"collection":[{"href":"https:\/\/cidadeazulnoticias.com.br\/wp-json\/wp\/v2\/posts"}],"about":[{"href":"https:\/\/cidadeazulnoticias.com.br\/wp-json\/wp\/v2\/types\/post"}],"author":[{"embeddable":true,"href":"https:\/\/cidadeazulnoticias.com.br\/wp-json\/wp\/v2\/users\/9"}],"replies":[{"embeddable":true,"href":"https:\/\/cidadeazulnoticias.com.br\/wp-json\/wp\/v2\/comments?post=129572"}],"version-history":[{"count":1,"href":"https:\/\/cidadeazulnoticias.com.br\/wp-json\/wp\/v2\/posts\/129572\/revisions"}],"predecessor-version":[{"id":129573,"href":"https:\/\/cidadeazulnoticias.com.br\/wp-json\/wp\/v2\/posts\/129572\/revisions\/129573"}],"wp:featuredmedia":[{"embeddable":true,"href":"https:\/\/cidadeazulnoticias.com.br\/wp-json\/wp\/v2\/media\/71428"}],"wp:attachment":[{"href":"https:\/\/cidadeazulnoticias.com.br\/wp-json\/wp\/v2\/media?parent=129572"}],"wp:term":[{"taxonomy":"category","embeddable":true,"href":"https:\/\/cidadeazulnoticias.com.br\/wp-json\/wp\/v2\/categories?post=129572"},{"taxonomy":"post_tag","embeddable":true,"href":"https:\/\/cidadeazulnoticias.com.br\/wp-json\/wp\/v2\/tags?post=129572"}],"curies":[{"name":"wp","href":"https:\/\/api.w.org\/{rel}","templated":true}]}},{"id":129569,"date":"2026-08-26T08:44:44","date_gmt":"2026-08-26T11:44:44","guid":{"rendered":"https:\/\/cidadeazulnoticias.com.br\/?p=129569"},"modified":"2026-08-26T08:44:45","modified_gmt":"2026-08-26T11:44:45","slug":"policia-de-sp-apreende-mais-de-r-15-milhao-em-ouro-e-joias-durante-operacao-contra-rede-de-receptacao","status":"publish","type":"post","link":"https:\/\/cidadeazulnoticias.com.br\/policia-de-sp-apreende-mais-de-r-15-milhao-em-ouro-e-joias-durante-operacao-contra-rede-de-receptacao\/","title":{"rendered":"Pol\u00edcia de SP apreende mais de R$ 1,5 milh\u00e3o em ouro e joias durante opera\u00e7\u00e3o contra rede de recepta\u00e7\u00e3o"},"content":{"rendered":"<h2><em>Segunda fase da Opera\u00e7\u00e3o Ouro Reverso mira esquema que recebia alian\u00e7as e outros metais preciosos roubados; policiais tamb\u00e9m apreenderam arma e dinheiro em esp\u00e9cie<\/em><\/h2>\n<p>Policiais civis do Departamento Estadual de Investiga\u00e7\u00f5es Criminais (DEIC) apreenderam mais de R$ 1,5 milh\u00e3o em joias e ouro durante a segunda fase da Opera\u00e7\u00e3o Ouro Reverso, deflagrada na segunda-feira (24). A ofensiva teve como alvo uma rede envolvida em atividades relacionadas a roubos e \u00e0 recepta\u00e7\u00e3o de metais preciosos, principalmente alian\u00e7as de ouro.<\/p>\n<p>Al\u00e9m das joias, as equipes apreenderam R$ 6 mil em esp\u00e9cie e uma pistola Glock calibre .380. O objetivo foi desarticular a estrutura respons\u00e1vel por receber os objetos roubados, negociar os materiais e dar destina\u00e7\u00e3o ao ouro.<\/p>\n<p>Coordenada por policiais da 3\u00aa Delegacia de Investiga\u00e7\u00f5es sobre Fraudes Financeiras e Econ\u00f4micas (3\u00aa DIG), do Deic, a opera\u00e7\u00e3o cumpriu quatro mandados de pris\u00e3o e 28 de busca e apreens\u00e3o em diferentes bairros da capital e em Guarulhos, na Grande S\u00e3o Paulo.<\/p>\n<p>Entre os endere\u00e7os vistoriados est\u00e1 uma regi\u00e3o conhecida nas investiga\u00e7\u00f5es como \u201cc\u00edrculo de fogo\u201d, na regi\u00e3o central da capital. O local \u00e9 apontado como \u00e1rea de atua\u00e7\u00e3o de empresas que adquiriam as joias subtra\u00eddas e realizavam o processamento e derretimento do ouro.<\/p>\n<p>A opera\u00e7\u00e3o contou ainda com a participa\u00e7\u00e3o de auditores fiscais da Secretaria da Fazenda e Planejamento do Estado de S\u00e3o Paulo e avaliadores da Caixa Econ\u00f4mica Federal, que auxiliaram na an\u00e1lise e identifica\u00e7\u00e3o dos materiais encontrados.<\/p>\n<p>Dos quatro alvos dos mandados de pris\u00e3o, dois j\u00e1 estavam no sistema penitenci\u00e1rio, sendo indiciados por mais esse crime. Os outros dois n\u00e3o foram localizados e s\u00e3o considerados foragidos.<\/p>\n<h3>Segunda fase mira estrutura do esquema<\/h3>\n<p>A Opera\u00e7\u00e3o Ouro Reverso teve sua primeira fase deflagrada em maio de 2025. Na ocasi\u00e3o, um dos principais alvos foi preso. Ele era apontado como um dos principais negociadores de objetos de ouro roubados.<\/p>\n<p>As investiga\u00e7\u00f5es tamb\u00e9m identificaram a atua\u00e7\u00e3o de uma mulher, que era respons\u00e1vel por dar suporte \u00e0s quadrilhas criminosas envolvidas nos roubos e na comercializa\u00e7\u00e3o dos metais preciosos.<\/p>\n<p>Com o avan\u00e7o das apura\u00e7\u00f5es, os investigadores conseguiram identificar outros integrantes que permaneceram atuando na estrutura criminosa.<\/p>\n<p>Para o secret\u00e1rio da Seguran\u00e7a P\u00fablica, Osvaldo Nico Gon\u00e7alves, o resultado demonstra a import\u00e2ncia de investigar n\u00e3o apenas quem pratica os roubos, mas tamb\u00e9m quem sustenta financeiramente esse tipo de crime ao receber e transformar os objetos subtra\u00eddos.<\/p>\n<p>\u201cQuem rouba uma alian\u00e7a coloca uma fam\u00edlia no preju\u00edzo. Quem compra essa alian\u00e7a alimenta o crime e faz com que o roubo continue acontecendo. \u00c9 por isso que nossa pol\u00edcia vai atr\u00e1s de toda a cadeia: de quem subtrai, de quem recebe e de quem transforma o produto do crime em dinheiro\u201d, afirmou o secret\u00e1rio.<\/p>\n","protected":false},"excerpt":{"rendered":"<p>Segunda fase da Opera\u00e7\u00e3o Ouro Reverso mira esquema que recebia alian\u00e7as e outros metais preciosos roubados; policiais tamb\u00e9m apreenderam arma e dinheiro em esp\u00e9cie Policiais civis do Departamento Estadual de Investiga\u00e7\u00f5es Criminais (DEIC) apreenderam mais de R$ 1,5 milh\u00e3o em joias e ouro durante a segunda fase da Opera\u00e7\u00e3o Ouro Reverso, deflagrada na segunda-feira (24). [&hellip;]<\/p>\n","protected":false},"author":9,"featured_media":129570,"comment_status":"closed","ping_status":"closed","sticky":false,"template":"","format":"standard","meta":{"footnotes":""},"categories":[1,2],"tags":[],"class_list":{"0":"post-129569","1":"post","2":"type-post","3":"status-publish","4":"format-standard","5":"has-post-thumbnail","7":"category-instagram","8":"category-seguranca"},"_links":{"self":[{"href":"https:\/\/cidadeazulnoticias.com.br\/wp-json\/wp\/v2\/posts\/129569"}],"collection":[{"href":"https:\/\/cidadeazulnoticias.com.br\/wp-json\/wp\/v2\/posts"}],"about":[{"href":"https:\/\/cidadeazulnoticias.com.br\/wp-json\/wp\/v2\/types\/post"}],"author":[{"embeddable":true,"href":"https:\/\/cidadeazulnoticias.com.br\/wp-json\/wp\/v2\/users\/9"}],"replies":[{"embeddable":true,"href":"https:\/\/cidadeazulnoticias.com.br\/wp-json\/wp\/v2\/comments?post=129569"}],"version-history":[{"count":1,"href":"https:\/\/cidadeazulnoticias.com.br\/wp-json\/wp\/v2\/posts\/129569\/revisions"}],"predecessor-version":[{"id":129571,"href":"https:\/\/cidadeazulnoticias.com.br\/wp-json\/wp\/v2\/posts\/129569\/revisions\/129571"}],"wp:featuredmedia":[{"embeddable":true,"href":"https:\/\/cidadeazulnoticias.com.br\/wp-json\/wp\/v2\/media\/129570"}],"wp:attachment":[{"href":"https:\/\/cidadeazulnoticias.com.br\/wp-json\/wp\/v2\/media?parent=129569"}],"wp:term":[{"taxonomy":"category","embeddable":true,"href":"https:\/\/cidadeazulnoticias.com.br\/wp-json\/wp\/v2\/categories?post=129569"},{"taxonomy":"post_tag","embeddable":true,"href":"https:\/\/cidadeazulnoticias.com.br\/wp-json\/wp\/v2\/tags?post=129569"}],"curies":[{"name":"wp","href":"https:\/\/api.w.org\/{rel}","templated":true}]}},{"id":129563,"date":"2026-08-25T21:06:17","date_gmt":"2026-08-26T00:06:17","guid":{"rendered":"https:\/\/cidadeazulnoticias.com.br\/?p=129563"},"modified":"2026-08-25T21:06:17","modified_gmt":"2026-08-26T00:06:17","slug":"uesca-promove-a-feijoada-capital-da-alegria-com-escolas-de-samba-e-grandes-atracoes","status":"publish","type":"post","link":"https:\/\/cidadeazulnoticias.com.br\/uesca-promove-a-feijoada-capital-da-alegria-com-escolas-de-samba-e-grandes-atracoes\/","title":{"rendered":"UESCA promove a Feijoada Capital da Alegria com escolas de samba e grandes atra\u00e7\u00f5es"},"content":{"rendered":"<h2><em>Evento acontece no dia 20 de setembro, no Sobrad\u00e3o Eventos, e promete reunir sambistas, agremia\u00e7\u00f5es e toda a comunidade carnavalesca de Rio Claro<\/em><\/h2>\n<p>Rio Claro j\u00e1 come\u00e7a a entrar no clima do Carnaval 2027. No dia 20 de setembro, a partir das 12h, o Sobrad\u00e3o Eventos recebe a Feijoada Capital da Alegria, um dos grandes eventos de prepara\u00e7\u00e3o para o pr\u00f3ximo Carnaval da cidade.<br \/>\nA programa\u00e7\u00e3o re\u00fane representantes das seis escolas de samba de Rio Claro em uma grande celebra\u00e7\u00e3o da cultura carnavalesca. O destaque fica por conta da SuperBateria, formada pelas seis agremia\u00e7\u00f5es, em um encontro especial que promete colocar o p\u00fablico para sambar e antecipar a energia dos desfiles.<br \/>\nAl\u00e9m da bateria, o evento contar\u00e1 com shows do Quintal das Pretas, Kalu e os Bambas, Narciso Trivellato e Isa Lima, al\u00e9m de outras atra\u00e7\u00f5es. A programa\u00e7\u00e3o foi pensada para reunir diferentes gera\u00e7\u00f5es e p\u00fablicos em torno do samba, da m\u00fasica e da tradi\u00e7\u00e3o carnavalesca de Rio Claro.<br \/>\nA feijoada ser\u00e1 servida \u00e0 vontade, completando a experi\u00eancia de um dia dedicado \u00e0 confraterniza\u00e7\u00e3o. O evento tamb\u00e9m ser\u00e1 um ponto de encontro das agremia\u00e7\u00f5es, dirigentes, integrantes das escolas, sambistas e apaixonados pelo Carnaval.<br \/>\nMais do que uma festa, a Feijoada Capital da Alegria marca o in\u00edcio da contagem regressiva para o Carnaval de Rio Claro e refor\u00e7a a import\u00e2ncia das escolas de samba como parte da identidade cultural da cidade.<br \/>\nOs ingressos est\u00e3o dispon\u00edveis pelo Sympla e tamb\u00e9m podem ser adquiridos diretamente com as escolas de samba e blocos participantes.<br \/>\nServi\u00e7o<br \/>\nFeijoada Capital da Alegria 2026<br \/>\n\ud83d\udcc5 20 de setembro de 2026<br \/>\n\ud83d\udd5b A partir das 12h<br \/>\n\ud83d\udccd Sobrad\u00e3o Eventos \u2014 Rio Claro (SP)<br \/>\nAtra\u00e7\u00f5es:<br \/>\n\u2022 SuperBateria com as seis escolas de samba<br \/>\n\u2022 Quintal das Pretas<br \/>\n\u2022 Kalu e os Bambas<br \/>\n\u2022 Narciso Trivellato e Isa Lima<br \/>\n\u2022 E muito mais<br \/>\n\ud83c\udf9f\ufe0f Ingressos: <a href=\"https:\/\/www.sympla.com.br\/evento\/feijoada-capital-da-alegria-2026\/3477756?referrer=www.google.com&amp;referrer=www.google.com\" target=\"_blank\" rel=\"noopener\">Sympla \u2014 Feijoada Capital da Alegria 2026<\/a><br \/>\nTamb\u00e9m \u00e9 poss\u00edvel adquirir ingressos diretamente com as escolas de samba e blocos participantes.<\/p>\n","protected":false},"excerpt":{"rendered":"<p>Evento acontece no dia 20 de setembro, no Sobrad\u00e3o Eventos, e promete reunir sambistas, agremia\u00e7\u00f5es e toda a comunidade carnavalesca de Rio Claro Rio Claro j\u00e1 come\u00e7a a entrar no clima do Carnaval 2027. No dia 20 de setembro, a partir das 12h, o Sobrad\u00e3o Eventos recebe a Feijoada Capital da Alegria, um dos grandes [&hellip;]<\/p>\n","protected":false},"author":9,"featured_media":124896,"comment_status":"closed","ping_status":"closed","sticky":false,"template":"","format":"standard","meta":{"footnotes":""},"categories":[187],"tags":[],"class_list":{"0":"post-129563","1":"post","2":"type-post","3":"status-publish","4":"format-standard","5":"has-post-thumbnail","7":"category-rio-claro"},"_links":{"self":[{"href":"https:\/\/cidadeazulnoticias.com.br\/wp-json\/wp\/v2\/posts\/129563"}],"collection":[{"href":"https:\/\/cidadeazulnoticias.com.br\/wp-json\/wp\/v2\/posts"}],"about":[{"href":"https:\/\/cidadeazulnoticias.com.br\/wp-json\/wp\/v2\/types\/post"}],"author":[{"embeddable":true,"href":"https:\/\/cidadeazulnoticias.com.br\/wp-json\/wp\/v2\/users\/9"}],"replies":[{"embeddable":true,"href":"https:\/\/cidadeazulnoticias.com.br\/wp-json\/wp\/v2\/comments?post=129563"}],"version-history":[{"count":1,"href":"https:\/\/cidadeazulnoticias.com.br\/wp-json\/wp\/v2\/posts\/129563\/revisions"}],"predecessor-version":[{"id":129564,"href":"https:\/\/cidadeazulnoticias.com.br\/wp-json\/wp\/v2\/posts\/129563\/revisions\/129564"}],"wp:featuredmedia":[{"embeddable":true,"href":"https:\/\/cidadeazulnoticias.com.br\/wp-json\/wp\/v2\/media\/124896"}],"wp:attachment":[{"href":"https:\/\/cidadeazulnoticias.com.br\/wp-json\/wp\/v2\/media?parent=129563"}],"wp:term":[{"taxonomy":"category","embeddable":true,"href":"https:\/\/cidadeazulnoticias.com.br\/wp-json\/wp\/v2\/categories?post=129563"},{"taxonomy":"post_tag","embeddable":true,"href":"https:\/\/cidadeazulnoticias.com.br\/wp-json\/wp\/v2\/tags?post=129563"}],"curies":[{"name":"wp","href":"https:\/\/api.w.org\/{rel}","templated":true}]}},{"id":129557,"date":"2026-08-25T18:33:46","date_gmt":"2026-08-25T21:33:46","guid":{"rendered":"https:\/\/cidadeazulnoticias.com.br\/?p=129557"},"modified":"2026-08-25T18:33:46","modified_gmt":"2026-08-25T21:33:46","slug":"jk-o-exemplo-que-a-morte-nao-sepultou","status":"publish","type":"post","link":"https:\/\/cidadeazulnoticias.com.br\/jk-o-exemplo-que-a-morte-nao-sepultou\/","title":{"rendered":"JK, o exemplo que a morte n\u00e3o sepultou"},"content":{"rendered":"<p>Por: Samuel Hanan*<\/p>\n<p>Agosto de 2026 marca os 50 anos da morte do ex-presidente Juscelino Kubitschek. \u00c9 momento, portanto, de o pa\u00eds reverenciar a mem\u00f3ria desse que foi um dos maiores \u2013 sen\u00e3o o maior \u2013 estadista da hist\u00f3ria do Brasil.<\/p>\n<p>Mais de seis d\u00e9cadas ap\u00f3s ter conclu\u00eddo o mandato na Presid\u00eancia da Rep\u00fablica (1956-1961) seu legado permanece intacto, gra\u00e7as \u00e0 seriedade, coragem, compet\u00eancia e vis\u00e3o estrat\u00e9gica com as quais transformou o pa\u00eds.<\/p>\n<p>JK assumiu em um per\u00edodo politicamente conturbado, por\u00e9m n\u00e3o se afastou de seu ideal de promover o desenvolvimento econ\u00f4mico e social em ritmo acelerado, priorizando a elimina\u00e7\u00e3o dos gargalos da economia. Para tanto, debru\u00e7ou-se sobre metas que deveriam ser definidas e implementadas em estreita harmonia entre si, de que modo que os investimentos em determinados setores pudessem se refletir positivamente na din\u00e2mica de outros.<\/p>\n<p>A chave do sucesso da gest\u00e3o JK foi o Plano Nacional de Desenvolvimento, ou Plano de Metas, conjunto de objetivos a serem atingidos nos cinco anos de seu mandato, ao qual se acresceu a constru\u00e7\u00e3o da nova capital federal, Bras\u00edlia, pensada como vetor de desenvolvimento do Centro-Oeste e tamb\u00e9m, atrav\u00e9s da lei 3.173 de 06.06.1957, criou a Zona Franca de Manaus buscando o desenvolvimento da Amazonia e mostrando sua preocupa\u00e7\u00e3o estrat\u00e9gica com a interioriza\u00e7\u00e3o do desenvolvimento. Como espinha dorsal do plano, alocou os recursos financeiros em tr\u00eas \u00e1reas priorit\u00e1rias \u2013 energia, transporte e infraestrutura \u2013 e assim criou as condi\u00e7\u00f5es para a transforma\u00e7\u00e3o do pa\u00eds.<\/p>\n<p>Nos cinco anos do governo JK, o Brasil viu seu PIB crescer, em m\u00e9dia, mais de 8% ao ano (o mesmo desempenho admirado da China de hoje) e cerca de 52% acima da m\u00e9dia mundial \u00e0 \u00e9poca (hoje estamos 36% abaixo da m\u00e9dia mundial, ladeira abaixo). Nesse per\u00edodo, a produ\u00e7\u00e3o industrial nacional cresceu 80%, alavancando a transforma\u00e7\u00e3o estrutural da economia. Bras\u00edlia, mais que o centro do poder, impulsionou o Centro-Oeste, regi\u00e3o mais expressiva do agroneg\u00f3cio que hoje responde por 26% do PIB nacional, 49% do total das exporta\u00e7\u00f5es brasileiras e 119% do saldo da balan\u00e7a comercial brasileira. Tudo semeado no Governo JK e sendo colhido at\u00e9 hoje.<\/p>\n<p>Juscelino n\u00e3o foi um pol\u00edtico de promessas, mas um gestor de realiza\u00e7\u00f5es. Das 31 metas de seu Plano, mais de 80% foram cumpridas integralmente. O slogan \u201cCinco d\u00e9cadas em cinco anos\u201d n\u00e3o foi mera ret\u00f3rica.<\/p>\n<p>Depois do governo Juscelino, o Brasil passou pela ditadura militar de mais de duas d\u00e9cadas, se redemocratizou, enfrentou per\u00edodos de irrefreada infla\u00e7\u00e3o, teve dois presidentes da Rep\u00fablica afastados do cargo por impeachment, instituiu a reelei\u00e7\u00e3o para cargos do Executivo, superou desafios, mas os governantes das \u00faltimas d\u00e9cadas n\u00e3o assimilaram as li\u00e7\u00f5es deixadas por JK.<\/p>\n<p>As desigualdades regionais se acentuaram. O pa\u00eds cresce menos do que a taxa m\u00e9dia mundial e sua renda per capita ocupa a 74\u00aa posi\u00e7\u00e3o do planeta. Os indicadores sociais mostram uma triste realidade. O IDH (\u00cdndice de Desenvolvimento Humano) caiu da 73\u00aa posi\u00e7\u00e3o em 2002 para o atual 84\u00ba lugar e no coeficiente Gini, que mede a distribui\u00e7\u00e3o de renda, o Brasil \u00e9 o s\u00e9timo pior pa\u00eds, estagnado h\u00e1 d\u00e9cadas entre as 10 na\u00e7\u00f5es mais mal avaliadas. Na Educa\u00e7\u00e3o, estamos entre a 67\u00aa e 74\u00aa posi\u00e7\u00e3o em Matem\u00e1tica, segundo o PISA, em ranking de 81 pa\u00edses. Ocupamos apenas a 30\u00aa posi\u00e7\u00e3o no IRBES (\u00cdndice de Retorno de Bem-Estar \u00e0 Sociedade), com alt\u00edssima carga tribut\u00e1ria e p\u00e9ssima retribui\u00e7\u00e3o em servi\u00e7os p\u00fablicos essenciais.<\/p>\n<p>Campe\u00e3o o Brasil \u00e9 apenas na vergonhosa estat\u00edstica de homic\u00eddios intencionais, registrando 33 mil mortes por ano. Al\u00e9m disso, levantamento da Transpar\u00eancia Internacional mostra que h\u00e1 106 pa\u00edses com setor p\u00fablico mais honesto que o brasileiro. Em 2002, eram apenas 45, o que evidencia a degrada\u00e7\u00e3o \u00e9tica e de honestidade em nosso pa\u00eds. A corrup\u00e7\u00e3o se instalou de vez e, com ela, o equivalente entre 2,5% a 4% do PIB escorre pelo ralo todos os anos (FGV-IBRE).<\/p>\n<p>Certamente, n\u00e3o \u00e9 esse o pa\u00eds que JK imaginou. Tampouco \u00e9 a na\u00e7\u00e3o que os brasileiros merecem. Juscelino fez a sua parte. Falta seguirem seu exemplo.<\/p>\n<p><img loading=\"lazy\" decoding=\"async\" class=\"alignnone wp-image-129558 size-full\" src=\"https:\/\/s3.cidadeazulnoticias.com.br\/wp-content\/uploads\/2026\/08\/25180450\/samuel-Hanan.jpg\" alt=\"\" width=\"714\" height=\"1000\" srcset=\"https:\/\/s3.cidadeazulnoticias.com.br\/wp-content\/uploads\/2026\/08\/25180450\/samuel-Hanan.jpg 714w, https:\/\/s3.cidadeazulnoticias.com.br\/wp-content\/uploads\/2026\/08\/25180450\/samuel-Hanan-214x300.jpg 214w, https:\/\/s3.cidadeazulnoticias.com.br\/wp-content\/uploads\/2026\/08\/25180450\/samuel-Hanan-300x420.jpg 300w, https:\/\/s3.cidadeazulnoticias.com.br\/wp-content\/uploads\/2026\/08\/25180450\/samuel-Hanan-696x975.jpg 696w\" sizes=\"(max-width: 714px) 100vw, 714px\" \/><\/p>\n<p>Colaborador: Samuel Hanan \u00e9 engenheiro com especializa\u00e7\u00e3o nas \u00e1reas de macroeconomia, administra\u00e7\u00e3o de empresas e finan\u00e7as, empres\u00e1rio, e foi vice-governador do Amazonas (1999-2002). Autor dos livros \u201cBrasil, um pa\u00eds \u00e0 deriva\u201d, \u201cCaminhos para um pa\u00eds sem rumo\u201d e \u201cAmaz\u00f4nia Brasileira, preservar para viver, responsabilidade mundial\u201d. Site: https:\/\/samuelhanan.com.br<\/p>\n","protected":false},"excerpt":{"rendered":"<p>Por: Samuel Hanan* Agosto de 2026 marca os 50 anos da morte do ex-presidente Juscelino Kubitschek. \u00c9 momento, portanto, de o pa\u00eds reverenciar a mem\u00f3ria desse que foi um dos maiores \u2013 sen\u00e3o o maior \u2013 estadista da hist\u00f3ria do Brasil. Mais de seis d\u00e9cadas ap\u00f3s ter conclu\u00eddo o mandato na Presid\u00eancia da Rep\u00fablica (1956-1961) [&hellip;]<\/p>\n","protected":false},"author":9,"featured_media":129559,"comment_status":"closed","ping_status":"closed","sticky":false,"template":"","format":"standard","meta":{"footnotes":""},"categories":[162,1],"tags":[],"class_list":{"0":"post-129557","1":"post","2":"type-post","3":"status-publish","4":"format-standard","5":"has-post-thumbnail","7":"category-artigos","8":"category-instagram"},"_links":{"self":[{"href":"https:\/\/cidadeazulnoticias.com.br\/wp-json\/wp\/v2\/posts\/129557"}],"collection":[{"href":"https:\/\/cidadeazulnoticias.com.br\/wp-json\/wp\/v2\/posts"}],"about":[{"href":"https:\/\/cidadeazulnoticias.com.br\/wp-json\/wp\/v2\/types\/post"}],"author":[{"embeddable":true,"href":"https:\/\/cidadeazulnoticias.com.br\/wp-json\/wp\/v2\/users\/9"}],"replies":[{"embeddable":true,"href":"https:\/\/cidadeazulnoticias.com.br\/wp-json\/wp\/v2\/comments?post=129557"}],"version-history":[{"count":1,"href":"https:\/\/cidadeazulnoticias.com.br\/wp-json\/wp\/v2\/posts\/129557\/revisions"}],"predecessor-version":[{"id":129560,"href":"https:\/\/cidadeazulnoticias.com.br\/wp-json\/wp\/v2\/posts\/129557\/revisions\/129560"}],"wp:featuredmedia":[{"embeddable":true,"href":"https:\/\/cidadeazulnoticias.com.br\/wp-json\/wp\/v2\/media\/129559"}],"wp:attachment":[{"href":"https:\/\/cidadeazulnoticias.com.br\/wp-json\/wp\/v2\/media?parent=129557"}],"wp:term":[{"taxonomy":"category","embeddable":true,"href":"https:\/\/cidadeazulnoticias.com.br\/wp-json\/wp\/v2\/categories?post=129557"},{"taxonomy":"post_tag","embeddable":true,"href":"https:\/\/cidadeazulnoticias.com.br\/wp-json\/wp\/v2\/tags?post=129557"}],"curies":[{"name":"wp","href":"https:\/\/api.w.org\/{rel}","templated":true}]}},{"id":129554,"date":"2026-08-25T17:56:40","date_gmt":"2026-08-25T20:56:40","guid":{"rendered":"https:\/\/cidadeazulnoticias.com.br\/?p=129554"},"modified":"2026-08-25T17:56:40","modified_gmt":"2026-08-25T20:56:40","slug":"artes-cenicas-sao-destaque-em-rio-claro-com-a-mostra-cena-ao-vento","status":"publish","type":"post","link":"https:\/\/cidadeazulnoticias.com.br\/artes-cenicas-sao-destaque-em-rio-claro-com-a-mostra-cena-ao-vento\/","title":{"rendered":"Artes c\u00eanicas s\u00e3o destaque em Rio Claro com a mostra Cena ao Vento"},"content":{"rendered":"<h2><em>Teatro de bonecos, teatro de rua, palha\u00e7aria e formas animadas integram programa\u00e7\u00e3o, que \u00e9 gratuita.<\/em><\/h2>\n<p>Rio Claro ter\u00e1 tr\u00eas dias de ampla programa\u00e7\u00e3o gratuita de artes c\u00eanicas nessa quinta-feira (27), sexta e s\u00e1bado. A mostra Cena ao Vento vai proporcionar ao p\u00fablico a possibilidade de contato com diversas linguagens de encena\u00e7\u00e3o, da palha\u00e7aria ao teatro de rua, das formas animadas ao circo. As encena\u00e7\u00f5es e montagens v\u00e3o contar com acessibilidade em Libras. Outro destaque \u00e9 a oficina de introdu\u00e7\u00e3o ao teatro de bonecos.<\/p>\n<p>Na quinta-feira a programa\u00e7\u00e3o come\u00e7a no Jardim P\u00fablico \u00e0s 10 horas com \u201cPalha\u00e7as Sim Sinh\u00f4\u201d, espet\u00e1culo encenado pelo Coletivo Piracema. \u00c9 uma apresenta\u00e7\u00e3o de palha\u00e7aria feminina interpretada por mulheres artistas que utilizam o humor, m\u00fasica e improvisa\u00e7\u00e3o para discutir o universo feminino, afeto, resist\u00eancia e liberdade.<\/p>\n<p>Na sexta-feira o p\u00fablico de todas as idades est\u00e1 convidado a comparecer \u00e0 escola Armando Bayeux da Silva (Avenida 5, 445, Centro) \u00e0s 10 horas para ver o espet\u00e1culo \u201cTiringuito, Lu\u00edsa e a Morte\u201d, com o grupo Caravan Maschera.<\/p>\n<p>\u00c9 uma montagem de teatro de bonecos e formas animadas inspirada nas tradi\u00e7\u00f5es populares latino-americanas, que combina m\u00fasica e manipula\u00e7\u00e3o de bonecos para abordar temas como amor, coragem e os ciclos da vida.<\/p>\n<p>Tamb\u00e9m na sexta-feira, \u00e0 14 horas, tem a oficina de introdu\u00e7\u00e3o ao teatro de bonecos no Centro Cultural. \u00c9 preciso fazer inscri\u00e7\u00e3o on-line, que \u00e9 gratuita. O formul\u00e1rio est\u00e1 no endere\u00e7o https:\/\/docs.google.com\/forms\/d\/e\/1FAIpQLSeHA5MC1qd8N2IC88MNRTY6HY0OVnsLdD52ofEVA-nx1rEaYQ\/viewform?usp=send_form<\/p>\n<p>O comando ser\u00e1 do oficineiro Leonardo Garcia. N\u00e3o h\u00e1 limite de idade para participar, mas as vagas s\u00e3o limitadas.<\/p>\n<p>A s\u00e9rie de eventos termina no s\u00e1bado com a montagem \u201cXinfrim\u201d, da Cia P\u00e9 de Cana, a partir das 10 horas no Jardim P\u00fablico. \u00c9 uma narrativa divertida, falando de situa\u00e7\u00f5es cotidianas e constru\u00edda a partir da comicidade f\u00edsica, da musicalidade e da intera\u00e7\u00e3o direta com o p\u00fablico, valorizando elementos do teatro popular e da cultura de rua.<\/p>\n<p>A realiza\u00e7\u00e3o do Cena ao Vento \u00e9 do governo estadual, por meio da Secretaria de Cultura, Economia e Ind\u00fastria Criativas, com organiza\u00e7\u00e3o da Associa\u00e7\u00e3o Paulista dos Amigos da Arte (Apaa) e apoio da prefeitura de Rio Claro, por interm\u00e9dio da Secretaria Municipal de Cultura.<\/p>\n","protected":false},"excerpt":{"rendered":"<p>Teatro de bonecos, teatro de rua, palha\u00e7aria e formas animadas integram programa\u00e7\u00e3o, que \u00e9 gratuita. Rio Claro ter\u00e1 tr\u00eas dias de ampla programa\u00e7\u00e3o gratuita de artes c\u00eanicas nessa quinta-feira (27), sexta e s\u00e1bado. A mostra Cena ao Vento vai proporcionar ao p\u00fablico a possibilidade de contato com diversas linguagens de encena\u00e7\u00e3o, da palha\u00e7aria ao teatro [&hellip;]<\/p>\n","protected":false},"author":9,"featured_media":129555,"comment_status":"closed","ping_status":"closed","sticky":false,"template":"","format":"standard","meta":{"footnotes":""},"categories":[1,187],"tags":[],"class_list":{"0":"post-129554","1":"post","2":"type-post","3":"status-publish","4":"format-standard","5":"has-post-thumbnail","7":"category-instagram","8":"category-rio-claro"},"_links":{"self":[{"href":"https:\/\/cidadeazulnoticias.com.br\/wp-json\/wp\/v2\/posts\/129554"}],"collection":[{"href":"https:\/\/cidadeazulnoticias.com.br\/wp-json\/wp\/v2\/posts"}],"about":[{"href":"https:\/\/cidadeazulnoticias.com.br\/wp-json\/wp\/v2\/types\/post"}],"author":[{"embeddable":true,"href":"https:\/\/cidadeazulnoticias.com.br\/wp-json\/wp\/v2\/users\/9"}],"replies":[{"embeddable":true,"href":"https:\/\/cidadeazulnoticias.com.br\/wp-json\/wp\/v2\/comments?post=129554"}],"version-history":[{"count":1,"href":"https:\/\/cidadeazulnoticias.com.br\/wp-json\/wp\/v2\/posts\/129554\/revisions"}],"predecessor-version":[{"id":129556,"href":"https:\/\/cidadeazulnoticias.com.br\/wp-json\/wp\/v2\/posts\/129554\/revisions\/129556"}],"wp:featuredmedia":[{"embeddable":true,"href":"https:\/\/cidadeazulnoticias.com.br\/wp-json\/wp\/v2\/media\/129555"}],"wp:attachment":[{"href":"https:\/\/cidadeazulnoticias.com.br\/wp-json\/wp\/v2\/media?parent=129554"}],"wp:term":[{"taxonomy":"category","embeddable":true,"href":"https:\/\/cidadeazulnoticias.com.br\/wp-json\/wp\/v2\/categories?post=129554"},{"taxonomy":"post_tag","embeddable":true,"href":"https:\/\/cidadeazulnoticias.com.br\/wp-json\/wp\/v2\/tags?post=129554"}],"curies":[{"name":"wp","href":"https:\/\/api.w.org\/{rel}","templated":true}]}},{"id":129551,"date":"2026-08-25T16:54:58","date_gmt":"2026-08-25T19:54:58","guid":{"rendered":"https:\/\/cidadeazulnoticias.com.br\/?p=129551"},"modified":"2026-08-25T16:54:58","modified_gmt":"2026-08-25T19:54:58","slug":"clima-em-sp-apos-tempo-nublado-e-chuva-na-quarta-sol-e-baixa-umidade-voltam-no-restante-da-semana","status":"publish","type":"post","link":"https:\/\/cidadeazulnoticias.com.br\/clima-em-sp-apos-tempo-nublado-e-chuva-na-quarta-sol-e-baixa-umidade-voltam-no-restante-da-semana\/","title":{"rendered":"Clima em SP: ap\u00f3s tempo nublado e chuva na quarta, sol e baixa umidade voltam no restante da semana"},"content":{"rendered":"<h2><em>Grande parte do estado fica em situa\u00e7\u00e3o de aten\u00e7\u00e3o na quarta-feira (26), com exce\u00e7\u00e3o apenas do Vale do Ribeira, da Regi\u00e3o Metropolitana de S\u00e3o Paulo e da Baixada Santista.<\/em><\/h2>\n<p>Ap\u00f3s dias de tempo nublado na segunda-feira (24) e na ter\u00e7a-feira (25), e com previs\u00e3o de pancadas de chuva com raios e rajadas de vento de at\u00e9 50 km\/h nesta quarta-feira (26), o sol e a baixa umidade voltam a predominar em boa parte do estado de S\u00e3o Paulo no restante da semana.<\/p>\n<p>Segundo boletim meteorol\u00f3gico da Defesa Civil, a situa\u00e7\u00e3o \u00e9 de aten\u00e7\u00e3o em quase todo o estado na quarta-feira (26), com exce\u00e7\u00e3o do Vale do Ribeira, da Regi\u00e3o Metropolitana de S\u00e3o Paulo e da Baixada Santista, onde as chuvas tendem a ser mais pontuais.<\/p>\n<p>A partir de quinta-feira (27), a instabilidade diminui, o sol volta a predominar na maior parte do estado, as temperaturas sobem e a umidade relativa do ar cai novamente. Para o restante da semana, a tend\u00eancia \u00e9 de tempo mais est\u00e1vel, com predom\u00ednio de sol, eleva\u00e7\u00e3o das temperaturas e queda significativa da umidade. As exce\u00e7\u00f5es s\u00e3o as regi\u00f5es do oeste paulista e as que fazem divisa com Minas Gerais, onde podem ocorrer pancadas isoladas de chuva, acompanhadas de raios e rajadas de vento.<\/p>\n<h3>Alerta para risco de inc\u00eandios<\/h3>\n<p>Com a volta do calor e da diminui\u00e7\u00e3o da umidade relativa do ar, com exce\u00e7\u00e3o de pequenas por\u00e7\u00f5es da Regi\u00e3o Metropolitana e do oeste paulista, todas as outras regi\u00f5es do estado entram em situa\u00e7\u00e3o de alerta para risco de inc\u00eandios na sexta-feira (28) e no s\u00e1bado (29).<\/p>\n<p>\u201cVamos ter muita sensa\u00e7\u00e3o de calor, temperaturas bem altas, praticamente todo o estado acima de 30 graus de m\u00e1xima, e por v\u00e1rios dias\u201d, afirma o meteorologista da Defesa Civil William Minhoto.<\/p>\n<p>O come\u00e7o da pr\u00f3xima semana deve manter o calor intenso, at\u00e9 que o avan\u00e7o de uma frente fria provoque uma nova virada no tempo. Segundo a Defesa Civil, essa varia\u00e7\u00e3o de tempo est\u00e1 relacionada principalmente \u00e0 passagem de sistemas meteorol\u00f3gicos, como frentes frias, e \u00e0 atua\u00e7\u00e3o e deslocamento de diferentes massas de ar. Ap\u00f3s a passagem de um sistema de caracter\u00edstica mais fria, por exemplo, a entrada de ar mais quente pode favorecer uma r\u00e1pida eleva\u00e7\u00e3o das temperaturas.<\/p>\n<h4>Orienta\u00e7\u00f5es \u00e0 popula\u00e7\u00e3o no per\u00edodo de baixa umidade:<\/h4>\n<p>N\u00e3o utilize fogo para limpeza de terrenos, \u00e1reas rurais ou pastagens;<br \/>\nN\u00e3o descarte bitucas de cigarro em \u00e1reas de vegeta\u00e7\u00e3o ou \u00e0s margens de rodovias;<br \/>\nEvite realizar atividades f\u00edsicas nas horas mais quentes do dia;<br \/>\nMantenha-se hidratado ao longo do dia;<br \/>\nUmidifique os ambientes sempre que poss\u00edvel;<br \/>\nRedobre os cuidados com crian\u00e7as, idosos e pessoas com problemas respirat\u00f3rios durante os per\u00edodos de baixa umidade do ar;<br \/>\nEm caso de emerg\u00eancia, acione a Defesa Civil pelo 199 ou o Corpo de Bombeiros pelo 193.<br \/>\nEm situa\u00e7\u00f5es de emerg\u00eancia, o atendimento pode ser solicitado pelos telefones 199, da Defesa Civil, e 193, do Corpo de Bombeiros.<\/p>\n<p>Para receber alertas gratuitos da Defesa Civil por SMS, cadastre o CEP de interesse enviando uma mensagem de texto para o n\u00famero 40199.<\/p>\n","protected":false},"excerpt":{"rendered":"<p>Grande parte do estado fica em situa\u00e7\u00e3o de aten\u00e7\u00e3o na quarta-feira (26), com exce\u00e7\u00e3o apenas do Vale do Ribeira, da Regi\u00e3o Metropolitana de S\u00e3o Paulo e da Baixada Santista. Ap\u00f3s dias de tempo nublado na segunda-feira (24) e na ter\u00e7a-feira (25), e com previs\u00e3o de pancadas de chuva com raios e rajadas de vento de [&hellip;]<\/p>\n","protected":false},"author":9,"featured_media":105386,"comment_status":"closed","ping_status":"closed","sticky":false,"template":"","format":"standard","meta":{"footnotes":""},"categories":[1,28],"tags":[],"class_list":{"0":"post-129551","1":"post","2":"type-post","3":"status-publish","4":"format-standard","5":"has-post-thumbnail","7":"category-instagram","8":"category-noticias"},"_links":{"self":[{"href":"https:\/\/cidadeazulnoticias.com.br\/wp-json\/wp\/v2\/posts\/129551"}],"collection":[{"href":"https:\/\/cidadeazulnoticias.com.br\/wp-json\/wp\/v2\/posts"}],"about":[{"href":"https:\/\/cidadeazulnoticias.com.br\/wp-json\/wp\/v2\/types\/post"}],"author":[{"embeddable":true,"href":"https:\/\/cidadeazulnoticias.com.br\/wp-json\/wp\/v2\/users\/9"}],"replies":[{"embeddable":true,"href":"https:\/\/cidadeazulnoticias.com.br\/wp-json\/wp\/v2\/comments?post=129551"}],"version-history":[{"count":1,"href":"https:\/\/cidadeazulnoticias.com.br\/wp-json\/wp\/v2\/posts\/129551\/revisions"}],"predecessor-version":[{"id":129552,"href":"https:\/\/cidadeazulnoticias.com.br\/wp-json\/wp\/v2\/posts\/129551\/revisions\/129552"}],"wp:featuredmedia":[{"embeddable":true,"href":"https:\/\/cidadeazulnoticias.com.br\/wp-json\/wp\/v2\/media\/105386"}],"wp:attachment":[{"href":"https:\/\/cidadeazulnoticias.com.br\/wp-json\/wp\/v2\/media?parent=129551"}],"wp:term":[{"taxonomy":"category","embeddable":true,"href":"https:\/\/cidadeazulnoticias.com.br\/wp-json\/wp\/v2\/categories?post=129551"},{"taxonomy":"post_tag","embeddable":true,"href":"https:\/\/cidadeazulnoticias.com.br\/wp-json\/wp\/v2\/tags?post=129551"}],"curies":[{"name":"wp","href":"https:\/\/api.w.org\/{rel}","templated":true}]}},{"id":129548,"date":"2026-08-25T16:47:00","date_gmt":"2026-08-25T19:47:00","guid":{"rendered":"https:\/\/cidadeazulnoticias.com.br\/?p=129548"},"modified":"2026-08-25T16:47:00","modified_gmt":"2026-08-25T19:47:00","slug":"prefeitura-repara-asfalto-em-mais-trechos-do-jardim-portugal","status":"publish","type":"post","link":"https:\/\/cidadeazulnoticias.com.br\/prefeitura-repara-asfalto-em-mais-trechos-do-jardim-portugal\/","title":{"rendered":"Prefeitura repara asfalto em mais trechos do Jardim Portugal"},"content":{"rendered":"<h2><em>Trabalho foi realizado na ter\u00e7a-feira.<\/em><\/h2>\n<p>A prefeitura de Rio Claro realizou na ter\u00e7a-feira (25) tapa-buracos em mais trechos de vias do Jardim Portugal. O trabalho no bairro come\u00e7ou na semana passada.<\/p>\n<p>A\u00e7\u00f5es como essa, realizada pela Secretaria Municipal de Obras, s\u00e3o feitas em v\u00e1rias regi\u00f5es da cidade, em conjunto com recapeamentos e pavimenta\u00e7\u00f5es.<\/p>\n<p>A prefeitura tamb\u00e9m realiza suaviza\u00e7\u00e3o de valetas, amplia\u00e7\u00e3o e substitui\u00e7\u00e3o da sinaliza\u00e7\u00e3o de tr\u00e2nsito e coloca\u00e7\u00e3o de sem\u00e1foros.<\/p>\n<p>Essas a\u00e7\u00f5es tornam o tr\u00e2nsito mais seguro, \u00e1gil e organizado para motoristas, motociclistas, ciclistas e pedestres.<\/p>\n","protected":false},"excerpt":{"rendered":"<p>Trabalho foi realizado na ter\u00e7a-feira. A prefeitura de Rio Claro realizou na ter\u00e7a-feira (25) tapa-buracos em mais trechos de vias do Jardim Portugal. O trabalho no bairro come\u00e7ou na semana passada. A\u00e7\u00f5es como essa, realizada pela Secretaria Municipal de Obras, s\u00e3o feitas em v\u00e1rias regi\u00f5es da cidade, em conjunto com recapeamentos e pavimenta\u00e7\u00f5es. A prefeitura [&hellip;]<\/p>\n","protected":false},"author":9,"featured_media":129549,"comment_status":"closed","ping_status":"closed","sticky":false,"template":"","format":"standard","meta":{"footnotes":""},"categories":[1,187],"tags":[],"class_list":{"0":"post-129548","1":"post","2":"type-post","3":"status-publish","4":"format-standard","5":"has-post-thumbnail","7":"category-instagram","8":"category-rio-claro"},"_links":{"self":[{"href":"https:\/\/cidadeazulnoticias.com.br\/wp-json\/wp\/v2\/posts\/129548"}],"collection":[{"href":"https:\/\/cidadeazulnoticias.com.br\/wp-json\/wp\/v2\/posts"}],"about":[{"href":"https:\/\/cidadeazulnoticias.com.br\/wp-json\/wp\/v2\/types\/post"}],"author":[{"embeddable":true,"href":"https:\/\/cidadeazulnoticias.com.br\/wp-json\/wp\/v2\/users\/9"}],"replies":[{"embeddable":true,"href":"https:\/\/cidadeazulnoticias.com.br\/wp-json\/wp\/v2\/comments?post=129548"}],"version-history":[{"count":1,"href":"https:\/\/cidadeazulnoticias.com.br\/wp-json\/wp\/v2\/posts\/129548\/revisions"}],"predecessor-version":[{"id":129550,"href":"https:\/\/cidadeazulnoticias.com.br\/wp-json\/wp\/v2\/posts\/129548\/revisions\/129550"}],"wp:featuredmedia":[{"embeddable":true,"href":"https:\/\/cidadeazulnoticias.com.br\/wp-json\/wp\/v2\/media\/129549"}],"wp:attachment":[{"href":"https:\/\/cidadeazulnoticias.com.br\/wp-json\/wp\/v2\/media?parent=129548"}],"wp:term":[{"taxonomy":"category","embeddable":true,"href":"https:\/\/cidadeazulnoticias.com.br\/wp-json\/wp\/v2\/categories?post=129548"},{"taxonomy":"post_tag","embeddable":true,"href":"https:\/\/cidadeazulnoticias.com.br\/wp-json\/wp\/v2\/tags?post=129548"}],"curies":[{"name":"wp","href":"https:\/\/api.w.org\/{rel}","templated":true}]}},{"id":129546,"date":"2026-08-25T16:39:23","date_gmt":"2026-08-25T19:39:23","guid":{"rendered":"https:\/\/cidadeazulnoticias.com.br\/?p=129546"},"modified":"2026-08-25T16:39:23","modified_gmt":"2026-08-25T19:39:23","slug":"mulheres-que-cantam-e-encantam-fazem-show-5a-f-no-shopping-rio-claro","status":"publish","type":"post","link":"https:\/\/cidadeazulnoticias.com.br\/mulheres-que-cantam-e-encantam-fazem-show-5a-f-no-shopping-rio-claro\/","title":{"rendered":"Mulheres que Cantam e Encantam fazem show 5\u00aa-f no Shopping Rio Claro"},"content":{"rendered":"<h2><em>Apresenta\u00e7\u00e3o gratuita re\u00fane vozes femininas na noite de quinta-feira, em campanha de conscientiza\u00e7\u00e3o e enfrentamento \u00e0 viol\u00eancia contra a mulher.<\/em><\/h2>\n<p>Nesta quinta-feira (27), \u00e0s 19h, numa parceria da Secretaria Municipal da Mulher, Orquestra Filarm\u00f4nica de Rio Claro e Shopping Rio Claro, ser\u00e1 encerrada a programa\u00e7\u00e3o do Agosto Lil\u00e1s com a apresenta\u00e7\u00e3o do show \u201cMulheres que Cantam e Encantam\u201d.<\/p>\n<p>O grupo \u201cMulheres que Cantam e Encantam\u201d realizar\u00e1 um pocket show na Pra\u00e7a de Alimenta\u00e7\u00e3o do Shopping Rio Claro, sem cobran\u00e7a de ingresso. O Agosto Lil\u00e1s \u00e9 campanha de conscientiza\u00e7\u00e3o e enfrentamento \u00e0 viol\u00eancia contra a mulher.<\/p>\n<p>Idealizado pela Orquestra Filarm\u00f4nica de Rio Claro, o projeto valoriza o protagonismo feminino na cena musical local. Ap\u00f3s o sucesso da apresenta\u00e7\u00e3o tem\u00e1tica \u201cBroadway\u201d, as artistas retornam ao palco em um formato mais intimista, aproximando m\u00fasica, arte e sensibiliza\u00e7\u00e3o.<\/p>\n<p>No repert\u00f3rio, as cantoras prometem uma noite especial, utilizando a m\u00fasica tamb\u00e9m como instrumento de valoriza\u00e7\u00e3o das mulheres e de conscientiza\u00e7\u00e3o sobre a import\u00e2ncia do respeito e do enfrentamento a todas as formas de viol\u00eancia.<\/p>\n<p>\u201cSer\u00e1 uma apresenta\u00e7\u00e3o potente, que encerra um m\u00eas marcado por atividades importantes para as mulheres, como a Feira da Empregabilidade Feminina e as diversas a\u00e7\u00f5es de conscientiza\u00e7\u00e3o que realizamos. A m\u00fasica tamb\u00e9m \u00e9 uma forma de resist\u00eancia. Ela atravessa gera\u00e7\u00f5es, marca momentos importantes das nossas vidas e, quando se une a uma causa, tamb\u00e9m pode ser instrumento de reflex\u00e3o e transforma\u00e7\u00e3o\u201d, destaca a secret\u00e1ria municipal da Mulher, T\u00e1ssia Espego.<\/p>\n","protected":false},"excerpt":{"rendered":"<p>Apresenta\u00e7\u00e3o gratuita re\u00fane vozes femininas na noite de quinta-feira, em campanha de conscientiza\u00e7\u00e3o e enfrentamento \u00e0 viol\u00eancia contra a mulher. Nesta quinta-feira (27), \u00e0s 19h, numa parceria da Secretaria Municipal da Mulher, Orquestra Filarm\u00f4nica de Rio Claro e Shopping Rio Claro, ser\u00e1 encerrada a programa\u00e7\u00e3o do Agosto Lil\u00e1s com a apresenta\u00e7\u00e3o do show \u201cMulheres que [&hellip;]<\/p>\n","protected":false},"author":9,"featured_media":123830,"comment_status":"closed","ping_status":"closed","sticky":false,"template":"","format":"standard","meta":{"footnotes":""},"categories":[213,1],"tags":[],"class_list":{"0":"post-129546","1":"post","2":"type-post","3":"status-publish","4":"format-standard","5":"has-post-thumbnail","7":"category-cultura","8":"category-instagram"},"_links":{"self":[{"href":"https:\/\/cidadeazulnoticias.com.br\/wp-json\/wp\/v2\/posts\/129546"}],"collection":[{"href":"https:\/\/cidadeazulnoticias.com.br\/wp-json\/wp\/v2\/posts"}],"about":[{"href":"https:\/\/cidadeazulnoticias.com.br\/wp-json\/wp\/v2\/types\/post"}],"author":[{"embeddable":true,"href":"https:\/\/cidadeazulnoticias.com.br\/wp-json\/wp\/v2\/users\/9"}],"replies":[{"embeddable":true,"href":"https:\/\/cidadeazulnoticias.com.br\/wp-json\/wp\/v2\/comments?post=129546"}],"version-history":[{"count":1,"href":"https:\/\/cidadeazulnoticias.com.br\/wp-json\/wp\/v2\/posts\/129546\/revisions"}],"predecessor-version":[{"id":129547,"href":"https:\/\/cidadeazulnoticias.com.br\/wp-json\/wp\/v2\/posts\/129546\/revisions\/129547"}],"wp:featuredmedia":[{"embeddable":true,"href":"https:\/\/cidadeazulnoticias.com.br\/wp-json\/wp\/v2\/media\/123830"}],"wp:attachment":[{"href":"https:\/\/cidadeazulnoticias.com.br\/wp-json\/wp\/v2\/media?parent=129546"}],"wp:term":[{"taxonomy":"category","embeddable":true,"href":"https:\/\/cidadeazulnoticias.com.br\/wp-json\/wp\/v2\/categories?post=129546"},{"taxonomy":"post_tag","embeddable":true,"href":"https:\/\/cidadeazulnoticias.com.br\/wp-json\/wp\/v2\/tags?post=129546"}],"curies":[{"name":"wp","href":"https:\/\/api.w.org\/{rel}","templated":true}]}},{"id":129542,"date":"2026-08-25T15:06:49","date_gmt":"2026-08-25T18:06:49","guid":{"rendered":"https:\/\/cidadeazulnoticias.com.br\/?p=129542"},"modified":"2026-08-25T16:02:41","modified_gmt":"2026-08-25T19:02:41","slug":"cirurgioes-dentistas-participam-de-curso-para-aprimorar-tecnicas-anestesicas","status":"publish","type":"post","link":"https:\/\/cidadeazulnoticias.com.br\/cirurgioes-dentistas-participam-de-curso-para-aprimorar-tecnicas-anestesicas\/","title":{"rendered":"Cirurgi\u00f5es dentistas participam de curso para aprimorar t\u00e9cnicas anest\u00e9sicas"},"content":{"rendered":"<h2><em>Aula foi realizada na sexta-feira no audit\u00f3rio do Hospital Municipal.<\/em><\/h2>\n<p>Rio Claro realizou na sexta-feira (21) treinamento com cirurgi\u00f5es dentistas que atuam na Funda\u00e7\u00e3o Municipal de Sa\u00fade. Com oito horas de dura\u00e7\u00e3o, o curso proporcionou aos profissionais o aprimoramento de t\u00e9cnicas anest\u00e9sicas e medicamentosas.<\/p>\n<p>\u201cOs profissionais tiveram a oportunidade de atualizar seus conhecimentos e aperfei\u00e7oar a pr\u00e1tica cl\u00ednica\u201d, destaca Ronaldo Hil\u00e1rio J\u00fanior, que coordena o setor de sa\u00fade bucal da Funda\u00e7\u00e3o de Sa\u00fade, acrescentando que al\u00e9m de contribuir para o desenvolvimento profissional dos cirurgi\u00f5es dentistas, atividades deste tipo s\u00e3o importantes para a qualidade do atendimento \u00e0 popula\u00e7\u00e3o.<\/p>\n<p>A aula foi ministrada por Francisco Carlos Groppo, professor da Unicamp, que abordou temas como anestesia local; falhas em anestesiologia; import\u00e2ncia da seda\u00e7\u00e3o no ambiente cl\u00ednico; controle da dor e do edema; e antibioticoterapia.&nbsp;<\/p>\n","protected":false},"excerpt":{"rendered":"<p>Aula foi realizada na sexta-feira no audit\u00f3rio do Hospital Municipal. Rio Claro realizou na sexta-feira (21) treinamento com cirurgi\u00f5es dentistas que atuam na Funda\u00e7\u00e3o Municipal de Sa\u00fade. Com oito horas de dura\u00e7\u00e3o, o curso proporcionou aos profissionais o aprimoramento de t\u00e9cnicas anest\u00e9sicas e medicamentosas. \u201cOs profissionais tiveram a oportunidade de atualizar seus conhecimentos e aperfei\u00e7oar [&hellip;]<\/p>\n","protected":false},"author":9,"featured_media":129543,"comment_status":"closed","ping_status":"closed","sticky":false,"template":"","format":"standard","meta":{"footnotes":""},"categories":[1,187],"tags":[],"class_list":{"0":"post-129542","1":"post","2":"type-post","3":"status-publish","4":"format-standard","5":"has-post-thumbnail","7":"category-instagram","8":"category-rio-claro"},"_links":{"self":[{"href":"https:\/\/cidadeazulnoticias.com.br\/wp-json\/wp\/v2\/posts\/129542"}],"collection":[{"href":"https:\/\/cidadeazulnoticias.com.br\/wp-json\/wp\/v2\/posts"}],"about":[{"href":"https:\/\/cidadeazulnoticias.com.br\/wp-json\/wp\/v2\/types\/post"}],"author":[{"embeddable":true,"href":"https:\/\/cidadeazulnoticias.com.br\/wp-json\/wp\/v2\/users\/9"}],"replies":[{"embeddable":true,"href":"https:\/\/cidadeazulnoticias.com.br\/wp-json\/wp\/v2\/comments?post=129542"}],"version-history":[{"count":2,"href":"https:\/\/cidadeazulnoticias.com.br\/wp-json\/wp\/v2\/posts\/129542\/revisions"}],"predecessor-version":[{"id":129545,"href":"https:\/\/cidadeazulnoticias.com.br\/wp-json\/wp\/v2\/posts\/129542\/revisions\/129545"}],"wp:featuredmedia":[{"embeddable":true,"href":"https:\/\/cidadeazulnoticias.com.br\/wp-json\/wp\/v2\/media\/129543"}],"wp:attachment":[{"href":"https:\/\/cidadeazulnoticias.com.br\/wp-json\/wp\/v2\/media?parent=129542"}],"wp:term":[{"taxonomy":"category","embeddable":true,"href":"https:\/\/cidadeazulnoticias.com.br\/wp-json\/wp\/v2\/categories?post=129542"},{"taxonomy":"post_tag","embeddable":true,"href":"https:\/\/cidadeazulnoticias.com.br\/wp-json\/wp\/v2\/tags?post=129542"}],"curies":[{"name":"wp","href":"https:\/\/api.w.org\/{rel}","templated":true}]}},{"id":129538,"date":"2026-08-25T10:22:01","date_gmt":"2026-08-25T13:22:01","guid":{"rendered":"https:\/\/cidadeazulnoticias.com.br\/?p=129538"},"modified":"2026-08-25T10:22:01","modified_gmt":"2026-08-25T13:22:01","slug":"estado-de-sp-tem-127-mil-vagas-de-emprego-nesta-semana-confira","status":"publish","type":"post","link":"https:\/\/cidadeazulnoticias.com.br\/estado-de-sp-tem-127-mil-vagas-de-emprego-nesta-semana-confira\/","title":{"rendered":"Estado de SP tem 12,7 mil vagas de emprego nesta semana; confira"},"content":{"rendered":"<p>Com mais de 4 mil vagas, auxiliar de log\u00edstica \u00e9 a ocupa\u00e7\u00e3o com mais oportunidades<\/p>\n<p>Os Postos de Atendimento ao Trabalhador (PATs) do Governo de S\u00e3o Paulo oferecem nesta semana 12,7 mil vagas de emprego. A Secretaria de Desenvolvimento Econ\u00f4mico conta com mais de 200 unidades de atendimento espalhadas por todo o estado para auxiliar quem est\u00e1 em busca de emprego. Al\u00e9m dos PATs, os trabalhadores de S\u00e3o Paulo podem acessar o Trampolim, plataforma que re\u00fane vagas de emprego e cursos de qualifica\u00e7\u00e3o.<\/p>\n<p>As dez ocupa\u00e7\u00f5es com mais vagas oferecidas s\u00e3o:<br \/>\n* Auxiliar de log\u00edstica: 4.009 vagas;<br \/>\n* Alimentador de linha de produ\u00e7\u00e3o: 972 vagas;<br \/>\n* Operador de telemarketing ativo e receptivo: 632 vagas;<br \/>\n* Faxineiro: 471 vagas;<br \/>\n* Atendente de lanchonete: 425 vagas;<br \/>\n* Trabalhador no cultivo de \u00e1rvores frut\u00edferas: 411 vagas;<br \/>\n* Atendente de lojas e mercados: 321 vagas;<br \/>\n* Motorista de caminh\u00e3o (rotas regionais e internacionais): 292 vagas;<br \/>\n* Vendedor de com\u00e9rcio varejista: 234 vagas;<br \/>\n* Servente de obras: 185 vagas.<\/p>\n<p>Os Postos de Atendimento ao Trabalhador com mais vagas s\u00e3o:<br \/>\n* PAT Santana de Parna\u00edba, na regi\u00e3o administrativa de S\u00e3o Paulo: 1.647 vagas;<br \/>\n* PAT Embu, na regi\u00e3o administrativa de S\u00e3o Paulo: 1.159 vagas;<br \/>\n* PAT Jundia\u00ed, na regi\u00e3o administrativa de Campinas: 1.122 vagas;<br \/>\n* PAT Valinhos, na regi\u00e3o administrativa de Campinas: 998 vagas;<br \/>\n* PAT Itapevi, na regi\u00e3o administrativa de S\u00e3o Paulo: 947 vagas;<br \/>\n* PAT Barueri, na regi\u00e3o administrativa de S\u00e3o Paulo: 596 vagas;<br \/>\n* PAT Itapecerica da Serra, na regi\u00e3o administrativa de S\u00e3o Paulo: 466 vagas;<br \/>\n* PAT Indaiatuba, na regi\u00e3o administrativa de Campinas: 445 vagas;<br \/>\n* PAT Bebedouro, na regi\u00e3o administrativa de Barretos: 419 vagas;<br \/>\n* PAT Votorantim, na regi\u00e3o administrativa de Sorocaba: 394 vagas.<\/p>\n<p>Para usar um servi\u00e7o do PAT em seu munic\u00edpio, \u00e9 necess\u00e1rio levar RG, CPF e Carteira de Trabalho. Os endere\u00e7os podem ser conferidos neste link.<\/p>\n<p>Al\u00e9m das vagas, os PATs oferecem atendimento e servi\u00e7os gratuitos para trabalhadores, como a habilita\u00e7\u00e3o ao Seguro-Desemprego. \u00c9 importante lembrar que as vagas podem ser preenchidas a qualquer momento e o n\u00famero pode variar ao longo do dia e da semana.<\/p>\n<p>Veja abaixo o n\u00famero de vagas por regi\u00f5es administrativas do estado:<\/p>\n<p>* Ara\u00e7atuba: 2 vagas;<br \/>\n* Barretos: 571 vagas;<br \/>\n* Bauru: 72 vagas;<br \/>\n* Campinas: 3.702 vagas;<br \/>\n* Franca: 138 vagas;<br \/>\n* Itapeva: 123 vagas;<br \/>\n* Mar\u00edlia: 67 vagas;<br \/>\n* Presidente Prudente: 38 vagas;<br \/>\n* RA Central: 230 vagas;<br \/>\n* Ribeir\u00e3o Preto: 400 vagas;<br \/>\n* Santos: 89 vagas;<br \/>\n* Sorocaba: 953 vagas;<br \/>\n* S\u00e3o Jos\u00e9 do Rio Preto: 157 vagas;<br \/>\n* S\u00e3o Jos\u00e9 dos Campos: 361 vagas;<br \/>\n* S\u00e3o Paulo: 5.812 vagas.<\/p>\n<p>Trampolim<br \/>\nA plataforma Trampolim re\u00fane vagas de emprego e cursos de qualifica\u00e7\u00e3o, e o candidato pode aplicar filtros para vagas de acordo com a \u00e1rea e com a localiza\u00e7\u00e3o de sua prefer\u00eancia. Al\u00e9m disso, tamb\u00e9m h\u00e1 diversos cursos de qualifica\u00e7\u00e3o para conseguir concorrer \u00e0s vagas de seu perfil.<\/p>\n<p>O Trampolim \u00e9 uma plataforma digital gratuita. Nela, existe uma curadoria de vagas de emprego e cursos, al\u00e9m de testes de habilidades e uma ferramenta para cria\u00e7\u00e3o de curr\u00edculo profissional.<\/p>\n<p>H\u00e1 tamb\u00e9m uma se\u00e7\u00e3o dedicada exclusivamente para o p\u00fablico idoso que busca recoloca\u00e7\u00e3o profissional. Por l\u00e1, o p\u00fablico 60+ consegue acessar microcr\u00e9dito e cursos de qualifica\u00e7\u00e3o profissional. Saiba mais no site do Trampolim.<\/p>\n<p>Postos de Atendimento ao Trabalhador<br \/>\nO Governo de S\u00e3o Paulo conta com mais de 200 Postos de Atendimento ao Trabalhador (PATs), presentes em todo o estado. O equipamento concentra servi\u00e7os gratuitos \u00e0 popula\u00e7\u00e3o, destinados \u00e0 gera\u00e7\u00e3o de emprego e renda.<\/p>\n<p>Os PATs realizam a intermedia\u00e7\u00e3o de m\u00e3o de obra. O objetivo \u00e9 promover a recoloca\u00e7\u00e3o do trabalhador no mercado de trabalho por meio de buscas junto ao Sistema Nacional de Emprego (SINE).<\/p>\n<p>Al\u00e9m disso, nos PATs, o cidad\u00e3o tamb\u00e9m encontra o servi\u00e7o de habilita\u00e7\u00e3o ao seguro-desemprego. Assim, o trabalhador desempregado tem acesso \u00e0 assist\u00eancia financeira tempor\u00e1ria em virtude da dispensa sem justa causa.<\/p>\n<p>Para atendimento nas unidades, deve-se comparecer diretamente ao Posto mais pr\u00f3ximo com RG, CPF e Carteira de Trabalho. Os endere\u00e7os est\u00e3o dispon\u00edveis neste link.<\/p>\n","protected":false},"excerpt":{"rendered":"<p>Com mais de 4 mil vagas, auxiliar de log\u00edstica \u00e9 a ocupa\u00e7\u00e3o com mais oportunidades Os Postos de Atendimento ao Trabalhador (PATs) do Governo de S\u00e3o Paulo oferecem nesta semana 12,7 mil vagas de emprego. A Secretaria de Desenvolvimento Econ\u00f4mico conta com mais de 200 unidades de atendimento espalhadas por todo o estado para auxiliar [&hellip;]<\/p>\n","protected":false},"author":9,"featured_media":129539,"comment_status":"closed","ping_status":"closed","sticky":false,"template":"","format":"standard","meta":{"footnotes":""},"categories":[17,1],"tags":[],"class_list":{"0":"post-129538","1":"post","2":"type-post","3":"status-publish","4":"format-standard","5":"has-post-thumbnail","7":"category-empregos","8":"category-instagram"},"_links":{"self":[{"href":"https:\/\/cidadeazulnoticias.com.br\/wp-json\/wp\/v2\/posts\/129538"}],"collection":[{"href":"https:\/\/cidadeazulnoticias.com.br\/wp-json\/wp\/v2\/posts"}],"about":[{"href":"https:\/\/cidadeazulnoticias.com.br\/wp-json\/wp\/v2\/types\/post"}],"author":[{"embeddable":true,"href":"https:\/\/cidadeazulnoticias.com.br\/wp-json\/wp\/v2\/users\/9"}],"replies":[{"embeddable":true,"href":"https:\/\/cidadeazulnoticias.com.br\/wp-json\/wp\/v2\/comments?post=129538"}],"version-history":[{"count":1,"href":"https:\/\/cidadeazulnoticias.com.br\/wp-json\/wp\/v2\/posts\/129538\/revisions"}],"predecessor-version":[{"id":129540,"href":"https:\/\/cidadeazulnoticias.com.br\/wp-json\/wp\/v2\/posts\/129538\/revisions\/129540"}],"wp:featuredmedia":[{"embeddable":true,"href":"https:\/\/cidadeazulnoticias.com.br\/wp-json\/wp\/v2\/media\/129539"}],"wp:attachment":[{"href":"https:\/\/cidadeazulnoticias.com.br\/wp-json\/wp\/v2\/media?parent=129538"}],"wp:term":[{"taxonomy":"category","embeddable":true,"href":"https:\/\/cidadeazulnoticias.com.br\/wp-json\/wp\/v2\/categories?post=129538"},{"taxonomy":"post_tag","embeddable":true,"href":"https:\/\/cidadeazulnoticias.com.br\/wp-json\/wp\/v2\/tags?post=129538"}],"curies":[{"name":"wp","href":"https:\/\/api.w.org\/{rel}","templated":true}]}},{"id":129534,"date":"2026-08-25T10:10:10","date_gmt":"2026-08-25T13:10:10","guid":{"rendered":"https:\/\/cidadeazulnoticias.com.br\/?p=129534"},"modified":"2026-08-25T10:10:10","modified_gmt":"2026-08-25T13:10:10","slug":"covabra-dobra-capacidade-do-centro-de-distribuicao-para-acompanhar-expansao-da-rede","status":"publish","type":"post","link":"https:\/\/cidadeazulnoticias.com.br\/covabra-dobra-capacidade-do-centro-de-distribuicao-para-acompanhar-expansao-da-rede\/","title":{"rendered":"Covabra dobra capacidade do Centro de Distribui\u00e7\u00e3o para acompanhar expans\u00e3o da rede"},"content":{"rendered":"<h2><em>Unidade em Sumar\u00e9 passar\u00e1 de 9 mil m\u00b2 para 18 mil m\u00b2, com refor\u00e7o da opera\u00e7\u00e3o log\u00edstica, novos empregos e automa\u00e7\u00e3o dos processos.<\/em><\/h2>\n<p>O Covabra Supermercados est\u00e1 na reta final da amplia\u00e7\u00e3o do seu Centro de Distribui\u00e7\u00e3o (CD), em Sumar\u00e9 (SP), projeto que dobrar\u00e1 a capacidade log\u00edstica da unidade e dar\u00e1 suporte ao plano de crescimento da rede nos pr\u00f3ximos anos. Com conclus\u00e3o prevista para o in\u00edcio de outubro, a estrutura passar\u00e1 de 9 mil m\u00b2 para 18 mil m\u00b2, ampliando a capacidade de armazenagem, movimenta\u00e7\u00e3o de mercadorias e abastecimento das lojas, com 120 docas.<br \/>\nAtualmente, o CD abastece as 25 lojas do Covabra, distribu\u00eddas em 14 munic\u00edpios localizados em um raio aproximado de 100 quil\u00f4metros de Sumar\u00e9. A expans\u00e3o prepara a opera\u00e7\u00e3o para acompanhar o crescimento da rede, que prev\u00ea a inaugura\u00e7\u00e3o de duas novas unidades em 2027. Hoje, cerca de 85% dos produtos comercializados pelo Covabra passam pelo CD de Sumar\u00e9. Com a amplia\u00e7\u00e3o, esse \u00edndice deve chegar a 90%, tornando o abastecimento das lojas mais \u00e1gil e eficiente e fortalecendo o controle da opera\u00e7\u00e3o log\u00edstica. &#8220;A amplia\u00e7\u00e3o do Centro de Distribui\u00e7\u00e3o representa um passo importante para sustentar o crescimento do Covabra com efici\u00eancia operacional. Estamos ampliando nossa capacidade log\u00edstica para atender o aumento da demanda, garantindo mais agilidade, qualidade e seguran\u00e7a no abastecimento das lojas&#8221;, afirma \u00c1lvaro Fernandes, gerente de Log\u00edstica do Covabra Supermercados.<\/p>\n<h3>\nEmpregos e moderniza\u00e7\u00e3o da opera\u00e7\u00e3o<\/h3>\n<p>A expans\u00e3o tamb\u00e9m impulsiona a gera\u00e7\u00e3o de empregos. A previs\u00e3o \u00e9 chegar a aproximadamente 212 colaboradores diretos.<br \/>\nA moderniza\u00e7\u00e3o da opera\u00e7\u00e3o continuar\u00e1 ap\u00f3s a conclus\u00e3o da amplia\u00e7\u00e3o. A partir de janeiro de 2027, o Centro de Distribui\u00e7\u00e3o passar\u00e1 a operar, pela primeira vez, com um sistema automatizado de separa\u00e7\u00e3o de caixas (Sorter), integrado aos sistemas de gest\u00e3o log\u00edstica. A tecnologia proporcionar\u00e1 mais velocidade, precis\u00e3o e produtividade na separa\u00e7\u00e3o dos pedidos, um avan\u00e7o importante para uma opera\u00e7\u00e3o que movimenta aproximadamente 17 mil itens diferentes.<br \/>\nOutro diferencial ser\u00e1 a climatiza\u00e7\u00e3o de todo o armaz\u00e9m, medida que contribuir\u00e1 para melhores condi\u00e7\u00f5es de armazenamento das mercadorias, especialmente dos produtos hortifrutigranjeiros, al\u00e9m de proporcionar mais conforto aos colaboradores.<\/p>\n<h4>Sustentabilidade<\/h4>\n<p>Al\u00e9m dos ganhos operacionais, o projeto refor\u00e7a o compromisso do Covabra com a sustentabilidade. O Centro de Distribui\u00e7\u00e3o j\u00e1 utiliza energia gerada por pain\u00e9is fotovoltaicos, empilhadeiras el\u00e9tricas e mant\u00e9m programas de reciclagem dos materiais utilizados na opera\u00e7\u00e3o. Com a amplia\u00e7\u00e3o, novas iniciativas passar\u00e3o a integrar a rotina log\u00edstica da unidade. Entre elas est\u00e1 a redu\u00e7\u00e3o do consumo de pl\u00e1stico por meio da ado\u00e7\u00e3o de alternativas mais sustent\u00e1veis ao filme stretch, utilizado na movimenta\u00e7\u00e3o de cargas. A partir de outubro, tamb\u00e9m est\u00e1 prevista a substitui\u00e7\u00e3o dos lacres de a\u00e7o descart\u00e1veis por lacres retorn\u00e1veis nos ve\u00edculos da frota, reduzindo o consumo de materiais e o impacto ambiental da opera\u00e7\u00e3o.<\/p>\n","protected":false},"excerpt":{"rendered":"<p>Unidade em Sumar\u00e9 passar\u00e1 de 9 mil m\u00b2 para 18 mil m\u00b2, com refor\u00e7o da opera\u00e7\u00e3o log\u00edstica, novos empregos e automa\u00e7\u00e3o dos processos. O Covabra Supermercados est\u00e1 na reta final da amplia\u00e7\u00e3o do seu Centro de Distribui\u00e7\u00e3o (CD), em Sumar\u00e9 (SP), projeto que dobrar\u00e1 a capacidade log\u00edstica da unidade e dar\u00e1 suporte ao plano de [&hellip;]<\/p>\n","protected":false},"author":9,"featured_media":129536,"comment_status":"closed","ping_status":"closed","sticky":false,"template":"","format":"standard","meta":{"footnotes":""},"categories":[1,157,2],"tags":[],"class_list":{"0":"post-129534","1":"post","2":"type-post","3":"status-publish","4":"format-standard","5":"has-post-thumbnail","7":"category-instagram","8":"category-regiao","9":"category-seguranca"},"_links":{"self":[{"href":"https:\/\/cidadeazulnoticias.com.br\/wp-json\/wp\/v2\/posts\/129534"}],"collection":[{"href":"https:\/\/cidadeazulnoticias.com.br\/wp-json\/wp\/v2\/posts"}],"about":[{"href":"https:\/\/cidadeazulnoticias.com.br\/wp-json\/wp\/v2\/types\/post"}],"author":[{"embeddable":true,"href":"https:\/\/cidadeazulnoticias.com.br\/wp-json\/wp\/v2\/users\/9"}],"replies":[{"embeddable":true,"href":"https:\/\/cidadeazulnoticias.com.br\/wp-json\/wp\/v2\/comments?post=129534"}],"version-history":[{"count":1,"href":"https:\/\/cidadeazulnoticias.com.br\/wp-json\/wp\/v2\/posts\/129534\/revisions"}],"predecessor-version":[{"id":129537,"href":"https:\/\/cidadeazulnoticias.com.br\/wp-json\/wp\/v2\/posts\/129534\/revisions\/129537"}],"wp:featuredmedia":[{"embeddable":true,"href":"https:\/\/cidadeazulnoticias.com.br\/wp-json\/wp\/v2\/media\/129536"}],"wp:attachment":[{"href":"https:\/\/cidadeazulnoticias.com.br\/wp-json\/wp\/v2\/media?parent=129534"}],"wp:term":[{"taxonomy":"category","embeddable":true,"href":"https:\/\/cidadeazulnoticias.com.br\/wp-json\/wp\/v2\/categories?post=129534"},{"taxonomy":"post_tag","embeddable":true,"href":"https:\/\/cidadeazulnoticias.com.br\/wp-json\/wp\/v2\/tags?post=129534"}],"curies":[{"name":"wp","href":"https:\/\/api.w.org\/{rel}","templated":true}]}},{"id":129525,"date":"2026-08-24T21:52:34","date_gmt":"2026-08-25T00:52:34","guid":{"rendered":"https:\/\/cidadeazulnoticias.com.br\/?p=129525"},"modified":"2026-08-24T21:52:34","modified_gmt":"2026-08-25T00:52:34","slug":"fuga-curta-flagrante-certeiro-gcm-prende-suspeito-de-trafico-no-jardim-novo-ii","status":"publish","type":"post","link":"https:\/\/cidadeazulnoticias.com.br\/fuga-curta-flagrante-certeiro-gcm-prende-suspeito-de-trafico-no-jardim-novo-ii\/","title":{"rendered":"Fuga curta, flagrante certeiro: GCM prende suspeito de tr\u00e1fico no Jardim Novo II"},"content":{"rendered":"<h2><em>Homem de 31 anos tentou escapar ao perceber a aproxima\u00e7\u00e3o da viatura, mas acabou abordado e indicou onde havia escondido uma sacola com 25 microtubos de coca\u00edna.<\/em><\/h2>\n<p>A noite de s\u00e1bado (22) terminou com uma passagem nada agrad\u00e1vel pela delegacia para um homem de 31 anos, suspeito de envolvimento com o tr\u00e1fico de entorpecentes no Jardim Novo II, em Rio Claro. A abordagem aconteceu por volta das 19h04, durante patrulhamento preventivo e ostensivo realizado pela Guarda Civil Municipal.<\/p>\n<p>Segundo as informa\u00e7\u00f5es da ocorr\u00eancia, a equipe da viatura 016 trafegava pela Avenida 2 quando avistou o indiv\u00edduo agachado pr\u00f3ximo \u00e0 vegeta\u00e7\u00e3o, do outro lado da via, aparentemente mexendo em alguma coisa.<\/p>\n<p>Ao notar a aproxima\u00e7\u00e3o da viatura, o homem teria decidido que aquele era um bom momento para mudar de endere\u00e7o \u2014 e saiu correndo.<\/p>\n<p>A estrat\u00e9gia, por\u00e9m, durou poucos metros. Os agentes realizaram o acompanhamento e conseguiram abord\u00e1-lo. Durante a abordagem, o pr\u00f3prio suspeito indicou aos guardas o ponto onde havia escondido uma sacola pl\u00e1stica preta.<\/p>\n<p>Dentro dela estavam 25 microtubos contendo subst\u00e2ncia com caracter\u00edsticas semelhantes \u00e0 coca\u00edna.<\/p>\n<p>Questionado sobre o material, o homem teria declarado aos agentes que estava realizando a venda dos entorpecentes naquele momento e que estaria auxiliando um amigo na comercializa\u00e7\u00e3o das drogas.<\/p>\n<p>Diante dos fatos, foi dada voz de pris\u00e3o ao suspeito, que foi informado sobre seus direitos constitucionais. Segundo a GCM, devido ao comportamento apresentado e ao receio de fuga, foi necess\u00e1rio o uso de algemas, observando os requisitos previstos pela S\u00famula Vinculante n\u00ba 11 do Supremo Tribunal Federal.<\/p>\n<p>O homem foi conduzido ao Plant\u00e3o Policial, juntamente com o material apreendido. Ap\u00f3s a an\u00e1lise da ocorr\u00eancia pela autoridade policial, a pris\u00e3o em flagrante pelo crime de tr\u00e1fico de entorpecentes foi ratificada.<\/p>\n<p>O suspeito permaneceu \u00e0 disposi\u00e7\u00e3o da Justi\u00e7a para as provid\u00eancias legais.<\/p>\n<p>No Jardim Novo II, pelo menos naquela noite, a velha tentativa de correr da abordagem terminou como costuma terminar quando a viatura chega mais r\u00e1pido: a fuga foi curta, mas a conversa na delegacia foi bem mais longa.<\/p>\n","protected":false},"excerpt":{"rendered":"<p>Homem de 31 anos tentou escapar ao perceber a aproxima\u00e7\u00e3o da viatura, mas acabou abordado e indicou onde havia escondido uma sacola com 25 microtubos de coca\u00edna. A noite de s\u00e1bado (22) terminou com uma passagem nada agrad\u00e1vel pela delegacia para um homem de 31 anos, suspeito de envolvimento com o tr\u00e1fico de entorpecentes no [&hellip;]<\/p>\n","protected":false},"author":9,"featured_media":129526,"comment_status":"closed","ping_status":"closed","sticky":false,"template":"","format":"standard","meta":{"footnotes":""},"categories":[1,2],"tags":[69,186,8905,13091,9128,8919,8921,8918],"class_list":{"0":"post-129525","1":"post","2":"type-post","3":"status-publish","4":"format-standard","5":"has-post-thumbnail","7":"category-instagram","8":"category-seguranca","9":"tag-cocaina","10":"tag-gcm","11":"tag-guardacivilmunicipal","12":"tag-jardimnovoii","13":"tag-policia","14":"tag-rioclaro","15":"tag-segurancapublica","16":"tag-traficodedrogas"},"_links":{"self":[{"href":"https:\/\/cidadeazulnoticias.com.br\/wp-json\/wp\/v2\/posts\/129525"}],"collection":[{"href":"https:\/\/cidadeazulnoticias.com.br\/wp-json\/wp\/v2\/posts"}],"about":[{"href":"https:\/\/cidadeazulnoticias.com.br\/wp-json\/wp\/v2\/types\/post"}],"author":[{"embeddable":true,"href":"https:\/\/cidadeazulnoticias.com.br\/wp-json\/wp\/v2\/users\/9"}],"replies":[{"embeddable":true,"href":"https:\/\/cidadeazulnoticias.com.br\/wp-json\/wp\/v2\/comments?post=129525"}],"version-history":[{"count":1,"href":"https:\/\/cidadeazulnoticias.com.br\/wp-json\/wp\/v2\/posts\/129525\/revisions"}],"predecessor-version":[{"id":129527,"href":"https:\/\/cidadeazulnoticias.com.br\/wp-json\/wp\/v2\/posts\/129525\/revisions\/129527"}],"wp:featuredmedia":[{"embeddable":true,"href":"https:\/\/cidadeazulnoticias.com.br\/wp-json\/wp\/v2\/media\/129526"}],"wp:attachment":[{"href":"https:\/\/cidadeazulnoticias.com.br\/wp-json\/wp\/v2\/media?parent=129525"}],"wp:term":[{"taxonomy":"category","embeddable":true,"href":"https:\/\/cidadeazulnoticias.com.br\/wp-json\/wp\/v2\/categories?post=129525"},{"taxonomy":"post_tag","embeddable":true,"href":"https:\/\/cidadeazulnoticias.com.br\/wp-json\/wp\/v2\/tags?post=129525"}],"curies":[{"name":"wp","href":"https:\/\/api.w.org\/{rel}","templated":true}]}},{"id":129523,"date":"2026-08-24T21:37:10","date_gmt":"2026-08-25T00:37:10","guid":{"rendered":"https:\/\/cidadeazulnoticias.com.br\/?p=129523"},"modified":"2026-08-24T21:37:10","modified_gmt":"2026-08-25T00:37:10","slug":"carnaval-de-rio-claro-consolida-forca-regional-e-atrai-folioes-internacionais-aponta-carnadados-2026","status":"publish","type":"post","link":"https:\/\/cidadeazulnoticias.com.br\/carnaval-de-rio-claro-consolida-forca-regional-e-atrai-folioes-internacionais-aponta-carnadados-2026\/","title":{"rendered":"Carnaval de Rio Claro consolida for\u00e7a regional e atrai foli\u00f5es internacionais, aponta CarnaDados 2026"},"content":{"rendered":"<p>Estudo da UESCA mapeia origem, perfil e potencial tur\u00edstico do p\u00fablico que prestigia os desfiles na &#8220;Cidade Azul&#8221;<\/p>\n<p>O Carnaval de Rio Claro consolidou sua relev\u00e2ncia no cen\u00e1rio regional e expandiu seu alcance para o turismo internacional, conforme revelam os indicadores do CarnaDados 2026. O estudo in\u00e9dito de perfil de p\u00fablico, realizado pela Uni\u00e3o das Escolas de Samba e Blocos da Cidade Azul (UESCA), aponta que 6,2% dos foli\u00f5es j\u00e1 s\u00e3o provenientes de outras cidades e pa\u00edses. Entre os visitantes externos, destacam-se turistas de Limeira (11,8% do p\u00fablico de fora), Campinas, Americana, S\u00e3o Carlos e da capital paulista, al\u00e9m de estrangeiros da Argentina e Venezuela.<br \/>\nDe acordo com a an\u00e1lise, esse movimento sinaliza um processo de internacionaliza\u00e7\u00e3o org\u00e2nica do Carnaval do interior paulista, impulsionado pela tradi\u00e7\u00e3o e log\u00edstica da festa local. Para o presidente da UESCA, William Nagib, os n\u00fameros confirmam a voca\u00e7\u00e3o tur\u00edstica do evento: &#8220;O CarnaDados mostra que o nosso Carnaval ultrapassa os limites do munic\u00edpio. \u00c9 uma semente tur\u00edstica real que permite transformar o alcance em desenvolvimento planejado para a cidade e para as escolas de samba&#8221;.<br \/>\nO levantamento tamb\u00e9m identificou oportunidades de moderniza\u00e7\u00e3o institucional. A implementa\u00e7\u00e3o de plataformas de venda de ingressos online \u00e9 vista como estrat\u00e9gica para converter o alcance regional em receita direta, captando o fluxo de turistas antecipadamente, a exemplo do modelo adotado no Rio de Janeiro.<br \/>\nAl\u00e9m da origem do p\u00fablico, o estudo colheu avalia\u00e7\u00f5es sobre a experi\u00eancia nos desfiles. As principais demandas incluem melhorias na infraestrutura, como o asfaltamento da \u00e1rea de concentra\u00e7\u00e3o e dispers\u00e3o, e a amplia\u00e7\u00e3o das arquibancadas. Houve tamb\u00e9m solicita\u00e7\u00f5es por uma programa\u00e7\u00e3o voltada ao p\u00fablico jovem no per\u00edodo da tarde, inspirada em modelos de blocos de rua de grandes polos carnavalescos.<br \/>\n&#8220;Mais do que uma foto do p\u00fablico, o estudo \u00e9 uma ferramenta que orienta decis\u00f5es e oferece seguran\u00e7a para patrocinadores e poder p\u00fablico conhecerem a dimens\u00e3o real do nosso Carnaval&#8221;, destaca Kauan Talarico, vice-presidente da UESCA e coordenador do CarnaDados.<br \/>\nPrincipais n\u00fameros do CarnaDados 2026:<br \/>\n\u25cf\t93,8% do p\u00fablico reside em Rio Claro; 6,2% vem de outras cidades e regi\u00f5es.<br \/>\n\u25cf\tLimeira responde por 11,8% do fluxo de p\u00fablico externo ao munic\u00edpio.<br \/>\n\u25cf\tCampinas, Americana e S\u00e3o Carlos j\u00e1 t\u00eam presen\u00e7a constante nos desfiles.<br \/>\nO CarnaDados 2026 foi realizado em formato online durante o m\u00eas de fevereiro de 2026. A pesquisa contou com uma amostra quantitativa de 306 entrevistados, apresentando uma margem de erro de 5,6% e um n\u00edvel de confian\u00e7a de 95%. O estudo foi coordenado por Kauan Talarico, vice-presidente da UESCA.<br \/>\n A Uni\u00e3o das Escolas de Samba e Blocos da Cidade Azul \u00e9 a entidade respons\u00e1vel pela organiza\u00e7\u00e3o e fomento do Carnaval de Rio Claro (SP). A institui\u00e7\u00e3o re\u00fane as seis escolas de samba do munic\u00edpio e blocos de rua, atuando no desenvolvimento institucional, cultural e financeiro do setor atrav\u00e9s de leis de incentivo e parcerias estrat\u00e9gicas.<br \/>\nO estudo completo est\u00e1 dispon\u00edvel no site da UESCA: uesca.com.br\/biblioteca<\/p>\n","protected":false},"excerpt":{"rendered":"<p>Estudo da UESCA mapeia origem, perfil e potencial tur\u00edstico do p\u00fablico que prestigia os desfiles na &#8220;Cidade Azul&#8221; O Carnaval de Rio Claro consolidou sua relev\u00e2ncia no cen\u00e1rio regional e expandiu seu alcance para o turismo internacional, conforme revelam os indicadores do CarnaDados 2026. O estudo in\u00e9dito de perfil de p\u00fablico, realizado pela Uni\u00e3o das [&hellip;]<\/p>\n","protected":false},"author":9,"featured_media":125143,"comment_status":"closed","ping_status":"closed","sticky":false,"template":"","format":"standard","meta":{"footnotes":""},"categories":[213,1],"tags":[],"class_list":{"0":"post-129523","1":"post","2":"type-post","3":"status-publish","4":"format-standard","5":"has-post-thumbnail","7":"category-cultura","8":"category-instagram"},"_links":{"self":[{"href":"https:\/\/cidadeazulnoticias.com.br\/wp-json\/wp\/v2\/posts\/129523"}],"collection":[{"href":"https:\/\/cidadeazulnoticias.com.br\/wp-json\/wp\/v2\/posts"}],"about":[{"href":"https:\/\/cidadeazulnoticias.com.br\/wp-json\/wp\/v2\/types\/post"}],"author":[{"embeddable":true,"href":"https:\/\/cidadeazulnoticias.com.br\/wp-json\/wp\/v2\/users\/9"}],"replies":[{"embeddable":true,"href":"https:\/\/cidadeazulnoticias.com.br\/wp-json\/wp\/v2\/comments?post=129523"}],"version-history":[{"count":1,"href":"https:\/\/cidadeazulnoticias.com.br\/wp-json\/wp\/v2\/posts\/129523\/revisions"}],"predecessor-version":[{"id":129524,"href":"https:\/\/cidadeazulnoticias.com.br\/wp-json\/wp\/v2\/posts\/129523\/revisions\/129524"}],"wp:featuredmedia":[{"embeddable":true,"href":"https:\/\/cidadeazulnoticias.com.br\/wp-json\/wp\/v2\/media\/125143"}],"wp:attachment":[{"href":"https:\/\/cidadeazulnoticias.com.br\/wp-json\/wp\/v2\/media?parent=129523"}],"wp:term":[{"taxonomy":"category","embeddable":true,"href":"https:\/\/cidadeazulnoticias.com.br\/wp-json\/wp\/v2\/categories?post=129523"},{"taxonomy":"post_tag","embeddable":true,"href":"https:\/\/cidadeazulnoticias.com.br\/wp-json\/wp\/v2\/tags?post=129523"}],"curies":[{"name":"wp","href":"https:\/\/api.w.org\/{rel}","templated":true}]}},{"id":129520,"date":"2026-08-24T21:03:54","date_gmt":"2026-08-25T00:03:54","guid":{"rendered":"https:\/\/cidadeazulnoticias.com.br\/?p=129520"},"modified":"2026-08-24T21:29:12","modified_gmt":"2026-08-25T00:29:12","slug":"fio-puxado-ficha-corrida-e-15-anos-pela-frente-pm-captura-procurado-e-esclarece-furto-em-escola-de-ipeuna","status":"publish","type":"post","link":"https:\/\/cidadeazulnoticias.com.br\/fio-puxado-ficha-corrida-e-15-anos-pela-frente-pm-captura-procurado-e-esclarece-furto-em-escola-de-ipeuna\/","title":{"rendered":"Fio puxado, ficha corrida e 15 anos pela frente: PM captura procurado e esclarece furto em escola de Ipe\u00fana"},"content":{"rendered":"<h2><em>Homem condenado por roubo e tr\u00e1fico de drogas foi localizado pela Pol\u00edcia Militar nesta segunda-feira; durante a abordagem, confessou ter furtado fios el\u00e9tricos de uma escola municipal e disse que j\u00e1 havia vendido o material.<\/em><\/h2>\n<p>A tarde desta segunda-feira (24) terminou com mandado cumprido, furto esclarecido e uma ficha criminal que n\u00e3o caberia em um caderno escolar em Ipe\u00fana.<\/p>\n<p>A Pol\u00edcia Militar capturou um homem procurado pela Justi\u00e7a e, de quebra, conseguiu esclarecer o furto de fios el\u00e9tricos ocorrido na Escola Municipal Infantil Altos de Ipe\u00fana.<\/p>\n<p>Segundo as informa\u00e7\u00f5es policiais, a equipe recebeu den\u00fancias an\u00f4nimas indicando quem poderia ser o respons\u00e1vel pelo furto. Os policiais realizaram dilig\u00eancias e conseguiram localizar o suspeito.<\/p>\n<p>Durante a busca pessoal, nada de il\u00edcito foi encontrado. Mas a consulta realizada junto ao COPOM contou uma hist\u00f3ria bem diferente: havia contra o homem uma ordem de captura judicial, relacionada a crimes previstos nos artigos 157 e 33 do C\u00f3digo Penal, com pena de 15 anos a cumprir em regime fechado.<\/p>\n<p>E quando os policiais perguntaram sobre o furto dos fios el\u00e9tricos da escola, registrado em ocorr\u00eancia, o suspeito teria decidido n\u00e3o enrolar. Confessou a pr\u00e1tica do crime e informou que o material j\u00e1 havia sido vendido.<\/p>\n<p>Ou seja: os fios j\u00e1 tinham mudado de endere\u00e7o, mas a investiga\u00e7\u00e3o conseguiu chegar at\u00e9 quem, segundo o pr\u00f3prio relato, os havia levado.<\/p>\n<p>Diante dos fatos, o homem recebeu voz de pris\u00e3o e foi conduzido \u00e0 Delegacia de Pol\u00edcia de Ipe\u00fana. A autoridade policial tomou conhecimento da ocorr\u00eancia e ratificou a pris\u00e3o.<\/p>\n<p>O capturado possui antecedentes criminais por roubo e tr\u00e1fico de drogas e agora dever\u00e1 cumprir a pena determinada pela Justi\u00e7a.<\/p>\n<p>No fim das contas, a a\u00e7\u00e3o da PM teve direito a dois cap\u00edtulos: o furto da escola foi esclarecido e um procurado que devia uma longa explica\u00e7\u00e3o \u00e0 Justi\u00e7a acabou localizado. Para quem estava tentando ficar fora do radar, a tarde definitivamente n\u00e3o terminou como planejado.<\/p>\n<p>&nbsp;<\/p>\n<p>&nbsp;<\/p>\n","protected":false},"excerpt":{"rendered":"<p>Homem condenado por roubo e tr\u00e1fico de drogas foi localizado pela Pol\u00edcia Militar nesta segunda-feira; durante a abordagem, confessou ter furtado fios el\u00e9tricos de uma escola municipal e disse que j\u00e1 havia vendido o material. A tarde desta segunda-feira (24) terminou com mandado cumprido, furto esclarecido e uma ficha criminal que n\u00e3o caberia em um [&hellip;]<\/p>\n","protected":false},"author":9,"featured_media":129521,"comment_status":"closed","ping_status":"closed","sticky":false,"template":"","format":"standard","meta":{"footnotes":""},"categories":[1,2],"tags":[11481,11203,9923,10359,11775,10283,9128,8917,8919,112,8921,8918],"class_list":{"0":"post-129520","1":"post","2":"type-post","3":"status-publish","4":"format-standard","5":"has-post-thumbnail","7":"category-instagram","8":"category-seguranca","9":"tag-capturadeprocurado","10":"tag-escolamunicipal","11":"tag-furto","12":"tag-ipeuna","13":"tag-ocorrenciapolicial","14":"tag-pmsp","15":"tag-policia","16":"tag-policiamilitar","17":"tag-rioclaro","18":"tag-roubo","19":"tag-segurancapublica","20":"tag-traficodedrogas"},"_links":{"self":[{"href":"https:\/\/cidadeazulnoticias.com.br\/wp-json\/wp\/v2\/posts\/129520"}],"collection":[{"href":"https:\/\/cidadeazulnoticias.com.br\/wp-json\/wp\/v2\/posts"}],"about":[{"href":"https:\/\/cidadeazulnoticias.com.br\/wp-json\/wp\/v2\/types\/post"}],"author":[{"embeddable":true,"href":"https:\/\/cidadeazulnoticias.com.br\/wp-json\/wp\/v2\/users\/9"}],"replies":[{"embeddable":true,"href":"https:\/\/cidadeazulnoticias.com.br\/wp-json\/wp\/v2\/comments?post=129520"}],"version-history":[{"count":1,"href":"https:\/\/cidadeazulnoticias.com.br\/wp-json\/wp\/v2\/posts\/129520\/revisions"}],"predecessor-version":[{"id":129522,"href":"https:\/\/cidadeazulnoticias.com.br\/wp-json\/wp\/v2\/posts\/129520\/revisions\/129522"}],"wp:featuredmedia":[{"embeddable":true,"href":"https:\/\/cidadeazulnoticias.com.br\/wp-json\/wp\/v2\/media\/129521"}],"wp:attachment":[{"href":"https:\/\/cidadeazulnoticias.com.br\/wp-json\/wp\/v2\/media?parent=129520"}],"wp:term":[{"taxonomy":"category","embeddable":true,"href":"https:\/\/cidadeazulnoticias.com.br\/wp-json\/wp\/v2\/categories?post=129520"},{"taxonomy":"post_tag","embeddable":true,"href":"https:\/\/cidadeazulnoticias.com.br\/wp-json\/wp\/v2\/tags?post=129520"}],"curies":[{"name":"wp","href":"https:\/\/api.w.org\/{rel}","templated":true}]}},{"id":129517,"date":"2026-08-24T20:55:58","date_gmt":"2026-08-24T23:55:58","guid":{"rendered":"https:\/\/cidadeazulnoticias.com.br\/?p=129517"},"modified":"2026-08-24T20:55:58","modified_gmt":"2026-08-24T23:55:58","slug":"fiscalizacao-integrada-termina-com-estabelecimento-interditado-em-rio-claro","status":"publish","type":"post","link":"https:\/\/cidadeazulnoticias.com.br\/fiscalizacao-integrada-termina-com-estabelecimento-interditado-em-rio-claro\/","title":{"rendered":"Fiscaliza\u00e7\u00e3o integrada termina com estabelecimento interditado em Rio Claro"},"content":{"rendered":"<h2><em> Opera\u00e7\u00e3o da Pol\u00edcia Militar em apoio \u00e0 fiscaliza\u00e7\u00e3o municipal abordou 10 pessoas, fiscalizou quatro motocicletas e acompanhou a interdi\u00e7\u00e3o de um\u00a0 com\u00e9rcio de Bebidas.<\/em><\/h2>\n<p>A noite de s\u00e1bado (22) teve fiscaliza\u00e7\u00e3o refor\u00e7ada em Rio Claro. A Pol\u00edcia Militar realizou a Opera\u00e7\u00e3o Fiscaliza\u00e7\u00e3o Integrada, em apoio aos fiscais da Secretaria de Planejamento e Gest\u00e3o Urbana, com a miss\u00e3o de refor\u00e7ar a seguran\u00e7a e garantir que o trabalho dos agentes municipais pudesse ser realizado dentro da ordem.<\/p>\n<p>A opera\u00e7\u00e3o teve car\u00e1ter preventivo e buscou ampliar a sensa\u00e7\u00e3o de seguran\u00e7a, preservar a ordem p\u00fablica e atuar em pontos considerados de interesse operacional, al\u00e9m de contribuir para a preven\u00e7\u00e3o dos indicadores criminais.<\/p>\n<p>Durante a a\u00e7\u00e3o, 10 pessoas foram abordadas e quatro motocicletas fiscalizadas. At\u00e9 a\u00ed, uma fiscaliza\u00e7\u00e3o como tantas outras. Mas, no decorrer dos trabalhos, um estabelecimento acabou entrando no radar da equipe municipal.<\/p>\n<p>O com\u00e9rcio de Bebidas foi interditado pela fiscaliza\u00e7\u00e3o municipal. A Pol\u00edcia Militar permaneceu no local prestando apoio aos agentes p\u00fablicos e garantindo a preserva\u00e7\u00e3o da ordem durante a atua\u00e7\u00e3o.<\/p>\n<p>Em outras palavras: enquanto os fiscais conferiam o que precisava ser conferido, a PM ficou respons\u00e1vel por manter o ambiente tranquilo. E, quando a fiscaliza\u00e7\u00e3o bate \u00e0 porta, nem sempre a noite termina do jeito que o propriet\u00e1rio imaginava.<\/p>\n<p>Balan\u00e7o da opera\u00e7\u00e3o<br \/>\n10 pessoas abordadas;<br \/>\n04 motocicletas fiscalizadas;<br \/>\n01 estabelecimento interditado pela fiscaliza\u00e7\u00e3o municipal.<\/p>\n<p>A Opera\u00e7\u00e3o Fiscaliza\u00e7\u00e3o Integrada refor\u00e7a a atua\u00e7\u00e3o conjunta entre as for\u00e7as de seguran\u00e7a e os \u00f3rg\u00e3os municipais, unindo fiscaliza\u00e7\u00e3o, preven\u00e7\u00e3o e presen\u00e7a policial para manter a ordem e a seguran\u00e7a em diferentes pontos de Rio Claro.<\/p>\n<p>&nbsp;<\/p>\n","protected":false},"excerpt":{"rendered":"<p>Opera\u00e7\u00e3o da Pol\u00edcia Militar em apoio \u00e0 fiscaliza\u00e7\u00e3o municipal abordou 10 pessoas, fiscalizou quatro motocicletas e acompanhou a interdi\u00e7\u00e3o de um\u00a0 com\u00e9rcio de Bebidas. A noite de s\u00e1bado (22) teve fiscaliza\u00e7\u00e3o refor\u00e7ada em Rio Claro. A Pol\u00edcia Militar realizou a Opera\u00e7\u00e3o Fiscaliza\u00e7\u00e3o Integrada, em apoio aos fiscais da Secretaria de Planejamento e Gest\u00e3o Urbana, com [&hellip;]<\/p>\n","protected":false},"author":9,"featured_media":129518,"comment_status":"closed","ping_status":"closed","sticky":false,"template":"","format":"standard","meta":{"footnotes":""},"categories":[1,2],"tags":[11319,9523,14345,14346,14347,13674,12274,8917,8919,8921],"class_list":{"0":"post-129517","1":"post","2":"type-post","3":"status-publish","4":"format-standard","5":"has-post-thumbnail","7":"category-instagram","8":"category-seguranca","9":"tag-cidadeazul","10":"tag-fiscalizacao","11":"tag-fiscalizacaointegrada","12":"tag-mtsbebidas","13":"tag-mtsloungebar","14":"tag-ordempublica","15":"tag-pmesp","16":"tag-policiamilitar","17":"tag-rioclaro","18":"tag-segurancapublica"},"_links":{"self":[{"href":"https:\/\/cidadeazulnoticias.com.br\/wp-json\/wp\/v2\/posts\/129517"}],"collection":[{"href":"https:\/\/cidadeazulnoticias.com.br\/wp-json\/wp\/v2\/posts"}],"about":[{"href":"https:\/\/cidadeazulnoticias.com.br\/wp-json\/wp\/v2\/types\/post"}],"author":[{"embeddable":true,"href":"https:\/\/cidadeazulnoticias.com.br\/wp-json\/wp\/v2\/users\/9"}],"replies":[{"embeddable":true,"href":"https:\/\/cidadeazulnoticias.com.br\/wp-json\/wp\/v2\/comments?post=129517"}],"version-history":[{"count":1,"href":"https:\/\/cidadeazulnoticias.com.br\/wp-json\/wp\/v2\/posts\/129517\/revisions"}],"predecessor-version":[{"id":129519,"href":"https:\/\/cidadeazulnoticias.com.br\/wp-json\/wp\/v2\/posts\/129517\/revisions\/129519"}],"wp:featuredmedia":[{"embeddable":true,"href":"https:\/\/cidadeazulnoticias.com.br\/wp-json\/wp\/v2\/media\/129518"}],"wp:attachment":[{"href":"https:\/\/cidadeazulnoticias.com.br\/wp-json\/wp\/v2\/media?parent=129517"}],"wp:term":[{"taxonomy":"category","embeddable":true,"href":"https:\/\/cidadeazulnoticias.com.br\/wp-json\/wp\/v2\/categories?post=129517"},{"taxonomy":"post_tag","embeddable":true,"href":"https:\/\/cidadeazulnoticias.com.br\/wp-json\/wp\/v2\/tags?post=129517"}],"curies":[{"name":"wp","href":"https:\/\/api.w.org\/{rel}","templated":true}]}},{"id":129515,"date":"2026-08-24T20:08:00","date_gmt":"2026-08-24T23:08:00","guid":{"rendered":"https:\/\/cidadeazulnoticias.com.br\/?p=129515"},"modified":"2026-08-24T20:08:00","modified_gmt":"2026-08-24T23:08:00","slug":"mochila-cheia-liberdade-vazia-pm-prende-suspeito-de-roubo-a-supermercado-em-rio-claro","status":"publish","type":"post","link":"https:\/\/cidadeazulnoticias.com.br\/mochila-cheia-liberdade-vazia-pm-prende-suspeito-de-roubo-a-supermercado-em-rio-claro\/","title":{"rendered":"Mochila cheia, liberdade vazia: PM prende suspeito de roubo a supermercado em Rio Claro"},"content":{"rendered":"<h2><em>Homem teria agredido e amea\u00e7ado funcion\u00e1rio durante o crime; produtos foram recuperados e suspeito acabou preso ap\u00f3s resistir \u00e0 abordagem policial.<\/em><\/h2>\n<p>Na manh\u00e3 desta segunda-feira (24), a Pol\u00edcia Militar prendeu em flagrante um homem suspeito de roubar um supermercado no bairro Santa Cruz, em Rio Claro. A ocorr\u00eancia teve direito a persegui\u00e7\u00e3o, reconhecimento da v\u00edtima, produtos recuperados e resist\u00eancia na hora da pris\u00e3o \u2014 ou seja, o suspeito tentou complicar uma hist\u00f3ria que j\u00e1 parecia ter endere\u00e7o certo.<\/p>\n<p>Segundo informa\u00e7\u00f5es da PM, durante patrulhamento, os policiais foram procurados por um funcion\u00e1rio do estabelecimento. Ele relatou que um indiv\u00edduo havia subtra\u00eddo produtos do supermercado e, durante a a\u00e7\u00e3o, ainda o teria agredido e amea\u00e7ado.<\/p>\n<p>Com as caracter\u00edsticas do suspeito em m\u00e3os, as equipes iniciaram buscas pela regi\u00e3o. Pouco tempo depois, os policiais localizaram um homem que correspondia \u00e0 descri\u00e7\u00e3o fornecida pela v\u00edtima.<\/p>\n<p>Durante a abordagem, a surpresa n\u00e3o estava exatamente no roteiro: dentro da mochila do suspeito foram encontrados produtos provenientes do roubo.<\/p>\n<p>O funcion\u00e1rio foi chamado ao local e reconheceu o abordado como sendo o autor do crime. Diante das evid\u00eancias e do reconhecimento, os policiais deram voz de pris\u00e3o ao homem.<\/p>\n<p>De acordo com o registro da ocorr\u00eancia, por\u00e9m, o suspeito n\u00e3o teria gostado nada da ideia de trocar a mochila pela cela e passou a resistir \u00e0 a\u00e7\u00e3o policial. Foi necess\u00e1rio o emprego de for\u00e7a moderada para cont\u00ea-lo e realizar o algemamento.<\/p>\n<p>E a ficha do homem tamb\u00e9m n\u00e3o era exatamente uma folha em branco. Conforme registrado na ocorr\u00eancia, ele possui antecedentes criminais por furto, roubo, resist\u00eancia e desacato.<\/p>\n<p>Autor e v\u00edtima foram conduzidos ao Plant\u00e3o Policial de Rio Claro, onde o caso foi apresentado \u00e0 autoridade policial. O homem permaneceu preso \u00e0 disposi\u00e7\u00e3o da Justi\u00e7a.<\/p>\n<h3>Produtos recuperados<\/h3>\n<p>Foram recuperados itens subtra\u00eddos do estabelecimento. A ocorr\u00eancia, entretanto, n\u00e3o especifica a quantidade nem detalha quais produtos foram encontrados.<\/p>\n<p>No fim das contas, a mochila que deveria servir para carregar compras acabou carregando tamb\u00e9m a prova do crime. E, para o suspeito, o destino da manh\u00e3 foi bem diferente do planejado: em vez de seguir pelas ruas de Rio Claro, terminou atr\u00e1s das grades.<\/p>\n<p>&nbsp;<\/p>\n","protected":false},"excerpt":{"rendered":"<p>Homem teria agredido e amea\u00e7ado funcion\u00e1rio durante o crime; produtos foram recuperados e suspeito acabou preso ap\u00f3s resistir \u00e0 abordagem policial. Na manh\u00e3 desta segunda-feira (24), a Pol\u00edcia Militar prendeu em flagrante um homem suspeito de roubar um supermercado no bairro Santa Cruz, em Rio Claro. A ocorr\u00eancia teve direito a persegui\u00e7\u00e3o, reconhecimento da v\u00edtima, [&hellip;]<\/p>\n","protected":false},"author":9,"featured_media":125297,"comment_status":"closed","ping_status":"closed","sticky":false,"template":"","format":"standard","meta":{"footnotes":""},"categories":[187],"tags":[10472,9129,11459,89,9128,8917,10456,8919,112,8921,14344],"class_list":{"0":"post-129515","1":"post","2":"type-post","3":"status-publish","4":"format-standard","5":"has-post-thumbnail","7":"category-rio-claro","8":"tag-cidadeazulnoticias","9":"tag-crime","10":"tag-plantaopolicial","11":"tag-pm","12":"tag-policia","13":"tag-policiamilitar","14":"tag-prisaoemflagrante","15":"tag-rioclaro","16":"tag-roubo","17":"tag-segurancapublica","18":"tag-supermercado"},"_links":{"self":[{"href":"https:\/\/cidadeazulnoticias.com.br\/wp-json\/wp\/v2\/posts\/129515"}],"collection":[{"href":"https:\/\/cidadeazulnoticias.com.br\/wp-json\/wp\/v2\/posts"}],"about":[{"href":"https:\/\/cidadeazulnoticias.com.br\/wp-json\/wp\/v2\/types\/post"}],"author":[{"embeddable":true,"href":"https:\/\/cidadeazulnoticias.com.br\/wp-json\/wp\/v2\/users\/9"}],"replies":[{"embeddable":true,"href":"https:\/\/cidadeazulnoticias.com.br\/wp-json\/wp\/v2\/comments?post=129515"}],"version-history":[{"count":1,"href":"https:\/\/cidadeazulnoticias.com.br\/wp-json\/wp\/v2\/posts\/129515\/revisions"}],"predecessor-version":[{"id":129516,"href":"https:\/\/cidadeazulnoticias.com.br\/wp-json\/wp\/v2\/posts\/129515\/revisions\/129516"}],"wp:featuredmedia":[{"embeddable":true,"href":"https:\/\/cidadeazulnoticias.com.br\/wp-json\/wp\/v2\/media\/125297"}],"wp:attachment":[{"href":"https:\/\/cidadeazulnoticias.com.br\/wp-json\/wp\/v2\/media?parent=129515"}],"wp:term":[{"taxonomy":"category","embeddable":true,"href":"https:\/\/cidadeazulnoticias.com.br\/wp-json\/wp\/v2\/categories?post=129515"},{"taxonomy":"post_tag","embeddable":true,"href":"https:\/\/cidadeazulnoticias.com.br\/wp-json\/wp\/v2\/tags?post=129515"}],"curies":[{"name":"wp","href":"https:\/\/api.w.org\/{rel}","templated":true}]}},{"id":129512,"date":"2026-08-24T19:58:35","date_gmt":"2026-08-24T22:58:35","guid":{"rendered":"https:\/\/cidadeazulnoticias.com.br\/?p=129512"},"modified":"2026-08-24T19:58:35","modified_gmt":"2026-08-24T22:58:35","slug":"projeto-de-conscientizacao-ambiental-alcanca-1-800-estudantes-em-cinco-cidades","status":"publish","type":"post","link":"https:\/\/cidadeazulnoticias.com.br\/projeto-de-conscientizacao-ambiental-alcanca-1-800-estudantes-em-cinco-cidades\/","title":{"rendered":"Projeto de conscientiza\u00e7\u00e3o ambiental alcan\u00e7a 1.800 estudantes em cinco cidades"},"content":{"rendered":"<h2><em>Patrocinada pela Eixo SP, iniciativa realizou 10 apresenta\u00e7\u00f5es sobre sustentabilidade, mudan\u00e7as clim\u00e1ticas e descarboniza\u00e7\u00e3o<\/em><\/h2>\n<p>O projeto cultural Descarboniza\u00e7\u00e3o Gradual encerrou sua programa\u00e7\u00e3o com um balan\u00e7o positivo. Ao todo, 1.800 alunos das cinco escolas participantes foram alcan\u00e7ados pela iniciativa, que levou conhecimento, reflex\u00e3o e cultura a estudantes do Ensino M\u00e9dio de Piracicaba, Rio Claro, S\u00e3o Carlos, Ja\u00fa e Bauru.<\/p>\n<p>Realizado por meio da Lei Federal de Incentivo \u00e0 Cultura (Lei Rouanet), apresentado pelo Minist\u00e9rio da Cultura e patrocinado pela Eixo SP Concession\u00e1ria de Rodovias, o projeto promoveu 10 apresenta\u00e7\u00f5es, com duas atividades em cada escola participante. A programa\u00e7\u00e3o combinou palestras interativas e apresenta\u00e7\u00f5es da Orquestra de Sucata, criando uma experi\u00eancia din\u00e2mica para abordar temas relacionados \u00e0s mudan\u00e7as clim\u00e1ticas e \u00e0 constru\u00e7\u00e3o de um futuro mais sustent\u00e1vel.<\/p>\n<p>Durante os encontros, os estudantes foram convidados a refletir sobre como escolhas cotidianas, como o uso da energia el\u00e9trica, dos meios de transporte e o consumo de produtos, est\u00e3o conectadas aos desafios clim\u00e1ticos e \u00e0s solu\u00e7\u00f5es necess\u00e1rias para reduzir as emiss\u00f5es de gases de efeito estufa. A programa\u00e7\u00e3o tamb\u00e9m abordou assuntos como mobilidade sustent\u00e1vel, efici\u00eancia energ\u00e9tica, inova\u00e7\u00e3o, transi\u00e7\u00e3o energ\u00e9tica e descarboniza\u00e7\u00e3o.<\/p>\n<p>Amanda Caxa, coordenadora de Sistema de Gest\u00e3o Integrado (SGI) da Eixo SP, comemorou o resultado e ressaltou a import\u00e2ncia de aproximar o debate ambiental do universo dos jovens. \u201cLevar esse projeto para dentro das escolas significa criar oportunidades para que os jovens conhe\u00e7am, reflitam e conversem sobre desafios que j\u00e1 fazem parte do nosso presente e ter\u00e3o impacto direto no futuro&#8221;, afirma. &#8220;Acreditamos que a educa\u00e7\u00e3o \u00e9 uma ferramenta fundamental de transforma\u00e7\u00e3o e que esses estudantes podem se tornar importantes multiplicadores desse conhecimento em suas fam\u00edlias e comunidades\u201d, destaca Amanda.<\/p>\n<p>Exemplos pr\u00e1ticos<\/p>\n<p>Al\u00e9m dos conceitos apresentados durante as palestras, os participantes conheceram exemplos pr\u00e1ticos de iniciativas voltadas \u00e0 descarboniza\u00e7\u00e3o, mostrando como tecnologia, planejamento e inova\u00e7\u00e3o podem contribuir para uma economia de baixo carbono. Entre os exemplos, foram apresentadas a\u00e7\u00f5es desenvolvidas pela Eixo SP, que vem consolidando sua agenda com foco na transi\u00e7\u00e3o energ\u00e9tica e na redu\u00e7\u00e3o da pegada de carbono de suas opera\u00e7\u00f5es.<\/p>\n<p>Entre as iniciativas est\u00e3o a substitui\u00e7\u00e3o gradativa da frota por ve\u00edculos 100% el\u00e9tricos, como guinchos, caminh\u00f5es de conserva\u00e7\u00e3o e balan\u00e7as m\u00f3veis, al\u00e9m do investimento em energia solar fotovoltaica para abastecer ve\u00edculos, pra\u00e7as de ped\u00e1gio, bases do Servi\u00e7o de Atendimento ao Usu\u00e1rio (SAU), c\u00e2meras de monitoramento, servi\u00e7os de Wi-Fi, ilumina\u00e7\u00e3o das rodovias e outros equipamentos.<\/p>\n<p>M\u00fasica e sustentabilidade<\/p>\n<p>A programa\u00e7\u00e3o tamb\u00e9m contou com a participa\u00e7\u00e3o da Orquestra de Sucata, que utiliza instrumentos constru\u00eddos a partir de materiais reaproveitados para unir m\u00fasica, cultura e sustentabilidade. A proposta tornou a experi\u00eancia ainda mais envolvente e refor\u00e7ou, de forma criativa, a import\u00e2ncia do reaproveitamento de materiais e do consumo consciente.<\/p>\n<p>Ao final das atividades, os estudantes receberam ainda um material informativo desenvolvido especialmente para o projeto, com o objetivo de refor\u00e7ar os principais conceitos apresentados e estimular a continuidade da reflex\u00e3o dentro e fora do ambiente escolar.<\/p>\n<p>Participaram das apresenta\u00e7\u00f5es alunos da Escola Estadual Sud Menucci (Piracicaba), ETEC Professor Armando Bayeux da Silva (Rio Claro), Col\u00e9gio La Salle (S\u00e3o Carlos), Escola Estadual Professora Ana Franco da Rocha Brand\u00e3o (Ja\u00fa) e Escola Estadual Dr. Luiz Zuiani (Bauru).<\/p>\n","protected":false},"excerpt":{"rendered":"<p>Patrocinada pela Eixo SP, iniciativa realizou 10 apresenta\u00e7\u00f5es sobre sustentabilidade, mudan\u00e7as clim\u00e1ticas e descarboniza\u00e7\u00e3o O projeto cultural Descarboniza\u00e7\u00e3o Gradual encerrou sua programa\u00e7\u00e3o com um balan\u00e7o positivo. Ao todo, 1.800 alunos das cinco escolas participantes foram alcan\u00e7ados pela iniciativa, que levou conhecimento, reflex\u00e3o e cultura a estudantes do Ensino M\u00e9dio de Piracicaba, Rio Claro, S\u00e3o Carlos, [&hellip;]<\/p>\n","protected":false},"author":9,"featured_media":129513,"comment_status":"closed","ping_status":"closed","sticky":false,"template":"","format":"standard","meta":{"footnotes":""},"categories":[157],"tags":[],"class_list":{"0":"post-129512","1":"post","2":"type-post","3":"status-publish","4":"format-standard","5":"has-post-thumbnail","7":"category-regiao"},"_links":{"self":[{"href":"https:\/\/cidadeazulnoticias.com.br\/wp-json\/wp\/v2\/posts\/129512"}],"collection":[{"href":"https:\/\/cidadeazulnoticias.com.br\/wp-json\/wp\/v2\/posts"}],"about":[{"href":"https:\/\/cidadeazulnoticias.com.br\/wp-json\/wp\/v2\/types\/post"}],"author":[{"embeddable":true,"href":"https:\/\/cidadeazulnoticias.com.br\/wp-json\/wp\/v2\/users\/9"}],"replies":[{"embeddable":true,"href":"https:\/\/cidadeazulnoticias.com.br\/wp-json\/wp\/v2\/comments?post=129512"}],"version-history":[{"count":1,"href":"https:\/\/cidadeazulnoticias.com.br\/wp-json\/wp\/v2\/posts\/129512\/revisions"}],"predecessor-version":[{"id":129514,"href":"https:\/\/cidadeazulnoticias.com.br\/wp-json\/wp\/v2\/posts\/129512\/revisions\/129514"}],"wp:featuredmedia":[{"embeddable":true,"href":"https:\/\/cidadeazulnoticias.com.br\/wp-json\/wp\/v2\/media\/129513"}],"wp:attachment":[{"href":"https:\/\/cidadeazulnoticias.com.br\/wp-json\/wp\/v2\/media?parent=129512"}],"wp:term":[{"taxonomy":"category","embeddable":true,"href":"https:\/\/cidadeazulnoticias.com.br\/wp-json\/wp\/v2\/categories?post=129512"},{"taxonomy":"post_tag","embeddable":true,"href":"https:\/\/cidadeazulnoticias.com.br\/wp-json\/wp\/v2\/tags?post=129512"}],"curies":[{"name":"wp","href":"https:\/\/api.w.org\/{rel}","templated":true}]}},{"id":129507,"date":"2026-08-24T13:03:56","date_gmt":"2026-08-24T16:03:56","guid":{"rendered":"https:\/\/cidadeazulnoticias.com.br\/?p=129507"},"modified":"2026-08-24T13:03:56","modified_gmt":"2026-08-24T16:03:56","slug":"e-a-violencia-que-segue","status":"publish","type":"post","link":"https:\/\/cidadeazulnoticias.com.br\/e-a-violencia-que-segue\/","title":{"rendered":"E a viol\u00eancia que segue!"},"content":{"rendered":"<p>Tudo come\u00e7a h\u00e1 mais de quatro d\u00e9cadas: Maria da Penha Maia Fernandes sobreviveu a duas tentativas de homic\u00eddio cometidas pelo marido. A primeira agress\u00e3o, em 1983, foi um tiro nas costas enquanto ela dormia, deixando-a parapl\u00e9gica. Semanas depois, ele tentou eletrocut\u00e1-la no banho. O processo demorou demais para ser julgado e a v\u00edtima recorreu \u00e0 Comiss\u00e3o Interamericana de Direitos Humanos (CIDH), \u00f3rg\u00e3o da Organiza\u00e7\u00e3o dos Estados Americanos (OEA), que em 2001 responsabilizou o Estado brasileiro por neglig\u00eancia, omiss\u00e3o e toler\u00e2ncia diante da viol\u00eancia dom\u00e9stica.<br \/>\nDisso tudo surgiu a Lei Maria da Penha, ou seja, a Lei 11.340\/2006. S\u00e3o 20 anos de exist\u00eancia sendo celebrada como uma propulsora de avan\u00e7os legais e como um marco na percep\u00e7\u00e3o social sobre a viol\u00eancia dom\u00e9stica.<br \/>\nA Lei sofreu incrementos: em 2018 foi inserida a criminaliza\u00e7\u00e3o quando ocorrente o descumprimento de medidas protetivas de urg\u00eancia. Em 2019 a mudan\u00e7a permitiu aos delegados autorizarem certas medidas e n\u00e3o s\u00f3 os ju\u00edzes. Em 2021 o destaque \u00e9 a inclus\u00e3o da viol\u00eancia psicol\u00f3gica contra a mulher no contexto e abrang\u00eancia da Lei. Em 2023 surge a autonomia das medidas protetivas que podem ser concedidas independentemente da exist\u00eancia de boletim de ocorr\u00eancia ou processo penal em curso. Em 2024 o Feminic\u00eddio torna-se crime aut\u00f4nomo. Em 2026, um pacote de leis sancionado em abril juntou duas mudan\u00e7as: a monitora\u00e7\u00e3o eletr\u00f4nica de agressores (tornozeleira) passou a valer como medida protetiva aut\u00f4noma (Lei 15.383\/2026), e a chamada viol\u00eancia vic\u00e1ria \u2014 a viol\u00eancia praticada contra filhos ou familiares para atingir e controlar a mulher \u2014 passou a integrar a Lei Maria da Penha (Lei 15.384\/2026).<br \/>\nA edi\u00e7\u00e3o 2025 da pesquisa do Observat\u00f3rio da Mulher contra a Viol\u00eancia (OMV) estimou que cerca de 3,7 milh\u00f5es de brasileiras sofreram algum tipo de viol\u00eancia dom\u00e9stica ou familiar nos 12 meses anteriores. A maioria das agress\u00f5es ocorreu na presen\u00e7a de outras pessoas, e cerca de 7 em cada 10 casos foram presenciados por crian\u00e7as. Em mais de dois ter\u00e7os das situa\u00e7\u00f5es, as mulheres v\u00edtimas da viol\u00eancia n\u00e3o levaram o caso \u00e0s autoridades policiais. Quando decidem buscar ajuda, a maioria das mulheres recorre primeiro a redes informais: a fam\u00edlia aparece em 57% dos casos, e a igreja, em 53%. As Delegacias Especializadas de Atendimento \u00e0 Mulher (DEAMs) s\u00e3o procuradas por 28% das v\u00edtimas, e o Ligue 180, por apenas 11%.<br \/>\nOs n\u00fameros, entretanto, n\u00e3o obstante os avan\u00e7os legislativos, preocupam, com a viol\u00eancia seguindo em alta. Em 2025 foram 788 mil casos de amea\u00e7a (alta de 0,5% em rela\u00e7\u00e3o a 2024), 286 mil ocorr\u00eancias de les\u00e3o corporal no contexto de viol\u00eancia dom\u00e9stica (alta de 2,6%), 132 mil registros de descumprimento de medida protetiva (alta de 16,7%), 123 mil casos de persegui\u00e7\u00e3o (alta de 30,1%) e 60 mil casos de viol\u00eancia psicol\u00f3gica (alta de 16,9%).<br \/>\nTalvez a legisla\u00e7\u00e3o continue sendo confrontada pela pr\u00f3pria natureza do fen\u00f4meno que ela revelou \u2014 uma persistente retic\u00eancia das v\u00edtimas em confiarem nas sa\u00eddas institucionais que a lei e seus incrementos ajudaram a criar, sem contar as novas formas de ass\u00e9dio e viol\u00eancia ocorrentes no ambiente virtual.<br \/>\nOs dados de uma pesquisa do DataSenado\/OMV ajudam a explicar os principais motivos que levam as mulheres a n\u00e3o denunciar a viol\u00eancia: a preocupa\u00e7\u00e3o com os filhos (17%), a descren\u00e7a de que o agressor ser\u00e1 punido (14%) e a cren\u00e7a de que aquela seria a \u00faltima agress\u00e3o (13%).<\/p>\n<p>Pelo que se v\u00ea, n\u00e3o h\u00e1 muito o que se comemorar!<\/p>\n<p>&#038;<img loading=\"lazy\" decoding=\"async\" src=\"https:\/\/s3.cidadeazulnoticias.com.br\/wp-content\/uploads\/2019\/04\/19221330\/willian-nagib-300x200.jpg\" alt=\"\" width=\"300\" height=\"200\" class=\"alignnone size-medium wp-image-9510\" srcset=\"https:\/\/s3.cidadeazulnoticias.com.br\/wp-content\/uploads\/2019\/04\/19221330\/willian-nagib-300x200.jpg 300w, https:\/\/s3.cidadeazulnoticias.com.br\/wp-content\/uploads\/2019\/04\/19221330\/willian-nagib-768x512.jpg 768w, https:\/\/s3.cidadeazulnoticias.com.br\/wp-content\/uploads\/2019\/04\/19221330\/willian-nagib-696x464.jpg 696w, https:\/\/s3.cidadeazulnoticias.com.br\/wp-content\/uploads\/2019\/04\/19221330\/willian-nagib-630x420.jpg 630w, https:\/\/s3.cidadeazulnoticias.com.br\/wp-content\/uploads\/2019\/04\/19221330\/willian-nagib.jpg 1000w\" sizes=\"(max-width: 300px) 100vw, 300px\" \/>nbsp;<\/p>\n<p>Colaborador: Dr. Willian Nagib Filho advogado e s\u00f3cio do escrit\u00f3rio de advocacia; Nicolau Laiun, Lorenzon e Nagib Advogados&nbsp;<\/p>\n","protected":false},"excerpt":{"rendered":"<p>Tudo come\u00e7a h\u00e1 mais de quatro d\u00e9cadas: Maria da Penha Maia Fernandes sobreviveu a duas tentativas de homic\u00eddio cometidas pelo marido. A primeira agress\u00e3o, em 1983, foi um tiro nas costas enquanto ela dormia, deixando-a parapl\u00e9gica. Semanas depois, ele tentou eletrocut\u00e1-la no banho. O processo demorou demais para ser julgado e a v\u00edtima recorreu \u00e0 [&hellip;]<\/p>\n","protected":false},"author":9,"featured_media":4185,"comment_status":"closed","ping_status":"closed","sticky":false,"template":"","format":"standard","meta":{"footnotes":""},"categories":[1,174],"tags":[],"class_list":{"0":"post-129507","1":"post","2":"type-post","3":"status-publish","4":"format-standard","5":"has-post-thumbnail","7":"category-instagram","8":"category-william-nagib-filho"},"_links":{"self":[{"href":"https:\/\/cidadeazulnoticias.com.br\/wp-json\/wp\/v2\/posts\/129507"}],"collection":[{"href":"https:\/\/cidadeazulnoticias.com.br\/wp-json\/wp\/v2\/posts"}],"about":[{"href":"https:\/\/cidadeazulnoticias.com.br\/wp-json\/wp\/v2\/types\/post"}],"author":[{"embeddable":true,"href":"https:\/\/cidadeazulnoticias.com.br\/wp-json\/wp\/v2\/users\/9"}],"replies":[{"embeddable":true,"href":"https:\/\/cidadeazulnoticias.com.br\/wp-json\/wp\/v2\/comments?post=129507"}],"version-history":[{"count":1,"href":"https:\/\/cidadeazulnoticias.com.br\/wp-json\/wp\/v2\/posts\/129507\/revisions"}],"predecessor-version":[{"id":129508,"href":"https:\/\/cidadeazulnoticias.com.br\/wp-json\/wp\/v2\/posts\/129507\/revisions\/129508"}],"wp:featuredmedia":[{"embeddable":true,"href":"https:\/\/cidadeazulnoticias.com.br\/wp-json\/wp\/v2\/media\/4185"}],"wp:attachment":[{"href":"https:\/\/cidadeazulnoticias.com.br\/wp-json\/wp\/v2\/media?parent=129507"}],"wp:term":[{"taxonomy":"category","embeddable":true,"href":"https:\/\/cidadeazulnoticias.com.br\/wp-json\/wp\/v2\/categories?post=129507"},{"taxonomy":"post_tag","embeddable":true,"href":"https:\/\/cidadeazulnoticias.com.br\/wp-json\/wp\/v2\/tags?post=129507"}],"curies":[{"name":"wp","href":"https:\/\/api.w.org\/{rel}","templated":true}]}},{"id":129505,"date":"2026-08-24T12:36:10","date_gmt":"2026-08-24T15:36:10","guid":{"rendered":"https:\/\/cidadeazulnoticias.com.br\/?p=129505"},"modified":"2026-08-24T12:36:10","modified_gmt":"2026-08-24T15:36:10","slug":"ladroes-levam-ate-o-cafe-mas-deixam-o-peugeot-para-a-policia-encontrar-em-brotas","status":"publish","type":"post","link":"https:\/\/cidadeazulnoticias.com.br\/ladroes-levam-ate-o-cafe-mas-deixam-o-peugeot-para-a-policia-encontrar-em-brotas\/","title":{"rendered":"Ladr\u00f5es levam at\u00e9 o caf\u00e9, mas deixam o Peugeot para a pol\u00edcia encontrar em Brotas"},"content":{"rendered":"<h2><em>Pol\u00edcia Militar localizou ve\u00edculo usado em furto a empresa e recuperou carnes, bebidas e sacos de caf\u00e9; dois celulares e outros objetos tamb\u00e9m foram apreendidos.<\/em><\/h2>\n<p>A madrugada de domingo (23) terminou com preju\u00edzo para uma empresa de Brotas, mas tamb\u00e9m com uma boa dose de dor de cabe\u00e7a para quem achou que poderia sair de cena levando at\u00e9 o caf\u00e9.<\/p>\n<p>A Pol\u00edcia Militar foi acionada ap\u00f3s um furto ocorrido em uma ind\u00fastria do munic\u00edpio e iniciou patrulhamento e cerco pelas poss\u00edveis rotas de fuga, contando com o apoio de outras viaturas da regi\u00e3o.<\/p>\n<p>Durante as dilig\u00eancias, os policiais localizaram um Peugeot 307 preto, apontado como o ve\u00edculo utilizado na a\u00e7\u00e3o criminosa. O carro estava abandonado nas proximidades do Engenho Signore, aberto e com o interior revirado.<\/p>\n<p>E, como quem deixa pistas pelo caminho costuma descobrir que a fuga n\u00e3o \u00e9 exatamente um passeio tur\u00edstico, os policiais encontraram nas proximidades dois cartuchos deflagrados e pe\u00e7as de vestu\u00e1rio que possivelmente teriam sido utilizadas pelos autores. O local foi preservado para os trabalhos da per\u00edcia.<\/p>\n<p>Segundo representantes da empresa, os criminosos levaram uma televis\u00e3o, um aparelho celular, bebidas, pe\u00e7as de carne su\u00edna, dinheiro e sacos de caf\u00e9. Parte da mercadoria, por\u00e9m, n\u00e3o chegou muito longe: carnes, bebidas e parte dos sacos de caf\u00e9 foram recuperados dentro do Peugeot.<\/p>\n<p>Durante a sequ\u00eancia das dilig\u00eancias, os policiais tamb\u00e9m localizaram dois aparelhos celulares. Um deles estava nas proximidades do ve\u00edculo e o outro foi encontrado nas imedia\u00e7\u00f5es da empresa. Uma touca tipo ninja tamb\u00e9m foi recolhida e encaminhada para per\u00edcia.<\/p>\n<p>Imagens do sistema de monitoramento indicaram, preliminarmente, a participa\u00e7\u00e3o de dois indiv\u00edduos na a\u00e7\u00e3o.<\/p>\n<p>O Peugeot foi apreendido e encaminhado ao p\u00e1tio, juntamente com os objetos recuperados. A ocorr\u00eancia foi apresentada no Plant\u00e3o Policial de Rio Claro.<\/p>\n<p>A investiga\u00e7\u00e3o agora est\u00e1 nas m\u00e3os da Pol\u00edcia Judici\u00e1ria, que dever\u00e1 analisar imagens, objetos e demais vest\u00edgios recolhidos para tentar identificar os respons\u00e1veis pelo furto.<\/p>\n<p>Apreens\u00f5es<br \/>\n01 aparelho celular Samsung;<br \/>\n01 aparelho celular iPhone;<br \/>\n01 colar\/ter\u00e7o;<br \/>\n01 ve\u00edculo Peugeot 307.<\/p>\n<p>&nbsp;<\/p>\n","protected":false},"excerpt":{"rendered":"<p>Pol\u00edcia Militar localizou ve\u00edculo usado em furto a empresa e recuperou carnes, bebidas e sacos de caf\u00e9; dois celulares e outros objetos tamb\u00e9m foram apreendidos. A madrugada de domingo (23) terminou com preju\u00edzo para uma empresa de Brotas, mas tamb\u00e9m com uma boa dose de dor de cabe\u00e7a para quem achou que poderia sair de [&hellip;]<\/p>\n","protected":false},"author":9,"featured_media":116472,"comment_status":"closed","ping_status":"closed","sticky":false,"template":"","format":"standard","meta":{"footnotes":""},"categories":[1,2],"tags":[8920,9681,10472,9923,9402,9128,8917,8919,8921,12181],"class_list":{"0":"post-129505","1":"post","2":"type-post","3":"status-publish","4":"format-standard","5":"has-post-thumbnail","7":"category-instagram","8":"category-seguranca","9":"tag-apreensao","10":"tag-brotas","11":"tag-cidadeazulnoticias","12":"tag-furto","13":"tag-investigacao","14":"tag-policia","15":"tag-policiamilitar","16":"tag-rioclaro","17":"tag-segurancapublica","18":"tag-veiculorecuperado"},"_links":{"self":[{"href":"https:\/\/cidadeazulnoticias.com.br\/wp-json\/wp\/v2\/posts\/129505"}],"collection":[{"href":"https:\/\/cidadeazulnoticias.com.br\/wp-json\/wp\/v2\/posts"}],"about":[{"href":"https:\/\/cidadeazulnoticias.com.br\/wp-json\/wp\/v2\/types\/post"}],"author":[{"embeddable":true,"href":"https:\/\/cidadeazulnoticias.com.br\/wp-json\/wp\/v2\/users\/9"}],"replies":[{"embeddable":true,"href":"https:\/\/cidadeazulnoticias.com.br\/wp-json\/wp\/v2\/comments?post=129505"}],"version-history":[{"count":1,"href":"https:\/\/cidadeazulnoticias.com.br\/wp-json\/wp\/v2\/posts\/129505\/revisions"}],"predecessor-version":[{"id":129506,"href":"https:\/\/cidadeazulnoticias.com.br\/wp-json\/wp\/v2\/posts\/129505\/revisions\/129506"}],"wp:featuredmedia":[{"embeddable":true,"href":"https:\/\/cidadeazulnoticias.com.br\/wp-json\/wp\/v2\/media\/116472"}],"wp:attachment":[{"href":"https:\/\/cidadeazulnoticias.com.br\/wp-json\/wp\/v2\/media?parent=129505"}],"wp:term":[{"taxonomy":"category","embeddable":true,"href":"https:\/\/cidadeazulnoticias.com.br\/wp-json\/wp\/v2\/categories?post=129505"},{"taxonomy":"post_tag","embeddable":true,"href":"https:\/\/cidadeazulnoticias.com.br\/wp-json\/wp\/v2\/tags?post=129505"}],"curies":[{"name":"wp","href":"https:\/\/api.w.org\/{rel}","templated":true}]}},{"id":129502,"date":"2026-08-24T12:13:55","date_gmt":"2026-08-24T15:13:55","guid":{"rendered":"https:\/\/cidadeazulnoticias.com.br\/?p=129502"},"modified":"2026-08-24T12:13:55","modified_gmt":"2026-08-24T15:13:55","slug":"criminoso-e-preso-pela-forca-tatica-apos-roubo-violento-a-farmacia-em-rio-claro","status":"publish","type":"post","link":"https:\/\/cidadeazulnoticias.com.br\/criminoso-e-preso-pela-forca-tatica-apos-roubo-violento-a-farmacia-em-rio-claro\/","title":{"rendered":"Criminoso \u00e9 preso pela For\u00e7a T\u00e1tica ap\u00f3s roubo violento a farm\u00e1cia em Rio Claro"},"content":{"rendered":"<h2><em>Homem foi localizado minutos ap\u00f3s o crime, no Jardim Bras\u00edlia; faca utilizada no assalto e parte do dinheiro roubado foram recuperadas.<\/em><\/h2>\n<p>A noite de s\u00e1bado (22) terminou com uma conta que n\u00e3o fechou para um criminoso que resolveu transformar uma farm\u00e1cia do Jardim Inocoop, em Rio Claro, em cen\u00e1rio de assalto. A r\u00e1pida a\u00e7\u00e3o da Pol\u00edcia Militar, por meio da For\u00e7a T\u00e1tica, terminou com um dos suspeitos preso e parte do dinheiro recuperada.<\/p>\n<p>Segundo o registro policial, dois homens invadiram o estabelecimento. Um deles estava armado com um rev\u00f3lver e o comparsa carregava uma faca. Clientes e uma funcion\u00e1ria foram amea\u00e7ados durante a a\u00e7\u00e3o, enquanto um dos criminosos exigia a abertura do caixa.<\/p>\n<p>A dupla conseguiu levar aproximadamente R$ 600,00 e fugiu a p\u00e9.<\/p>\n<p>Com as caracter\u00edsticas dos suspeitos em m\u00e3os, as equipes da For\u00e7a T\u00e1tica intensificaram o patrulhamento pela regi\u00e3o. E foi no Jardim Bras\u00edlia que a hist\u00f3ria come\u00e7ou a mudar de rumo.<\/p>\n<p>Os policiais visualizaram um homem correndo, com caracter\u00edsticas semelhantes \u00e0s informadas pelas v\u00edtimas. Ao perceber a aproxima\u00e7\u00e3o da equipe, ele teria dispensado uma faca durante a fuga.<\/p>\n<p>N\u00e3o adiantou muito correr: o suspeito foi abordado pelos policiais. Com ele, foram encontrados R$ 140,00 em dinheiro.<\/p>\n<h3>Imagens ajudaram no reconhecimento<\/h3>\n<p>A ocorr\u00eancia ganhou mais um cap\u00edtulo quando as imagens do sistema de seguran\u00e7a da farm\u00e1cia foram analisadas. A representante do estabelecimento reconheceu o abordado como um dos autores do roubo.<\/p>\n<p>A faca dispensada durante a abordagem tamb\u00e9m foi apreendida e, segundo o registro, seria a mesma utilizada durante o crime.<\/p>\n<p>O homem foi encaminhado ao Plant\u00e3o Policial, onde a pris\u00e3o foi ratificada. Ele permaneceu preso \u00e0 disposi\u00e7\u00e3o da Justi\u00e7a.<\/p>\n<p>O segundo envolvido no roubo n\u00e3o foi localizado.<\/p>\n<p>Os R$ 140,00 recuperados foram restitu\u00eddos \u00e0 v\u00edtima.<\/p>\n<p>No balan\u00e7o da ocorr\u00eancia, a Pol\u00edcia Militar apreendeu uma faca utilizada no roubo e R$ 140,00 em dinheiro.<\/p>\n<p>Desta vez, pelo menos para um dos envolvidos, a tentativa de fazer o dinheiro desaparecer teve vida curta. A For\u00e7a T\u00e1tica apareceu antes que a &#8220;contabilidade&#8221; do crime fosse encerrada.<\/p>\n<p>&nbsp;<\/p>\n","protected":false},"excerpt":{"rendered":"<p>Homem foi localizado minutos ap\u00f3s o crime, no Jardim Bras\u00edlia; faca utilizada no assalto e parte do dinheiro roubado foram recuperadas. A noite de s\u00e1bado (22) terminou com uma conta que n\u00e3o fechou para um criminoso que resolveu transformar uma farm\u00e1cia do Jardim Inocoop, em Rio Claro, em cen\u00e1rio de assalto. A r\u00e1pida a\u00e7\u00e3o da [&hellip;]<\/p>\n","protected":false},"author":9,"featured_media":129503,"comment_status":"closed","ping_status":"closed","sticky":false,"template":"","format":"standard","meta":{"footnotes":""},"categories":[2],"tags":[10472,9252,12824,12512,11775,8917,9135,8919,112,8921],"class_list":{"0":"post-129502","1":"post","2":"type-post","3":"status-publish","4":"format-standard","5":"has-post-thumbnail","7":"category-seguranca","8":"tag-cidadeazulnoticias","9":"tag-forcatatica","10":"tag-jardimbrasilia","11":"tag-jardiminocoop","12":"tag-ocorrenciapolicial","13":"tag-policiamilitar","14":"tag-prisao","15":"tag-rioclaro","16":"tag-roubo","17":"tag-segurancapublica"},"_links":{"self":[{"href":"https:\/\/cidadeazulnoticias.com.br\/wp-json\/wp\/v2\/posts\/129502"}],"collection":[{"href":"https:\/\/cidadeazulnoticias.com.br\/wp-json\/wp\/v2\/posts"}],"about":[{"href":"https:\/\/cidadeazulnoticias.com.br\/wp-json\/wp\/v2\/types\/post"}],"author":[{"embeddable":true,"href":"https:\/\/cidadeazulnoticias.com.br\/wp-json\/wp\/v2\/users\/9"}],"replies":[{"embeddable":true,"href":"https:\/\/cidadeazulnoticias.com.br\/wp-json\/wp\/v2\/comments?post=129502"}],"version-history":[{"count":1,"href":"https:\/\/cidadeazulnoticias.com.br\/wp-json\/wp\/v2\/posts\/129502\/revisions"}],"predecessor-version":[{"id":129504,"href":"https:\/\/cidadeazulnoticias.com.br\/wp-json\/wp\/v2\/posts\/129502\/revisions\/129504"}],"wp:featuredmedia":[{"embeddable":true,"href":"https:\/\/cidadeazulnoticias.com.br\/wp-json\/wp\/v2\/media\/129503"}],"wp:attachment":[{"href":"https:\/\/cidadeazulnoticias.com.br\/wp-json\/wp\/v2\/media?parent=129502"}],"wp:term":[{"taxonomy":"category","embeddable":true,"href":"https:\/\/cidadeazulnoticias.com.br\/wp-json\/wp\/v2\/categories?post=129502"},{"taxonomy":"post_tag","embeddable":true,"href":"https:\/\/cidadeazulnoticias.com.br\/wp-json\/wp\/v2\/tags?post=129502"}],"curies":[{"name":"wp","href":"https:\/\/api.w.org\/{rel}","templated":true}]}},{"id":129494,"date":"2026-08-22T13:35:05","date_gmt":"2026-08-22T16:35:05","guid":{"rendered":"https:\/\/cidadeazulnoticias.com.br\/?p=129494"},"modified":"2026-08-22T13:35:05","modified_gmt":"2026-08-22T16:35:05","slug":"entre-a-franca-e-o-boteco-kitutu-prepara-duas-experiencias-gastronomicas-que-prometem-surpreender-rio-claro","status":"publish","type":"post","link":"https:\/\/cidadeazulnoticias.com.br\/entre-a-franca-e-o-boteco-kitutu-prepara-duas-experiencias-gastronomicas-que-prometem-surpreender-rio-claro\/","title":{"rendered":"Entre a Fran\u00e7a e o boteco: Kitutu prepara duas experi\u00eancias gastron\u00f4micas que prometem surpreender Rio Claro"},"content":{"rendered":"<h2>Do requinte da cozinha francesa \u00e0 descontra\u00e7\u00e3o dos sabores de boteco, Chef Sandro Bianchini amplia a programa\u00e7\u00e3o gastron\u00f4mica da casa com duas noites de propostas completamente diferentes.<\/h2>\n<h3 style=\"text-align: center;\"><em>&#8220;La cuisine c&#8217;est l&#8217;amour rendu visible.&#8221;<\/em><\/h3>\n<h3 style=\"text-align: center;\"><em>&#8220;A culin\u00e1ria \u00e9 o amor tornado vis\u00edvel.&#8221;<\/em><\/h3>\n<p>\u00c9 inspirado nessa delicada express\u00e3o francesa que o chef Sandro Bianchini prepara mais uma noite especial no Kitutu Gastronomia. Neste s\u00e1bado, 22 de agosto, a casa recebe a Soir\u00e9e Ki Merveille, uma experi\u00eancia pensada para quem aprecia gastronomia, vinhos e a combina\u00e7\u00e3o perfeita entre sabores e sentidos.<\/p>\n<p>A proposta re\u00fane o talento do chef Sandro Bianchini e o conhecimento do sommelier Carlos Campineiro, que estar\u00e3o juntos para proporcionar aos convidados uma noite dedicada \u00e0 gastronomia francesa e \u00e0s harmoniza\u00e7\u00f5es com vinhos.<\/p>\n<p>A experi\u00eancia ter\u00e1 card\u00e1pio \u00e0 la carte, permitindo que cada convidado escolha livremente os pratos e os vinhos que deseja degustar. O formato tamb\u00e9m proporciona uma experi\u00eancia personalizada, j\u00e1 que o valor ser\u00e1 definido de acordo com as escolhas de cada mesa, sem necessidade de pagamento antecipado.<\/p>\n<p>Mais do que uma noite gastron\u00f4mica, a proposta traduz uma das caracter\u00edsticas que v\u00eam marcando a trajet\u00f3ria do Kitutu: a capacidade de transformar uma refei\u00e7\u00e3o em uma experi\u00eancia.<\/p>\n<p>O cuidado come\u00e7a na cozinha, passa pela escolha dos ingredientes e chega \u00e0 mesa, onde cada prato encontra no vinho o parceiro ideal para revelar novos aromas, sabores e sensa\u00e7\u00f5es.<\/p>\n<p>Com lugares limitados, a Soir\u00e9e Ki Merveille acontece neste s\u00e1bado, a partir das 20 horas, no Kitutu Gastronomia.<\/p>\n<p>E o Kitutu j\u00e1 prepara outra experi\u00eancia<\/p>\n<p>Se a noite deste s\u00e1bado chega envolta em requinte e inspira\u00e7\u00e3o francesa, a pr\u00f3xima proposta da casa seguir\u00e1 por um caminho completamente diferente \u2014 e igualmente saboroso.<\/p>\n<p>No dia 28 de agosto, ser\u00e1 a vez da Noite de Buteco do Kitutu, uma celebra\u00e7\u00e3o dos sabores que conquistaram o cora\u00e7\u00e3o dos brasileiros.<\/p>\n<p>A proposta ser\u00e1 reunir aqueles pratos tradicionais de boteco que despertam mem\u00f3rias e convidam a compartilhar a mesa com os amigos. E h\u00e1 uma particularidade que torna a experi\u00eancia ainda mais interessante: o servi\u00e7o ser\u00e1 por quilo, permitindo que cada pessoa pague exatamente pelo que consumir.<\/p>\n<p>Para completar o clima, muita m\u00fasica e samba prometem transformar o Kitutu em um verdadeiro ponto de encontro para quem aprecia a combina\u00e7\u00e3o de boa comida, bebida e descontra\u00e7\u00e3o.<\/p>\n<p>Duas propostas completamente diferentes, mas com a mesma ess\u00eancia: o cuidado do chef Sandro Bianchini em criar experi\u00eancias que fazem do Kitutu muito mais do que um restaurante.<\/p>\n<p>De um lado, a delicadeza da gastronomia francesa e a sofistica\u00e7\u00e3o dos vinhos. Do outro, a irrever\u00eancia e o sabor democr\u00e1tico dos tradicionais botecos.<\/p>\n<p>Porque, no Kitutu, a gastronomia parece ter encontrado muitas maneiras de contar a mesma hist\u00f3ria: a de que comer bem tamb\u00e9m \u00e9 uma forma de celebrar a vida.<\/p>\n<p>SERVI\u00c7O \u2014 SOIR\u00c9E KI MERVEILLE<\/p>\n<p>\ud83d\udcc5 22 de agosto de 2026 \u2014 s\u00e1bado<br \/>\n\u23f0 20h<br \/>\n\ud83d\udccd Kitutu Gastronomia<br \/>\nRua 6, n\u00ba 1840, entre as avenidas 16 e 14 \u2014 Rio Claro<br \/>\n\ud83d\udcde Reservas: (19) 99907-7770<\/p>\n<p>Lugares limitados.<\/p>\n<p>PR\u00d3XIMO ENCONTRO \u2014 NOITE DE BUTECO<\/p>\n<p>\ud83d\udcc5 28 de agosto<br \/>\n\ud83c\udf7d\ufe0f Pratos de boteco por quilo<br \/>\n\ud83c\udfb6 Muito samba e descontra\u00e7\u00e3o<\/p>\n","protected":false},"excerpt":{"rendered":"<p>Do requinte da cozinha francesa \u00e0 descontra\u00e7\u00e3o dos sabores de boteco, Chef Sandro Bianchini amplia a programa\u00e7\u00e3o gastron\u00f4mica da casa com duas noites de propostas completamente diferentes. &#8220;La cuisine c&#8217;est l&#8217;amour rendu visible.&#8221; &#8220;A culin\u00e1ria \u00e9 o amor tornado vis\u00edvel.&#8221; \u00c9 inspirado nessa delicada express\u00e3o francesa que o chef Sandro Bianchini prepara mais uma noite [&hellip;]<\/p>\n","protected":false},"author":9,"featured_media":129495,"comment_status":"closed","ping_status":"closed","sticky":false,"template":"","format":"standard","meta":{"footnotes":""},"categories":[213,1],"tags":[14339,10472,11648,14343,9099,14340,11871,14341,14337,14342,10443,62,14131,14338,11297],"class_list":{"0":"post-129494","1":"post","2":"type-post","3":"status-publish","4":"format-standard","5":"has-post-thumbnail","7":"category-cultura","8":"category-instagram","9":"tag-carloscampineiro","10":"tag-cidadeazulnoticias","11":"tag-eventosrioclaro","12":"tag-experienciagastronomica","13":"tag-gastronomia","14":"tag-gastronomiafrancesa","15":"tag-gastronomiarioclaro","16":"tag-harmonizacao","17":"tag-kitutugastronomia","18":"tag-noitedebuteco","19":"tag-rioclarosp","20":"tag-samba","21":"tag-sandrobianchini","22":"tag-soireekimerveille","23":"tag-vinhos"},"_links":{"self":[{"href":"https:\/\/cidadeazulnoticias.com.br\/wp-json\/wp\/v2\/posts\/129494"}],"collection":[{"href":"https:\/\/cidadeazulnoticias.com.br\/wp-json\/wp\/v2\/posts"}],"about":[{"href":"https:\/\/cidadeazulnoticias.com.br\/wp-json\/wp\/v2\/types\/post"}],"author":[{"embeddable":true,"href":"https:\/\/cidadeazulnoticias.com.br\/wp-json\/wp\/v2\/users\/9"}],"replies":[{"embeddable":true,"href":"https:\/\/cidadeazulnoticias.com.br\/wp-json\/wp\/v2\/comments?post=129494"}],"version-history":[{"count":1,"href":"https:\/\/cidadeazulnoticias.com.br\/wp-json\/wp\/v2\/posts\/129494\/revisions"}],"predecessor-version":[{"id":129496,"href":"https:\/\/cidadeazulnoticias.com.br\/wp-json\/wp\/v2\/posts\/129494\/revisions\/129496"}],"wp:featuredmedia":[{"embeddable":true,"href":"https:\/\/cidadeazulnoticias.com.br\/wp-json\/wp\/v2\/media\/129495"}],"wp:attachment":[{"href":"https:\/\/cidadeazulnoticias.com.br\/wp-json\/wp\/v2\/media?parent=129494"}],"wp:term":[{"taxonomy":"category","embeddable":true,"href":"https:\/\/cidadeazulnoticias.com.br\/wp-json\/wp\/v2\/categories?post=129494"},{"taxonomy":"post_tag","embeddable":true,"href":"https:\/\/cidadeazulnoticias.com.br\/wp-json\/wp\/v2\/tags?post=129494"}],"curies":[{"name":"wp","href":"https:\/\/api.w.org\/{rel}","templated":true}]}},{"id":129491,"date":"2026-08-22T13:04:49","date_gmt":"2026-08-22T16:04:49","guid":{"rendered":"https:\/\/cidadeazulnoticias.com.br\/?p=129491"},"modified":"2026-08-22T13:04:49","modified_gmt":"2026-08-22T16:04:49","slug":"dia-do-folclore-brasileiro-confira-as-festas-populares-pelo-estado-de-sp","status":"publish","type":"post","link":"https:\/\/cidadeazulnoticias.com.br\/dia-do-folclore-brasileiro-confira-as-festas-populares-pelo-estado-de-sp\/","title":{"rendered":"Dia do Folclore Brasileiro: confira as festas populares pelo estado de SP"},"content":{"rendered":"<h2><em>\u00c9 neste m\u00eas que os elementos e tradi\u00e7\u00f5es que fazem parte da cultura popular s\u00e3o exaltados, como dan\u00e7as, can\u00e7\u00f5es, festas t\u00edpicas, artesanato e personagens lend\u00e1rios.<\/em><\/h2>\n<p>O Dia do Folclore Brasileiro \u00e9 comemorado em 22 de agosto. A data foi criada com o intuito de alertar para a import\u00e2ncia e valoriza\u00e7\u00e3o das manifesta\u00e7\u00f5es folcl\u00f3ricas no pa\u00eds. Foi exatamente no dia 22 de agosto que a palavra folclore foi utilizada, pela primeira vez, para fazer refer\u00eancia aos costumes de um povo. Isso aconteceu em 1846, quando o folclorista brit\u00e2nico William John Thoms (1803-1885) uniu as palavras folk, que significa \u201cpovo\u201d, e lore, que significa \u201cconhecimento\u201d.<\/p>\n<p>No Brasil, este dia foi oficializado em todo territ\u00f3rio, atrav\u00e9s do Decreto n\u00b0 56.747, em agosto de 1965. A partir da\u00ed ficou assim estabelecido: \u201cconstitui o fato folcl\u00f3rico a maneira de pensar, sentir e agir de um povo, preservada pela tradi\u00e7\u00e3o popular e pela imita\u00e7\u00e3o, e que n\u00e3o seja diretamente influenciada pelos c\u00edrculos eruditos e institui\u00e7\u00f5es que se dedicam, ou \u00e0 renova\u00e7\u00e3o e conserva\u00e7\u00e3o do patrim\u00f4nio cient\u00edfico humano, ou \u00e0 fixa\u00e7\u00e3o de uma orienta\u00e7\u00e3o religiosa e filos\u00f3fica.\u201d<\/p>\n<p>E o Estado de S\u00e3o Paulo, reconhecendo a import\u00e2ncia do tema, instituiu o m\u00eas do Folclore para todo m\u00eas de agosto no Decreto 48.310, de 1967. De acordo com o pr\u00f3prio documento, al\u00e9m das circunst\u00e2ncias da cria\u00e7\u00e3o da palavra por Thoms, a motiva\u00e7\u00e3o da comemora\u00e7\u00e3o se deve \u00e0 pr\u00e1tica e difus\u00e3o dos conhecimentos do tema, j\u00e1 que representa o espelho da alma popular.<\/p>\n<p>O Folclore paulista apresenta manifesta\u00e7\u00f5es culturais com gastronomia, folguedos (caiap\u00f3, cavalhada), festejos religiosos (Festa do Bom Jesus, Festa de S\u00e3o Benedito) e eventos como as cavalarias. Al\u00e9m disso, o estado \u00e9 conhecido por suas lendas, como a do Curupira, em Ol\u00edmpia (Capital Nacional do Folclore oficial do Brasil), que \u00e9 considerado o guardi\u00e3o das florestas, e a do Corpo Seco, presente em cidades como S\u00e3o Jos\u00e9 dos Campos e Paraibuna. E n\u00e3o podem faltar o Saci Perer\u00ea em Botucatu e S\u00e3o Luiz do Paraitinga e o famoso Lobisomem de Joan\u00f3polis.<\/p>\n<p>Manifesta\u00e7\u00f5es folcl\u00f3ricas em S\u00e3o Paulo:<br \/>\nFolguedos:<\/p>\n<p>\u2022 Caiap\u00f3: Um grupo de pessoas, geralmente homens, que se vestem como \u00edndios, com arcos, flechas e instrumentos de percuss\u00e3o.<br \/>\n\u2022 Cavalhada: Uma encena\u00e7\u00e3o teatral que representa as lutas entre mouros e crist\u00e3os.<\/p>\n<p>Festejos Religiosos:<\/p>\n<p>\u2022 Festa do Bom Jesus: Celebrada em cidades como Iguape, Trememb\u00e9 e Pirapora do Bom Jesus.<br \/>\n\u2022 Festa de S\u00e3o Benedito: Uma festa popular com grande express\u00e3o em diversas cidades paulistas.<\/p>\n<p>Todas essas manifesta\u00e7\u00f5es refletem a hist\u00f3ria e a diversidade cultural do nosso estado, resultado da miscigena\u00e7\u00e3o de povos ind\u00edgenas, europeus (principalmente portugueses e italianos) e africanos.<\/p>\n<p>M\u00fasica e Dan\u00e7a:<\/p>\n<p>\u2022 Folia de Reis: Uma festa religiosa com cantos, dan\u00e7as e encena\u00e7\u00f5es, celebrando a visita dos Reis Magos ao menino Jesus.<br \/>\n\u2022 Catira: Uma dan\u00e7a de ritmo acelerado, com influ\u00eancia ind\u00edgena e africana, acompanhada por viola e batida de p\u00e9s.<br \/>\n\u2022 Congada: Uma dan\u00e7a dram\u00e1tica com ra\u00edzes africanas, que representa a luta entre crist\u00e3os e mouros, com destaque para a figura de S\u00e3o Benedito.<br \/>\n\u2022 Cururu: Uma disputa cantada entre violeiros, com versos improvisados e temas religiosos ou populares.<br \/>\n\u2022 Dan\u00e7a de S\u00e3o Gon\u00e7alo: Uma dan\u00e7a religiosa em homenagem a S\u00e3o Gon\u00e7alo, com cantos e movimentos ritmados.<br \/>\n\u2022 Jongo: Uma dan\u00e7a de origem africana, marcada por ritmos fortes e letras com mensagens codificadas.<br \/>\n\u2022 Samba Rural: Uma varia\u00e7\u00e3o do samba com caracter\u00edsticas pr\u00f3prias, com letras que retratam o cotidiano e a vida no campo.<\/p>\n<p>Festas Populares:<\/p>\n<p>Al\u00e9m da Folia de Reis, destacam-se as festas juninas, com suas dan\u00e7as (como a quadrilha), comidas t\u00edpicas e fogueiras.<\/p>\n<p>Artesanato:<\/p>\n<p>O artesanato paulista \u00e9 diversificado, com destaque para a cer\u00e2mica, a tecelagem, a cestaria e a produ\u00e7\u00e3o de instrumentos musicais tradicionais.<\/p>\n<p>Os 15 nomes mais importantes do folclore brasileiro s\u00e3o: Saci-Perer\u00ea, Curupira, Iara, Boitat\u00e1, Mula sem Cabe\u00e7a, Cuca, Boto cor-de-rosa, Lobisomem, Caipora, Negrinho do Pastoreio, Vit\u00f3ria-r\u00e9gia, Bumba-meu-boi, Matinta Perera, Pisadeira e Capelobo.<\/p>\n<p>Personagens e lendas<br \/>\n\u2022 Saci: Menino de uma perna s\u00f3 com gorro vermelho.<br \/>\n\u2022 Curupira: Protetor da floresta com p\u00e9s virados para tr\u00e1s.<br \/>\n\u2022 Iara: Sereia dos rios que encanta os pescadores.<br \/>\n\u2022 Boitat\u00e1: Cobra de fogo que protege os campos e as matas.<br \/>\n\u2022 Mula sem cabe\u00e7a: Assombra\u00e7\u00e3o que solta fogo no lugar da cabe\u00e7a.<br \/>\n\u2022 Cuca: Bruxa em forma de jacar\u00e9.<br \/>\n\u2022 Boto: Animal que vira homem elegante nas festas.<br \/>\n\u2022 Matinta: Velha que se transforma em ave agourenta.<br \/>\n\u2022 Pisadeira: Figura que causa falta de ar ao pisar no peito de quem dorme.<br \/>\n\u2022 Capelobo: Monstro com corpo de homem e cabe\u00e7a de c\u00e3o ou anta.<br \/>\n\u2022 Lobisomem: Homem que vira lobo nas noites de lua cheia.<br \/>\n\u2022 Caipora: Entidade que cuida dos animais da floresta.<br \/>\n\u2022 Negrinho: Lenda sulista de um menino protetor e milagroso.<br \/>\n\u2022 Vit\u00f3ria-r\u00e9gia: Planta aqu\u00e1tica que tem origem em uma \u00edndia.<br \/>\n\u2022 Bumba-meu-boi: Festa popular com dan\u00e7a e o boi de pano.<br \/>\n\u2022 Pisadeira: Figura que causa falta de ar ao pisar no peito de quem dorme.<\/p>\n","protected":false},"excerpt":{"rendered":"<p>\u00c9 neste m\u00eas que os elementos e tradi\u00e7\u00f5es que fazem parte da cultura popular s\u00e3o exaltados, como dan\u00e7as, can\u00e7\u00f5es, festas t\u00edpicas, artesanato e personagens lend\u00e1rios. O Dia do Folclore Brasileiro \u00e9 comemorado em 22 de agosto. A data foi criada com o intuito de alertar para a import\u00e2ncia e valoriza\u00e7\u00e3o das manifesta\u00e7\u00f5es folcl\u00f3ricas no pa\u00eds. [&hellip;]<\/p>\n","protected":false},"author":9,"featured_media":129492,"comment_status":"closed","ping_status":"closed","sticky":false,"template":"","format":"standard","meta":{"footnotes":""},"categories":[1,28],"tags":[],"class_list":{"0":"post-129491","1":"post","2":"type-post","3":"status-publish","4":"format-standard","5":"has-post-thumbnail","7":"category-instagram","8":"category-noticias"},"_links":{"self":[{"href":"https:\/\/cidadeazulnoticias.com.br\/wp-json\/wp\/v2\/posts\/129491"}],"collection":[{"href":"https:\/\/cidadeazulnoticias.com.br\/wp-json\/wp\/v2\/posts"}],"about":[{"href":"https:\/\/cidadeazulnoticias.com.br\/wp-json\/wp\/v2\/types\/post"}],"author":[{"embeddable":true,"href":"https:\/\/cidadeazulnoticias.com.br\/wp-json\/wp\/v2\/users\/9"}],"replies":[{"embeddable":true,"href":"https:\/\/cidadeazulnoticias.com.br\/wp-json\/wp\/v2\/comments?post=129491"}],"version-history":[{"count":1,"href":"https:\/\/cidadeazulnoticias.com.br\/wp-json\/wp\/v2\/posts\/129491\/revisions"}],"predecessor-version":[{"id":129493,"href":"https:\/\/cidadeazulnoticias.com.br\/wp-json\/wp\/v2\/posts\/129491\/revisions\/129493"}],"wp:featuredmedia":[{"embeddable":true,"href":"https:\/\/cidadeazulnoticias.com.br\/wp-json\/wp\/v2\/media\/129492"}],"wp:attachment":[{"href":"https:\/\/cidadeazulnoticias.com.br\/wp-json\/wp\/v2\/media?parent=129491"}],"wp:term":[{"taxonomy":"category","embeddable":true,"href":"https:\/\/cidadeazulnoticias.com.br\/wp-json\/wp\/v2\/categories?post=129491"},{"taxonomy":"post_tag","embeddable":true,"href":"https:\/\/cidadeazulnoticias.com.br\/wp-json\/wp\/v2\/tags?post=129491"}],"curies":[{"name":"wp","href":"https:\/\/api.w.org\/{rel}","templated":true}]}},{"id":129487,"date":"2026-08-22T12:49:06","date_gmt":"2026-08-22T15:49:06","guid":{"rendered":"https:\/\/cidadeazulnoticias.com.br\/?p=129487"},"modified":"2026-08-22T12:49:06","modified_gmt":"2026-08-22T15:49:06","slug":"sao-paulo-boat-show-mostra-como-a-arquitetura-residencial-de-alto-padrao-esta-transformando-grandes-embarcacoes-de-luxo","status":"publish","type":"post","link":"https:\/\/cidadeazulnoticias.com.br\/sao-paulo-boat-show-mostra-como-a-arquitetura-residencial-de-alto-padrao-esta-transformando-grandes-embarcacoes-de-luxo\/","title":{"rendered":"S\u00e3o Paulo Boat Show mostra como a arquitetura residencial de alto padr\u00e3o est\u00e1 transformando grandes embarca\u00e7\u00f5es de luxo"},"content":{"rendered":"<h2><em>Tend\u00eancia internacional \u201cyacht standard\u201d, com plantas mais integradas, grandes \u00e1reas envidra\u00e7adas, materiais sofisticados e ambientes pensados para viver a bordo, revela como o refinamento e a amplitude de resid\u00eancias de luxo est\u00e3o sendo exportados para o interior dos barcos de luxo e ca\u00edram no gosto do cliente brasileiro.<\/em><\/h2>\n<p>O barco de luxo est\u00e1 cada vez mais parecido com uma resid\u00eancia de alto padr\u00e3o. Uma das principais transforma\u00e7\u00f5es observadas no design n\u00e1utico contempor\u00e2neo \u00e9 a aproxima\u00e7\u00e3o entre a arquitetura residencial e os interiores das embarca\u00e7\u00f5es, movimento que leva para os grandes barcos conceitos como integra\u00e7\u00e3o entre ambientes, conex\u00e3o com as \u00e1reas externas, ilumina\u00e7\u00e3o natural, materiais naturais e solu\u00e7\u00f5es de marcenaria sob medida. O fen\u00f4meno internacional &#8220;yacht standard&#8221; ser\u00e1 um dos destaques da pr\u00f3xima edi\u00e7\u00e3o do S\u00e3o Paulo Boat Show, que acontece entre 24 e 29 de setembro no S\u00e3o Paulo Expo. O maior sal\u00e3o n\u00e1utico da Am\u00e9rica Latina \u00e9 uma vitrine de tend\u00eancias e novidades globais.<\/p>\n<p>Segundo levantamentos de escrit\u00f3rios de arquitetura de grife e consultorias prestigiadas, como a Savills, os barcos de lazer n\u00e3o s\u00e3o mais estruturas frias de fibra de vidro focadas apenas na performance de navega\u00e7\u00e3o. A nova refer\u00eancia vem tamb\u00e9m de destinos associados ao mercado residencial de alto padr\u00e3o, como Hamptons e Palm Beach, nos Estados Unidos, onde amplitude, integra\u00e7\u00e3o dos ambientes, ilumina\u00e7\u00e3o natural e conex\u00e3o com as \u00e1reas externas orientam o projeto das mans\u00f5es. Esses elementos passaram a ser incorporados aos interiores e \u00e0s \u00e1reas de conviv\u00eancia das embarca\u00e7\u00f5es de luxo. A nova \u201cregra\u201d do segmento \u00e9 que a sofistica\u00e7\u00e3o, a espacialidade, a funcionalidade e o rigor est\u00e9tico das resid\u00eancias de alto padr\u00e3o migrem para dentro d\u2019\u00e1gua.<\/p>\n<p>&#8220;As embarca\u00e7\u00f5es contempor\u00e2neas, especialmente no p\u00f3s-pandemia, t\u00eam se aprimorado ano a ano e viraram verdadeiras mans\u00f5es flutuantes, projetadas com todo o conforto de uma casa e sob a assinatura de renomados arquitetos e designers de resid\u00eancias. Mesmo lanchas menores t\u00eam inovado muito e apesar das dimens\u00f5es j\u00e1 trazem caracter\u00edsticas que se assemelham a iates de alto padr\u00e3o, o \u2018yacht standard\u2019\u201d, conta a diretora do Grupo N\u00e1utica e da Boat Show Eventos, Thalita Vicentini.<\/p>\n<h3>A arquitetura residencial invade os cascos<\/h3>\n<p>Para a executiva, o consumidor de alto poder aquisitivo deseja agora o mesmo ecossistema de conforto que possui em terra firme. &#8220;O conceito de planta aberta, que elimina degraus e barreiras visuais para promover a integra\u00e7\u00e3o absoluta entre os ambientes de conv\u00edvio, janelas cada vez maiores gerando luminosidade e um quadro vivo aos interiores, e espa\u00e7os otimizados como decks laterais que se abrem ampliando \u00e1reas de conv\u00edvio, s\u00e3o algumas caracter\u00edsticas cada vez mais presentes em embarca\u00e7\u00f5es acima de 60 p\u00e9s&#8221;, explica.<\/p>\n<p>Vidros n\u00e1uticos de alto impacto ganham tecnologias de prote\u00e7\u00e3o UV; marcenaria org\u00e2nica flutuante, pedras nobres raras, tecidos de alta tecnologia e o uso de ligas met\u00e1licas com elevado padr\u00e3o de excel\u00eancia s\u00e3o mais exemplos, e agora j\u00e1 s\u00e3o itens em modelos de barcos de luxo dispon\u00edveis ao mercado brasileiro.<\/p>\n<p><img loading=\"lazy\" decoding=\"async\" class=\"alignnone wp-image-129489 size-full\" src=\"https:\/\/s3.cidadeazulnoticias.com.br\/wp-content\/uploads\/2026\/08\/22124819\/Intermarine-60.-Credito-Victor-Santos-Revista-Nautica.jpg\" alt=\"\" width=\"920\" height=\"610\" srcset=\"https:\/\/s3.cidadeazulnoticias.com.br\/wp-content\/uploads\/2026\/08\/22124819\/Intermarine-60.-Credito-Victor-Santos-Revista-Nautica.jpg 920w, https:\/\/s3.cidadeazulnoticias.com.br\/wp-content\/uploads\/2026\/08\/22124819\/Intermarine-60.-Credito-Victor-Santos-Revista-Nautica-300x199.jpg 300w, https:\/\/s3.cidadeazulnoticias.com.br\/wp-content\/uploads\/2026\/08\/22124819\/Intermarine-60.-Credito-Victor-Santos-Revista-Nautica-768x509.jpg 768w, https:\/\/s3.cidadeazulnoticias.com.br\/wp-content\/uploads\/2026\/08\/22124819\/Intermarine-60.-Credito-Victor-Santos-Revista-Nautica-633x420.jpg 633w, https:\/\/s3.cidadeazulnoticias.com.br\/wp-content\/uploads\/2026\/08\/22124819\/Intermarine-60.-Credito-Victor-Santos-Revista-Nautica-696x461.jpg 696w\" sizes=\"(max-width: 920px) 100vw, 920px\" \/><\/p>\n<h4>Os protagonistas do boat show paulista<\/h4>\n<p>Essa fus\u00e3o arquitet\u00f4nica \u00e9 um dos atrativos do S\u00e3o Paulo Boat Show. O evento reunir\u00e1 gigantes do setor para materializar essa nova era das \u00e1guas. Marcas de peso, nacionais e internacionais, j\u00e1 t\u00eam presen\u00e7a garantida, e trar\u00e3o embarca\u00e7\u00f5es que funcionam como extens\u00f5es imobili\u00e1rias de luxo.<\/p>\n<h5>Entre os destaques que exibir\u00e3o lanchas de luxo, j\u00e1 confirmados, est\u00e3o:<\/h5>\n<p>NX Boats (NX 62): A marca far\u00e1 o lan\u00e7amento oficial da NX 62 by Pininfarina. Com assinatura do lend\u00e1rio est\u00fadio italiano, o estaleiro subverte o layout n\u00e1utico ao maximizar a amplitude da \u00e1rea de conviv\u00eancia interna aliado \u00e0s linhas futuristas do est\u00fadio de design centen\u00e1rio. O resultado \u00e9 a entrega de uma \u00e1rea habit\u00e1vel semelhante \u00e0 de uma resid\u00eancia contempor\u00e2nea.<\/p>\n<p>Schaefer Yachts: Um dos principais nomes da ind\u00fastria n\u00e1utica brasileira, o estaleiro catarinense estar\u00e1 presente no S\u00e3o Paulo Boat Show com embarca\u00e7\u00f5es de seu portf\u00f3lio, que re\u00fane desde iates de luxo at\u00e9 modelos de perfil esportivo. A fabricante combina design, tecnologia, conforto e alto desempenho, al\u00e9m de oferecer op\u00e7\u00f5es voltadas tanto a longas perman\u00eancias a bordo quanto a passeios, esportes n\u00e1uticos e atividades ao ar livre.<\/p>\n<p>Pelicanno Boats: Especializada em embarca\u00e7\u00f5es de madeira de constru\u00e7\u00e3o artesanal, a marca apresenta uma interpreta\u00e7\u00e3o diferente do luxo n\u00e1utico, valorizando materiais, marcenaria e acabamento como elementos centrais da experi\u00eancia a bordo.<\/p>\n<p>Azimut Yachts (Fly 58): Representando a excel\u00eancia europeia, a filial brasileira do grupo italiano j\u00e1 confirmou a exibi\u00e7\u00e3o do seu modelo de sucesso, a Azimut Fly 58, que se destaca pela fluidez dos ambientes desenhados por arquitetos e designers globais e pela aplica\u00e7\u00e3o de materiais nobres, al\u00e9m de priorizar pelo equil\u00edbrio entre sofistica\u00e7\u00e3o e usabilidade seguindo a tend\u00eancia comportamental do &#8220;quiet luxury&#8221;.<\/p>\n<p>Intermarine: O tradicional estaleiro brasileiro, que produz embarca\u00e7\u00f5es de grande porte, apresentar\u00e1 modelos que tamb\u00e9m evidenciam a import\u00e2ncia da personaliza\u00e7\u00e3o dos interiores. Em barcos maiores, o propriet\u00e1rio pode definir acabamentos, materiais e solu\u00e7\u00f5es de acordo com seu estilo de vida, aproximando o projeto n\u00e1utico de um projeto arquitet\u00f4nico residencial.<\/p>\n<p>De Antonio Yachts: A marca espanhola, que participa do S\u00e3o Paulo Boat Show pela primeira vez, destaca-se pelo desenho contempor\u00e2neo e pelo aproveitamento das \u00e1reas externas. A solu\u00e7\u00e3o de motores de popa ocultos contribui para liberar espa\u00e7o na \u00e1rea de popa e ampliar a \u00e1rea destinada \u00e0 conviv\u00eancia.<\/p>\n<p>SERVI\u00c7O<\/p>\n<p>O que: S\u00e3o Paulo Boat Show 2026<br \/>\nQuando: de 24 a 29 de setembro<br \/>\nOnde: S\u00e3o Paulo Expo \u2014 Rodovia dos Imigrantes, km 1,5, Vila \u00c1gua Funda, S\u00e3o Paulo<br \/>\nHor\u00e1rios: das 13h \u00e0s 22h; no primeiro dia, abertura \u00e0s 15h; no \u00faltimo, encerramento \u00e0s 21h<\/p>\n<p>Mais informa\u00e7\u00f5es e ingressos: https:\/\/saopauloboatshow.com.br\/<br \/>\nCobertura completa: www.nautica.com.br<\/p>\n<p>Confira o calend\u00e1rio dos Boat Shows no Brasil em 2026:<\/p>\n<p>Salvador Boat Show: 05\/11 a 08\/11<\/p>\n<p>Sal\u00e3o de Usados N\u00e1utica: 19 a 22\/11<\/p>\n<p>Sobre o Grupo N\u00e1utica<\/p>\n<p>Com mais de 40 anos de atua\u00e7\u00e3o, o Grupo N\u00e1utica \u00e9 refer\u00eancia em inova\u00e7\u00e3o, infraestrutura, sustentabilidade, eventos e comunica\u00e7\u00e3o no setor n\u00e1utico brasileiro. O ecossistema do grupo re\u00fane a Revista N\u00e1utica (www.nautica.com.br), pioneira e l\u00edder absoluta em conte\u00fado especializado; o Boat Show, maior organizadora de sal\u00e3o n\u00e1utico da Am\u00e9rica Latina, com edi\u00e7\u00f5es em S\u00e3o Paulo, Itaja\u00ed, Rio de Janeiro, Bras\u00edlia, Salvador e Angra dos Reis; a Metalu, maior fabricante mundial de p\u00ederes e passarelas em alum\u00ednio; a SF Marina, l\u00edder global em docas flutuantes de concreto e quebra-mares para marinas e portos; e a JAQ Apoio Mar\u00edtimo, dedicada a projetos inovadores, pesquisas e sustentabilidade. O Grupo N\u00e1utica tamb\u00e9m desenvolve iniciativas de impacto socioambiental que integram educa\u00e7\u00e3o, cidadania e preserva\u00e7\u00e3o, como \u201cS\u00f3 Jogue na \u00c1gua o que Peixe Pode Comer\u201d, criada por Ziraldo, e \u201cPor Uma Cidade Naveg\u00e1vel\u201d, que promove a revaloriza\u00e7\u00e3o das vias aqu\u00e1ticas urbanas. Al\u00e9m disso, \u00e9 respons\u00e1vel pelos principais Guias de Turismo N\u00e1utico do pa\u00eds, refer\u00eancia para navegadores, turistas e gestores p\u00fablicos.<\/p>\n<p>Mais informa\u00e7\u00f5es: https:\/\/gruponautica.com.br\/<\/p>\n","protected":false},"excerpt":{"rendered":"<p>Tend\u00eancia internacional \u201cyacht standard\u201d, com plantas mais integradas, grandes \u00e1reas envidra\u00e7adas, materiais sofisticados e ambientes pensados para viver a bordo, revela como o refinamento e a amplitude de resid\u00eancias de luxo est\u00e3o sendo exportados para o interior dos barcos de luxo e ca\u00edram no gosto do cliente brasileiro. O barco de luxo est\u00e1 cada vez [&hellip;]<\/p>\n","protected":false},"author":9,"featured_media":129488,"comment_status":"closed","ping_status":"closed","sticky":false,"template":"","format":"standard","meta":{"footnotes":""},"categories":[1,28],"tags":[],"class_list":{"0":"post-129487","1":"post","2":"type-post","3":"status-publish","4":"format-standard","5":"has-post-thumbnail","7":"category-instagram","8":"category-noticias"},"_links":{"self":[{"href":"https:\/\/cidadeazulnoticias.com.br\/wp-json\/wp\/v2\/posts\/129487"}],"collection":[{"href":"https:\/\/cidadeazulnoticias.com.br\/wp-json\/wp\/v2\/posts"}],"about":[{"href":"https:\/\/cidadeazulnoticias.com.br\/wp-json\/wp\/v2\/types\/post"}],"author":[{"embeddable":true,"href":"https:\/\/cidadeazulnoticias.com.br\/wp-json\/wp\/v2\/users\/9"}],"replies":[{"embeddable":true,"href":"https:\/\/cidadeazulnoticias.com.br\/wp-json\/wp\/v2\/comments?post=129487"}],"version-history":[{"count":1,"href":"https:\/\/cidadeazulnoticias.com.br\/wp-json\/wp\/v2\/posts\/129487\/revisions"}],"predecessor-version":[{"id":129490,"href":"https:\/\/cidadeazulnoticias.com.br\/wp-json\/wp\/v2\/posts\/129487\/revisions\/129490"}],"wp:featuredmedia":[{"embeddable":true,"href":"https:\/\/cidadeazulnoticias.com.br\/wp-json\/wp\/v2\/media\/129488"}],"wp:attachment":[{"href":"https:\/\/cidadeazulnoticias.com.br\/wp-json\/wp\/v2\/media?parent=129487"}],"wp:term":[{"taxonomy":"category","embeddable":true,"href":"https:\/\/cidadeazulnoticias.com.br\/wp-json\/wp\/v2\/categories?post=129487"},{"taxonomy":"post_tag","embeddable":true,"href":"https:\/\/cidadeazulnoticias.com.br\/wp-json\/wp\/v2\/tags?post=129487"}],"curies":[{"name":"wp","href":"https:\/\/api.w.org\/{rel}","templated":true}]}},{"id":129478,"date":"2026-08-21T19:11:34","date_gmt":"2026-08-21T22:11:34","guid":{"rendered":"https:\/\/cidadeazulnoticias.com.br\/?p=129478"},"modified":"2026-08-21T19:11:34","modified_gmt":"2026-08-21T22:11:34","slug":"quatro-presos-e-um-estoque-de-drogas-que-nao-cabia-no-carrinho-de-supermercado","status":"publish","type":"post","link":"https:\/\/cidadeazulnoticias.com.br\/quatro-presos-e-um-estoque-de-drogas-que-nao-cabia-no-carrinho-de-supermercado\/","title":{"rendered":"Quatro presos e um \u201cestoque\u201d de drogas que n\u00e3o cabia no carrinho de supermercado"},"content":{"rendered":"<h2><em>Brotas tem quarta opera\u00e7\u00e3o contra o tr\u00e1fico na semana; a\u00e7\u00e3o da Pol\u00edcia Civil, com apoio da Guarda Municipal, apreendeu coca\u00edna, crack, haxixe, maconha, dinheiro e materiais usados no preparo e fracionamento dos entorpecentes.<\/em><\/h2>\n<p>A semana terminou com mais uma baixa para o tr\u00e1fico de drogas em Brotas. Nesta sexta-feira (21), a Pol\u00edcia Civil realizou a quarta opera\u00e7\u00e3o de combate ao com\u00e9rcio de entorpecentes no munic\u00edpio somente nesta semana, em uma a\u00e7\u00e3o que contou com o apoio da Guarda Municipal.<\/p>\n<p>O resultado foi expressivo: quatro homens foram presos em flagrante e uma grande quantidade de drogas foi retirada de circula\u00e7\u00e3o.<\/p>\n<p>A opera\u00e7\u00e3o teve como alvo um im\u00f3vel localizado na Rua Jarbas Almeida Sim\u00f5es, que vinha sendo monitorado pelos investigadores dentro de uma apura\u00e7\u00e3o sobre poss\u00edvel armazenamento, prepara\u00e7\u00e3o e distribui\u00e7\u00e3o de drogas.<\/p>\n<p>Segundo a Pol\u00edcia Civil, durante o acompanhamento do local, os agentes teriam observado movimenta\u00e7\u00f5es consideradas compat\u00edveis com o tr\u00e1fico. Em determinado momento, um dos investigados teria escondido uma bolsa contendo drogas no telhado da resid\u00eancia, enquanto outro teria ocultado parte do material sob uma pedra, em um terreno ao lado.<\/p>\n<p>A investiga\u00e7\u00e3o tamb\u00e9m apontou que outro suspeito estaria preparando por\u00e7\u00f5es de entorpecentes, com aux\u00edlio de um quarto envolvido.<\/p>\n<p>Quando tr\u00eas dos investigados deixaram o im\u00f3vel em um Ford Fiesta Sedan prata, os policiais realizaram a abordagem na Rua \u00c2ngelo Dalla Dea, cruzamento com a Avenida Mario Pinotti. Nenhuma droga foi encontrada diretamente com eles, mas um dos homens carregava R$ 64 em dinheiro.<\/p>\n<p>Enquanto isso, outra equipe permaneceu na resid\u00eancia e realizou as buscas.<\/p>\n<p>E foi a\u00ed que o cen\u00e1rio come\u00e7ou a ficar bem menos parecido com uma simples fiscaliza\u00e7\u00e3o e muito mais parecido com um verdadeiro \u201cestoque\u201d do tr\u00e1fico.<\/p>\n<p>Um verdadeiro arsenal de entorpecentes<\/p>\n<p>Durante as buscas, os policiais localizaram:<\/p>\n<p>189 frascos contendo coca\u00edna;<br \/>\naproximadamente 205 gramas de coca\u00edna a granel;<br \/>\n195 pedras de crack;<br \/>\num tijolo de crack com aproximadamente 1,055 quilo;<br \/>\numa pedra de crack de aproximadamente 160 gramas;<br \/>\ncerca de 40 gramas de crack em um pote;<br \/>\nquatro grandes por\u00e7\u00f5es de haxixe, totalizando aproximadamente 600 gramas;<br \/>\numa pequena por\u00e7\u00e3o de maconha;<br \/>\nbalan\u00e7a de precis\u00e3o;<br \/>\neppendorfs;<br \/>\nfrascos vazios;<br \/>\ndiversos sacos pl\u00e1sticos;<br \/>\nmaquininha de cart\u00e3o;<br \/>\naparelhos celulares;<br \/>\nR$ 1.064 em dinheiro;<br \/>\nal\u00e9m do ve\u00edculo Ford Fiesta.<\/p>\n<p>Com tamanha variedade, aparentemente havia op\u00e7\u00e3o para quase todo tipo de \u201ccliente\u201d do com\u00e9rcio ilegal. Mas, desta vez, quem passou no caixa foram os policiais \u2014 e a conta terminou em quatro pris\u00f5es.<\/p>\n<h3>Divis\u00e3o de tarefas<\/h3>\n<p>De acordo com a investiga\u00e7\u00e3o, os elementos reunidos durante o monitoramento indicam que os quatro suspeitos atuariam de maneira conjunta, com uma aparente divis\u00e3o de tarefas entre prepara\u00e7\u00e3o, armazenamento, oculta\u00e7\u00e3o e fracionamento das drogas.<\/p>\n<p>Todos foram conduzidos \u00e0 Delegacia de Pol\u00edcia de Brotas. Durante os interrogat\u00f3rios, foram informados sobre seus direitos constitucionais e optaram por permanecer em sil\u00eancio. Um dos envolvidos informou estar acompanhado de advogada.<\/p>\n<p>Ap\u00f3s analisar o material apresentado, a Autoridade Policial ratificou as pris\u00f5es em flagrante.<\/p>\n<p>Embora os quatro sejam prim\u00e1rios, a Pol\u00edcia Civil representou pela convers\u00e3o das pris\u00f5es em preventivas, considerando a quantidade e variedade dos entorpecentes apreendidos e os ind\u00edcios de atua\u00e7\u00e3o conjunta e organizada.<\/p>\n<p>A decis\u00e3o sobre a manuten\u00e7\u00e3o das pris\u00f5es agora cabe ao Poder Judici\u00e1rio.<\/p>\n<h4>Quarta opera\u00e7\u00e3o em apenas uma semana<\/h4>\n<p>A ocorr\u00eancia chama aten\u00e7\u00e3o tamb\u00e9m pela sequ\u00eancia de a\u00e7\u00f5es. Esta foi a quarta opera\u00e7\u00e3o realizada pela Pol\u00edcia Civil de Brotas contra o tr\u00e1fico de drogas somente nesta semana.<\/p>\n<p>As imagens e v\u00eddeos obtidos durante o monitoramento dever\u00e3o ser anexados aos autos da investiga\u00e7\u00e3o e poder\u00e3o auxiliar no prosseguimento das apura\u00e7\u00f5es.<\/p>\n<p>No balan\u00e7o desta sexta-feira, o tr\u00e1fico perdeu quatro suspeitos, uma boa quantidade de drogas e ainda viu seu \u201cestoque\u201d ser descoberto. Em Brotas, pelo menos nesta semana, a mensagem das for\u00e7as de seguran\u00e7a parece estar bem clara: quem insiste em transformar a cidade em ponto de distribui\u00e7\u00e3o de drogas pode acabar recebendo a visita \u2014 nada agrad\u00e1vel \u2014 da pol\u00edcia.<\/p>\n<p>&nbsp;<\/p>\n","protected":false},"excerpt":{"rendered":"<p>Brotas tem quarta opera\u00e7\u00e3o contra o tr\u00e1fico na semana; a\u00e7\u00e3o da Pol\u00edcia Civil, com apoio da Guarda Municipal, apreendeu coca\u00edna, crack, haxixe, maconha, dinheiro e materiais usados no preparo e fracionamento dos entorpecentes. A semana terminou com mais uma baixa para o tr\u00e1fico de drogas em Brotas. Nesta sexta-feira (21), a Pol\u00edcia Civil realizou a [&hellip;]<\/p>\n","protected":false},"author":9,"featured_media":129479,"comment_status":"closed","ping_status":"closed","sticky":false,"template":"","format":"standard","meta":{"footnotes":""},"categories":[1,2],"tags":[9681,10472,69,12006,10589,68,11073,10352,70,9128,13741,8921,8918],"class_list":{"0":"post-129478","1":"post","2":"type-post","3":"status-publish","4":"format-standard","5":"has-post-thumbnail","7":"category-instagram","8":"category-seguranca","9":"tag-brotas","10":"tag-cidadeazulnoticias","11":"tag-cocaina","12":"tag-combateaotrafico","13":"tag-crack","14":"tag-drogas","15":"tag-guardamunicipal","16":"tag-haxixe","17":"tag-maconha","18":"tag-policia","19":"tag-policiacivi","20":"tag-segurancapublica","21":"tag-traficodedrogas"},"_links":{"self":[{"href":"https:\/\/cidadeazulnoticias.com.br\/wp-json\/wp\/v2\/posts\/129478"}],"collection":[{"href":"https:\/\/cidadeazulnoticias.com.br\/wp-json\/wp\/v2\/posts"}],"about":[{"href":"https:\/\/cidadeazulnoticias.com.br\/wp-json\/wp\/v2\/types\/post"}],"author":[{"embeddable":true,"href":"https:\/\/cidadeazulnoticias.com.br\/wp-json\/wp\/v2\/users\/9"}],"replies":[{"embeddable":true,"href":"https:\/\/cidadeazulnoticias.com.br\/wp-json\/wp\/v2\/comments?post=129478"}],"version-history":[{"count":1,"href":"https:\/\/cidadeazulnoticias.com.br\/wp-json\/wp\/v2\/posts\/129478\/revisions"}],"predecessor-version":[{"id":129480,"href":"https:\/\/cidadeazulnoticias.com.br\/wp-json\/wp\/v2\/posts\/129478\/revisions\/129480"}],"wp:featuredmedia":[{"embeddable":true,"href":"https:\/\/cidadeazulnoticias.com.br\/wp-json\/wp\/v2\/media\/129479"}],"wp:attachment":[{"href":"https:\/\/cidadeazulnoticias.com.br\/wp-json\/wp\/v2\/media?parent=129478"}],"wp:term":[{"taxonomy":"category","embeddable":true,"href":"https:\/\/cidadeazulnoticias.com.br\/wp-json\/wp\/v2\/categories?post=129478"},{"taxonomy":"post_tag","embeddable":true,"href":"https:\/\/cidadeazulnoticias.com.br\/wp-json\/wp\/v2\/tags?post=129478"}],"curies":[{"name":"wp","href":"https:\/\/api.w.org\/{rel}","templated":true}]}},{"id":129474,"date":"2026-08-21T16:54:33","date_gmt":"2026-08-21T19:54:33","guid":{"rendered":"https:\/\/cidadeazulnoticias.com.br\/?p=129474"},"modified":"2026-08-21T16:54:33","modified_gmt":"2026-08-21T19:54:33","slug":"prefeitura-repara-asfalto-em-trechos-do-jardim-portugal","status":"publish","type":"post","link":"https:\/\/cidadeazulnoticias.com.br\/prefeitura-repara-asfalto-em-trechos-do-jardim-portugal\/","title":{"rendered":"Prefeitura repara asfalto em trechos do Jardim Portugal"},"content":{"rendered":"<h2><em>Trabalho foi realizado na sexta-feira.<\/em><\/h2>\n<p>A prefeitura de Rio Claro realizou na sexta-feira (21) tapa-buracos em trechos de vias do Jardim Portugal. Esse trabalho \u00e9 realizado pela Secretaria Municipal de Obras.<\/p>\n<p>A\u00e7\u00f5es como essa s\u00e3o feitas em v\u00e1rias regi\u00f5es da cidade, em conjunto com recapeamentos e pavimenta\u00e7\u00f5es.<\/p>\n<p>A prefeitura tamb\u00e9m realiza suaviza\u00e7\u00e3o de valetas, amplia\u00e7\u00e3o e substitui\u00e7\u00e3o da sinaliza\u00e7\u00e3o de tr\u00e2nsito e coloca\u00e7\u00e3o de sem\u00e1foros.<\/p>\n<p>Essas a\u00e7\u00f5es tornam o tr\u00e2nsito mais seguro, \u00e1gil e organizado para motoristas, motociclistas, ciclistas e pedestres.<\/p>\n","protected":false},"excerpt":{"rendered":"<p>Trabalho foi realizado na sexta-feira. A prefeitura de Rio Claro realizou na sexta-feira (21) tapa-buracos em trechos de vias do Jardim Portugal. Esse trabalho \u00e9 realizado pela Secretaria Municipal de Obras. A\u00e7\u00f5es como essa s\u00e3o feitas em v\u00e1rias regi\u00f5es da cidade, em conjunto com recapeamentos e pavimenta\u00e7\u00f5es. A prefeitura tamb\u00e9m realiza suaviza\u00e7\u00e3o de valetas, amplia\u00e7\u00e3o [&hellip;]<\/p>\n","protected":false},"author":9,"featured_media":129475,"comment_status":"closed","ping_status":"closed","sticky":false,"template":"","format":"standard","meta":{"footnotes":""},"categories":[1,187],"tags":[],"class_list":{"0":"post-129474","1":"post","2":"type-post","3":"status-publish","4":"format-standard","5":"has-post-thumbnail","7":"category-instagram","8":"category-rio-claro"},"_links":{"self":[{"href":"https:\/\/cidadeazulnoticias.com.br\/wp-json\/wp\/v2\/posts\/129474"}],"collection":[{"href":"https:\/\/cidadeazulnoticias.com.br\/wp-json\/wp\/v2\/posts"}],"about":[{"href":"https:\/\/cidadeazulnoticias.com.br\/wp-json\/wp\/v2\/types\/post"}],"author":[{"embeddable":true,"href":"https:\/\/cidadeazulnoticias.com.br\/wp-json\/wp\/v2\/users\/9"}],"replies":[{"embeddable":true,"href":"https:\/\/cidadeazulnoticias.com.br\/wp-json\/wp\/v2\/comments?post=129474"}],"version-history":[{"count":1,"href":"https:\/\/cidadeazulnoticias.com.br\/wp-json\/wp\/v2\/posts\/129474\/revisions"}],"predecessor-version":[{"id":129476,"href":"https:\/\/cidadeazulnoticias.com.br\/wp-json\/wp\/v2\/posts\/129474\/revisions\/129476"}],"wp:featuredmedia":[{"embeddable":true,"href":"https:\/\/cidadeazulnoticias.com.br\/wp-json\/wp\/v2\/media\/129475"}],"wp:attachment":[{"href":"https:\/\/cidadeazulnoticias.com.br\/wp-json\/wp\/v2\/media?parent=129474"}],"wp:term":[{"taxonomy":"category","embeddable":true,"href":"https:\/\/cidadeazulnoticias.com.br\/wp-json\/wp\/v2\/categories?post=129474"},{"taxonomy":"post_tag","embeddable":true,"href":"https:\/\/cidadeazulnoticias.com.br\/wp-json\/wp\/v2\/tags?post=129474"}],"curies":[{"name":"wp","href":"https:\/\/api.w.org\/{rel}","templated":true}]}},{"id":129466,"date":"2026-08-21T14:12:06","date_gmt":"2026-08-21T17:12:06","guid":{"rendered":"https:\/\/cidadeazulnoticias.com.br\/?p=129466"},"modified":"2026-08-21T14:12:06","modified_gmt":"2026-08-21T17:12:06","slug":"whirlpool-e-fatec-rio-claro-iniciarao-maratona-tecnologica-de-inteligencia-artificial-na-fabrica-do-futuro-nesta-quinta-feira-20","status":"publish","type":"post","link":"https:\/\/cidadeazulnoticias.com.br\/whirlpool-e-fatec-rio-claro-iniciarao-maratona-tecnologica-de-inteligencia-artificial-na-fabrica-do-futuro-nesta-quinta-feira-20\/","title":{"rendered":"Whirlpool e FATEC Rio Claro iniciar\u00e3o maratona tecnol\u00f3gica de Intelig\u00eancia Artificial na &#8220;F\u00e1brica do Futuro&#8221; nesta quinta-feira (20)"},"content":{"rendered":"<h2><em>Hackathon de IA e Machine Learning conecta estudantes aos desafios reais da Ind\u00fastria 4.0 dentro da maior e mais inovadora planta fabril da regi\u00e3o.<\/em><\/h2>\n<p>A Whirlpool, detentora das marcas Brastemp, Consul e KitchenAid no Brasil, iniciou nessa quinta-feira (20) o Hackathon F\u00e1brica do Futuro 2026. Desenvolvido em parceria com a Fatec Rio Claro, o evento tem o objetivo de integrar o conhecimento acad\u00eamico com os desafios reais de manufatura da Ind\u00fastria 4.0. Durante a maratona imersiva de inova\u00e7\u00e3o, os estudantes ter\u00e3o a oportunidade de desenvolver solu\u00e7\u00f5es tecnol\u00f3gicas baseadas em Intelig\u00eancia Artificial (IA) e Machine Learning para aplica\u00e7\u00e3o direta nas linhas de produ\u00e7\u00e3o da Companhia.<br \/>\nO palco escolhido para a competi\u00e7\u00e3o \u00e9 a F\u00e1brica do Futuro. Inaugurado em dezembro de 2025 na unidade de Rio Claro com um investimento superior a R$ 3 milh\u00f5es, o hub de inova\u00e7\u00e3o \u00e9 dedicado \u00e0 digitaliza\u00e7\u00e3o da manufatura e \u00e0 acelera\u00e7\u00e3o do uso de tecnologias como rob\u00f3tica colaborativa, vis\u00e3o computacional, Digital Twin, Internet das Coisas (IoT) e realidade aumentada. O ponto alto da maratona ser\u00e1 o Hackathon Day, em 29 de agosto, uma jornada intensiva de programa\u00e7\u00e3o e idea\u00e7\u00e3o na F\u00e1brica do Futuro, com suporte direto de mentores t\u00e9cnicos da Whirlpool.<br \/>\nAp\u00f3s o envio dos pitches finais, as propostas ser\u00e3o avaliadas por uma banca examinadora no dia 31 de agosto, que julgar\u00e1 a l\u00f3gica do c\u00f3digo-fonte, a funcionalidade do modelo de intelig\u00eancia artificial e a inova\u00e7\u00e3o dos pitches, encerrando o evento com uma cerim\u00f4nia de premia\u00e7\u00e3o.<br \/>\nA proposta refor\u00e7a o compromisso do grupo de gerar valor na comunidade de Rio Claro, estimulando a qualifica\u00e7\u00e3o t\u00e9cnica local e forma\u00e7\u00e3o de m\u00e3o de obra qualificada para um mercado cada vez mais desafiador em n\u00edvel mundial. Os resultados dessas solu\u00e7\u00f5es inovadoras servir\u00e3o para acelerar ainda mais o avan\u00e7o industrial da Whirlpool. Como ressalta Alcino Lobianco, Diretor da planta de Rio Claro: &#8220;Nosso prop\u00f3sito de melhorar a vida em casa come\u00e7a na forma como produzimos, e o Hackathon Fatec e F\u00e1brica do Futuro \u00e9 a prova de que a inova\u00e7\u00e3o na Ind\u00fastria 4.0 se constr\u00f3i a muitas m\u00e3os. Ao abrir nossas portas para os estudantes aplicarem Intelig\u00eancia Artificial e Machine Learning em desafios reais de manufatura, aceleramos a efici\u00eancia e a sustentabilidade das nossas linhas, ao mesmo tempo em que transformamos o nosso hub em um modelo de excel\u00eancia replic\u00e1vel para outras opera\u00e7\u00f5es&#8221;.<br \/>\nSobre a Whirlpool Corporation A Whirlpool Corporation (NYSE: WHR) \u00e9 uma das principais empresas de eletrodom\u00e9sticos e est\u00e1 em constante busca para melhorar a qualidade de vida em casa. Como a maior fabricante de eletrodom\u00e9sticos com sede nos Estados Unidos, a empresa est\u00e1 impulsionando inova\u00e7\u00f5es significativas para atender \u00e0s necessidades dos consumidores, que est\u00e3o em constante evolu\u00e7\u00e3o, por meio de seu ic\u00f4nico portf\u00f3lio de marcas, incluindo Whirlpool, KitchenAid, JennAir, Maytag, Amana, Brastemp, Consul e InSinkErator. Em 2024, a empresa reportou aproximadamente $17 bilh\u00f5es em vendas, com quase 90% delas nas Am\u00e9ricas, contando com 44.000 funcion\u00e1rios e 40 centros de pesquisa e tecnologia. Mais informa\u00e7\u00f5es sobre a empresa podem ser encontradas em WhirlpoolCorp.com.<\/p>\n","protected":false},"excerpt":{"rendered":"<p>Hackathon de IA e Machine Learning conecta estudantes aos desafios reais da Ind\u00fastria 4.0 dentro da maior e mais inovadora planta fabril da regi\u00e3o. A Whirlpool, detentora das marcas Brastemp, Consul e KitchenAid no Brasil, iniciou nessa quinta-feira (20) o Hackathon F\u00e1brica do Futuro 2026. Desenvolvido em parceria com a Fatec Rio Claro, o evento [&hellip;]<\/p>\n","protected":false},"author":9,"featured_media":122899,"comment_status":"closed","ping_status":"closed","sticky":false,"template":"","format":"standard","meta":{"footnotes":""},"categories":[1,187],"tags":[],"class_list":{"0":"post-129466","1":"post","2":"type-post","3":"status-publish","4":"format-standard","5":"has-post-thumbnail","7":"category-instagram","8":"category-rio-claro"},"_links":{"self":[{"href":"https:\/\/cidadeazulnoticias.com.br\/wp-json\/wp\/v2\/posts\/129466"}],"collection":[{"href":"https:\/\/cidadeazulnoticias.com.br\/wp-json\/wp\/v2\/posts"}],"about":[{"href":"https:\/\/cidadeazulnoticias.com.br\/wp-json\/wp\/v2\/types\/post"}],"author":[{"embeddable":true,"href":"https:\/\/cidadeazulnoticias.com.br\/wp-json\/wp\/v2\/users\/9"}],"replies":[{"embeddable":true,"href":"https:\/\/cidadeazulnoticias.com.br\/wp-json\/wp\/v2\/comments?post=129466"}],"version-history":[{"count":1,"href":"https:\/\/cidadeazulnoticias.com.br\/wp-json\/wp\/v2\/posts\/129466\/revisions"}],"predecessor-version":[{"id":129467,"href":"https:\/\/cidadeazulnoticias.com.br\/wp-json\/wp\/v2\/posts\/129466\/revisions\/129467"}],"wp:featuredmedia":[{"embeddable":true,"href":"https:\/\/cidadeazulnoticias.com.br\/wp-json\/wp\/v2\/media\/122899"}],"wp:attachment":[{"href":"https:\/\/cidadeazulnoticias.com.br\/wp-json\/wp\/v2\/media?parent=129466"}],"wp:term":[{"taxonomy":"category","embeddable":true,"href":"https:\/\/cidadeazulnoticias.com.br\/wp-json\/wp\/v2\/categories?post=129466"},{"taxonomy":"post_tag","embeddable":true,"href":"https:\/\/cidadeazulnoticias.com.br\/wp-json\/wp\/v2\/tags?post=129466"}],"curies":[{"name":"wp","href":"https:\/\/api.w.org\/{rel}","templated":true}]}},{"id":129462,"date":"2026-08-21T13:54:41","date_gmt":"2026-08-21T16:54:41","guid":{"rendered":"https:\/\/cidadeazulnoticias.com.br\/?p=129462"},"modified":"2026-08-21T13:54:41","modified_gmt":"2026-08-21T16:54:41","slug":"inscricoes-gratuitas-para-curso-de-cenografia-terminam-no-domingo","status":"publish","type":"post","link":"https:\/\/cidadeazulnoticias.com.br\/inscricoes-gratuitas-para-curso-de-cenografia-terminam-no-domingo\/","title":{"rendered":"Inscri\u00e7\u00f5es gratuitas para curso de cenografia terminam no domingo"},"content":{"rendered":"<h2><em>Curso sobre cenografia de teatro, cinema e eventos capacita ao mercado de trabalho t\u00e9cnico-art\u00edstico.<\/em><\/h2>\n<p>Est\u00e3o abertas em Rio Claro as inscri\u00e7\u00f5es gratuitas para o curso Cenografia Pr\u00e1tica: da Concep\u00e7\u00e3o \u00e0 Constru\u00e7\u00e3o. As vagas, limitadas, s\u00e3o restritas a 25 alunos. Os interessados n\u00e3o devem perder tempo, pois poder\u00e3o se inscrever somente at\u00e9 esse domingo, dia 23.<\/p>\n<p>Para fazer a inscri\u00e7\u00e3o \u00e9 preciso acessar o site www.cultsppro.org.br\/ e colocar o nome da atividade no campo \u201cProcure seu curso\u201d. Outra op\u00e7\u00e3o \u00e9 acessar diretamente o endere\u00e7o https:\/\/www.cultsppro.org.br\/cenografia-pratica-da-concepcao-a-construcao\/ .<\/p>\n<p>As aulas ser\u00e3o realizadas de 8 de setembro a 1\u00ba de outubro e ter\u00e3o carga hor\u00e1ria de 36 horas, com atividades \u00e0s ter\u00e7as, quartas e quintas-feiras das 19 \u00e0s 22 horas, no Casar\u00e3o da Cultura (Avenida 3, esquina com Rua 7, Centro).<\/p>\n<p>O curso oferece imers\u00e3o completa no universo da cenografia para teatro, cinema e eventos, abordando o processo criativo e t\u00e9cnico de forma pr\u00e1tica. O conte\u00fado do curso inclui an\u00e1lise do briefing ou texto dram\u00e1tico e desenvolvimento de esbo\u00e7os e desenhos t\u00e9cnicos (plantas e cortes), at\u00e9 a materializa\u00e7\u00e3o do espa\u00e7o c\u00eanico.<\/p>\n<p>Ser\u00e3o estudados crit\u00e9rios para a escolha de materiais (madeira, metal, tecidos, texturas e volumetrias), t\u00e9cnicas de modelagem em maquete, planejamento or\u00e7ament\u00e1rio e seguran\u00e7a no trabalho.<\/p>\n<p>O curso ser\u00e1 encerrado com a confec\u00e7\u00e3o, pintura de arte e montagem real de elemento cenogr\u00e1fico, preparando o aluno para os desafios reais do mercado de trabalho t\u00e9cnico-art\u00edstico.<\/p>\n<p>As aulas ser\u00e3o ministradas pela artista Daiane Baumgartner, que tamb\u00e9m \u00e9 construtora de bonecos e pesquisadora das formas animadas.<\/p>\n<p>Daiane atua no desenvolvimento de cen\u00e1rios, maquetes e estruturas c\u00eanicas que articulam narrativa e visualidade, e tem ampla experi\u00eancia na execu\u00e7\u00e3o de elementos tridimensionais, em escala real e miniatura.<\/p>\n<p>A realiza\u00e7\u00e3o \u00e9 da Secretaria da Cultura, Economia e Ind\u00fastria Criativas do Estado de S\u00e3o Paulo, por meio do programa CultSP Pro. Em Rio Claro, as atividade s\u00e3o oferecidas em parceria com a prefeitura, por interm\u00e9dio da Secretaria Municipal de Cultura.<\/p>\n","protected":false},"excerpt":{"rendered":"<p>Curso sobre cenografia de teatro, cinema e eventos capacita ao mercado de trabalho t\u00e9cnico-art\u00edstico. Est\u00e3o abertas em Rio Claro as inscri\u00e7\u00f5es gratuitas para o curso Cenografia Pr\u00e1tica: da Concep\u00e7\u00e3o \u00e0 Constru\u00e7\u00e3o. As vagas, limitadas, s\u00e3o restritas a 25 alunos. Os interessados n\u00e3o devem perder tempo, pois poder\u00e3o se inscrever somente at\u00e9 esse domingo, dia 23. [&hellip;]<\/p>\n","protected":false},"author":9,"featured_media":129464,"comment_status":"closed","ping_status":"closed","sticky":false,"template":"","format":"standard","meta":{"footnotes":""},"categories":[1,187],"tags":[],"class_list":{"0":"post-129462","1":"post","2":"type-post","3":"status-publish","4":"format-standard","5":"has-post-thumbnail","7":"category-instagram","8":"category-rio-claro"},"_links":{"self":[{"href":"https:\/\/cidadeazulnoticias.com.br\/wp-json\/wp\/v2\/posts\/129462"}],"collection":[{"href":"https:\/\/cidadeazulnoticias.com.br\/wp-json\/wp\/v2\/posts"}],"about":[{"href":"https:\/\/cidadeazulnoticias.com.br\/wp-json\/wp\/v2\/types\/post"}],"author":[{"embeddable":true,"href":"https:\/\/cidadeazulnoticias.com.br\/wp-json\/wp\/v2\/users\/9"}],"replies":[{"embeddable":true,"href":"https:\/\/cidadeazulnoticias.com.br\/wp-json\/wp\/v2\/comments?post=129462"}],"version-history":[{"count":1,"href":"https:\/\/cidadeazulnoticias.com.br\/wp-json\/wp\/v2\/posts\/129462\/revisions"}],"predecessor-version":[{"id":129465,"href":"https:\/\/cidadeazulnoticias.com.br\/wp-json\/wp\/v2\/posts\/129462\/revisions\/129465"}],"wp:featuredmedia":[{"embeddable":true,"href":"https:\/\/cidadeazulnoticias.com.br\/wp-json\/wp\/v2\/media\/129464"}],"wp:attachment":[{"href":"https:\/\/cidadeazulnoticias.com.br\/wp-json\/wp\/v2\/media?parent=129462"}],"wp:term":[{"taxonomy":"category","embeddable":true,"href":"https:\/\/cidadeazulnoticias.com.br\/wp-json\/wp\/v2\/categories?post=129462"},{"taxonomy":"post_tag","embeddable":true,"href":"https:\/\/cidadeazulnoticias.com.br\/wp-json\/wp\/v2\/tags?post=129462"}],"curies":[{"name":"wp","href":"https:\/\/api.w.org\/{rel}","templated":true}]}},{"id":129460,"date":"2026-08-21T13:35:32","date_gmt":"2026-08-21T16:35:32","guid":{"rendered":"https:\/\/cidadeazulnoticias.com.br\/?p=129460"},"modified":"2026-08-21T13:35:32","modified_gmt":"2026-08-21T16:35:32","slug":"confronto-com-o-baep-termina-com-dois-mortos-apos-roubo-a-farmacia-em-rio-claro","status":"publish","type":"post","link":"https:\/\/cidadeazulnoticias.com.br\/confronto-com-o-baep-termina-com-dois-mortos-apos-roubo-a-farmacia-em-rio-claro\/","title":{"rendered":"Confronto com o BAEP termina com dois mortos ap\u00f3s roubo a farm\u00e1cia em Rio Claro"},"content":{"rendered":"<h2><em>Dupla que teria assaltado farm\u00e1cia foi localizada ap\u00f3s fuga de bicicleta e morreu durante troca de tiros em uma \u00e1rea de mata \u00e0s margens do Ribeir\u00e3o Claro<\/em><\/h2>\n<p>A ocorr\u00eancia que come\u00e7ou com um roubo a uma farm\u00e1cia e terminou em confronto armado ganhou novos detalhes ap\u00f3s o acesso ao Boletim de Ocorr\u00eancia. Os dois homens apontados como envolvidos no crime morreram durante a interven\u00e7\u00e3o policial na noite de quarta-feira (19), em uma \u00e1rea de mata localizada \u00e0s margens do Ribeir\u00e3o Claro, na regi\u00e3o da Estrada Velha de Araras, em Rio Claro.<\/p>\n<p>Os mortos foram identificados no registro policial pelas iniciais A.P.F., de 42 anos, e L.F.A.C., de 33 anos. Por respeito \u00e0 privacidade e aos familiares, esta reportagem n\u00e3o divulga os nomes completos.<\/p>\n<p>Segundo consta no BO, a Pol\u00edcia Civil foi acionada ap\u00f3s receber informa\u00e7\u00f5es sobre um roubo em andamento em uma unidade da Drogaria Raia, na Avenida Felicio Castelano. Os criminosos teriam deixado o estabelecimento utilizando uma bicicleta.<\/p>\n<p>Durante o patrulhamento de a\u00e7\u00f5es especiais, equipes do 10\u00ba BAEP (Batalh\u00e3o de A\u00e7\u00f5es Especiais de Pol\u00edcia) receberam informa\u00e7\u00f5es de que dois indiv\u00edduos em uma bicicleta branca, carregando mochilas e aparentemente armados, haviam acessado uma via que dava acesso \u00e0 Estrada de Araras.<\/p>\n<p>Os policiais seguiram pelo trajeto indicado e, nas proximidades de uma ponte, localizaram dois homens com caracter\u00edsticas semelhantes \u00e0s informadas.<\/p>\n<p>Foi a\u00ed que a hist\u00f3ria mudou de velocidade.<\/p>\n<p>Ao perceberem a presen\u00e7a das equipes policiais, os suspeitos perderam o controle da bicicleta e fugiram a p\u00e9 em dire\u00e7\u00e3o ao rio, entrando em uma regi\u00e3o de mata.<\/p>\n<p>De acordo com os relatos registrados no boletim, os policiais acompanharam os indiv\u00edduos pelo interior da \u00e1rea de vegeta\u00e7\u00e3o. Durante a persegui\u00e7\u00e3o, teria ocorrido um confronto armado.<\/p>\n<p>Ap\u00f3s a interven\u00e7\u00e3o policial, os dois homens foram encontrados feridos. O socorro m\u00e9dico foi acionado pelo COPOM, mas ambos morreram ainda no local.<\/p>\n<p>A per\u00edcia foi acionada e esteve na \u00e1rea, descrita no BO como uma regi\u00e3o era de mata. O documento registra ainda que n\u00e3o havia testemunhas civis no local do confronto.<\/p>\n<p>Duas pistolas calibre 9 mm<\/p>\n<p>Durante a per\u00edcia e os trabalhos realizados no local, foram apreendidas duas pistolas calibre 9 mm, al\u00e9m de dinheiro que, segundo o registro, seria proveniente do roubo \u00e0 farm\u00e1cia.<\/p>\n<p>Tamb\u00e9m foram encontrados celulares, alian\u00e7as, correntes e outros objetos que podem estar relacionados a outros crimes.<\/p>\n<p>Um detalhe chamou a aten\u00e7\u00e3o dos investigadores: os dois mortos n\u00e3o portavam documentos pessoais no momento da localiza\u00e7\u00e3o. A identifica\u00e7\u00e3o foi posteriormente registrada no boletim.<\/p>\n<p>A ocorr\u00eancia, portanto, n\u00e3o ficou restrita ao roubo praticado naquela noite. Os objetos encontrados levantaram a possibilidade de liga\u00e7\u00e3o da dupla com outros crimes.<\/p>\n<p>Seis v\u00edtimas aparecem no Plant\u00e3o<\/p>\n<p>Enquanto a ocorr\u00eancia era apresentada no Plant\u00e3o Policial de Rio Claro, v\u00edtimas come\u00e7aram a aparecer para tentar recuperar seus pertences e prestar esclarecimentos.<\/p>\n<p>Segundo o BO, compareceram quatro v\u00edtimas do roubo ocorrido na farm\u00e1cia, al\u00e9m de uma pessoa que teve uma bicicleta e um aparelho celular roubados no mesmo dia.<\/p>\n<p>Tamb\u00e9m compareceu uma v\u00edtima de outro roubo, ocorrido em 15 de agosto, que teve o celular levado. O crime havia sido registrado anteriormente em boletim de ocorr\u00eancia.<\/p>\n<p>Para preservar a privacidade dessas pessoas, a reportagem n\u00e3o divulga seus nomes, utilizando apenas as iniciais quando necess\u00e1rio.<\/p>\n<p>Algumas das v\u00edtimas reconheceram objetos recuperados durante a a\u00e7\u00e3o policial. Parte dos pertences foi apreendida e, conforme registrado no boletim, alguns objetos foram posteriormente entregues \u00e0s v\u00edtimas presentes no Plant\u00e3o Policial.<\/p>\n<h3>Quantos tiros foram disparados?<\/h3>\n<p>O Boletim de Ocorr\u00eancia tamb\u00e9m registra, de maneira informal, os relatos dos policiais sobre os disparos efetuados durante o confronto.<\/p>\n<p>Segundo essas informa\u00e7\u00f5es, seis policiais teriam efetuado disparos durante a ocorr\u00eancia, utilizando fuzis calibre 5,56 mm e pistolas Glock calibre .40.<\/p>\n<p>Os relatos apontam para um total de 21 disparos efetuados pelos policiais durante a interven\u00e7\u00e3o.<\/p>\n<p>As armas utilizadas pelos policiais foram apresentadas e a din\u00e2mica do confronto dever\u00e1 ser analisada no decorrer da investiga\u00e7\u00e3o, inclusive por meio dos elementos t\u00e9cnicos produzidos pela per\u00edcia.<\/p>\n<p>Os policiais informaram \u00e0 autoridade policial que pretendem apresentar formalmente suas respectivas vers\u00f5es no curso do inqu\u00e9rito policial.<\/p>\n<h5>Investiga\u00e7\u00e3o vai reconstruir os \u00faltimos minutos<\/h5>\n<p>Com a morte dos dois suspeitos, a investiga\u00e7\u00e3o agora ter\u00e1 a miss\u00e3o de reconstruir detalhadamente os acontecimentos: desde o roubo \u00e0 farm\u00e1cia, a fuga pela bicicleta, a localiza\u00e7\u00e3o da dupla, a entrada na \u00e1rea de mata e a sequ\u00eancia de disparos que terminou com as duas mortes.<\/p>\n<p>A per\u00edcia realizada no local dever\u00e1 contribuir para esclarecer a din\u00e2mica do confronto, enquanto os objetos apreendidos poder\u00e3o ajudar a Pol\u00edcia Civil a verificar se os dois homens tinham rela\u00e7\u00e3o com outros roubos registrados em Rio Claro e regi\u00e3o.<\/p>\n<p>O caso foi registrado no Plant\u00e3o Policial e os materiais apreendidos foram formalmente relacionados em Auto de Exibi\u00e7\u00e3o e Apreens\u00e3o.<\/p>\n<p>A ocorr\u00eancia come\u00e7ou com uma bicicleta branca tentando ganhar dist\u00e2ncia da pol\u00edcia. Terminou em uma \u00e1rea de mata, com duas mortes, duas pistolas 9 mm apreendidas e uma s\u00e9rie de objetos que agora fazem parte do quebra-cabe\u00e7a investigativo.<\/p>\n<p>E, como costuma acontecer em uma boa investiga\u00e7\u00e3o policial, a hist\u00f3ria ainda n\u00e3o terminou no momento em que as armas foram recolhidas. Agora come\u00e7a a fase de descobrir de onde vieram os objetos, quais crimes podem estar relacionados \u00e0 dupla e, principalmente, como exatamente aconteceu o confronto.<\/p>\n<p>Importante: as informa\u00e7\u00f5es sobre a din\u00e2mica do confronto apresentadas nesta reportagem t\u00eam como base o Boletim de Ocorr\u00eancia e os relatos registrados pelos policiais. A investiga\u00e7\u00e3o e os trabalhos periciais dever\u00e3o esclarecer a din\u00e2mica completa dos fatos.<\/p>\n<p>&nbsp;<\/p>\n<p>&nbsp;<\/p>\n","protected":false},"excerpt":{"rendered":"<p>Dupla que teria assaltado farm\u00e1cia foi localizada ap\u00f3s fuga de bicicleta e morreu durante troca de tiros em uma \u00e1rea de mata \u00e0s margens do Ribeir\u00e3o Claro A ocorr\u00eancia que come\u00e7ou com um roubo a uma farm\u00e1cia e terminou em confronto armado ganhou novos detalhes ap\u00f3s o acesso ao Boletim de Ocorr\u00eancia. Os dois homens [&hellip;]<\/p>\n","protected":false},"author":9,"featured_media":98223,"comment_status":"closed","ping_status":"closed","sticky":false,"template":"","format":"standard","meta":{"footnotes":""},"categories":[1,2],"tags":[10738,10723,14336,10472,9886,14335,11459,10484,8917,11725,8919,112,9218],"class_list":{"0":"post-129460","1":"post","2":"type-post","3":"status-publish","4":"format-standard","5":"has-post-thumbnail","7":"category-instagram","8":"category-seguranca","9":"tag-10baep","10":"tag-baep","11":"tag-bairrodoslopes","12":"tag-cidadeazulnoticias","13":"tag-confronto","14":"tag-estradadeararas","15":"tag-plantaopolicial","16":"tag-policiacivil","17":"tag-policiamilitar","18":"tag-ribeiraoclaro","19":"tag-rioclaro","20":"tag-roubo","21":"tag-seguranca"},"_links":{"self":[{"href":"https:\/\/cidadeazulnoticias.com.br\/wp-json\/wp\/v2\/posts\/129460"}],"collection":[{"href":"https:\/\/cidadeazulnoticias.com.br\/wp-json\/wp\/v2\/posts"}],"about":[{"href":"https:\/\/cidadeazulnoticias.com.br\/wp-json\/wp\/v2\/types\/post"}],"author":[{"embeddable":true,"href":"https:\/\/cidadeazulnoticias.com.br\/wp-json\/wp\/v2\/users\/9"}],"replies":[{"embeddable":true,"href":"https:\/\/cidadeazulnoticias.com.br\/wp-json\/wp\/v2\/comments?post=129460"}],"version-history":[{"count":1,"href":"https:\/\/cidadeazulnoticias.com.br\/wp-json\/wp\/v2\/posts\/129460\/revisions"}],"predecessor-version":[{"id":129461,"href":"https:\/\/cidadeazulnoticias.com.br\/wp-json\/wp\/v2\/posts\/129460\/revisions\/129461"}],"wp:featuredmedia":[{"embeddable":true,"href":"https:\/\/cidadeazulnoticias.com.br\/wp-json\/wp\/v2\/media\/98223"}],"wp:attachment":[{"href":"https:\/\/cidadeazulnoticias.com.br\/wp-json\/wp\/v2\/media?parent=129460"}],"wp:term":[{"taxonomy":"category","embeddable":true,"href":"https:\/\/cidadeazulnoticias.com.br\/wp-json\/wp\/v2\/categories?post=129460"},{"taxonomy":"post_tag","embeddable":true,"href":"https:\/\/cidadeazulnoticias.com.br\/wp-json\/wp\/v2\/tags?post=129460"}],"curies":[{"name":"wp","href":"https:\/\/api.w.org\/{rel}","templated":true}]}},{"id":129454,"date":"2026-08-21T09:16:52","date_gmt":"2026-08-21T12:16:52","guid":{"rendered":"https:\/\/cidadeazulnoticias.com.br\/?p=129454"},"modified":"2026-08-21T09:16:52","modified_gmt":"2026-08-21T12:16:52","slug":"fundo-social-de-sp-abre-985-vagas-em-cursos-gratuitos-nas-escolas-de-qualificacao-profissional","status":"publish","type":"post","link":"https:\/\/cidadeazulnoticias.com.br\/fundo-social-de-sp-abre-985-vagas-em-cursos-gratuitos-nas-escolas-de-qualificacao-profissional\/","title":{"rendered":"Fundo Social de SP abre 985 vagas em cursos gratuitos nas Escolas de Qualifica\u00e7\u00e3o Profissional"},"content":{"rendered":"<h2><em>Iniciativa oferece forma\u00e7\u00e3o em seis \u00e1reas; interessados t\u00eam at\u00e9 25 de agosto para se inscrever<\/em><\/h2>\n<p>O Fundo Social de S\u00e3o Paulo est\u00e1 com inscri\u00e7\u00f5es abertas para 985 vagas gratuitas em cursos de qualifica\u00e7\u00e3o profissional. As aulas ser\u00e3o realizadas entre 24 de agosto e 4 de setembro, em 24 unidades distribu\u00eddas por diferentes regi\u00f5es do Estado, com forma\u00e7\u00f5es voltadas \u00e0 amplia\u00e7\u00e3o das oportunidades de trabalho e gera\u00e7\u00e3o de renda.<\/p>\n<p>As vagas est\u00e3o dispon\u00edveis em dez Centros de Integra\u00e7\u00e3o da Cidadania (CICs): Oeste, Guarulhos, Ferraz de Vasconcelos, Graja\u00fa, Feiti\u00e7o, Leste, Sul, Norte, Imigrantes e Campinas.<\/p>\n<p>Outras oportunidades s\u00e3o oferecidas nas Pra\u00e7as da Cidadania de Parais\u00f3polis, Guarulhos, Itapevi, Osasco, Hortol\u00e2ndia, Mau\u00e1, Mogi das Cruzes, Itaquaquecetuba, S\u00e3o Bernardo do Campo, Santo Andr\u00e9, Embu das Artes, S\u00e3o Jos\u00e9 do Rio Preto, Ribeir\u00e3o Preto e Diadema.<\/p>\n<p>Os cursos s\u00e3o oferecidos em seis \u00e1reas de forma\u00e7\u00e3o: Beleza e Bem-Estar; Moda e Arte; Constru\u00e7\u00e3o Civil; Gastronomia; Inform\u00e1tica; e Administra\u00e7\u00e3o e Empreendedorismo. Ao conclu\u00edrem a forma\u00e7\u00e3o, os participantes recebem certifica\u00e7\u00e3o oficial. As atividades s\u00e3o realizadas em parceria com a Funda\u00e7\u00e3o FAT, respons\u00e1vel pela equipe t\u00e9cnica e pedag\u00f3gica das turmas.<\/p>\n<h3>Inscri\u00e7\u00f5es<\/h3>\n<p>As inscri\u00e7\u00f5es s\u00e3o gratuitas e podem ser realizadas pelo site cursofussp.sp.gov.br. Os interessados podem se inscrever at\u00e9 25 de agosto, segundo dia de aulas, conforme a disponibilidade de vagas.<\/p>\n<h4>Sobre as Escolas de Qualifica\u00e7\u00e3o Profissional<\/h4>\n<p>As Escolas de Qualifica\u00e7\u00e3o Profissional s\u00e3o uma iniciativa do Fundo Social de S\u00e3o Paulo voltada \u00e0 oferta de cursos gratuitos e de curta dura\u00e7\u00e3o em diferentes \u00e1reas de atua\u00e7\u00e3o. O programa busca ampliar o acesso \u00e0 forma\u00e7\u00e3o profissional, estimular a gera\u00e7\u00e3o de renda e contribuir para a inser\u00e7\u00e3o ou reinser\u00e7\u00e3o no mercado de trabalho, especialmente para pessoas em situa\u00e7\u00e3o de vulnerabilidade social.<\/p>\n<p>Mais informa\u00e7\u00f5es est\u00e3o dispon\u00edveis no site do Fundo Social de S\u00e3o Paulo: https:\/\/www.fundosocial.sp.gov.br\/.<\/p>\n","protected":false},"excerpt":{"rendered":"<p>Iniciativa oferece forma\u00e7\u00e3o em seis \u00e1reas; interessados t\u00eam at\u00e9 25 de agosto para se inscrever O Fundo Social de S\u00e3o Paulo est\u00e1 com inscri\u00e7\u00f5es abertas para 985 vagas gratuitas em cursos de qualifica\u00e7\u00e3o profissional. As aulas ser\u00e3o realizadas entre 24 de agosto e 4 de setembro, em 24 unidades distribu\u00eddas por diferentes regi\u00f5es do Estado, [&hellip;]<\/p>\n","protected":false},"author":9,"featured_media":129455,"comment_status":"closed","ping_status":"closed","sticky":false,"template":"","format":"standard","meta":{"footnotes":""},"categories":[211,1],"tags":[],"class_list":{"0":"post-129454","1":"post","2":"type-post","3":"status-publish","4":"format-standard","5":"has-post-thumbnail","7":"category-educacao-noticias","8":"category-instagram"},"_links":{"self":[{"href":"https:\/\/cidadeazulnoticias.com.br\/wp-json\/wp\/v2\/posts\/129454"}],"collection":[{"href":"https:\/\/cidadeazulnoticias.com.br\/wp-json\/wp\/v2\/posts"}],"about":[{"href":"https:\/\/cidadeazulnoticias.com.br\/wp-json\/wp\/v2\/types\/post"}],"author":[{"embeddable":true,"href":"https:\/\/cidadeazulnoticias.com.br\/wp-json\/wp\/v2\/users\/9"}],"replies":[{"embeddable":true,"href":"https:\/\/cidadeazulnoticias.com.br\/wp-json\/wp\/v2\/comments?post=129454"}],"version-history":[{"count":1,"href":"https:\/\/cidadeazulnoticias.com.br\/wp-json\/wp\/v2\/posts\/129454\/revisions"}],"predecessor-version":[{"id":129456,"href":"https:\/\/cidadeazulnoticias.com.br\/wp-json\/wp\/v2\/posts\/129454\/revisions\/129456"}],"wp:featuredmedia":[{"embeddable":true,"href":"https:\/\/cidadeazulnoticias.com.br\/wp-json\/wp\/v2\/media\/129455"}],"wp:attachment":[{"href":"https:\/\/cidadeazulnoticias.com.br\/wp-json\/wp\/v2\/media?parent=129454"}],"wp:term":[{"taxonomy":"category","embeddable":true,"href":"https:\/\/cidadeazulnoticias.com.br\/wp-json\/wp\/v2\/categories?post=129454"},{"taxonomy":"post_tag","embeddable":true,"href":"https:\/\/cidadeazulnoticias.com.br\/wp-json\/wp\/v2\/tags?post=129454"}],"curies":[{"name":"wp","href":"https:\/\/api.w.org\/{rel}","templated":true}]}},{"id":129450,"date":"2026-08-21T09:02:12","date_gmt":"2026-08-21T12:02:12","guid":{"rendered":"https:\/\/cidadeazulnoticias.com.br\/?p=129450"},"modified":"2026-08-21T09:02:12","modified_gmt":"2026-08-21T12:02:12","slug":"simposio-da-educacao-de-rio-claro-termina-nesta-6a-feira","status":"publish","type":"post","link":"https:\/\/cidadeazulnoticias.com.br\/simposio-da-educacao-de-rio-claro-termina-nesta-6a-feira\/","title":{"rendered":"Simp\u00f3sio da educa\u00e7\u00e3o de Rio Claro termina nesta 6\u00aa-feira"},"content":{"rendered":"<h2><em>Atividades mobilizam professores e funcion\u00e1rios desde a quarta-feira.<\/em><\/h2>\n<p>O Simp\u00f3sio da Educa\u00e7\u00e3o de Rio Claro termina nesta sexta-feira (21) com v\u00e1rios eventos virtuais e presenciais. No encerramento, professores e funcion\u00e1rios assistir\u00e3o palestras da professora doutora da USP Ana Paula Zerbato, que falar\u00e1 sobre \u201cDesenho universal para aprendizagem no ensino comum\u201d, e da professora doutora da PUC-SP, Em\u00edlia Sanches, que abordar\u00e1 o tema \u201cEntre di\u00e1logos e bonitezas: a escola como espa\u00e7o de humaniza\u00e7\u00e3o\u201d.<\/p>\n<p>A transmiss\u00e3o dos eventos pela internet est\u00e1 sendo feita no canal da Secretaria Municipal da Educa\u00e7\u00e3o na plataforma Youtube. No per\u00edodo da manh\u00e3 desta sexta-feira, haver\u00e1 salas virtuais com relatos de experi\u00eancias.<\/p>\n<p>Para os funcion\u00e1rios do departamento de Alimenta\u00e7\u00e3o Escolar, a programa\u00e7\u00e3o come\u00e7a \u00e0s 7h30, com atividade sob comando da psic\u00f3loga Nathalia Almeida, falando sobre assuntos relacionados ao Agosto Lil\u00e1s.<\/p>\n<p><img loading=\"lazy\" decoding=\"async\" class=\"alignnone wp-image-129452 size-full\" src=\"https:\/\/s3.cidadeazulnoticias.com.br\/wp-content\/uploads\/2026\/08\/21090134\/LCJ-9-1.jpg\" alt=\"\" width=\"1000\" height=\"668\" srcset=\"https:\/\/s3.cidadeazulnoticias.com.br\/wp-content\/uploads\/2026\/08\/21090134\/LCJ-9-1.jpg 1000w, https:\/\/s3.cidadeazulnoticias.com.br\/wp-content\/uploads\/2026\/08\/21090134\/LCJ-9-1-300x200.jpg 300w, https:\/\/s3.cidadeazulnoticias.com.br\/wp-content\/uploads\/2026\/08\/21090134\/LCJ-9-1-768x513.jpg 768w, https:\/\/s3.cidadeazulnoticias.com.br\/wp-content\/uploads\/2026\/08\/21090134\/LCJ-9-1-629x420.jpg 629w, https:\/\/s3.cidadeazulnoticias.com.br\/wp-content\/uploads\/2026\/08\/21090134\/LCJ-9-1-696x465.jpg 696w\" sizes=\"(max-width: 1000px) 100vw, 1000px\" \/><\/p>\n<p>Das 8 \u00e0s 11h30 ser\u00e1 transmitido, pelo canal da Secretaria da Educa\u00e7\u00e3o no Youtube, discuss\u00e3o sobre \u201cA import\u00e2ncia da articula\u00e7\u00e3o no ambiente escolar inclusivo\u201d, com as coordenadoras pedag\u00f3gicas do CAP, Adriana Bueno e Luana Barbosa. O evento \u00e9 direcionado a agentes educacionais e monitores de alunos.<\/p>\n<p>Essa \u00e9 a 31\u00aa edi\u00e7\u00e3o do Simp\u00f3sio de Educa\u00e7\u00e3o. O tema deste ano \u00e9 Curr\u00edculo Integrado: Caminhos para a Educa\u00e7\u00e3o Rio-clarense. \u201cO simp\u00f3sio \u00e9 um momento de grande import\u00e2ncia para aprimorarmos cada vez mais nossa rede de ensino, o que se reflete na qualidade sempre crescente da educa\u00e7\u00e3o que oferecemos aos nossos alunos\u201d, destaca a secret\u00e1ria municipal da Educa\u00e7\u00e3o, Val\u00e9ria V\u00e9lis.<\/p>\n<p>O simp\u00f3sio, com palestras, discuss\u00f5es e mesas tem\u00e1ticas, teve atividades presenciais no Floridiana T\u00eanis Clube, Unesp, Acirc, NAM, Claretiano \u2013 Col\u00e9gio e Centro Universit\u00e1rio, Grupo Gin\u00e1stico Rio-clarense, escola Monsenhor Martins, Instituto Federal e Centro Cultural \u201cRoberto Palmari\u201d, al\u00e9m de apresenta\u00e7\u00f5es de trabalhos, eventos on-line e salas virtuais.<\/p>\n","protected":false},"excerpt":{"rendered":"<p>Atividades mobilizam professores e funcion\u00e1rios desde a quarta-feira. O Simp\u00f3sio da Educa\u00e7\u00e3o de Rio Claro termina nesta sexta-feira (21) com v\u00e1rios eventos virtuais e presenciais. No encerramento, professores e funcion\u00e1rios assistir\u00e3o palestras da professora doutora da USP Ana Paula Zerbato, que falar\u00e1 sobre \u201cDesenho universal para aprendizagem no ensino comum\u201d, e da professora doutora da [&hellip;]<\/p>\n","protected":false},"author":9,"featured_media":129451,"comment_status":"closed","ping_status":"closed","sticky":false,"template":"","format":"standard","meta":{"footnotes":""},"categories":[207,1],"tags":[],"class_list":{"0":"post-129450","1":"post","2":"type-post","3":"status-publish","4":"format-standard","5":"has-post-thumbnail","7":"category-educacao","8":"category-instagram"},"_links":{"self":[{"href":"https:\/\/cidadeazulnoticias.com.br\/wp-json\/wp\/v2\/posts\/129450"}],"collection":[{"href":"https:\/\/cidadeazulnoticias.com.br\/wp-json\/wp\/v2\/posts"}],"about":[{"href":"https:\/\/cidadeazulnoticias.com.br\/wp-json\/wp\/v2\/types\/post"}],"author":[{"embeddable":true,"href":"https:\/\/cidadeazulnoticias.com.br\/wp-json\/wp\/v2\/users\/9"}],"replies":[{"embeddable":true,"href":"https:\/\/cidadeazulnoticias.com.br\/wp-json\/wp\/v2\/comments?post=129450"}],"version-history":[{"count":1,"href":"https:\/\/cidadeazulnoticias.com.br\/wp-json\/wp\/v2\/posts\/129450\/revisions"}],"predecessor-version":[{"id":129453,"href":"https:\/\/cidadeazulnoticias.com.br\/wp-json\/wp\/v2\/posts\/129450\/revisions\/129453"}],"wp:featuredmedia":[{"embeddable":true,"href":"https:\/\/cidadeazulnoticias.com.br\/wp-json\/wp\/v2\/media\/129451"}],"wp:attachment":[{"href":"https:\/\/cidadeazulnoticias.com.br\/wp-json\/wp\/v2\/media?parent=129450"}],"wp:term":[{"taxonomy":"category","embeddable":true,"href":"https:\/\/cidadeazulnoticias.com.br\/wp-json\/wp\/v2\/categories?post=129450"},{"taxonomy":"post_tag","embeddable":true,"href":"https:\/\/cidadeazulnoticias.com.br\/wp-json\/wp\/v2\/tags?post=129450"}],"curies":[{"name":"wp","href":"https:\/\/api.w.org\/{rel}","templated":true}]}},{"id":129447,"date":"2026-08-21T08:21:39","date_gmt":"2026-08-21T11:21:39","guid":{"rendered":"https:\/\/cidadeazulnoticias.com.br\/?p=129447"},"modified":"2026-08-21T08:21:39","modified_gmt":"2026-08-21T11:21:39","slug":"rocam-aperta-o-cerco-e-encontra-estoque-de-cocaina-em-jardim-sao-caetano","status":"publish","type":"post","link":"https:\/\/cidadeazulnoticias.com.br\/rocam-aperta-o-cerco-e-encontra-estoque-de-cocaina-em-jardim-sao-caetano\/","title":{"rendered":"ROCAM APERTA O CERCO E ENCONTRA \u201cESTOQUE\u201d DE COCA\u00cdNA EM JARDIM S\u00c3O CAETANO"},"content":{"rendered":"<h2><em>Homem com antecedente por tr\u00e1fico \u00e9 preso em flagrante; mais de 2 mil eppendorfs de coca\u00edna foram retirados de circula\u00e7\u00e3o durante a\u00e7\u00e3o da Pol\u00edcia Militar.<\/em><\/h2>\n<p>A noite de quinta-feira (20) terminou mal para um homem que, segundo a Pol\u00edcia Militar, resolveu apostar na velha estrat\u00e9gia de fazer uma entrega de drogas e desaparecer antes que a pol\u00edcia percebesse. O problema \u00e9 que a ROCAM estava por perto \u2014 e a conta chegou rapidamente.<\/p>\n<p>Durante patrulhamento pelo Jardim S\u00e3o Caetano, em Rio Claro, os policiais visualizaram um indiv\u00edduo entregando uma sacola ao motorista de um autom\u00f3vel, em frente a uma resid\u00eancia. Ao perceberem a presen\u00e7a da equipe, os dois tentaram fugir.<\/p>\n<p>O condutor do ve\u00edculo foi acompanhado e, durante o trajeto, ainda tentou se livrar da prova do crime, arremessando uma sacola pela janela. A estrat\u00e9gia, por\u00e9m, n\u00e3o resolveu o problema. Dentro do material dispensado foram encontrados 330 eppendorfs de coca\u00edna, divididos em 11 cargas.<\/p>\n<p>Enquanto isso, o outro envolvido acabou abordado na garagem da resid\u00eancia. Durante a busca pessoal, os policiais encontraram R$ 150 em dinheiro. Conforme consta no registro da ocorr\u00eancia, ele admitiu ter realizado a entrega da droga.<\/p>\n<p>E foi justamente a partir da\u00ed que a ocorr\u00eancia ganhou propor\u00e7\u00f5es maiores.<\/p>\n<p>Com o acompanhamento de uma moradora, os policiais realizaram dilig\u00eancias no im\u00f3vel e localizaram nada menos que 1.762 eppendorfs de coca\u00edna, escondidos em diferentes pontos da resid\u00eancia.<\/p>\n<p>Somando as drogas encontradas no im\u00f3vel com aquelas dispensadas pelo motorista durante a fuga, a apreens\u00e3o chegou a impressionantes 2.092 eppendorfs de coca\u00edna, totalizando 1,525 quilo da droga.<\/p>\n<p>Ou seja: se a inten\u00e7\u00e3o era fazer apenas uma \u201centreguinha\u201d, o estoque encontrado indicava que o neg\u00f3cio estava longe de ser de pequena escala.<\/p>\n<p>Confus\u00e3o tamb\u00e9m entrou na ocorr\u00eancia<\/p>\n<p>Como se a apreens\u00e3o de mais de dois mil eppendorfs n\u00e3o fosse suficiente para movimentar a noite, uma mulher passou a interferir na abordagem, desobedecendo \u00e0s determina\u00e7\u00f5es dos policiais para que se afastasse.<\/p>\n<p>Segundo o registro policial, ela teria tentado resgatar o homem abordado e ainda incentivado outras pessoas a interferirem na a\u00e7\u00e3o da equipe.<\/p>\n<p>A mulher acabou contida e conduzida ao Plant\u00e3o Policial, onde foi apresentada por desacato, desobedi\u00eancia e resist\u00eancia. Depois de ser ouvida, ela foi liberada.<\/p>\n<p>O homem preso, que j\u00e1 possu\u00eda antecedente criminal por tr\u00e1fico de drogas, foi conduzido \u00e0 autoridade policial. A pris\u00e3o em flagrante foi ratificada pelo crime de tr\u00e1fico de drogas e ele permaneceu preso, \u00e0 disposi\u00e7\u00e3o da Justi\u00e7a.<\/p>\n<p>Apreens\u00e3o<br \/>\n2.092 eppendorfs de coca\u00edna \u2014 1,525 kg<br \/>\nR$ 150,00 em dinheiro<br \/>\n01 aparelho celular<\/p>\n<p>Mais uma vez, a atua\u00e7\u00e3o da ROCAM tirou de circula\u00e7\u00e3o uma quantidade expressiva de entorpecentes que, segundo a ocorr\u00eancia, estava destinada \u00e0 comercializa\u00e7\u00e3o. E fica a li\u00e7\u00e3o para quem insiste no \u201cramo\u201d: quando a motocicleta da ROCAM aparece no retrovisor, at\u00e9 a sacola voa \u2014 mas nem sempre consegue escapar da pol\u00edcia.<\/p>\n<p>&nbsp;<\/p>\n","protected":false},"excerpt":{"rendered":"<p>Homem com antecedente por tr\u00e1fico \u00e9 preso em flagrante; mais de 2 mil eppendorfs de coca\u00edna foram retirados de circula\u00e7\u00e3o durante a\u00e7\u00e3o da Pol\u00edcia Militar. A noite de quinta-feira (20) terminou mal para um homem que, segundo a Pol\u00edcia Militar, resolveu apostar na velha estrat\u00e9gia de fazer uma entrega de drogas e desaparecer antes que [&hellip;]<\/p>\n","protected":false},"author":9,"featured_media":129448,"comment_status":"closed","ping_status":"closed","sticky":false,"template":"","format":"standard","meta":{"footnotes":""},"categories":[187],"tags":[8920,10472,69,14334,8917,10456,8919,149,8921,8918],"class_list":{"0":"post-129447","1":"post","2":"type-post","3":"status-publish","4":"format-standard","5":"has-post-thumbnail","7":"category-rio-claro","8":"tag-apreensao","9":"tag-cidadeazulnoticias","10":"tag-cocaina","11":"tag-jardimsaocaetano","12":"tag-policiamilitar","13":"tag-prisaoemflagrante","14":"tag-rioclaro","15":"tag-rocam","16":"tag-segurancapublica","17":"tag-traficodedrogas"},"_links":{"self":[{"href":"https:\/\/cidadeazulnoticias.com.br\/wp-json\/wp\/v2\/posts\/129447"}],"collection":[{"href":"https:\/\/cidadeazulnoticias.com.br\/wp-json\/wp\/v2\/posts"}],"about":[{"href":"https:\/\/cidadeazulnoticias.com.br\/wp-json\/wp\/v2\/types\/post"}],"author":[{"embeddable":true,"href":"https:\/\/cidadeazulnoticias.com.br\/wp-json\/wp\/v2\/users\/9"}],"replies":[{"embeddable":true,"href":"https:\/\/cidadeazulnoticias.com.br\/wp-json\/wp\/v2\/comments?post=129447"}],"version-history":[{"count":1,"href":"https:\/\/cidadeazulnoticias.com.br\/wp-json\/wp\/v2\/posts\/129447\/revisions"}],"predecessor-version":[{"id":129449,"href":"https:\/\/cidadeazulnoticias.com.br\/wp-json\/wp\/v2\/posts\/129447\/revisions\/129449"}],"wp:featuredmedia":[{"embeddable":true,"href":"https:\/\/cidadeazulnoticias.com.br\/wp-json\/wp\/v2\/media\/129448"}],"wp:attachment":[{"href":"https:\/\/cidadeazulnoticias.com.br\/wp-json\/wp\/v2\/media?parent=129447"}],"wp:term":[{"taxonomy":"category","embeddable":true,"href":"https:\/\/cidadeazulnoticias.com.br\/wp-json\/wp\/v2\/categories?post=129447"},{"taxonomy":"post_tag","embeddable":true,"href":"https:\/\/cidadeazulnoticias.com.br\/wp-json\/wp\/v2\/tags?post=129447"}],"curies":[{"name":"wp","href":"https:\/\/api.w.org\/{rel}","templated":true}]}},{"id":129436,"date":"2026-08-20T20:00:21","date_gmt":"2026-08-20T23:00:21","guid":{"rendered":"https:\/\/cidadeazulnoticias.com.br\/?p=129436"},"modified":"2026-08-25T14:58:29","modified_gmt":"2026-08-25T17:58:29","slug":"2a-edicao-do-porco-a-paraguaia-dos-amigos-do-jonas-promete-domingo-de-muita-brasa-sabor-e-musica-em-rio-claro","status":"publish","type":"post","link":"https:\/\/cidadeazulnoticias.com.br\/2a-edicao-do-porco-a-paraguaia-dos-amigos-do-jonas-promete-domingo-de-muita-brasa-sabor-e-musica-em-rio-claro\/","title":{"rendered":"2\u00aa Edi\u00e7\u00e3o do Porco \u00e0 Paraguaia dos Amigos do Jonas promete domingo de muita brasa, sabor e m\u00fasica em Rio Claro"},"content":{"rendered":"<h2><em>Evento acontece no dia 30 de agosto, no PitBoys BBQ, com open food, open bar, espa\u00e7o kids e atra\u00e7\u00f5es musicais<\/em><\/h2>\n<p>Depois do sucesso da primeira edi\u00e7\u00e3o, est\u00e1 chegando a hora de reunir novamente os amigos em torno de uma das combina\u00e7\u00f5es que mais fazem sucesso: boa comida, fogo de ch\u00e3o, m\u00fasica e muita amizade. No dia 30 de agosto de 2026, a partir das 12 horas, o PitBoys BBQ ser\u00e1 palco da 2\u00aa Edi\u00e7\u00e3o do Porco \u00e0 Paraguaia dos Amigos do Jonas, uma festa que j\u00e1 nasce com jeito de tradi\u00e7\u00e3o.<\/p>\n<p>A proposta \u00e9 repetir a receita que conquistou o p\u00fablico na primeira edi\u00e7\u00e3o, mas trazendo novidades para tornar a experi\u00eancia ainda mais especial. O almo\u00e7o ser\u00e1 servido no formato open food e open bar, com um verdadeiro festival de sabores preparado para quem aprecia a boa gastronomia feita na brasa.<\/p>\n<p>Entre os destaques do card\u00e1pio est\u00e3o o tradicional Porco \u00e0 Paraguaia, a costela preparada no fogo de ch\u00e3o, al\u00e9m de outras del\u00edcias que prometem fazer bonito \u00e0 mesa, como frango defumado e uma esta\u00e7\u00e3o vegana, garantindo op\u00e7\u00f5es para diferentes paladares.<\/p>\n<p><img loading=\"lazy\" decoding=\"async\" class=\"alignnone wp-image-120286 size-full\" src=\"https:\/\/s3.cidadeazulnoticias.com.br\/wp-content\/uploads\/2025\/09\/07134428\/porco-a-paraguaia-e-costela-de-chao-amigos-do-Jonas-111.jpg\" alt=\"\" width=\"1000\" height=\"667\" srcset=\"https:\/\/s3.cidadeazulnoticias.com.br\/wp-content\/uploads\/2025\/09\/07134428\/porco-a-paraguaia-e-costela-de-chao-amigos-do-Jonas-111.jpg 1000w, https:\/\/s3.cidadeazulnoticias.com.br\/wp-content\/uploads\/2025\/09\/07134428\/porco-a-paraguaia-e-costela-de-chao-amigos-do-Jonas-111-300x200.jpg 300w, https:\/\/s3.cidadeazulnoticias.com.br\/wp-content\/uploads\/2025\/09\/07134428\/porco-a-paraguaia-e-costela-de-chao-amigos-do-Jonas-111-768x512.jpg 768w, https:\/\/s3.cidadeazulnoticias.com.br\/wp-content\/uploads\/2025\/09\/07134428\/porco-a-paraguaia-e-costela-de-chao-amigos-do-Jonas-111-630x420.jpg 630w, https:\/\/s3.cidadeazulnoticias.com.br\/wp-content\/uploads\/2025\/09\/07134428\/porco-a-paraguaia-e-costela-de-chao-amigos-do-Jonas-111-696x464.jpg 696w\" sizes=\"(max-width: 1000px) 100vw, 1000px\" \/><\/p>\n<p>E, como comida boa pede m\u00fasica boa, a programa\u00e7\u00e3o musical tamb\u00e9m foi cuidadosamente escolhida.<\/p>\n<p>Quem abre a festa \u00e9 a Banda Texas Boys, trazendo o melhor do Country Music raiz, com aquele sotaque brasileiro, muito groove e uma sonoridade que promete colocar o p\u00fablico no clima desde os primeiros acordes.<\/p>\n<p>Na sequ\u00eancia, \u00e9 hora de deixar o samba tomar conta do PitBoys BBQ com o Samba da Isa, projeto comandado pela cantora Isa Lima e Narciso Trivelato, que apresenta um repert\u00f3rio cl\u00e1ssico de samba, passeando tamb\u00e9m pela MPB e pelo Jazz, em uma mistura elegante e cheia de personalidade.<\/p>\n<p><img loading=\"lazy\" decoding=\"async\" class=\"alignnone wp-image-120253 size-full\" src=\"https:\/\/s3.cidadeazulnoticias.com.br\/wp-content\/uploads\/2025\/09\/07134053\/porco-a-paraguaia-e-costela-de-chao-amigos-do-Jonas-58-Copia-Copia.jpg\" alt=\"\" width=\"1000\" height=\"753\" srcset=\"https:\/\/s3.cidadeazulnoticias.com.br\/wp-content\/uploads\/2025\/09\/07134053\/porco-a-paraguaia-e-costela-de-chao-amigos-do-Jonas-58-Copia-Copia.jpg 1000w, https:\/\/s3.cidadeazulnoticias.com.br\/wp-content\/uploads\/2025\/09\/07134053\/porco-a-paraguaia-e-costela-de-chao-amigos-do-Jonas-58-Copia-Copia-300x226.jpg 300w, https:\/\/s3.cidadeazulnoticias.com.br\/wp-content\/uploads\/2025\/09\/07134053\/porco-a-paraguaia-e-costela-de-chao-amigos-do-Jonas-58-Copia-Copia-768x578.jpg 768w, https:\/\/s3.cidadeazulnoticias.com.br\/wp-content\/uploads\/2025\/09\/07134053\/porco-a-paraguaia-e-costela-de-chao-amigos-do-Jonas-58-Copia-Copia-558x420.jpg 558w, https:\/\/s3.cidadeazulnoticias.com.br\/wp-content\/uploads\/2025\/09\/07134053\/porco-a-paraguaia-e-costela-de-chao-amigos-do-Jonas-58-Copia-Copia-80x60.jpg 80w, https:\/\/s3.cidadeazulnoticias.com.br\/wp-content\/uploads\/2025\/09\/07134053\/porco-a-paraguaia-e-costela-de-chao-amigos-do-Jonas-58-Copia-Copia-696x524.jpg 696w\" sizes=\"(max-width: 1000px) 100vw, 1000px\" \/><\/p>\n<h4>Uma festa para toda a fam\u00edlia<\/h4>\n<p>Assim como na primeira edi\u00e7\u00e3o, os organizadores pensaram tamb\u00e9m nas fam\u00edlias. O evento contar\u00e1 com Espa\u00e7o Kids, garantindo divers\u00e3o para a crian\u00e7ada enquanto os adultos aproveitam o almo\u00e7o, as atra\u00e7\u00f5es musicais e o encontro com os amigos.<\/p>\n<p>A proposta dos Amigos do Jonas \u00e9 justamente essa: proporcionar um domingo descontra\u00eddo, com ambiente agrad\u00e1vel, gastronomia de qualidade e aquele clima de confraterniza\u00e7\u00e3o que transforma um simples almo\u00e7o em uma experi\u00eancia especial.<\/p>\n<p>A primeira edi\u00e7\u00e3o deixou lembran\u00e7as marcantes entre os participantes e mostrou que a combina\u00e7\u00e3o de amizade, brasa e sabor tem tudo para dar certo. Agora, na segunda edi\u00e7\u00e3o, a expectativa \u00e9 reunir novamente um grande n\u00famero de pessoas para celebrar a vida, os encontros e, claro, a paix\u00e3o por uma boa comida preparada no fogo.<\/p>\n<p>No dia 30 de agosto, o convite est\u00e1 feito: prepare o apetite, re\u00fana os amigos e venha viver mais um cap\u00edtulo dessa hist\u00f3ria no PitBoys BBQ.<\/p>\n<p>2\u00aa Edi\u00e7\u00e3o do Porco \u00e0 Paraguaia dos Amigos do Jonas<br \/>\n\ud83d\udcc5 30 de agosto de 2026<br \/>\n\u23f0 A partir das 12 horas<br \/>\n\ud83d\udccd PitBoys BBQ<br \/>\n\ud83d\udd25 Porco \u00e0 Paraguaia | Costela no fogo de ch\u00e3o | Frango defumado | Esta\u00e7\u00e3o vegana<br \/>\n\ud83c\udf7b Open Bar + Open Food<br \/>\n\ud83c\udfb6 Texas Boys + Samba da Isa<br \/>\n\ud83d\udc67 Espa\u00e7o Kids<\/p>\n<p>Os ingressos est\u00e3o a venda no BR 11 Botequim, no PitBoys BBQ, na Tamaru Gormet ou com o pr\u00f3prio Jonas.<\/p>\n<p>Amizade, brasa, m\u00fasica e sabor: a segunda edi\u00e7\u00e3o j\u00e1 tem data marcada!<\/p>\n<p>&nbsp;<\/p>\n","protected":false},"excerpt":{"rendered":"<p>Evento acontece no dia 30 de agosto, no PitBoys BBQ, com open food, open bar, espa\u00e7o kids e atra\u00e7\u00f5es musicais Depois do sucesso da primeira edi\u00e7\u00e3o, est\u00e1 chegando a hora de reunir novamente os amigos em torno de uma das combina\u00e7\u00f5es que mais fazem sucesso: boa comida, fogo de ch\u00e3o, m\u00fasica e muita amizade. No [&hellip;]<\/p>\n","protected":false},"author":9,"featured_media":120273,"comment_status":"closed","ping_status":"closed","sticky":false,"template":"","format":"standard","meta":{"footnotes":""},"categories":[213,1],"tags":[14322,10472,14325,14331,14333,14324,9099,14330,11514,14332,14327,14326,14323,11785,8919,62,14329,14328],"class_list":{"0":"post-129436","1":"post","2":"type-post","3":"status-publish","4":"format-standard","5":"has-post-thumbnail","7":"category-cultura","8":"category-instagram","9":"tag-amigosdojonas","10":"tag-cidadeazulnoticias","11":"tag-costelanofogodechao","12":"tag-countrymusic","13":"tag-espacokids","14":"tag-fogodechao","15":"tag-gastronomia","16":"tag-isalima","17":"tag-jazz","18":"tag-mpb","19":"tag-openbar","20":"tag-openfood","21":"tag-pitboysbbq","22":"tag-porcoaparaguaia","23":"tag-rioclaro","24":"tag-samba","25":"tag-sambadaisa","26":"tag-texasboys"},"_links":{"self":[{"href":"https:\/\/cidadeazulnoticias.com.br\/wp-json\/wp\/v2\/posts\/129436"}],"collection":[{"href":"https:\/\/cidadeazulnoticias.com.br\/wp-json\/wp\/v2\/posts"}],"about":[{"href":"https:\/\/cidadeazulnoticias.com.br\/wp-json\/wp\/v2\/types\/post"}],"author":[{"embeddable":true,"href":"https:\/\/cidadeazulnoticias.com.br\/wp-json\/wp\/v2\/users\/9"}],"replies":[{"embeddable":true,"href":"https:\/\/cidadeazulnoticias.com.br\/wp-json\/wp\/v2\/comments?post=129436"}],"version-history":[{"count":3,"href":"https:\/\/cidadeazulnoticias.com.br\/wp-json\/wp\/v2\/posts\/129436\/revisions"}],"predecessor-version":[{"id":129459,"href":"https:\/\/cidadeazulnoticias.com.br\/wp-json\/wp\/v2\/posts\/129436\/revisions\/129459"}],"wp:featuredmedia":[{"embeddable":true,"href":"https:\/\/cidadeazulnoticias.com.br\/wp-json\/wp\/v2\/media\/120273"}],"wp:attachment":[{"href":"https:\/\/cidadeazulnoticias.com.br\/wp-json\/wp\/v2\/media?parent=129436"}],"wp:term":[{"taxonomy":"category","embeddable":true,"href":"https:\/\/cidadeazulnoticias.com.br\/wp-json\/wp\/v2\/categories?post=129436"},{"taxonomy":"post_tag","embeddable":true,"href":"https:\/\/cidadeazulnoticias.com.br\/wp-json\/wp\/v2\/tags?post=129436"}],"curies":[{"name":"wp","href":"https:\/\/api.w.org\/{rel}","templated":true}]}},{"id":129433,"date":"2026-08-20T19:38:00","date_gmt":"2026-08-20T22:38:00","guid":{"rendered":"https:\/\/cidadeazulnoticias.com.br\/?p=129433"},"modified":"2026-08-20T19:38:00","modified_gmt":"2026-08-20T22:38:00","slug":"profissionais-tem-aula-de-libras-para-aprimorar-atendimentos","status":"publish","type":"post","link":"https:\/\/cidadeazulnoticias.com.br\/profissionais-tem-aula-de-libras-para-aprimorar-atendimentos\/","title":{"rendered":"Profissionais t\u00eam aula de Libras para aprimorar atendimentos"},"content":{"rendered":"<h2><em>Atividade \u00e9 realizada no Hospital Municipal em parceria com o Coren.<\/em><\/h2>\n<p>Atividade em Rio Claro est\u00e1 qualificando profissionais da Funda\u00e7\u00e3o Municipal de Sa\u00fade para o atendimento a pessoas com perda auditiva. O foco \u00e9 aprimorar a comunica\u00e7\u00e3o dos profissionais com esse p\u00fablico. Para isso, professora de Linguagem Brasileira de Sinais esteve nesta quinta-feira (20) no Hospital P\u00fablico Municipal, onde acontecem as aulas.<\/p>\n<p>Com carga hor\u00e1ria de 80 horas, o curso \u00e9 dividido em tr\u00eas frentes. \u201cNa quarta-feira os profissionais participaram de aula te\u00f3rica on-line, na quinta-feira de aula pr\u00e1tica e na sexta-feira ser\u00e3o feitas oficinas com simula\u00e7\u00f5es de atendimentos\u201d, explica Daiane Campanela, que coordena o setor de enfermagem da Funda\u00e7\u00e3o Municipal de Sa\u00fade.<\/p>\n<p>Trinta profissionais participam das aulas, incluindo equipes de enfermagem que atuam na Aten\u00e7\u00e3o B\u00e1sica, no setor de especialidades e nas urg\u00eancias. O treinamento \u00e9 realizado pelo Conselho Regional de Enfermagem (Coren), por meio do programa Capacita +.<\/p>\n","protected":false},"excerpt":{"rendered":"<p>Atividade \u00e9 realizada no Hospital Municipal em parceria com o Coren. Atividade em Rio Claro est\u00e1 qualificando profissionais da Funda\u00e7\u00e3o Municipal de Sa\u00fade para o atendimento a pessoas com perda auditiva. O foco \u00e9 aprimorar a comunica\u00e7\u00e3o dos profissionais com esse p\u00fablico. Para isso, professora de Linguagem Brasileira de Sinais esteve nesta quinta-feira (20) no [&hellip;]<\/p>\n","protected":false},"author":9,"featured_media":129434,"comment_status":"closed","ping_status":"closed","sticky":false,"template":"","format":"standard","meta":{"footnotes":""},"categories":[187],"tags":[],"class_list":{"0":"post-129433","1":"post","2":"type-post","3":"status-publish","4":"format-standard","5":"has-post-thumbnail","7":"category-rio-claro"},"_links":{"self":[{"href":"https:\/\/cidadeazulnoticias.com.br\/wp-json\/wp\/v2\/posts\/129433"}],"collection":[{"href":"https:\/\/cidadeazulnoticias.com.br\/wp-json\/wp\/v2\/posts"}],"about":[{"href":"https:\/\/cidadeazulnoticias.com.br\/wp-json\/wp\/v2\/types\/post"}],"author":[{"embeddable":true,"href":"https:\/\/cidadeazulnoticias.com.br\/wp-json\/wp\/v2\/users\/9"}],"replies":[{"embeddable":true,"href":"https:\/\/cidadeazulnoticias.com.br\/wp-json\/wp\/v2\/comments?post=129433"}],"version-history":[{"count":1,"href":"https:\/\/cidadeazulnoticias.com.br\/wp-json\/wp\/v2\/posts\/129433\/revisions"}],"predecessor-version":[{"id":129435,"href":"https:\/\/cidadeazulnoticias.com.br\/wp-json\/wp\/v2\/posts\/129433\/revisions\/129435"}],"wp:featuredmedia":[{"embeddable":true,"href":"https:\/\/cidadeazulnoticias.com.br\/wp-json\/wp\/v2\/media\/129434"}],"wp:attachment":[{"href":"https:\/\/cidadeazulnoticias.com.br\/wp-json\/wp\/v2\/media?parent=129433"}],"wp:term":[{"taxonomy":"category","embeddable":true,"href":"https:\/\/cidadeazulnoticias.com.br\/wp-json\/wp\/v2\/categories?post=129433"},{"taxonomy":"post_tag","embeddable":true,"href":"https:\/\/cidadeazulnoticias.com.br\/wp-json\/wp\/v2\/tags?post=129433"}],"curies":[{"name":"wp","href":"https:\/\/api.w.org\/{rel}","templated":true}]}},{"id":129431,"date":"2026-08-20T18:48:44","date_gmt":"2026-08-20T21:48:44","guid":{"rendered":"https:\/\/cidadeazulnoticias.com.br\/?p=129431"},"modified":"2026-08-20T18:48:44","modified_gmt":"2026-08-20T21:48:44","slug":"quase-mil-celulares-com-queixa-criminal-sao-recuperados-durante-a-operacao-ultima-chamada-em-sp","status":"publish","type":"post","link":"https:\/\/cidadeazulnoticias.com.br\/quase-mil-celulares-com-queixa-criminal-sao-recuperados-durante-a-operacao-ultima-chamada-em-sp\/","title":{"rendered":"Quase mil celulares com queixa criminal s\u00e3o recuperados durante a Opera\u00e7\u00e3o \u00daltima Chamada em SP"},"content":{"rendered":"<h2><em>Mobiliza\u00e7\u00e3o nacional de combate ao roubo, furto e \u00e0 recepta\u00e7\u00e3o de aparelhos foi realizada entre os dias 10 e 19 de agosto em 23 estados; em S\u00e3o Paulo, 309 dispositivos j\u00e1 foram devolvidos \u00e0s v\u00edtimas.<\/em><\/h2>\n<p>As pol\u00edcias Civil e Militar recuperaram 985 celulares com queixa criminal durante a Opera\u00e7\u00e3o \u00daltima Chamada, realizada de forma integrada entre os dias 10 e 19 de agosto em 23 estados. Na quarta-feira (19), a mobiliza\u00e7\u00e3o chegou ao chamado \u201cDia D\u201d, com a intensifica\u00e7\u00e3o das a\u00e7\u00f5es de combate ao roubo, furto e recepta\u00e7\u00e3o dos dispositivos.<\/p>\n<p>A opera\u00e7\u00e3o foi coordenada pelo Minist\u00e9rio da Justi\u00e7a e Seguran\u00e7a P\u00fablica (MJSP), por meio da Secretaria Nacional de Seguran\u00e7a P\u00fablica (Senasp), e reuniu esfor\u00e7os das for\u00e7as de seguran\u00e7a para localizar celulares roubados ou furtados e identificar pessoas que estejam utilizando dispositivos com restri\u00e7\u00f5es criminais.<\/p>\n<p>Dos 985 aparelhos recuperados em S\u00e3o Paulo, 309 j\u00e1 foram devolvidos aos propriet\u00e1rios. A localiza\u00e7\u00e3o dos dispositivos foi poss\u00edvel por meio do programa SP Mobile, da Secretaria da Seguran\u00e7a P\u00fablica de S\u00e3o Paulo, que cruza informa\u00e7\u00f5es dos boletins de ocorr\u00eancia com dados fornecidos pelas operadoras de telefonia. A ferramenta permite identificar celulares que continuaram em uso mesmo ap\u00f3s serem registrados como produto de crime. O programa j\u00e1 contribuiu na recupera\u00e7\u00e3o de 31,9 mil aparelhos em cerca de um ano.<\/p>\n<p>A partir dessas informa\u00e7\u00f5es, mais de 3 mil notifica\u00e7\u00f5es foram enviadas, entre segunda-feira (10) e ter\u00e7a-feira (11) a usu\u00e1rios de aparelhos com restri\u00e7\u00f5es criminais. Os destinat\u00e1rios foram orientados a comparecer a uma unidade policial, dentro do prazo indicado no aviso, para apresentar o celular e a documenta\u00e7\u00e3o necess\u00e1ria para a verifica\u00e7\u00e3o da situa\u00e7\u00e3o.<\/p>\n<p>A medida busca esclarecer a origem dos dispositivos e possibilitar a regulariza\u00e7\u00e3o dos casos em que n\u00e3o houver envolvimento com a pr\u00e1tica criminosa. O n\u00e3o comparecimento poder\u00e1 resultar no bloqueio do celular e, caso seja comprovado sua origem il\u00edcita, o usu\u00e1rio poder\u00e1 responder por recepta\u00e7\u00e3o.<\/p>\n<p>\u201cCombater a recepta\u00e7\u00e3o \u00e9 fundamental para interromper o ciclo criminoso. Ao recuperar celulares roubados ou furtados e identificar quem est\u00e1 utilizando esses aparelhos, conseguimos n\u00e3o apenas devolver o bem \u00e0s v\u00edtimas, mas tamb\u00e9m dificultar a atua\u00e7\u00e3o de quem lucra com a comercializa\u00e7\u00e3o de produtos de origem il\u00edcita. As a\u00e7\u00f5es integradas e o uso da tecnologia s\u00e3o importantes aliados para fortalecer esse trabalho e ampliar a responsabiliza\u00e7\u00e3o dos envolvidos&#8221;, disse o secret\u00e1rio da Seguran\u00e7a P\u00fablica, Osvaldo Nico Gon\u00e7alves.<\/p>\n<p>Suspeito preso em flagrante por recepta\u00e7\u00e3o em Diadema<\/p>\n<p>Durante a a\u00e7\u00e3o realizada em Diadema, na Grande S\u00e3o Paulo, na quarta-feira (19), um homem de 24 anos foi preso em flagrante pela Pol\u00edcia Civil por recepta\u00e7\u00e3o. Ao perceber a aproxima\u00e7\u00e3o da viatura, o suspeito tentou fugir e foi abordado pelos policiais. Durante a revista, os agentes encontraram um celular em sua posse.<\/p>\n<p>Ao ser informado de que o aparelho teria o IMEI (Identifica\u00e7\u00e3o Internacional de Equipamento M\u00f3vel) consultado, o homem arremessou o celular ao ch\u00e3o, na tentativa de danific\u00e1-lo e dificultar sua identifica\u00e7\u00e3o. Em seguida, tentou fugir novamente e resistiu \u00e0 abordagem, mas foi contido pelos agentes.<\/p>\n<p>Em consulta aos sistemas policiais, foi confirmado que o aparelho havia sido furtado em setembro de 2025. A v\u00edtima foi localizada e dever\u00e1 receber o celular de volta nos pr\u00f3ximos dias. Segundo o boletim de ocorr\u00eancia, o suspeito teria comprado o aparelho de um vendedor n\u00e3o identificado.<\/p>\n<p>PM refor\u00e7a policiamento durante o \u2018Dia D\u2019<\/p>\n<p>A Pol\u00edcia Militar de S\u00e3o Paulo tamb\u00e9m participou do \u201cDia D\u201d da opera\u00e7\u00e3o. Mais de 400 policiais militares e cerca de 70 viaturas foram mobilizados na cidade de S\u00e3o Paulo para refor\u00e7ar o combate a roubos, furtos e \u00e0 recepta\u00e7\u00e3o de celulares. Ao todo, cinco suspeitos foram presos, sendo quatro em flagrante e um que era procurado pela Justi\u00e7a.<\/p>\n<p>Entre os principais focos da a\u00e7\u00e3o est\u00e1 a modalidade conhecida como \u201cquebra-vidro\u201d, praticada por criminosos que aproveitam ve\u00edculos parados ou em tr\u00e2nsito lento para quebrar os vidros e levar objetos do interior dos carros.<\/p>\n<p>Para prevenir esse tipo de ocorr\u00eancia, o policiamento foi refor\u00e7ado em grandes corredores vi\u00e1rios e pontos de maior circula\u00e7\u00e3o de ve\u00edculos. A estrat\u00e9gia prioriza locais considerados mais vulner\u00e1veis, especialmente aqueles em que o tr\u00e2nsito lento pode facilitar a atua\u00e7\u00e3o r\u00e1pida dos criminosos.<\/p>\n<p>Resultados da opera\u00e7\u00e3o nacional<\/p>\n<p>Entre os dias 10 e 19 de agosto, a Opera\u00e7\u00e3o \u00daltima Chamada recuperou 6.052 celulares em 23 estados da federa\u00e7\u00e3o. Ao longo da mobiliza\u00e7\u00e3o, 97 pessoas foram presas em flagrante e 227 estabelecimentos comerciais foram fiscalizados.<\/p>\n<p>Tamb\u00e9m foram enviadas 33.606 notifica\u00e7\u00f5es a pessoas que estavam em posse de aparelhos identificados como produtos de crime.<\/p>\n","protected":false},"excerpt":{"rendered":"<p>Mobiliza\u00e7\u00e3o nacional de combate ao roubo, furto e \u00e0 recepta\u00e7\u00e3o de aparelhos foi realizada entre os dias 10 e 19 de agosto em 23 estados; em S\u00e3o Paulo, 309 dispositivos j\u00e1 foram devolvidos \u00e0s v\u00edtimas. As pol\u00edcias Civil e Militar recuperaram 985 celulares com queixa criminal durante a Opera\u00e7\u00e3o \u00daltima Chamada, realizada de forma integrada [&hellip;]<\/p>\n","protected":false},"author":9,"featured_media":110401,"comment_status":"closed","ping_status":"closed","sticky":false,"template":"","format":"standard","meta":{"footnotes":""},"categories":[1,2],"tags":[],"class_list":{"0":"post-129431","1":"post","2":"type-post","3":"status-publish","4":"format-standard","5":"has-post-thumbnail","7":"category-instagram","8":"category-seguranca"},"_links":{"self":[{"href":"https:\/\/cidadeazulnoticias.com.br\/wp-json\/wp\/v2\/posts\/129431"}],"collection":[{"href":"https:\/\/cidadeazulnoticias.com.br\/wp-json\/wp\/v2\/posts"}],"about":[{"href":"https:\/\/cidadeazulnoticias.com.br\/wp-json\/wp\/v2\/types\/post"}],"author":[{"embeddable":true,"href":"https:\/\/cidadeazulnoticias.com.br\/wp-json\/wp\/v2\/users\/9"}],"replies":[{"embeddable":true,"href":"https:\/\/cidadeazulnoticias.com.br\/wp-json\/wp\/v2\/comments?post=129431"}],"version-history":[{"count":1,"href":"https:\/\/cidadeazulnoticias.com.br\/wp-json\/wp\/v2\/posts\/129431\/revisions"}],"predecessor-version":[{"id":129432,"href":"https:\/\/cidadeazulnoticias.com.br\/wp-json\/wp\/v2\/posts\/129431\/revisions\/129432"}],"wp:featuredmedia":[{"embeddable":true,"href":"https:\/\/cidadeazulnoticias.com.br\/wp-json\/wp\/v2\/media\/110401"}],"wp:attachment":[{"href":"https:\/\/cidadeazulnoticias.com.br\/wp-json\/wp\/v2\/media?parent=129431"}],"wp:term":[{"taxonomy":"category","embeddable":true,"href":"https:\/\/cidadeazulnoticias.com.br\/wp-json\/wp\/v2\/categories?post=129431"},{"taxonomy":"post_tag","embeddable":true,"href":"https:\/\/cidadeazulnoticias.com.br\/wp-json\/wp\/v2\/tags?post=129431"}],"curies":[{"name":"wp","href":"https:\/\/api.w.org\/{rel}","templated":true}]}},{"id":129427,"date":"2026-08-20T18:41:53","date_gmt":"2026-08-20T21:41:53","guid":{"rendered":"https:\/\/cidadeazulnoticias.com.br\/?p=129427"},"modified":"2026-08-20T18:41:53","modified_gmt":"2026-08-20T21:41:53","slug":"canil-da-guarda-civil-municipal-de-rio-claro-inaugura-sala-especializada-em-cinoterapia-para-criancas-neurodivergentes","status":"publish","type":"post","link":"https:\/\/cidadeazulnoticias.com.br\/canil-da-guarda-civil-municipal-de-rio-claro-inaugura-sala-especializada-em-cinoterapia-para-criancas-neurodivergentes\/","title":{"rendered":"Canil da Guarda Civil Municipal de Rio Claro inaugura sala especializada em cinoterapia para crian\u00e7as neurodivergentes"},"content":{"rendered":"<h2><em>Projeto C\u00e3o Doutor ter\u00e1 ambiente sensorial adaptado, equipe multiprofissional e participa\u00e7\u00e3o do c\u00e3o Holly.<\/em><\/h2>\n<p>A Guarda Civil Municipal de Rio Claro prepara a inaugura\u00e7\u00e3o da Sala de Cinoterapia do Projeto C\u00e3o Doutor, iniciativa destinada inicialmente ao atendimento de crian\u00e7as de 4 a 10 anos com Transtorno do Espectro Autista (TEA), Transtorno do D\u00e9ficit de Aten\u00e7\u00e3o e Hiperatividade (TDAH) e outras condi\u00e7\u00f5es relacionadas \u00e0 neurodiverg\u00eancia.<\/p>\n<p>O espa\u00e7o funcionar\u00e1 no Canil da GCM e foi planejado especialmente para interven\u00e7\u00f5es assistidas por c\u00e3es, reunindo recursos sensoriais em um ambiente seguro, acolhedor e adaptado \u00e0s necessidades de cada crian\u00e7a.<\/p>\n<p>O projeto foi idealizado pelo subcomandante da GCM e m\u00e9dico-veterin\u00e1rio Igor Rafael de Carvalho, respons\u00e1vel t\u00e9cnico pela proposta e pelo desenvolvimento das atividades de cinoterapia. A iniciativa representa um avan\u00e7o na atua\u00e7\u00e3o social e preventiva da institui\u00e7\u00e3o, aproximando a Guarda Civil Municipal das crian\u00e7as, das fam\u00edlias e dos profissionais da sa\u00fade.<\/p>\n<p><img loading=\"lazy\" decoding=\"async\" class=\"alignnone wp-image-129429 size-full\" src=\"https:\/\/s3.cidadeazulnoticias.com.br\/wp-content\/uploads\/2026\/08\/20183944\/cinoterapia-cao-doutor-3.jpeg\" alt=\"\" width=\"1000\" height=\"698\" srcset=\"https:\/\/s3.cidadeazulnoticias.com.br\/wp-content\/uploads\/2026\/08\/20183944\/cinoterapia-cao-doutor-3.jpeg 1000w, https:\/\/s3.cidadeazulnoticias.com.br\/wp-content\/uploads\/2026\/08\/20183944\/cinoterapia-cao-doutor-3-300x209.jpeg 300w, https:\/\/s3.cidadeazulnoticias.com.br\/wp-content\/uploads\/2026\/08\/20183944\/cinoterapia-cao-doutor-3-768x536.jpeg 768w, https:\/\/s3.cidadeazulnoticias.com.br\/wp-content\/uploads\/2026\/08\/20183944\/cinoterapia-cao-doutor-3-602x420.jpeg 602w, https:\/\/s3.cidadeazulnoticias.com.br\/wp-content\/uploads\/2026\/08\/20183944\/cinoterapia-cao-doutor-3-696x486.jpeg 696w, https:\/\/s3.cidadeazulnoticias.com.br\/wp-content\/uploads\/2026\/08\/20183944\/cinoterapia-cao-doutor-3-100x70.jpeg 100w\" sizes=\"(max-width: 1000px) 100vw, 1000px\" \/><\/p>\n<p>Apresentada por seus idealizadores como a primeira sala brasileira estruturada especificamente para a cinoterapia de crian\u00e7as neurodivergentes, a unidade reunir\u00e1, em um mesmo ambiente, recursos de estimula\u00e7\u00e3o sensorial e atividades terap\u00eauticas desenvolvidas com a participa\u00e7\u00e3o direta de um c\u00e3o preparado para essa finalidade.<\/p>\n<p>O principal integrante canino do projeto ser\u00e1 Holly, um c\u00e3o da ra\u00e7a Golden Retriever que j\u00e1 participa das a\u00e7\u00f5es de cinoterapia do Canil da GCM. Durante as sess\u00f5es, a intera\u00e7\u00e3o com Holly poder\u00e1 ser utilizada como recurso complementar para favorecer a comunica\u00e7\u00e3o, a aten\u00e7\u00e3o, a confian\u00e7a, a coordena\u00e7\u00e3o motora, a intera\u00e7\u00e3o social, a express\u00e3o emocional e a participa\u00e7\u00e3o nas atividades propostas.<\/p>\n<p>As a\u00e7\u00f5es tamb\u00e9m ter\u00e3o a participa\u00e7\u00e3o direta dos guardas civis municipais integrantes do Canil da GCM de Rio Claro. Os agentes auxiliar\u00e3o na condu\u00e7\u00e3o segura do c\u00e3o, na organiza\u00e7\u00e3o das atividades e no acolhimento das crian\u00e7as e de seus familiares, sempre em conjunto com os profissionais respons\u00e1veis pelo atendimento.<\/p>\n<p>O projeto contar\u00e1 ainda com o apoio de uma equipe multiprofissional, composta por psic\u00f3logos, terapeutas, fisioterapeutas, psicopedagogos e outros profissionais da sa\u00fade. Cada atividade ser\u00e1 planejada de acordo com as necessidades, caracter\u00edsticas e objetivos individuais da crian\u00e7a, com acompanhamento t\u00e9cnico, respeito aos limites dos participantes e aten\u00e7\u00e3o permanente ao bem-estar do c\u00e3o.<\/p>\n<p>A cinoterapia n\u00e3o substitui os tratamentos cl\u00ednicos, educacionais ou terap\u00eauticos convencionais. Trata-se de uma interven\u00e7\u00e3o complementar que utiliza o v\u00ednculo entre a crian\u00e7a e o c\u00e3o para aumentar o engajamento e contribuir com o trabalho desenvolvido pelos profissionais.<\/p>\n<p>Estudos cient\u00edficos apontam resultados promissores das interven\u00e7\u00f5es assistidas por c\u00e3es, especialmente em aspectos relacionados \u00e0 comunica\u00e7\u00e3o, intera\u00e7\u00e3o social, motiva\u00e7\u00e3o, aten\u00e7\u00e3o e regula\u00e7\u00e3o comportamental. Entretanto, a literatura tamb\u00e9m destaca a import\u00e2ncia de protocolos individualizados, acompanhamento multiprofissional e avalia\u00e7\u00e3o cont\u00ednua dos resultados.<\/p>\n<p>\u201cA proposta \u00e9 desenvolver um trabalho s\u00e9rio, respons\u00e1vel e fundamentado cientificamente. O Holly n\u00e3o estar\u00e1 na sala apenas como companhia, mas participar\u00e1 diretamente das atividades elaboradas pelos profissionais, sempre respeitando as necessidades da crian\u00e7a e as condi\u00e7\u00f5es de sa\u00fade e bem-estar do c\u00e3o\u201d, explica Igor Rafael de Carvalho.<\/p>\n<p>Al\u00e9m dos poss\u00edveis benef\u00edcios cl\u00ednicos e socioeducacionais, o projeto pretende fortalecer a inclus\u00e3o, oferecer novas experi\u00eancias terap\u00eauticas \u00e0s crian\u00e7as do munic\u00edpio e ampliar a integra\u00e7\u00e3o entre seguran\u00e7a p\u00fablica, sa\u00fade, educa\u00e7\u00e3o e comunidade.<\/p>\n<p>Com a Sala de Cinoterapia, a GCM de Rio Claro reafirma seu compromisso com a inova\u00e7\u00e3o, a responsabilidade social e o atendimento humanizado. O Projeto C\u00e3o Doutor demonstra que a Guarda Civil Municipal tamb\u00e9m pode atuar na constru\u00e7\u00e3o de v\u00ednculos, na promo\u00e7\u00e3o da inclus\u00e3o e no desenvolvimento de iniciativas p\u00fablicas capazes de transformar positivamente a vida das crian\u00e7as e de suas fam\u00edlias.<\/p>\n","protected":false},"excerpt":{"rendered":"<p>Projeto C\u00e3o Doutor ter\u00e1 ambiente sensorial adaptado, equipe multiprofissional e participa\u00e7\u00e3o do c\u00e3o Holly. A Guarda Civil Municipal de Rio Claro prepara a inaugura\u00e7\u00e3o da Sala de Cinoterapia do Projeto C\u00e3o Doutor, iniciativa destinada inicialmente ao atendimento de crian\u00e7as de 4 a 10 anos com Transtorno do Espectro Autista (TEA), Transtorno do D\u00e9ficit de Aten\u00e7\u00e3o [&hellip;]<\/p>\n","protected":false},"author":9,"featured_media":129428,"comment_status":"closed","ping_status":"closed","sticky":false,"template":"","format":"standard","meta":{"footnotes":""},"categories":[1,187],"tags":[],"class_list":{"0":"post-129427","1":"post","2":"type-post","3":"status-publish","4":"format-standard","5":"has-post-thumbnail","7":"category-instagram","8":"category-rio-claro"},"_links":{"self":[{"href":"https:\/\/cidadeazulnoticias.com.br\/wp-json\/wp\/v2\/posts\/129427"}],"collection":[{"href":"https:\/\/cidadeazulnoticias.com.br\/wp-json\/wp\/v2\/posts"}],"about":[{"href":"https:\/\/cidadeazulnoticias.com.br\/wp-json\/wp\/v2\/types\/post"}],"author":[{"embeddable":true,"href":"https:\/\/cidadeazulnoticias.com.br\/wp-json\/wp\/v2\/users\/9"}],"replies":[{"embeddable":true,"href":"https:\/\/cidadeazulnoticias.com.br\/wp-json\/wp\/v2\/comments?post=129427"}],"version-history":[{"count":1,"href":"https:\/\/cidadeazulnoticias.com.br\/wp-json\/wp\/v2\/posts\/129427\/revisions"}],"predecessor-version":[{"id":129430,"href":"https:\/\/cidadeazulnoticias.com.br\/wp-json\/wp\/v2\/posts\/129427\/revisions\/129430"}],"wp:featuredmedia":[{"embeddable":true,"href":"https:\/\/cidadeazulnoticias.com.br\/wp-json\/wp\/v2\/media\/129428"}],"wp:attachment":[{"href":"https:\/\/cidadeazulnoticias.com.br\/wp-json\/wp\/v2\/media?parent=129427"}],"wp:term":[{"taxonomy":"category","embeddable":true,"href":"https:\/\/cidadeazulnoticias.com.br\/wp-json\/wp\/v2\/categories?post=129427"},{"taxonomy":"post_tag","embeddable":true,"href":"https:\/\/cidadeazulnoticias.com.br\/wp-json\/wp\/v2\/tags?post=129427"}],"curies":[{"name":"wp","href":"https:\/\/api.w.org\/{rel}","templated":true}]}},{"id":129423,"date":"2026-08-20T13:06:07","date_gmt":"2026-08-20T16:06:07","guid":{"rendered":"https:\/\/cidadeazulnoticias.com.br\/?p=129423"},"modified":"2026-08-20T13:06:07","modified_gmt":"2026-08-20T16:06:07","slug":"mato-sem-sossego-pm-prende-suspeito-e-encontra-estoque-de-drogas-escondido-em-area-de-mata","status":"publish","type":"post","link":"https:\/\/cidadeazulnoticias.com.br\/mato-sem-sossego-pm-prende-suspeito-e-encontra-estoque-de-drogas-escondido-em-area-de-mata\/","title":{"rendered":"Mato sem sossego: PM prende suspeito e encontra \u2018estoque\u2019 de drogas escondido em \u00e1rea de mata"},"content":{"rendered":"<h2><em>A\u00e7\u00e3o no bairro Flores terminou com a apreens\u00e3o de 12 tabletes de maconha e 15 cargas contendo eppendorfs com subst\u00e2ncia an\u00e1loga \u00e0 coca\u00edna.<\/em><\/h2>\n<p>Se a inten\u00e7\u00e3o era esconder o estoque longe dos olhos da pol\u00edcia, a estrat\u00e9gia n\u00e3o funcionou muito bem. Na manh\u00e3 desta quinta-feira (20), equipes da Pol\u00edcia Militar prenderam um indiv\u00edduo por tr\u00e1fico de drogas no bairro Flores, em Rio Claro, ap\u00f3s receberem informa\u00e7\u00f5es de que entorpecentes estariam armazenados em uma \u00e1rea de mata.<\/p>\n<p>Durante a averigua\u00e7\u00e3o, os policiais localizaram o suspeito justamente no momento em que ele manuseava um recipiente onde estavam escondidos seis tabletes de subst\u00e2ncia an\u00e1loga \u00e0 maconha.<\/p>\n<p>E a hist\u00f3ria n\u00e3o terminou por ali. Com o avan\u00e7o das dilig\u00eancias, os policiais receberam indica\u00e7\u00f5es de outros pontos utilizados para armazenamento e realizaram novas buscas pela regi\u00e3o.<\/p>\n<p>Resultado: mais seis tabletes de maconha foram encontrados, al\u00e9m de 15 cargas contendo eppendorfs com subst\u00e2ncia an\u00e1loga \u00e0 coca\u00edna.<\/p>\n<p>Ao final da opera\u00e7\u00e3o, a conta do \u201cestoque\u201d ficou em 12 tabletes de maconha e 15 cargas de coca\u00edna, uma quantidade expressiva de entorpecentes que, segundo a Pol\u00edcia Militar, foi retirada de circula\u00e7\u00e3o antes de chegar \u00e0s ruas.<\/p>\n<p>O suspeito recebeu voz de pris\u00e3o e foi encaminhado ao Plant\u00e3o Policial, juntamente com todo o material apreendido. A ocorr\u00eancia foi apresentada \u00e0 Pol\u00edcia Judici\u00e1ria, que adotar\u00e1 as provid\u00eancias cab\u00edveis.<\/p>\n<p>No fim das contas, a mata at\u00e9 podia servir de esconderijo, mas n\u00e3o foi suficiente para esconder o flagrante. Para o tr\u00e1fico, a manh\u00e3 terminou sem lucro e com uma visita nada agrad\u00e1vel ao distrito policial.<\/p>\n<p>&nbsp;<\/p>\n","protected":false},"excerpt":{"rendered":"<p>A\u00e7\u00e3o no bairro Flores terminou com a apreens\u00e3o de 12 tabletes de maconha e 15 cargas contendo eppendorfs com subst\u00e2ncia an\u00e1loga \u00e0 coca\u00edna. Se a inten\u00e7\u00e3o era esconder o estoque longe dos olhos da pol\u00edcia, a estrat\u00e9gia n\u00e3o funcionou muito bem. Na manh\u00e3 desta quinta-feira (20), equipes da Pol\u00edcia Militar prenderam um indiv\u00edduo por tr\u00e1fico [&hellip;]<\/p>\n","protected":false},"author":9,"featured_media":129424,"comment_status":"closed","ping_status":"closed","sticky":false,"template":"","format":"standard","meta":{"footnotes":""},"categories":[1,2],"tags":[10472,69,12006,70,9128,8917,8919,8921,8918],"class_list":{"0":"post-129423","1":"post","2":"type-post","3":"status-publish","4":"format-standard","5":"has-post-thumbnail","7":"category-instagram","8":"category-seguranca","9":"tag-cidadeazulnoticias","10":"tag-cocaina","11":"tag-combateaotrafico","12":"tag-maconha","13":"tag-policia","14":"tag-policiamilitar","15":"tag-rioclaro","16":"tag-segurancapublica","17":"tag-traficodedrogas"},"_links":{"self":[{"href":"https:\/\/cidadeazulnoticias.com.br\/wp-json\/wp\/v2\/posts\/129423"}],"collection":[{"href":"https:\/\/cidadeazulnoticias.com.br\/wp-json\/wp\/v2\/posts"}],"about":[{"href":"https:\/\/cidadeazulnoticias.com.br\/wp-json\/wp\/v2\/types\/post"}],"author":[{"embeddable":true,"href":"https:\/\/cidadeazulnoticias.com.br\/wp-json\/wp\/v2\/users\/9"}],"replies":[{"embeddable":true,"href":"https:\/\/cidadeazulnoticias.com.br\/wp-json\/wp\/v2\/comments?post=129423"}],"version-history":[{"count":1,"href":"https:\/\/cidadeazulnoticias.com.br\/wp-json\/wp\/v2\/posts\/129423\/revisions"}],"predecessor-version":[{"id":129425,"href":"https:\/\/cidadeazulnoticias.com.br\/wp-json\/wp\/v2\/posts\/129423\/revisions\/129425"}],"wp:featuredmedia":[{"embeddable":true,"href":"https:\/\/cidadeazulnoticias.com.br\/wp-json\/wp\/v2\/media\/129424"}],"wp:attachment":[{"href":"https:\/\/cidadeazulnoticias.com.br\/wp-json\/wp\/v2\/media?parent=129423"}],"wp:term":[{"taxonomy":"category","embeddable":true,"href":"https:\/\/cidadeazulnoticias.com.br\/wp-json\/wp\/v2\/categories?post=129423"},{"taxonomy":"post_tag","embeddable":true,"href":"https:\/\/cidadeazulnoticias.com.br\/wp-json\/wp\/v2\/tags?post=129423"}],"curies":[{"name":"wp","href":"https:\/\/api.w.org\/{rel}","templated":true}]}},{"id":129419,"date":"2026-08-20T10:06:05","date_gmt":"2026-08-20T13:06:05","guid":{"rendered":"https:\/\/cidadeazulnoticias.com.br\/?p=129419"},"modified":"2026-08-20T10:06:05","modified_gmt":"2026-08-20T13:06:05","slug":"homem-e-preso-em-flagrante-apos-agredir-companheira-e-tentar-fugir-da-pm-em-brotas","status":"publish","type":"post","link":"https:\/\/cidadeazulnoticias.com.br\/homem-e-preso-em-flagrante-apos-agredir-companheira-e-tentar-fugir-da-pm-em-brotas\/","title":{"rendered":"Homem \u00e9 preso em flagrante ap\u00f3s agredir companheira e tentar fugir da PM em Brotas"},"content":{"rendered":"<h2><em>Suspeito teria dado soco na boca e chute no abd\u00f4men da v\u00edtima antes de tentar se esconder na casa de um vizinho; abordagem terminou com conten\u00e7\u00e3o e algemas.<\/em><\/h2>\n<p>A madrugada de quinta-feira (20) terminou com uma pris\u00e3o em flagrante por viol\u00eancia dom\u00e9stica no Jardim Esplanada, em Brotas. A Pol\u00edcia Militar foi acionada pelo COPOM ap\u00f3s uma den\u00fancia de agress\u00e3o e encontrou a v\u00edtima no local.<\/p>\n<p>Segundo o relato apresentado aos policiais, o companheiro teria desferido um soco em sua boca e, na sequ\u00eancia, um chute na regi\u00e3o abdominal. Depois da agress\u00e3o, o homem teria decidido mudar de endere\u00e7o por conta pr\u00f3pria \u2014 e, para isso, pulou o muro e entrou em uma resid\u00eancia vizinha.<\/p>\n<p>S\u00f3 que o novo esconderijo n\u00e3o pareceu ser dos mais seguros.<\/p>\n<p>Com autoriza\u00e7\u00e3o do propriet\u00e1rio do im\u00f3vel, os policiais realizaram buscas e localizaram o suspeito em um dos c\u00f4modos da resid\u00eancia. Ao perceber a presen\u00e7a da equipe, ele ainda tentou fugir e teria investido contra os policiais.<\/p>\n<p>A\u00ed o plano de escapar ganhou um cap\u00edtulo nada favor\u00e1vel ao suspeito. Foi necess\u00e1rio o emprego de t\u00e9cnicas de conten\u00e7\u00e3o para imobiliz\u00e1-lo e realizar o algemamento.<\/p>\n<p>De acordo com o registro da ocorr\u00eancia, o homem j\u00e1 possu\u00eda antecedentes criminais por furto e porte de drogas para consumo pessoal.<\/p>\n<p>V\u00edtima e suspeito foram encaminhados para atendimento m\u00e9dico e, posteriormente, conduzidos ao Plant\u00e3o Policial de Rio Claro. A autoridade policial registrou a ocorr\u00eancia como viol\u00eancia dom\u00e9stica e o homem permaneceu preso, \u00e0 disposi\u00e7\u00e3o da Justi\u00e7a.<\/p>\n<p>&nbsp;<\/p>\n","protected":false},"excerpt":{"rendered":"<p>Suspeito teria dado soco na boca e chute no abd\u00f4men da v\u00edtima antes de tentar se esconder na casa de um vizinho; abordagem terminou com conten\u00e7\u00e3o e algemas. A madrugada de quinta-feira (20) terminou com uma pris\u00e3o em flagrante por viol\u00eancia dom\u00e9stica no Jardim Esplanada, em Brotas. A Pol\u00edcia Militar foi acionada pelo COPOM ap\u00f3s [&hellip;]<\/p>\n","protected":false},"author":9,"featured_media":96155,"comment_status":"closed","ping_status":"closed","sticky":false,"template":"","format":"standard","meta":{"footnotes":""},"categories":[1,2],"tags":[9681,10472,14321,89,8917,10456,8919,8921,10632],"class_list":{"0":"post-129419","1":"post","2":"type-post","3":"status-publish","4":"format-standard","5":"has-post-thumbnail","7":"category-instagram","8":"category-seguranca","9":"tag-brotas","10":"tag-cidadeazulnoticias","11":"tag-jardimesplanada","12":"tag-pm","13":"tag-policiamilitar","14":"tag-prisaoemflagrante","15":"tag-rioclaro","16":"tag-segurancapublica","17":"tag-violenciadomestica"},"_links":{"self":[{"href":"https:\/\/cidadeazulnoticias.com.br\/wp-json\/wp\/v2\/posts\/129419"}],"collection":[{"href":"https:\/\/cidadeazulnoticias.com.br\/wp-json\/wp\/v2\/posts"}],"about":[{"href":"https:\/\/cidadeazulnoticias.com.br\/wp-json\/wp\/v2\/types\/post"}],"author":[{"embeddable":true,"href":"https:\/\/cidadeazulnoticias.com.br\/wp-json\/wp\/v2\/users\/9"}],"replies":[{"embeddable":true,"href":"https:\/\/cidadeazulnoticias.com.br\/wp-json\/wp\/v2\/comments?post=129419"}],"version-history":[{"count":1,"href":"https:\/\/cidadeazulnoticias.com.br\/wp-json\/wp\/v2\/posts\/129419\/revisions"}],"predecessor-version":[{"id":129420,"href":"https:\/\/cidadeazulnoticias.com.br\/wp-json\/wp\/v2\/posts\/129419\/revisions\/129420"}],"wp:featuredmedia":[{"embeddable":true,"href":"https:\/\/cidadeazulnoticias.com.br\/wp-json\/wp\/v2\/media\/96155"}],"wp:attachment":[{"href":"https:\/\/cidadeazulnoticias.com.br\/wp-json\/wp\/v2\/media?parent=129419"}],"wp:term":[{"taxonomy":"category","embeddable":true,"href":"https:\/\/cidadeazulnoticias.com.br\/wp-json\/wp\/v2\/categories?post=129419"},{"taxonomy":"post_tag","embeddable":true,"href":"https:\/\/cidadeazulnoticias.com.br\/wp-json\/wp\/v2\/tags?post=129419"}],"curies":[{"name":"wp","href":"https:\/\/api.w.org\/{rel}","templated":true}]}},{"id":129416,"date":"2026-08-20T09:39:22","date_gmt":"2026-08-20T12:39:22","guid":{"rendered":"https:\/\/cidadeazulnoticias.com.br\/?p=129416"},"modified":"2026-08-20T09:39:22","modified_gmt":"2026-08-20T12:39:22","slug":"defesa-civil-alerta-para-temporais-e-rajadas-de-vento-provocadas-por-frente-fria-nesta-sexta-feira-21","status":"publish","type":"post","link":"https:\/\/cidadeazulnoticias.com.br\/defesa-civil-alerta-para-temporais-e-rajadas-de-vento-provocadas-por-frente-fria-nesta-sexta-feira-21\/","title":{"rendered":"Defesa Civil alerta para temporais e rajadas de vento provocadas por frente fria nesta sexta-feira (21)"},"content":{"rendered":"<h2><em>Grande S\u00e3o Paulo e Baixada Santista est\u00e3o entre \u00e1reas que podem ser atingidas por rajadas de ventos superiores a 75 km\/h; temperaturas tamb\u00e9m v\u00e3o cair bruscamente<\/em>.<\/h2>\n<p>Uma nova frente fria atinge o estado de S\u00e3o Paulo entre a noite de quinta (20) e sexta-feira (21), derrubando as temperaturas e favorecendo pancadas de chuvas de moderadas a fortes, descargas el\u00e9tricas, granizo e rajadas de ventos, alerta a Defesa Civil dos Estado.<\/p>\n<p>Os ventos podem superar os 75 km\/h em alguns locais entre sexta e domingo, e devem ser mais intensos na Grande S\u00e3o Paulo, Baixada Santista, Litoral Norte e regi\u00f5es de Registro, Sorocaba, Campinas, S\u00e3o Jos\u00e9 dos Campos, Mar\u00edlia, Presidente Prudente, Bauru e Araraquara, elevando o risco de queda de \u00e1rvores, destelhamento, interrup\u00e7\u00f5es no fornecimento de energia el\u00e9trica, danos em estruturas vulner\u00e1veis e impactos na mobilidade urbana e nas opera\u00e7\u00f5es portu\u00e1rias.<\/p>\n<p>A reduzida quantidade de chuvas durante o m\u00eas de agosto e o solo extremamente seco favorecem ainda a forma\u00e7\u00e3o de tempestades de poeira, segundo a Defesa Civil. As rajadas de ventos mais intensas podem levantar part\u00edculas soltas na superf\u00edcie do solo, reduzindo temporariamente a visibilidade e elevando o risco nas estradas.<\/p>\n<h3>Temperaturas<\/h3>\n<p>Na Capital, ABC e Baixada Santista, os term\u00f4metros devem ficar entre m\u00e1ximas de 25\u00baC e m\u00ednimas de 13\u00baC. J\u00e1 no s\u00e1bado e domingo, as temperaturas caem ainda mais, com m\u00e1ximas de 22\u00baC e m\u00ednimas de at\u00e9 10\u00baC em algumas regi\u00f5es.<\/p>\n<p>Veja a previs\u00e3o para as principais regi\u00f5es do estado:<br \/>\nSexta-feira (21)<\/p>\n<p>S\u00e3o Paulo &gt;&gt;&gt; Min: 14\u00b0C Max: 25\u00b0C<br \/>\nABCD &gt;&gt;&gt; Min: 13\u00b0C Max: 24\u00b0C<br \/>\nGuarulhos &gt;&gt;&gt; Min: 14\u00b0C Max: 26\u00b0C<br \/>\nOsasco &gt;&gt;&gt; Min: 14\u00b0C Max: 25\u00b0C<br \/>\nVale do Ribeira &gt;&gt;&gt; Min: 15\u00b0C Max: 27\u00b0C<br \/>\nBaixada Santista &gt;&gt;&gt; Min: 17\u00b0C Max: 25\u00b0C<br \/>\nVale do Para\u00edba &gt;&gt;&gt; Min: 14\u00b0C Max: 26\u00b0C<br \/>\nSerra da Mantiqueira &gt;&gt;&gt; Min: 10\u00b0C Max: 19\u00b0C<br \/>\nLitoral Norte &gt;&gt;&gt; Min: 16\u00b0C Max: 26\u00b0C<br \/>\nSorocaba &gt;&gt;&gt; Min: 14\u00b0C Max: 26\u00b0C<br \/>\nCampinas &gt;&gt;&gt; Min: 14\u00b0C Max: 25\u00b0C<br \/>\nRibeir\u00e3o Preto &gt;&gt;&gt; Min: 18\u00b0C Max: 28\u00b0C<br \/>\nBauru &gt;&gt;&gt; Min: 15\u00b0C Max: 26\u00b0C<br \/>\nS\u00e3o Jos\u00e9 do Rio Preto &gt;&gt;&gt; Min: 17\u00b0C Max: 28\u00b0C<br \/>\nAra\u00e7atuba &gt;&gt;&gt; Min: 16\u00b0C Max: 27\u00b0C<br \/>\nPresidente Prudente &gt;&gt;&gt; Min: 15\u00b0C Max: 24\u00b0C<br \/>\nMar\u00edlia &gt;&gt;&gt; Min: 15\u00b0C Max: 25\u00b0C<br \/>\nAraraquara &gt;&gt;&gt; Min: 15\u00b0C Max: 25\u00b0C<br \/>\nBarretos &gt;&gt;&gt; Min: 17\u00b0C Max: 28\u00b0C<br \/>\nFranca &gt;&gt;&gt; Min: 17\u00b0C Max: 26\u00b0C<br \/>\nItapeva &gt;&gt;&gt; Min: 12\u00b0C Max: 23\u00b0C<\/p>\n<p>S\u00e1bado (22)\/Domingo (23)<\/p>\n<p>S\u00e3o Paulo &gt;&gt;&gt; Min: 12\u00b0C Max: 22\u00b0C<br \/>\nABCD &gt;&gt;&gt; Min: 12\u00b0C Max: 19\u00b0C<br \/>\nGuarulhos &gt;&gt;&gt; Min: 12\u00b0C Max: 22\u00b0C<br \/>\nOsasco &gt;&gt;&gt; Min: 12\u00b0C Max: 21\u00b0C<br \/>\nVale do Ribeira &gt;&gt;&gt; Min: 14\u00b0C Max: 22\u00b0C<br \/>\nBaixada Santista &gt;&gt;&gt; Min: 16\u00b0C Max: 22\u00b0C<br \/>\nVale do Para\u00edba &gt;&gt;&gt; Min: 11\u00b0C Max: 23\u00b0C<br \/>\nSerra da Mantiqueira &gt;&gt;&gt; Min: 8\u00b0C Max: 18\u00b0C<br \/>\nLitoral Norte &gt;&gt;&gt; Min: 15\u00b0C Max: 21\u00b0C<br \/>\nSorocaba &gt;&gt;&gt; Min: 12\u00b0C Max: 24\u00b0C<br \/>\nCampinas &gt;&gt;&gt; Min: 12\u00b0C Max: 25\u00b0C<br \/>\nRibeir\u00e3o Preto &gt;&gt;&gt; Min: 13\u00b0C Max: 29\u00b0C<br \/>\nBauru &gt;&gt;&gt; Min: 12\u00b0C Max: 26\u00b0C<br \/>\nS\u00e3o Jos\u00e9 do Rio Preto &gt;&gt;&gt; Min: 13\u00b0C Max: 28\u00b0C<br \/>\nAra\u00e7atuba &gt;&gt;&gt; Min: 12\u00b0C Max: 28\u00b0C<br \/>\nPresidente Prudente &gt;&gt;&gt; Min: 12\u00b0C Max: 27\u00b0C<br \/>\nMar\u00edlia &gt;&gt;&gt; Min: 11\u00b0C Max: 27\u00b0C<br \/>\nAraraquara &gt;&gt;&gt; Min: 12\u00b0C Max: 26\u00b0C<br \/>\nBarretos &gt;&gt;&gt; Min: 12\u00b0C Max: 30\u00b0C<br \/>\nFranca &gt;&gt;&gt; Min: 12\u00b0C Max: 28\u00b0C<br \/>\nItapeva &gt;&gt;&gt; Min: 10\u00b0C Max: 22\u00b0C<\/p>\n<h4>Orienta\u00e7\u00e3o \u00e0 popula\u00e7\u00e3o<\/p>\n<p>A Defesa Civil esclarece que acompanha continuamente a evolu\u00e7\u00e3o das condi\u00e7\u00f5es meteorol\u00f3gicas no Estado por meio do monitoramento constante e orienta a popula\u00e7\u00e3o a acompanhar os alertas oficiais enviados por SMS.<\/h4>\n<p>Em casos de temporal ou vendaval, a orienta\u00e7\u00e3o \u00e9 evitar permanecer sob \u00e1rvores, estruturas met\u00e1licas e coberturas fr\u00e1geis, recolher objetos que possam ser arremessados e redobrar a aten\u00e7\u00e3o nas rodovias. Quem estiver no litoral paulista deve evitar locais abertos, entrar no mar e utilizar transporte mar\u00edtimo. Se poss\u00edvel, busque abrigo em constru\u00e7\u00f5es de alvenaria e permane\u00e7a longe de janelas de vidro, coberturas met\u00e1licas e \u00e1reas abertas.<\/p>\n<p>Em situa\u00e7\u00f5es de emerg\u00eancia, o atendimento pode ser solicitado pelos telefones 199, da Defesa Civil, e 193, do Corpo de Bombeiros.<\/p>\n","protected":false},"excerpt":{"rendered":"<p>Grande S\u00e3o Paulo e Baixada Santista est\u00e3o entre \u00e1reas que podem ser atingidas por rajadas de ventos superiores a 75 km\/h; temperaturas tamb\u00e9m v\u00e3o cair bruscamente. Uma nova frente fria atinge o estado de S\u00e3o Paulo entre a noite de quinta (20) e sexta-feira (21), derrubando as temperaturas e favorecendo pancadas de chuvas de moderadas [&hellip;]<\/p>\n","protected":false},"author":9,"featured_media":129417,"comment_status":"closed","ping_status":"closed","sticky":false,"template":"","format":"standard","meta":{"footnotes":""},"categories":[1,2],"tags":[],"class_list":{"0":"post-129416","1":"post","2":"type-post","3":"status-publish","4":"format-standard","5":"has-post-thumbnail","7":"category-instagram","8":"category-seguranca"},"_links":{"self":[{"href":"https:\/\/cidadeazulnoticias.com.br\/wp-json\/wp\/v2\/posts\/129416"}],"collection":[{"href":"https:\/\/cidadeazulnoticias.com.br\/wp-json\/wp\/v2\/posts"}],"about":[{"href":"https:\/\/cidadeazulnoticias.com.br\/wp-json\/wp\/v2\/types\/post"}],"author":[{"embeddable":true,"href":"https:\/\/cidadeazulnoticias.com.br\/wp-json\/wp\/v2\/users\/9"}],"replies":[{"embeddable":true,"href":"https:\/\/cidadeazulnoticias.com.br\/wp-json\/wp\/v2\/comments?post=129416"}],"version-history":[{"count":1,"href":"https:\/\/cidadeazulnoticias.com.br\/wp-json\/wp\/v2\/posts\/129416\/revisions"}],"predecessor-version":[{"id":129418,"href":"https:\/\/cidadeazulnoticias.com.br\/wp-json\/wp\/v2\/posts\/129416\/revisions\/129418"}],"wp:featuredmedia":[{"embeddable":true,"href":"https:\/\/cidadeazulnoticias.com.br\/wp-json\/wp\/v2\/media\/129417"}],"wp:attachment":[{"href":"https:\/\/cidadeazulnoticias.com.br\/wp-json\/wp\/v2\/media?parent=129416"}],"wp:term":[{"taxonomy":"category","embeddable":true,"href":"https:\/\/cidadeazulnoticias.com.br\/wp-json\/wp\/v2\/categories?post=129416"},{"taxonomy":"post_tag","embeddable":true,"href":"https:\/\/cidadeazulnoticias.com.br\/wp-json\/wp\/v2\/tags?post=129416"}],"curies":[{"name":"wp","href":"https:\/\/api.w.org\/{rel}","templated":true}]}},{"id":129413,"date":"2026-08-20T09:03:01","date_gmt":"2026-08-20T12:03:01","guid":{"rendered":"https:\/\/cidadeazulnoticias.com.br\/?p=129413"},"modified":"2026-08-20T09:24:44","modified_gmt":"2026-08-20T12:24:44","slug":"baep-fecha-o-cerco-e-dupla-termina-ferida-apos-roubo-em-rio-claro","status":"publish","type":"post","link":"https:\/\/cidadeazulnoticias.com.br\/baep-fecha-o-cerco-e-dupla-termina-ferida-apos-roubo-em-rio-claro\/","title":{"rendered":"BAEP fecha o cerco e dupla termina ferida ap\u00f3s roubo em Rio Claro"},"content":{"rendered":"<h2><em>Confronto aconteceu em uma \u00e1rea de mata no Bairro dos Lopes; duas pistolas 9 mm, dinheiro, celulares, alian\u00e7as e correntes foram apreendidos, e seis v\u00edtimas compareceram ao Plant\u00e3o Policial<\/em><\/h2>\n<p>A noite de quarta-feira (19) terminou com uma persegui\u00e7\u00e3o digna de roteiro policial no Bairro dos Lopes, em Rio Claro. Mas, neste caso, quem entrou em cena n\u00e3o foi personagem de cinema: foram equipes do 10\u00ba BAEP (Batalh\u00e3o de A\u00e7\u00f5es Especiais de Pol\u00edcia), que localizaram dois indiv\u00edduos suspeitos de envolvimento em um roubo e acabaram encontrando, al\u00e9m das armas, uma verdadeira cole\u00e7\u00e3o de objetos que podem estar relacionados a outros crimes.<\/p>\n<p>A ocorr\u00eancia teve in\u00edcio por volta das 22h30, quando o COPOM irradiou uma informa\u00e7\u00e3o sobre um roubo em andamento em uma unidade da Droga Raia. Segundo as informa\u00e7\u00f5es transmitidas \u00e0s equipes, dois homens armados com pistolas estariam dentro do estabelecimento.<\/p>\n<p>Durante o patrulhamento pelo Bairro dos Lopes, na estrada de liga\u00e7\u00e3o com Araras, a equipe BAEP E-10104 foi abordada por um transeunte. A testemunha informou que dois indiv\u00edduos, ocupando uma bicicleta branca, carregando mochilas e aparentemente armados, haviam acabado de acessar uma via que dava acesso \u00e0 Estrada de Araras.<\/p>\n<p>A informa\u00e7\u00e3o foi suficiente para mudar a rota da patrulha. As equipes BAEP E-10104 e E-10114 seguiram pelo trajeto indicado e, nas proximidades de uma ponte, avistaram dois indiv\u00edduos com caracter\u00edsticas compat\u00edveis com as informa\u00e7\u00f5es recebidas.<\/p>\n<p>Ao perceberem a aproxima\u00e7\u00e3o policial, os suspeitos perderam o controle da bicicleta e decidiram abandonar o ve\u00edculo. Na sequ\u00eancia, fugiram a p\u00e9 em dire\u00e7\u00e3o ao rio e entraram em uma \u00e1rea de mata.<\/p>\n<p>S\u00f3 que havia um detalhe: a mata n\u00e3o era exatamente um convite para um passeio noturno.<\/p>\n<p>As equipes realizaram o acompanhamento dos indiv\u00edduos pelo local e, durante a persegui\u00e7\u00e3o, segundo o registro policial, houve confronto armado.<\/p>\n<p>Ap\u00f3s a interven\u00e7\u00e3o policial, os dois suspeitos foram encontrados feridos. O socorro m\u00e9dico foi acionado pelo COPOM e os envolvidos receberam atendimento.<\/p>\n<p>Durante a busca pessoal e a vistoria realizada no local, os policiais localizaram duas pistolas calibre 9 mm, al\u00e9m de dinheiro que seria proveniente do roubo, aparelhos celulares pertencentes a diferentes v\u00edtimas, alian\u00e7as, correntes e outros objetos que podem estar relacionados \u00e0 ocorr\u00eancia e a outros roubos.<\/p>\n<p>E a hist\u00f3ria ganhou novos cap\u00edtulos no Plant\u00e3o<\/p>\n<p>Se a ocorr\u00eancia j\u00e1 tinha come\u00e7ado movimentada, a apresenta\u00e7\u00e3o na Delegacia de Plant\u00e3o acrescentou mais alguns cap\u00edtulos.<\/p>\n<p>Durante o registro da ocorr\u00eancia, seis v\u00edtimas de roubos distintos compareceram \u00e0 unidade policial. Os crimes teriam ocorrido na mesma data e tamb\u00e9m em dias anteriores.<\/p>\n<p>De acordo com o registro, muitas dessas v\u00edtimas reconheceram os armamentos utilizados e tamb\u00e9m objetos recuperados pelos policiais.<\/p>\n<p>Todas foram qualificadas e tiveram seus depoimentos colhidos pela autoridade policial.<\/p>\n<p>O material apreendido foi apresentado \u00e0 Pol\u00edcia Civil, que dar\u00e1 sequ\u00eancia \u00e0s investiga\u00e7\u00f5es para esclarecer a participa\u00e7\u00e3o dos envolvidos nos diferentes roubos e identificar a origem dos objetos encontrados.<\/p>\n<p>A ocorr\u00eancia foi registrada no Plant\u00e3o Policial de Rio Claro como roubo e confronto, ficando a investiga\u00e7\u00e3o sob responsabilidade da Pol\u00edcia Judici\u00e1ria.<\/p>\n<p>No fim das contas, a bicicleta branca que deveria servir de ve\u00edculo para a fuga acabou sendo abandonada perto da ponte. A mata tamb\u00e9m n\u00e3o funcionou como esconderijo. E, quando a conta chegou ao Plant\u00e3o Policial, havia duas pistolas, diversos objetos e seis v\u00edtimas para ajudar a Pol\u00edcia Civil a montar o quebra-cabe\u00e7a.<\/p>\n<p>A ocorr\u00eancia foi registrada<\/p>\n<p>RioClaro, Pol\u00edciaMilitar, 10BAEP, BAEP #Seguran\u00e7a #Pol\u00edcia #Roubo #Confronto #Plant\u00e3oPolicial #BairroDosLopes #Araras #CidadeAzulNot\u00edcias<\/p>\n","protected":false},"excerpt":{"rendered":"<p>Confronto aconteceu em uma \u00e1rea de mata no Bairro dos Lopes; duas pistolas 9 mm, dinheiro, celulares, alian\u00e7as e correntes foram apreendidos, e seis v\u00edtimas compareceram ao Plant\u00e3o Policial A noite de quarta-feira (19) terminou com uma persegui\u00e7\u00e3o digna de roteiro policial no Bairro dos Lopes, em Rio Claro. Mas, neste caso, quem entrou em [&hellip;]<\/p>\n","protected":false},"author":9,"featured_media":126995,"comment_status":"closed","ping_status":"closed","sticky":false,"template":"","format":"standard","meta":{"footnotes":""},"categories":[1,2],"tags":[],"class_list":{"0":"post-129413","1":"post","2":"type-post","3":"status-publish","4":"format-standard","5":"has-post-thumbnail","7":"category-instagram","8":"category-seguranca"},"_links":{"self":[{"href":"https:\/\/cidadeazulnoticias.com.br\/wp-json\/wp\/v2\/posts\/129413"}],"collection":[{"href":"https:\/\/cidadeazulnoticias.com.br\/wp-json\/wp\/v2\/posts"}],"about":[{"href":"https:\/\/cidadeazulnoticias.com.br\/wp-json\/wp\/v2\/types\/post"}],"author":[{"embeddable":true,"href":"https:\/\/cidadeazulnoticias.com.br\/wp-json\/wp\/v2\/users\/9"}],"replies":[{"embeddable":true,"href":"https:\/\/cidadeazulnoticias.com.br\/wp-json\/wp\/v2\/comments?post=129413"}],"version-history":[{"count":1,"href":"https:\/\/cidadeazulnoticias.com.br\/wp-json\/wp\/v2\/posts\/129413\/revisions"}],"predecessor-version":[{"id":129415,"href":"https:\/\/cidadeazulnoticias.com.br\/wp-json\/wp\/v2\/posts\/129413\/revisions\/129415"}],"wp:featuredmedia":[{"embeddable":true,"href":"https:\/\/cidadeazulnoticias.com.br\/wp-json\/wp\/v2\/media\/126995"}],"wp:attachment":[{"href":"https:\/\/cidadeazulnoticias.com.br\/wp-json\/wp\/v2\/media?parent=129413"}],"wp:term":[{"taxonomy":"category","embeddable":true,"href":"https:\/\/cidadeazulnoticias.com.br\/wp-json\/wp\/v2\/categories?post=129413"},{"taxonomy":"post_tag","embeddable":true,"href":"https:\/\/cidadeazulnoticias.com.br\/wp-json\/wp\/v2\/tags?post=129413"}],"curies":[{"name":"wp","href":"https:\/\/api.w.org\/{rel}","templated":true}]}},{"id":129409,"date":"2026-08-19T19:32:00","date_gmt":"2026-08-19T22:32:00","guid":{"rendered":"https:\/\/cidadeazulnoticias.com.br\/?p=129409"},"modified":"2026-08-19T19:32:00","modified_gmt":"2026-08-19T22:32:00","slug":"cordeiropolis-amplia-smartgcm-com-tecnologia-que-localiza-chamadas-do-153-e-pode-salvar-vidas","status":"publish","type":"post","link":"https:\/\/cidadeazulnoticias.com.br\/cordeiropolis-amplia-smartgcm-com-tecnologia-que-localiza-chamadas-do-153-e-pode-salvar-vidas\/","title":{"rendered":"Cordeir\u00f3polis amplia SmartGCM com tecnologia que localiza chamadas do 153 e pode salvar vidas"},"content":{"rendered":"<h2><em>Munic\u00edpio \u00e9 o segundo do Estado a operar a funcionalidade; recurso n\u00e3o gera custos para a Prefeitura.<\/em><\/h2>\n<p>A Guarda Civil Municipal (GCM) de Cordeir\u00f3polis passou a contar com mais uma ferramenta tecnol\u00f3gica para agilizar o atendimento de ocorr\u00eancias. Integrada ao sistema SmartGCM, a funcionalidade Advanced Mobile Location (AML) permite que a localiza\u00e7\u00e3o aproximada de quem liga para o telefone 153 seja enviada automaticamente para a Central de Atendimento e Despacho (Sinesp CAD).<\/p>\n<p>A tecnologia foi disponibilizada pelo Minist\u00e9rio da Justi\u00e7a e Seguran\u00e7a P\u00fablica, em parceria com a Anatel, sem custos para o munic\u00edpio. O sistema \u00e9 capaz de identificar a posi\u00e7\u00e3o do aparelho por GPS, redes Wi-Fi e torres de telefonia durante a liga\u00e7\u00e3o para o 153. Com a implanta\u00e7\u00e3o, Cordeir\u00f3polis torna-se a segunda cidade do Estado de S\u00e3o Paulo a utilizar o recurso em opera\u00e7\u00e3o.<\/p>\n<p>Na pr\u00e1tica, a tecnologia pode ser decisiva em situa\u00e7\u00f5es de emerg\u00eancia, como casos de viol\u00eancia dom\u00e9stica, quando a v\u00edtima muitas vezes n\u00e3o consegue conversar, informar onde est\u00e1 ou sequer mencionar o pr\u00f3prio endere\u00e7o. Tamb\u00e9m pode auxiliar no atendimento de pessoas desorientadas, v\u00edtimas de acidentes, idosos, crian\u00e7as e qualquer outra ocorr\u00eancia em que cada minuto faz diferen\u00e7a.<\/p>\n<p>A nova funcionalidade passa a integrar o SmartGCM, sistema j\u00e1 implantado pela Prefeitura para modernizar a atua\u00e7\u00e3o da GCM e \u00e9 operado atrav\u00e9s do SINESP CAD 3.0. Entre os recursos, est\u00e3o o despacho digital de ocorr\u00eancias, o acompanhamento das viaturas em tempo real e o registro eletr\u00f4nico das a\u00e7\u00f5es operacionais. Agora, a localiza\u00e7\u00e3o autom\u00e1tica das chamadas amplia ainda mais a capacidade de resposta da corpora\u00e7\u00e3o.<\/p>\n<p>\u201cA tecnologia precisa estar a servi\u00e7o das pessoas. Essa ferramenta pode fazer toda a diferen\u00e7a em uma emerg\u00eancia, principalmente quando algu\u00e9m n\u00e3o consegue dizer onde est\u00e1 ou precisa de ajuda imediata, como em casos de viol\u00eancia dom\u00e9stica. \u00c9 mais um passo importante na moderniza\u00e7\u00e3o da nossa GCM, com custo zero para o munic\u00edpio\u201d, afirma a prefeita Cristina Saad.<\/p>\n<p>\u201cEsse \u00e9 um avan\u00e7o operacional importante para GCM, pois torna nosso atendimento ainda mais eficiente e coloca Cordeir\u00f3polis entre as cidades mais avan\u00e7adas do Estado nesse tipo de tecnologia, refletindo diretamente na sensa\u00e7\u00e3o de seguran\u00e7a da popula\u00e7\u00e3o\u201d, ressalta o secret\u00e1rio de Seguran\u00e7a P\u00fablica e Tr\u00e2nsito, Amarildo Zorzo.<\/p>\n","protected":false},"excerpt":{"rendered":"<p>Munic\u00edpio \u00e9 o segundo do Estado a operar a funcionalidade; recurso n\u00e3o gera custos para a Prefeitura. A Guarda Civil Municipal (GCM) de Cordeir\u00f3polis passou a contar com mais uma ferramenta tecnol\u00f3gica para agilizar o atendimento de ocorr\u00eancias. Integrada ao sistema SmartGCM, a funcionalidade Advanced Mobile Location (AML) permite que a localiza\u00e7\u00e3o aproximada de quem [&hellip;]<\/p>\n","protected":false},"author":9,"featured_media":129410,"comment_status":"closed","ping_status":"closed","sticky":false,"template":"","format":"standard","meta":{"footnotes":""},"categories":[1,187],"tags":[],"class_list":{"0":"post-129409","1":"post","2":"type-post","3":"status-publish","4":"format-standard","5":"has-post-thumbnail","7":"category-instagram","8":"category-rio-claro"},"_links":{"self":[{"href":"https:\/\/cidadeazulnoticias.com.br\/wp-json\/wp\/v2\/posts\/129409"}],"collection":[{"href":"https:\/\/cidadeazulnoticias.com.br\/wp-json\/wp\/v2\/posts"}],"about":[{"href":"https:\/\/cidadeazulnoticias.com.br\/wp-json\/wp\/v2\/types\/post"}],"author":[{"embeddable":true,"href":"https:\/\/cidadeazulnoticias.com.br\/wp-json\/wp\/v2\/users\/9"}],"replies":[{"embeddable":true,"href":"https:\/\/cidadeazulnoticias.com.br\/wp-json\/wp\/v2\/comments?post=129409"}],"version-history":[{"count":1,"href":"https:\/\/cidadeazulnoticias.com.br\/wp-json\/wp\/v2\/posts\/129409\/revisions"}],"predecessor-version":[{"id":129411,"href":"https:\/\/cidadeazulnoticias.com.br\/wp-json\/wp\/v2\/posts\/129409\/revisions\/129411"}],"wp:featuredmedia":[{"embeddable":true,"href":"https:\/\/cidadeazulnoticias.com.br\/wp-json\/wp\/v2\/media\/129410"}],"wp:attachment":[{"href":"https:\/\/cidadeazulnoticias.com.br\/wp-json\/wp\/v2\/media?parent=129409"}],"wp:term":[{"taxonomy":"category","embeddable":true,"href":"https:\/\/cidadeazulnoticias.com.br\/wp-json\/wp\/v2\/categories?post=129409"},{"taxonomy":"post_tag","embeddable":true,"href":"https:\/\/cidadeazulnoticias.com.br\/wp-json\/wp\/v2\/tags?post=129409"}],"curies":[{"name":"wp","href":"https:\/\/api.w.org\/{rel}","templated":true}]}},{"id":129406,"date":"2026-08-19T19:24:05","date_gmt":"2026-08-19T22:24:05","guid":{"rendered":"https:\/\/cidadeazulnoticias.com.br\/?p=129406"},"modified":"2026-08-19T19:24:05","modified_gmt":"2026-08-19T22:24:05","slug":"rio-claro-tem-terceiro-sabado-de-atendimentos-em-mutirao-de-cirurgias-dermatologicas","status":"publish","type":"post","link":"https:\/\/cidadeazulnoticias.com.br\/rio-claro-tem-terceiro-sabado-de-atendimentos-em-mutirao-de-cirurgias-dermatologicas\/","title":{"rendered":"Rio Claro tem terceiro s\u00e1bado de atendimentos em mutir\u00e3o de cirurgias dermatol\u00f3gicas"},"content":{"rendered":"<h2><em>Mutir\u00e3o atender\u00e1 ao todo quase 400 pessoas.<\/em><\/h2>\n<p>Rio Claro realiza nesse s\u00e1bado (22) o terceiro dia de atendimentos do mutir\u00e3o de cirurgias dermatol\u00f3gicas. Esta \u00e9 a terceira edi\u00e7\u00e3o do mutir\u00e3o, que est\u00e1 atendendo quase 400 pessoas. Os primeiros 84 pacientes j\u00e1 passaram pelos procedimentos nos s\u00e1bados anteriores.<\/p>\n<p>Nesta etapa est\u00e3o sendo atendidos cerca de 160 pacientes, com mais de 40 agendamentos a cada s\u00e1bado. A etapa seguinte ter\u00e1 cirurgias dermatol\u00f3gicas nas regi\u00f5es da cabe\u00e7a e do pesco\u00e7o. \u201cSer\u00e3o atendidos mais cerca de 230 pacientes, sendo que as avalia\u00e7\u00f5es cir\u00fargicas est\u00e3o agendadas para a primeira quinzena de setembro\u201d, observa Marco Aur\u00e9lio Mestrinel, presidente da Funda\u00e7\u00e3o Municipal de Sa\u00fade.<\/p>\n<p>Os mutir\u00f5es de cirurgias dermatol\u00f3gicas s\u00e3o realizados no Hospital P\u00fablico Municipal. Em mar\u00e7o, 160 pessoas passaram pelos procedimentos e, em julho de 2025, foram atendidas 200 pessoas que precisavam de cirurgias dermatol\u00f3gicas.<\/p>\n<p>&#8220;O hospital representa a concretiza\u00e7\u00e3o de um sonho que a popula\u00e7\u00e3o de Rio Claro sonhava h\u00e1 mais de d\u00e9cadas e que tem trazido grandes benef\u00edcios ao setor de sa\u00fade de nossa cidade&#8221;, destaca o prefeito Gustavo.<\/p>\n<p>Na realiza\u00e7\u00e3o do mutir\u00e3o, o munic\u00edpio utiliza recursos conseguidos com a articula\u00e7\u00e3o do vereador Diego Gonzalez.<\/p>\n","protected":false},"excerpt":{"rendered":"<p>Mutir\u00e3o atender\u00e1 ao todo quase 400 pessoas. Rio Claro realiza nesse s\u00e1bado (22) o terceiro dia de atendimentos do mutir\u00e3o de cirurgias dermatol\u00f3gicas. Esta \u00e9 a terceira edi\u00e7\u00e3o do mutir\u00e3o, que est\u00e1 atendendo quase 400 pessoas. Os primeiros 84 pacientes j\u00e1 passaram pelos procedimentos nos s\u00e1bados anteriores. Nesta etapa est\u00e3o sendo atendidos cerca de 160 [&hellip;]<\/p>\n","protected":false},"author":9,"featured_media":129407,"comment_status":"closed","ping_status":"closed","sticky":false,"template":"","format":"standard","meta":{"footnotes":""},"categories":[1,187],"tags":[],"class_list":{"0":"post-129406","1":"post","2":"type-post","3":"status-publish","4":"format-standard","5":"has-post-thumbnail","7":"category-instagram","8":"category-rio-claro"},"_links":{"self":[{"href":"https:\/\/cidadeazulnoticias.com.br\/wp-json\/wp\/v2\/posts\/129406"}],"collection":[{"href":"https:\/\/cidadeazulnoticias.com.br\/wp-json\/wp\/v2\/posts"}],"about":[{"href":"https:\/\/cidadeazulnoticias.com.br\/wp-json\/wp\/v2\/types\/post"}],"author":[{"embeddable":true,"href":"https:\/\/cidadeazulnoticias.com.br\/wp-json\/wp\/v2\/users\/9"}],"replies":[{"embeddable":true,"href":"https:\/\/cidadeazulnoticias.com.br\/wp-json\/wp\/v2\/comments?post=129406"}],"version-history":[{"count":1,"href":"https:\/\/cidadeazulnoticias.com.br\/wp-json\/wp\/v2\/posts\/129406\/revisions"}],"predecessor-version":[{"id":129408,"href":"https:\/\/cidadeazulnoticias.com.br\/wp-json\/wp\/v2\/posts\/129406\/revisions\/129408"}],"wp:featuredmedia":[{"embeddable":true,"href":"https:\/\/cidadeazulnoticias.com.br\/wp-json\/wp\/v2\/media\/129407"}],"wp:attachment":[{"href":"https:\/\/cidadeazulnoticias.com.br\/wp-json\/wp\/v2\/media?parent=129406"}],"wp:term":[{"taxonomy":"category","embeddable":true,"href":"https:\/\/cidadeazulnoticias.com.br\/wp-json\/wp\/v2\/categories?post=129406"},{"taxonomy":"post_tag","embeddable":true,"href":"https:\/\/cidadeazulnoticias.com.br\/wp-json\/wp\/v2\/tags?post=129406"}],"curies":[{"name":"wp","href":"https:\/\/api.w.org\/{rel}","templated":true}]}},{"id":129400,"date":"2026-08-19T16:06:54","date_gmt":"2026-08-19T19:06:54","guid":{"rendered":"https:\/\/cidadeazulnoticias.com.br\/?p=129400"},"modified":"2026-08-19T16:06:54","modified_gmt":"2026-08-19T19:06:54","slug":"oab-rio-claro-prepara-grande-noite-de-celebracao-no-baile-da-advocacia-2026","status":"publish","type":"post","link":"https:\/\/cidadeazulnoticias.com.br\/oab-rio-claro-prepara-grande-noite-de-celebracao-no-baile-da-advocacia-2026\/","title":{"rendered":"OAB Rio Claro prepara grande noite de celebra\u00e7\u00e3o no Baile da Advocacia 2026"},"content":{"rendered":"<h2><em>Evento recebe advogados da regi\u00e3o atra\u00e7\u00f5es especiais. M\u00eas da Advocacia contou com uma programa\u00e7\u00e3o que refor\u00e7a a uni\u00e3o, a valoriza\u00e7\u00e3o e o protagonismo da advocacia rio-clarense<\/em><\/h2>\n<p>A advocacia de Rio Claro j\u00e1 tem encontro marcado para uma das noites mais aguardadas do calend\u00e1rio da categoria. Nesta sexta 21 de agosto, a 4\u00aa Subse\u00e7\u00e3o da OAB Rio Claro realiza mais uma edi\u00e7\u00e3o do tradicional Baile da Advocacia, que neste ano chega com novidades e novo endere\u00e7o: o sal\u00e3o do Grupo Gin\u00e1stico Rioclarense.<\/p>\n<p>Com uma proposta voltada \u00e0 confraterniza\u00e7\u00e3o, ao reencontro de colegas, amigos e familiares e, principalmente, \u00e0 valoriza\u00e7\u00e3o da classe, a noite promete reunir a comunidade jur\u00eddica rio-clarense em um ambiente de muita anima\u00e7\u00e3o e celebra\u00e7\u00e3o.<\/p>\n<p>A programa\u00e7\u00e3o foi preparada para transformar a noite em um grande momento de confraterniza\u00e7\u00e3o. O jantar ficar\u00e1 por conta da equipe do Buffet Pinhatt, respons\u00e1vel por um card\u00e1pio especial para a ocasi\u00e3o. Na parte musical, duas atra\u00e7\u00f5es prometem colocar os convidados para dan\u00e7ar: Nicole Nagib e Kalu e os Bambas.<\/p>\n<p>A noite contar\u00e1 ainda com Double Drinks e rolha livre, completando a programa\u00e7\u00e3o preparada especialmente para os advogados, familiares e convidados.<\/p>\n<p>\u00c0 frente da organiza\u00e7\u00e3o est\u00e1 a presidente da 4\u00aa Subse\u00e7\u00e3o da OAB Rio Claro, Dra. Ana Paula Gon\u00e7alves Copriva, ao lado de sua diretoria, que tem como presidente da Comiss\u00e3o de Eventos a Dra. Jane Dantas. O trabalho da equipe tem sido marcado por uma agenda din\u00e2mica, com a\u00e7\u00f5es que aproximam a entidade dos profissionais e fortalecem os v\u00ednculos dentro da classe.<\/p>\n<h3>ATEN\u00c7\u00c3O: FALTAM POUCOS CONVITES!<\/h3>\n<p>Quem ainda n\u00e3o garantiu sua presen\u00e7a deve se apressar. Os convites podem ser reservados diretamente na OAB Rio Claro.<\/p>\n<p>Ser\u00e1 uma noite para celebrar a advocacia, reencontrar amigos e familiares e brindar \u00e0 uni\u00e3o e \u00e0 valoriza\u00e7\u00e3o da classe!<\/p>\n<h3>Agosto de intensa movimenta\u00e7\u00e3o na Casa da Advocacia<\/h3>\n<p>E o Baile da Advocacia chega justamente em um m\u00eas que vem sendo marcado por uma s\u00e9rie de atividades promovidas pela OAB Rio Claro.<\/p>\n<p>No dia 5 de agosto, o Audit\u00f3rio da OAB recebeu o 1\u00ba Dia da Pr\u00e1tica de Peticionamento Eletr\u00f4nico, com o M\u00f3dulo 1 \u2013 Organiza\u00e7\u00e3o Digital do Escrit\u00f3rio. A iniciativa reuniu advogados interessados em aprimorar conhecimentos relacionados \u00e0 organiza\u00e7\u00e3o de arquivos, manipula\u00e7\u00e3o de documentos digitais e utiliza\u00e7\u00e3o de sistemas operacionais, buscando proporcionar mais efici\u00eancia e seguran\u00e7a na rotina profissional.<\/p>\n<p>A atividade contou tamb\u00e9m com a participa\u00e7\u00e3o do t\u00e9cnico de inform\u00e1tica Richard, que prestou suporte aos participantes, esclareceu d\u00favidas e contribuiu para o desenvolvimento da atividade. Novas informa\u00e7\u00f5es sobre as pr\u00f3ximas datas e os demais m\u00f3dulos dever\u00e3o ser divulgadas posteriormente.<\/p>\n<p><img loading=\"lazy\" decoding=\"async\" class=\"alignnone wp-image-129403 size-full\" src=\"https:\/\/s3.cidadeazulnoticias.com.br\/wp-content\/uploads\/2026\/08\/19160631\/oab-forum.jpg\" alt=\"\" width=\"638\" height=\"677\" srcset=\"https:\/\/s3.cidadeazulnoticias.com.br\/wp-content\/uploads\/2026\/08\/19160631\/oab-forum.jpg 638w, https:\/\/s3.cidadeazulnoticias.com.br\/wp-content\/uploads\/2026\/08\/19160631\/oab-forum-283x300.jpg 283w, https:\/\/s3.cidadeazulnoticias.com.br\/wp-content\/uploads\/2026\/08\/19160631\/oab-forum-396x420.jpg 396w\" sizes=\"(max-width: 638px) 100vw, 638px\" \/><\/p>\n<p>Outro momento especial foi o encontro \u201cResgatando Mem\u00f3rias da Fam\u00edlia Forense\u201d, iniciativa dedicada \u00e0 valoriza\u00e7\u00e3o da hist\u00f3ria e das trajet\u00f3rias que ajudaram a construir a advocacia rio-clarense.<\/p>\n<p>O encontro proporcionou reencontros, boas lembran\u00e7as e a oportunidade de compartilhar experi\u00eancias, resgatando hist\u00f3rias que fazem parte da trajet\u00f3ria da comunidade jur\u00eddica da cidade.<\/p>\n<h4>Novos profissionais, novos cap\u00edtulos<\/h4>\n<p>A programa\u00e7\u00e3o de agosto tamb\u00e9m foi marcada por um daqueles momentos que ficam guardados para sempre na mem\u00f3ria de quem escolheu a advocacia como profiss\u00e3o.<\/p>\n<p>Na ter\u00e7a-feira, 18 de agosto, a sede da OAB Rio Claro recebeu a sess\u00e3o solene de entrega das carteiras da OAB aos novos advogados e advogadas.<\/p>\n<p>Mais do que uma formalidade, a cerim\u00f4nia representa a concretiza\u00e7\u00e3o de uma conquista constru\u00edda ao longo de anos de estudo, dedica\u00e7\u00e3o e ren\u00fancias. \u00c9 o momento em que o sonho da advocacia se transforma oficialmente no in\u00edcio de uma nova trajet\u00f3ria profissional.<\/p>\n<p>A mensagem deixada aos novos integrantes da classe foi de que a carteira representa n\u00e3o apenas uma conquista, mas tamb\u00e9m o compromisso com a \u00e9tica, a responsabilidade, a coragem, a justi\u00e7a e as pessoas que passar\u00e3o a confiar em seu trabalho.<\/p>\n<h5>Uma entidade em movimento<\/h5>\n<p>Com uma programa\u00e7\u00e3o que re\u00fane capacita\u00e7\u00e3o profissional, resgate da mem\u00f3ria, acolhimento aos novos advogados e grandes momentos de confraterniza\u00e7\u00e3o, a 4\u00aa Subse\u00e7\u00e3o da OAB Rio Claro demonstra que a valoriza\u00e7\u00e3o da advocacia tamb\u00e9m passa pela constru\u00e7\u00e3o de uma entidade pr\u00f3xima, participativa e conectada com seus profissionais.<\/p>\n<p>E, para fechar esse intenso m\u00eas de agosto em grande estilo, o Baile da Advocacia 2026 promete uma noite de encontros, m\u00fasica, gastronomia e celebra\u00e7\u00e3o.<\/p>\n<p>Dia 21 de agosto, no Grupo Gin\u00e1stico Rioclarense. Uma noite para celebrar a advocacia, fortalecer os la\u00e7os e brindar \u00e0s conquistas de uma classe que tem na defesa da cidadania e da Justi\u00e7a a sua grande miss\u00e3o.<\/p>\n<p><img loading=\"lazy\" decoding=\"async\" class=\"alignnone wp-image-129402 size-full\" src=\"https:\/\/s3.cidadeazulnoticias.com.br\/wp-content\/uploads\/2026\/08\/19160532\/card-BAILE-2026-1.jpeg\" alt=\"\" width=\"563\" height=\"1000\" srcset=\"https:\/\/s3.cidadeazulnoticias.com.br\/wp-content\/uploads\/2026\/08\/19160532\/card-BAILE-2026-1.jpeg 563w, https:\/\/s3.cidadeazulnoticias.com.br\/wp-content\/uploads\/2026\/08\/19160532\/card-BAILE-2026-1-169x300.jpeg 169w, https:\/\/s3.cidadeazulnoticias.com.br\/wp-content\/uploads\/2026\/08\/19160532\/card-BAILE-2026-1-236x420.jpeg 236w\" sizes=\"(max-width: 563px) 100vw, 563px\" \/><\/p>\n<p>&nbsp;<\/p>\n<p>&nbsp;<\/p>\n","protected":false},"excerpt":{"rendered":"<p>Evento recebe advogados da regi\u00e3o atra\u00e7\u00f5es especiais. M\u00eas da Advocacia contou com uma programa\u00e7\u00e3o que refor\u00e7a a uni\u00e3o, a valoriza\u00e7\u00e3o e o protagonismo da advocacia rio-clarense A advocacia de Rio Claro j\u00e1 tem encontro marcado para uma das noites mais aguardadas do calend\u00e1rio da categoria. Nesta sexta 21 de agosto, a 4\u00aa Subse\u00e7\u00e3o da OAB [&hellip;]<\/p>\n","protected":false},"author":9,"featured_media":129401,"comment_status":"closed","ping_status":"closed","sticky":false,"template":"","format":"standard","meta":{"footnotes":""},"categories":[1,187],"tags":[13198,14320,11771,13197,12066,11212,11011,13196,8919],"class_list":{"0":"post-129400","1":"post","2":"type-post","3":"status-publish","4":"format-standard","5":"has-post-thumbnail","7":"category-instagram","8":"category-rio-claro","9":"tag-advocacia","10":"tag-bailedaadvocacia2026","11":"tag-coberturasocial","12":"tag-diadoadvogado","13":"tag-grupoginasticorioclarense","14":"tag-kalueosbambas","15":"tag-nicolenagib","16":"tag-oabrioclaro","17":"tag-rioclaro"},"_links":{"self":[{"href":"https:\/\/cidadeazulnoticias.com.br\/wp-json\/wp\/v2\/posts\/129400"}],"collection":[{"href":"https:\/\/cidadeazulnoticias.com.br\/wp-json\/wp\/v2\/posts"}],"about":[{"href":"https:\/\/cidadeazulnoticias.com.br\/wp-json\/wp\/v2\/types\/post"}],"author":[{"embeddable":true,"href":"https:\/\/cidadeazulnoticias.com.br\/wp-json\/wp\/v2\/users\/9"}],"replies":[{"embeddable":true,"href":"https:\/\/cidadeazulnoticias.com.br\/wp-json\/wp\/v2\/comments?post=129400"}],"version-history":[{"count":1,"href":"https:\/\/cidadeazulnoticias.com.br\/wp-json\/wp\/v2\/posts\/129400\/revisions"}],"predecessor-version":[{"id":129404,"href":"https:\/\/cidadeazulnoticias.com.br\/wp-json\/wp\/v2\/posts\/129400\/revisions\/129404"}],"wp:featuredmedia":[{"embeddable":true,"href":"https:\/\/cidadeazulnoticias.com.br\/wp-json\/wp\/v2\/media\/129401"}],"wp:attachment":[{"href":"https:\/\/cidadeazulnoticias.com.br\/wp-json\/wp\/v2\/media?parent=129400"}],"wp:term":[{"taxonomy":"category","embeddable":true,"href":"https:\/\/cidadeazulnoticias.com.br\/wp-json\/wp\/v2\/categories?post=129400"},{"taxonomy":"post_tag","embeddable":true,"href":"https:\/\/cidadeazulnoticias.com.br\/wp-json\/wp\/v2\/tags?post=129400"}],"curies":[{"name":"wp","href":"https:\/\/api.w.org\/{rel}","templated":true}]}},{"id":129397,"date":"2026-08-19T13:46:50","date_gmt":"2026-08-19T16:46:50","guid":{"rendered":"https:\/\/cidadeazulnoticias.com.br\/?p=129397"},"modified":"2026-08-19T13:46:50","modified_gmt":"2026-08-19T16:46:50","slug":"escritora-de-rio-claro-lanca-novo-romance-sobre-a-era-do-orkut","status":"publish","type":"post","link":"https:\/\/cidadeazulnoticias.com.br\/escritora-de-rio-claro-lanca-novo-romance-sobre-a-era-do-orkut\/","title":{"rendered":"Escritora de Rio Claro lan\u00e7a novo romance sobre a era do Orkut"},"content":{"rendered":"<h2><em>\u201cMeus tempos de Orkut: as desventuras de Crix Oliveira\u201d chega \u00e0 Amazon nesta sexta-feira e ganha edi\u00e7\u00e3o f\u00edsica durante a Bienal Internacional do Livro de S\u00e3o Paulo<\/em><\/h2>\n<p>A escritora e jornalista rio-clarense Vivian Guilherme lan\u00e7a nesta sexta-feira, dia 21 de agosto, a edi\u00e7\u00e3o digital de seu novo romance, \u201cMeus tempos de Orkut: as desventuras de Crix Oliveira\u201d. O livro estar\u00e1 dispon\u00edvel na Amazon em formato e-book e marca o in\u00edcio da divulga\u00e7\u00e3o da obra, que ter\u00e1 sua edi\u00e7\u00e3o f\u00edsica apresentada ao p\u00fablico durante a Bienal Internacional do Livro de S\u00e3o Paulo.<\/p>\n<p>A vers\u00e3o impressa de \u201cMeus tempos de Orkut\u201d ser\u00e1 lan\u00e7ada oficialmente na Bienal, onde Vivian participa de duas sess\u00f5es de aut\u00f3grafos. A primeira ser\u00e1 no dia 5 de setembro, \u00e0s 17h, no stand do Escreva Garota. No dia 6 de setembro, \u00e0s 15h, a autora estar\u00e1 no stand da Ler Editorial.<\/p>\n<p>Ambientado em 2007, o romance resgata o per\u00edodo em que o Orkut fazia parte da rotina de milh\u00f5es de brasileiros e era utilizado para fazer amizades, participar de comunidades, trocar scraps e tamb\u00e9m encontrar poss\u00edveis parceiros amorosos.<\/p>\n<p>A protagonista, Cristina Oliveira, \u00e9 uma professora de ingl\u00eas que vive em uma pequena cidade do interior paulista. Depois de uma s\u00e9rie de relacionamentos frustrados, ela decide recorrer \u00e0 internet para encontrar um namorado. No Orkut, encontra dois pretendentes e estabelece um acordo para tentar aprender a se relacionar sem se apaixonar. O plano, por\u00e9m, n\u00e3o sai como esperado.<\/p>\n<p>Para Vivian, o livro nasceu do interesse em revisitar n\u00e3o apenas a est\u00e9tica dos anos 2000, mas a maneira como as pessoas se relacionavam antes da conex\u00e3o permanente proporcionada pelos smartphones e pelas redes sociais atuais. \u201cQuis resgatar n\u00e3o apenas a est\u00e9tica daquela \u00e9poca, mas a forma como nos relacion\u00e1vamos. Antes, a internet era como um espa\u00e7o f\u00edsico, precis\u00e1vamos estar em casa, no computador, com um cabo conectado e torcer para ningu\u00e9m precisar usar o telefone. Sem contar a ansiedade para conectar e ler os scraps, encontrar as pessoas online. Hoje estamos todos conectados 24 horas por dia e isso tirou todo o brilho das expectativas, da paci\u00eancia de esperar por algo\u201d, afirma.<\/p>\n<p>O lan\u00e7amento ocorre em um momento de retomada do interesse pela cultura dos anos 2000. M\u00fasica, moda, filmes, s\u00e9ries e refer\u00eancias tecnol\u00f3gicas da \u00e9poca voltaram a aparecer com frequ\u00eancia nas redes sociais e no comportamento de uma gera\u00e7\u00e3o que viveu a transi\u00e7\u00e3o para a internet.<\/p>\n<p>Al\u00e9m da nostalgia, \u201cMeus tempos de Orkut\u201d aborda quest\u00f5es relacionadas aos relacionamentos e \u00e0 sexualidade feminina. A protagonista enfrenta os conflitos entre desejo, expectativas sociais e os padr\u00f5es de comportamento impostos \u00e0s mulheres. \u201cO livro tamb\u00e9m fala sobre as contradi\u00e7\u00f5es impostas \u00e0s mulheres. Esperava-se que f\u00f4ssemos desej\u00e1veis, mas nunca livres demais. A personagem carrega esses conflitos porque essa era a realidade de muitas mulheres daquela gera\u00e7\u00e3o\u201d, explica a autora.<\/p>\n<p>Formada em Letras, com especializa\u00e7\u00e3o em Filosofia e mestre em Ci\u00eancia, Tecnologia e Sociedade pela Universidade Federal de S\u00e3o Carlos (UFSCar), Vivian Guilherme dedica-se \u00e0 produ\u00e7\u00e3o de chick-lit \u00e0 brasileira, g\u00eanero que utiliza protagonistas femininas e situa\u00e7\u00f5es do cotidiano para abordar relacionamentos, amadurecimento, amizade e recome\u00e7os.<\/p>\n<p>Com 244 p\u00e1ginas, o livro \u00e9 publicado pela Editora Grou e tem classifica\u00e7\u00e3o para maiores de 18 anos.<\/p>\n<p>Servi\u00e7o<br \/>\nLan\u00e7amento do e-book<br \/>\nData: 21 de agosto de 2026<br \/>\nOnde: Amazon<br \/>\nFormato: e-book<\/p>\n<p>Lan\u00e7amento da edi\u00e7\u00e3o f\u00edsica e sess\u00f5es de aut\u00f3grafos<br \/>\nBienal Internacional do Livro de S\u00e3o Paulo<br \/>\n5 de setembro, \u00e0s 17h \u2014 stand do Escreva Garota<br \/>\n6 de setembro, \u00e0s 15h \u2014 stand da Ler Editorial<\/p>\n<p>Livro: \u201cMeus tempos de Orkut: as desventuras de Crix Oliveira\u201d<br \/>\nAutora: Vivian Guilherme<br \/>\nEditora: Grou<br \/>\nP\u00e1ginas: 256<br \/>\nPre\u00e7o da edi\u00e7\u00e3o f\u00edsica: R$ 50<\/p>\n<p>Sobre a autora<\/p>\n<p>Vivian Guilherme \u00e9 escritora e jornalista, graduada em Letras, com especializa\u00e7\u00e3o em Filosofia e mestrado em Ci\u00eancia, Tecnologia e Sociedade pela UFSCar. Moradora de Rio Claro, dedica-se \u00e0 produ\u00e7\u00e3o de chick-lit \u00e0 brasileira, com romances que combinam humor, emo\u00e7\u00e3o, nostalgia e protagonistas femininas.<\/p>\n<p>Redes sociais:<br \/>\nSite: www.vivianguilherme.com.br<br \/>\nInstagram: @vivianguilherme<br \/>\nFacebook: Vivian Guilherme &#8211; Escritora<br \/>\nTikTok: @autora.vivian<\/p>\n<p>www.editoragrou.com.br<\/p>\n<p>&nbsp;<\/p>\n","protected":false},"excerpt":{"rendered":"<p>\u201cMeus tempos de Orkut: as desventuras de Crix Oliveira\u201d chega \u00e0 Amazon nesta sexta-feira e ganha edi\u00e7\u00e3o f\u00edsica durante a Bienal Internacional do Livro de S\u00e3o Paulo A escritora e jornalista rio-clarense Vivian Guilherme lan\u00e7a nesta sexta-feira, dia 21 de agosto, a edi\u00e7\u00e3o digital de seu novo romance, \u201cMeus tempos de Orkut: as desventuras de [&hellip;]<\/p>\n","protected":false},"author":9,"featured_media":129398,"comment_status":"closed","ping_status":"closed","sticky":false,"template":"","format":"standard","meta":{"footnotes":""},"categories":[213,1],"tags":[],"class_list":{"0":"post-129397","1":"post","2":"type-post","3":"status-publish","4":"format-standard","5":"has-post-thumbnail","7":"category-cultura","8":"category-instagram"},"_links":{"self":[{"href":"https:\/\/cidadeazulnoticias.com.br\/wp-json\/wp\/v2\/posts\/129397"}],"collection":[{"href":"https:\/\/cidadeazulnoticias.com.br\/wp-json\/wp\/v2\/posts"}],"about":[{"href":"https:\/\/cidadeazulnoticias.com.br\/wp-json\/wp\/v2\/types\/post"}],"author":[{"embeddable":true,"href":"https:\/\/cidadeazulnoticias.com.br\/wp-json\/wp\/v2\/users\/9"}],"replies":[{"embeddable":true,"href":"https:\/\/cidadeazulnoticias.com.br\/wp-json\/wp\/v2\/comments?post=129397"}],"version-history":[{"count":1,"href":"https:\/\/cidadeazulnoticias.com.br\/wp-json\/wp\/v2\/posts\/129397\/revisions"}],"predecessor-version":[{"id":129399,"href":"https:\/\/cidadeazulnoticias.com.br\/wp-json\/wp\/v2\/posts\/129397\/revisions\/129399"}],"wp:featuredmedia":[{"embeddable":true,"href":"https:\/\/cidadeazulnoticias.com.br\/wp-json\/wp\/v2\/media\/129398"}],"wp:attachment":[{"href":"https:\/\/cidadeazulnoticias.com.br\/wp-json\/wp\/v2\/media?parent=129397"}],"wp:term":[{"taxonomy":"category","embeddable":true,"href":"https:\/\/cidadeazulnoticias.com.br\/wp-json\/wp\/v2\/categories?post=129397"},{"taxonomy":"post_tag","embeddable":true,"href":"https:\/\/cidadeazulnoticias.com.br\/wp-json\/wp\/v2\/tags?post=129397"}],"curies":[{"name":"wp","href":"https:\/\/api.w.org\/{rel}","templated":true}]}},{"id":129395,"date":"2026-08-19T13:26:17","date_gmt":"2026-08-19T16:26:17","guid":{"rendered":"https:\/\/cidadeazulnoticias.com.br\/?p=129395"},"modified":"2026-08-19T13:26:17","modified_gmt":"2026-08-19T16:26:17","slug":"abordagem-termina-em-resistencia-e-leva-homem-ao-plantao-policial-em-brotas","status":"publish","type":"post","link":"https:\/\/cidadeazulnoticias.com.br\/abordagem-termina-em-resistencia-e-leva-homem-ao-plantao-policial-em-brotas\/","title":{"rendered":"Abordagem termina em resist\u00eancia e leva homem ao Plant\u00e3o Policial em Brotas"},"content":{"rendered":"<h2><em>Homem teria desobedecido \u00e0s ordens dos policiais e resistido \u00e0 abordagem; ap\u00f3s ser contido e passar por atendimento m\u00e9dico, ele foi levado \u00e0 delegacia e acabou liberado<\/em>.<\/h2>\n<p>Na noite desta ter\u00e7a-feira (18), uma abordagem da Pol\u00edcia Militar terminou em desobedi\u00eancia, resist\u00eancia e uma visita ao Plant\u00e3o Policial de Rio Claro. A ocorr\u00eancia foi registrada no bairro Jardim Taquaral, em Brotas.<\/p>\n<p>As equipes policiais prestavam apoio em uma ocorr\u00eancia quando visualizaram alguns indiv\u00edduos que, ao perceberem a aproxima\u00e7\u00e3o das viaturas, tentaram deixar rapidamente um local j\u00e1 conhecido pelas equipes por ocorr\u00eancias relacionadas ao tr\u00e1fico de drogas. Diante da movimenta\u00e7\u00e3o, os policiais realizaram a abordagem.<\/p>\n<p>Foi ent\u00e3o que um homem, que inicialmente n\u00e3o fazia parte da abordagem, resolveu entrar em cena e questionar a atua\u00e7\u00e3o dos policiais. A equipe determinou que ele se posicionasse para ser submetido \u00e0 abordagem, mas, segundo o registro da ocorr\u00eancia, ele desobedeceu \u00e0s ordens e passou a resistir \u00e0 interven\u00e7\u00e3o policial.<\/p>\n<p>Como a conversa aparentemente n\u00e3o estava surtindo efeito, os policiais precisaram utilizar t\u00e9cnicas de conten\u00e7\u00e3o para conseguir algem\u00e1-lo. Depois de contido, o homem foi encaminhado para atendimento m\u00e9dico e, posteriormente, levado ao Plant\u00e3o Policial de Rio Claro.<\/p>\n<p>A ocorr\u00eancia foi registrada como desobedi\u00eancia e resist\u00eancia. Ap\u00f3s os procedimentos de pol\u00edcia judici\u00e1ria, o homem foi liberado.<\/p>\n<p>No fim das contas, o que come\u00e7ou com uma abordagem policial terminou com direito a conten\u00e7\u00e3o, atendimento m\u00e9dico e passagem pela delegacia \u2014 um daqueles casos em que, definitivamente, a melhor estrat\u00e9gia teria sido obedecer \u00e0 ordem de abordagem e deixar a situa\u00e7\u00e3o terminar ali mesmo.<\/p>\n<p>&nbsp;<\/p>\n","protected":false},"excerpt":{"rendered":"<p>Homem teria desobedecido \u00e0s ordens dos policiais e resistido \u00e0 abordagem; ap\u00f3s ser contido e passar por atendimento m\u00e9dico, ele foi levado \u00e0 delegacia e acabou liberado. Na noite desta ter\u00e7a-feira (18), uma abordagem da Pol\u00edcia Militar terminou em desobedi\u00eancia, resist\u00eancia e uma visita ao Plant\u00e3o Policial de Rio Claro. A ocorr\u00eancia foi registrada no [&hellip;]<\/p>\n","protected":false},"author":9,"featured_media":115637,"comment_status":"closed","ping_status":"closed","sticky":false,"template":"","format":"standard","meta":{"footnotes":""},"categories":[1,2],"tags":[14319,9681,10472,13656,13056,11459,8917,11675,8919,8921],"class_list":{"0":"post-129395","1":"post","2":"type-post","3":"status-publish","4":"format-standard","5":"has-post-thumbnail","7":"category-instagram","8":"category-seguranca","9":"tag-abordagempolicial","10":"tag-brotas","11":"tag-cidadeazulnoticias","12":"tag-desobediencia","13":"tag-jardimtaquaral","14":"tag-plantaopolicial","15":"tag-policiamilitar","16":"tag-resistencia","17":"tag-rioclaro","18":"tag-segurancapublica"},"_links":{"self":[{"href":"https:\/\/cidadeazulnoticias.com.br\/wp-json\/wp\/v2\/posts\/129395"}],"collection":[{"href":"https:\/\/cidadeazulnoticias.com.br\/wp-json\/wp\/v2\/posts"}],"about":[{"href":"https:\/\/cidadeazulnoticias.com.br\/wp-json\/wp\/v2\/types\/post"}],"author":[{"embeddable":true,"href":"https:\/\/cidadeazulnoticias.com.br\/wp-json\/wp\/v2\/users\/9"}],"replies":[{"embeddable":true,"href":"https:\/\/cidadeazulnoticias.com.br\/wp-json\/wp\/v2\/comments?post=129395"}],"version-history":[{"count":1,"href":"https:\/\/cidadeazulnoticias.com.br\/wp-json\/wp\/v2\/posts\/129395\/revisions"}],"predecessor-version":[{"id":129396,"href":"https:\/\/cidadeazulnoticias.com.br\/wp-json\/wp\/v2\/posts\/129395\/revisions\/129396"}],"wp:featuredmedia":[{"embeddable":true,"href":"https:\/\/cidadeazulnoticias.com.br\/wp-json\/wp\/v2\/media\/115637"}],"wp:attachment":[{"href":"https:\/\/cidadeazulnoticias.com.br\/wp-json\/wp\/v2\/media?parent=129395"}],"wp:term":[{"taxonomy":"category","embeddable":true,"href":"https:\/\/cidadeazulnoticias.com.br\/wp-json\/wp\/v2\/categories?post=129395"},{"taxonomy":"post_tag","embeddable":true,"href":"https:\/\/cidadeazulnoticias.com.br\/wp-json\/wp\/v2\/tags?post=129395"}],"curies":[{"name":"wp","href":"https:\/\/api.w.org\/{rel}","templated":true}]}},{"id":129392,"date":"2026-08-19T13:20:33","date_gmt":"2026-08-19T16:20:33","guid":{"rendered":"https:\/\/cidadeazulnoticias.com.br\/?p=129392"},"modified":"2026-08-19T13:20:33","modified_gmt":"2026-08-19T16:20:33","slug":"rio-claro-implanta-grupos-reflexivos-para-reabilitar-autores-de-violencia-contra-mulheres","status":"publish","type":"post","link":"https:\/\/cidadeazulnoticias.com.br\/rio-claro-implanta-grupos-reflexivos-para-reabilitar-autores-de-violencia-contra-mulheres\/","title":{"rendered":"Rio Claro implanta grupos reflexivos para reabilitar autores de viol\u00eancia contra mulheres"},"content":{"rendered":"<h2>Novo servi\u00e7o surgiu de termo de coopera\u00e7\u00e3o do munic\u00edpio com Tribunal de Justi\u00e7a de S\u00e3o Paulo.<\/h2>\n<p>Em coletiva de imprensa realizada na manh\u00e3 desta ter\u00e7a-feira (18), no F\u00f3rum Luiz Gonzaga de Arruda Campos, foram divulgados detalhes do funcionamento dos espa\u00e7os de educa\u00e7\u00e3o e reabilita\u00e7\u00e3o de autores de viol\u00eancia dom\u00e9stica ou familiar contra a mulher.<\/p>\n<p>O programa \u201cGrupo Reflexivo de Homens\u201d est\u00e1 sendo implantado em Rio Claro a partir de termo de coopera\u00e7\u00e3o da prefeitura de Rio Claro e Tribunal de Justi\u00e7a do Estado de S\u00e3o Paulo, com a participa\u00e7\u00e3o do Centro Universit\u00e1rio da Funda\u00e7\u00e3o Herm\u00ednio Ometto (FHO) e Udam.<\/p>\n<p>A iniciativa faz parte do Agosto Lil\u00e1s, campanha nacional voltada \u00e0 conscientiza\u00e7\u00e3o pelo fim da viol\u00eancia contra a mulher que, em Rio Claro, tem programa\u00e7\u00e3o organizada pela Secretaria Municipal da Mulher.<\/p>\n<p>\u201cA humanidade tem d\u00edvida hist\u00f3rica com as mulheres. \u00c9 urgente a institui\u00e7\u00e3o de pol\u00edticas p\u00fablicas e a\u00e7\u00f5es para p\u00f4r fim \u00e0 viol\u00eancia contra a mulher\u201d, afirmou o prefeito Gustavo.<\/p>\n<p>A instala\u00e7\u00e3o de grupos reflexivos est\u00e1 amparada pela Lei Maria da Penha, que recomenda a cria\u00e7\u00e3o de espa\u00e7os de \u201ceduca\u00e7\u00e3o\u201d e \u201creabilita\u00e7\u00e3o\u201d para os autores de viol\u00eancia contra mulher. O professor Laudemir Alves, da FHO, lembrou que a lei Maria da Penha \u00e9 uma das tr\u00eas melhores do mundo no combate \u00e0 viol\u00eancia contra a mulher. \u201cNo entanto, o Brasil est\u00e1 entre os pa\u00edses que mais matam mulher pelo simples fato de ser mulher\u201d.<\/p>\n<p>O juiz corregedor do Anexo de Viol\u00eancia Dom\u00e9stica de Rio Claro, Caio C\u00e9sar Ginez Almeida Bueno, lembrou que um dos objetivos do novo servi\u00e7o \u00e9 fazer com que o agressor entenda seu papel na fam\u00edlia e na sociedade. A secret\u00e1ria da Mulher, T\u00e1ssia Espego, destacou o pioneirismo de Rio Claro na implanta\u00e7\u00e3o desse programa e a import\u00e2ncia da iniciativa para muitas fam\u00edlias.<\/p>\n<p>As atividades nos grupos, que j\u00e1 foram iniciadas, ser\u00e3o desenvolvidas em 12 oficinas semanais com dura\u00e7\u00e3o de duas horas cada uma. A quantidade de participantes \u00e9 de 10 homens. Durante os encontros ser\u00e3o abordados v\u00e1rios temas, dentre eles: pap\u00e9is na fam\u00edlia, pap\u00e9is de g\u00eanero, masculinidade, lei Maria da Penha, racismo, preconceito, responsabilidade afetiva, identidade e outros.<\/p>\n<p>Da coletiva de ter\u00e7a-feira tamb\u00e9m participaram a vice-prefeita Maria do Carmo Guilherme, a vereadora N\u00e9ia Garcia, o secret\u00e1rio municipal de Seguran\u00e7a, Thalisson Mendes, Daiane Borges, Fl\u00e1via Domingos e Larissa Zanardo (da Secretaria do Desenvolvimento Social), D\u00e9bora Schlittler, do Conselho Municipal dos Direitos da Mulher, e \u00c9rica Belomi, da Udam.<\/p>\n","protected":false},"excerpt":{"rendered":"<p>Novo servi\u00e7o surgiu de termo de coopera\u00e7\u00e3o do munic\u00edpio com Tribunal de Justi\u00e7a de S\u00e3o Paulo. Em coletiva de imprensa realizada na manh\u00e3 desta ter\u00e7a-feira (18), no F\u00f3rum Luiz Gonzaga de Arruda Campos, foram divulgados detalhes do funcionamento dos espa\u00e7os de educa\u00e7\u00e3o e reabilita\u00e7\u00e3o de autores de viol\u00eancia dom\u00e9stica ou familiar contra a mulher. O [&hellip;]<\/p>\n","protected":false},"author":9,"featured_media":129393,"comment_status":"closed","ping_status":"closed","sticky":false,"template":"","format":"standard","meta":{"footnotes":""},"categories":[1,187],"tags":[],"class_list":{"0":"post-129392","1":"post","2":"type-post","3":"status-publish","4":"format-standard","5":"has-post-thumbnail","7":"category-instagram","8":"category-rio-claro"},"_links":{"self":[{"href":"https:\/\/cidadeazulnoticias.com.br\/wp-json\/wp\/v2\/posts\/129392"}],"collection":[{"href":"https:\/\/cidadeazulnoticias.com.br\/wp-json\/wp\/v2\/posts"}],"about":[{"href":"https:\/\/cidadeazulnoticias.com.br\/wp-json\/wp\/v2\/types\/post"}],"author":[{"embeddable":true,"href":"https:\/\/cidadeazulnoticias.com.br\/wp-json\/wp\/v2\/users\/9"}],"replies":[{"embeddable":true,"href":"https:\/\/cidadeazulnoticias.com.br\/wp-json\/wp\/v2\/comments?post=129392"}],"version-history":[{"count":1,"href":"https:\/\/cidadeazulnoticias.com.br\/wp-json\/wp\/v2\/posts\/129392\/revisions"}],"predecessor-version":[{"id":129394,"href":"https:\/\/cidadeazulnoticias.com.br\/wp-json\/wp\/v2\/posts\/129392\/revisions\/129394"}],"wp:featuredmedia":[{"embeddable":true,"href":"https:\/\/cidadeazulnoticias.com.br\/wp-json\/wp\/v2\/media\/129393"}],"wp:attachment":[{"href":"https:\/\/cidadeazulnoticias.com.br\/wp-json\/wp\/v2\/media?parent=129392"}],"wp:term":[{"taxonomy":"category","embeddable":true,"href":"https:\/\/cidadeazulnoticias.com.br\/wp-json\/wp\/v2\/categories?post=129392"},{"taxonomy":"post_tag","embeddable":true,"href":"https:\/\/cidadeazulnoticias.com.br\/wp-json\/wp\/v2\/tags?post=129392"}],"curies":[{"name":"wp","href":"https:\/\/api.w.org\/{rel}","templated":true}]}},{"id":129386,"date":"2026-08-18T18:31:30","date_gmt":"2026-08-18T21:31:30","guid":{"rendered":"https:\/\/cidadeazulnoticias.com.br\/?p=129386"},"modified":"2026-08-18T18:31:30","modified_gmt":"2026-08-18T21:31:30","slug":"rio-claro-inicia-cursos-do-programa-cidade-empreendedora","status":"publish","type":"post","link":"https:\/\/cidadeazulnoticias.com.br\/rio-claro-inicia-cursos-do-programa-cidade-empreendedora\/","title":{"rendered":"Rio Claro inicia cursos do programa Cidade Empreendedora"},"content":{"rendered":"<h2>\n<em>Objetivos s\u00e3o promover a qualifica\u00e7\u00e3o, estimular o desenvolvimento de neg\u00f3cio e ampliar oportunidades.<\/em><\/h2>\n<p>Rio Claro deu in\u00edcio nesta semana ao programa Cidade Empreendedora, voltado para a qualifica\u00e7\u00e3o de empreendedores em v\u00e1rias \u00e1reas. Na segunda-feira (17) as atividades come\u00e7aram com o curso \u201cVis\u00e3o Estrat\u00e9gica para Sal\u00f5es de Beleza\u201d.<\/p>\n<p>Esse trabalho re\u00fane a prefeitura e o Sebrae em prol do fomento ao empreendedorismo. Os objetivos s\u00e3o promover a qualifica\u00e7\u00e3o, estimular o desenvolvimento dos neg\u00f3cios, ampliar oportunidades e contribuir para o crescimento econ\u00f4mico de Rio Claro.<\/p>\n<p>A programa\u00e7\u00e3o contempla diferentes segmentos, buscando atender \u00e0s necessidades dos empreendedores do munic\u00edpio, com capacita\u00e7\u00f5es voltadas para beleza, alimenta\u00e7\u00e3o fora do lar, varejo, ind\u00fastria, gest\u00e3o, lideran\u00e7a, planejamento e inova\u00e7\u00e3o, entre outras \u00e1reas. Segundo os organizadores, \u00e9 uma grande oportunidade para quem empreende em Rio Claro buscar conhecimento, aperfei\u00e7oar a gest\u00e3o, desenvolver novas habilidades e fortalecer seu neg\u00f3cio.<\/p>\n<p>De acordo com o gabinete da vice-prefeita Maria do Carmo Guilherme, que intermediou a parceria com o Sebrae, os cursos ser\u00e3o disponibilizados para pessoas jur\u00eddicas (PJ), de acordo com os crit\u00e9rios e vagas de cada capacita\u00e7\u00e3o, e ser\u00e3o divulgados \u00e0 medida em que as vagas forem abertas. A primeira atividade do programa, na segunda-feira, foi realizada no Centro de Qualifica\u00e7\u00e3o Profissional, vinculado ao Fundo Social de Solidariedade.<\/p>\n<p>Para ampliar o alcance da iniciativa, os organizadores contam com apoio de rede de parceiros como Acirc, Ciesp, Aerc, Senai e integrantes da Regi\u00e3o Tur\u00edstica Serra do Itaqueri. Pela prefeitura tamb\u00e9m colaboram as secretarias municipais de Desenvolvimento Social, Desenvolvimento Econ\u00f4mico e Comunica\u00e7\u00e3o.<\/p>\n<p>Empreendedores que quiserem mais informa\u00e7\u00f5es pelo WhatsApp (19) 99934-5906.<\/p>\n","protected":false},"excerpt":{"rendered":"<p>Objetivos s\u00e3o promover a qualifica\u00e7\u00e3o, estimular o desenvolvimento de neg\u00f3cio e ampliar oportunidades. Rio Claro deu in\u00edcio nesta semana ao programa Cidade Empreendedora, voltado para a qualifica\u00e7\u00e3o de empreendedores em v\u00e1rias \u00e1reas. Na segunda-feira (17) as atividades come\u00e7aram com o curso \u201cVis\u00e3o Estrat\u00e9gica para Sal\u00f5es de Beleza\u201d. Esse trabalho re\u00fane a prefeitura e o Sebrae [&hellip;]<\/p>\n","protected":false},"author":9,"featured_media":129387,"comment_status":"closed","ping_status":"closed","sticky":false,"template":"","format":"standard","meta":{"footnotes":""},"categories":[1,187],"tags":[],"class_list":{"0":"post-129386","1":"post","2":"type-post","3":"status-publish","4":"format-standard","5":"has-post-thumbnail","7":"category-instagram","8":"category-rio-claro"},"_links":{"self":[{"href":"https:\/\/cidadeazulnoticias.com.br\/wp-json\/wp\/v2\/posts\/129386"}],"collection":[{"href":"https:\/\/cidadeazulnoticias.com.br\/wp-json\/wp\/v2\/posts"}],"about":[{"href":"https:\/\/cidadeazulnoticias.com.br\/wp-json\/wp\/v2\/types\/post"}],"author":[{"embeddable":true,"href":"https:\/\/cidadeazulnoticias.com.br\/wp-json\/wp\/v2\/users\/9"}],"replies":[{"embeddable":true,"href":"https:\/\/cidadeazulnoticias.com.br\/wp-json\/wp\/v2\/comments?post=129386"}],"version-history":[{"count":1,"href":"https:\/\/cidadeazulnoticias.com.br\/wp-json\/wp\/v2\/posts\/129386\/revisions"}],"predecessor-version":[{"id":129388,"href":"https:\/\/cidadeazulnoticias.com.br\/wp-json\/wp\/v2\/posts\/129386\/revisions\/129388"}],"wp:featuredmedia":[{"embeddable":true,"href":"https:\/\/cidadeazulnoticias.com.br\/wp-json\/wp\/v2\/media\/129387"}],"wp:attachment":[{"href":"https:\/\/cidadeazulnoticias.com.br\/wp-json\/wp\/v2\/media?parent=129386"}],"wp:term":[{"taxonomy":"category","embeddable":true,"href":"https:\/\/cidadeazulnoticias.com.br\/wp-json\/wp\/v2\/categories?post=129386"},{"taxonomy":"post_tag","embeddable":true,"href":"https:\/\/cidadeazulnoticias.com.br\/wp-json\/wp\/v2\/tags?post=129386"}],"curies":[{"name":"wp","href":"https:\/\/api.w.org\/{rel}","templated":true}]}},{"id":129383,"date":"2026-08-18T18:02:10","date_gmt":"2026-08-18T21:02:10","guid":{"rendered":"https:\/\/cidadeazulnoticias.com.br\/?p=129383"},"modified":"2026-08-18T18:02:10","modified_gmt":"2026-08-18T21:02:10","slug":"festival-caipira-joao-pacifico-tera-artistas-de-cordeiropolis-e-clube-da-viola","status":"publish","type":"post","link":"https:\/\/cidadeazulnoticias.com.br\/festival-caipira-joao-pacifico-tera-artistas-de-cordeiropolis-e-clube-da-viola\/","title":{"rendered":"Festival Caipira \u201cJo\u00e3o Pac\u00edfico\u201d ter\u00e1 artistas de Cordeir\u00f3polis e Clube da Viola"},"content":{"rendered":"<h2><em>Evento acontece nos dias 28 e 29 de agosto com atra\u00e7\u00f5es musicais e comidas t\u00edpicas<\/em><\/h2>\n<p>A Prefeitura de Cordeir\u00f3polis realiza nos dias 28 e 29 de agosto o Festival Caipira \u201cJo\u00e3o Pac\u00edfico\u201d, na Pra\u00e7a Central \u201cComendador Jamil Abrah\u00e3o Saad\u201d. Realizado pela Secretaria de Cultura, Turismo e Eventos, o evento contar\u00e1 com apresenta\u00e7\u00f5es musicais e pra\u00e7a de alimenta\u00e7\u00e3o com comidas t\u00edpicas. A programa\u00e7\u00e3o \u00e9 gratuita.<\/p>\n<p>Na sexta-feira (28), o evento come\u00e7a \u00e0s 18h. O p\u00fablico acompanha o show de Jo\u00e3o Paulo &amp; Sant&#8217;Anna, artistas de Cordeir\u00f3polis. Na sequ\u00eancia, \u00e0s 21h, sobe ao palco o cantor Gabriel Rocha, tamb\u00e9m cordeiropolense. Durante os shows, a pra\u00e7a de alimenta\u00e7\u00e3o estar\u00e1 dispon\u00edvel com diversas op\u00e7\u00f5es para o p\u00fablico.<\/p>\n<p>No s\u00e1bado (29), a programa\u00e7\u00e3o come\u00e7a \u00e0s 10h, com a abertura da pra\u00e7a de alimenta\u00e7\u00e3o. \u00c0s 20h30, a principal atra\u00e7\u00e3o da noite ser\u00e1 o show do Clube da Viola, que comemora 30 anos de trajet\u00f3ria. Idealizado por Matheus Calil, em parceria com a dupla Fred &amp; Pedrito, o Clube da Viola nasceu em Ribeir\u00e3o Preto e se tornou um dos projetos mais importantes da hist\u00f3ria sertaneja.<\/p>\n<p>\u201cTrazer o Clube da Viola nesse festival que homenageia o grande compositor Jo\u00e3o Pac\u00edfico \u00e9 motivo de orgulho. Especialmente porque neste mesmo palco tocar\u00e3o artistas da nossa cidade, valorizando quem \u00e9 de Cordeir\u00f3polis. Esse tem sido um dos principais prop\u00f3sitos da gest\u00e3o Cristina Saad na cultura\u201d, afirma o secret\u00e1rio de Cultura, Turismo e Eventos, Alex Olivato.<\/p>\n<p>Jo\u00e3o Batista da Silva, o Jo\u00e3o Pac\u00edfico, nasceu em Cordeir\u00f3polis em 1909. Respons\u00e1vel por milhares de composi\u00e7\u00f5es, Pac\u00edfico escreveu m\u00fasicas como \u201cChico Mulato\u201d, \u201cCabocla Tereza\u201d e \u201cPingo d\u2019\u00c1gua\u201d. Seu nome est\u00e1 eternizado no Teatro Municipal, localizado no Centro Cultural de Cordeir\u00f3polis. \u201cTodos est\u00e3o convidados a celebrar Jo\u00e3o Pac\u00edfico conosco\u201d, finaliza Olivato.<\/p>\n<p>&nbsp;<\/p>\n","protected":false},"excerpt":{"rendered":"<p>Evento acontece nos dias 28 e 29 de agosto com atra\u00e7\u00f5es musicais e comidas t\u00edpicas A Prefeitura de Cordeir\u00f3polis realiza nos dias 28 e 29 de agosto o Festival Caipira \u201cJo\u00e3o Pac\u00edfico\u201d, na Pra\u00e7a Central \u201cComendador Jamil Abrah\u00e3o Saad\u201d. Realizado pela Secretaria de Cultura, Turismo e Eventos, o evento contar\u00e1 com apresenta\u00e7\u00f5es musicais e pra\u00e7a [&hellip;]<\/p>\n","protected":false},"author":9,"featured_media":129384,"comment_status":"closed","ping_status":"closed","sticky":false,"template":"","format":"standard","meta":{"footnotes":""},"categories":[1,157],"tags":[],"class_list":{"0":"post-129383","1":"post","2":"type-post","3":"status-publish","4":"format-standard","5":"has-post-thumbnail","7":"category-instagram","8":"category-regiao"},"_links":{"self":[{"href":"https:\/\/cidadeazulnoticias.com.br\/wp-json\/wp\/v2\/posts\/129383"}],"collection":[{"href":"https:\/\/cidadeazulnoticias.com.br\/wp-json\/wp\/v2\/posts"}],"about":[{"href":"https:\/\/cidadeazulnoticias.com.br\/wp-json\/wp\/v2\/types\/post"}],"author":[{"embeddable":true,"href":"https:\/\/cidadeazulnoticias.com.br\/wp-json\/wp\/v2\/users\/9"}],"replies":[{"embeddable":true,"href":"https:\/\/cidadeazulnoticias.com.br\/wp-json\/wp\/v2\/comments?post=129383"}],"version-history":[{"count":1,"href":"https:\/\/cidadeazulnoticias.com.br\/wp-json\/wp\/v2\/posts\/129383\/revisions"}],"predecessor-version":[{"id":129385,"href":"https:\/\/cidadeazulnoticias.com.br\/wp-json\/wp\/v2\/posts\/129383\/revisions\/129385"}],"wp:featuredmedia":[{"embeddable":true,"href":"https:\/\/cidadeazulnoticias.com.br\/wp-json\/wp\/v2\/media\/129384"}],"wp:attachment":[{"href":"https:\/\/cidadeazulnoticias.com.br\/wp-json\/wp\/v2\/media?parent=129383"}],"wp:term":[{"taxonomy":"category","embeddable":true,"href":"https:\/\/cidadeazulnoticias.com.br\/wp-json\/wp\/v2\/categories?post=129383"},{"taxonomy":"post_tag","embeddable":true,"href":"https:\/\/cidadeazulnoticias.com.br\/wp-json\/wp\/v2\/tags?post=129383"}],"curies":[{"name":"wp","href":"https:\/\/api.w.org\/{rel}","templated":true}]}},{"id":129376,"date":"2026-08-18T14:50:27","date_gmt":"2026-08-18T17:50:27","guid":{"rendered":"https:\/\/cidadeazulnoticias.com.br\/?p=129376"},"modified":"2026-08-18T14:50:27","modified_gmt":"2026-08-18T17:50:27","slug":"129376-2","status":"publish","type":"post","link":"https:\/\/cidadeazulnoticias.com.br\/129376-2\/","title":{"rendered":""},"content":{"rendered":"<p>Passarela desaba ap\u00f3s ser atingida por caminh\u00e3o e deixa dois mortos na rodovia Fern\u00e3o Dias, em Vargem<br \/>\nQueda aconteceu na altura do km 4,1, na manh\u00e3 desta ter\u00e7a-feira (18). Rodovia foi totalmente interditada e tem congestionamento nos dois sentidos.<\/p>\n<p>Uma passarela desabou ap\u00f3s ser atingida por um caminh\u00e3o e interditou totalmente a Rodovia Fern\u00e3o Dias (BR-381), em Vargem (SP), na manh\u00e3 desta ter\u00e7a-feira (18). Segundo a concession\u00e1ria Motiva Minas SP, duas pessoas morreram. Uma terceira pessoa ficou ferida e foi socorrida.<\/p>\n<p>A concession\u00e1ria foi acionada \u00e0s 10h24 para atender a ocorr\u00eancia, na altura do km 4,1 no sentido S\u00e3o Paulo (sul). O casal que morreu estava no carro, que ficou completamente destru\u00eddo.<\/p>\n<p>Por volta das 13h30, a pista estava interditada nos dois sentidos, com 9 km de congestionamento no sentido Belo Horizonte (norte) e 11 km no sentido S\u00e3o Paulo (sul).<\/p>\n<p>Equipes da concession\u00e1ria e da Pol\u00edcia Rodovi\u00e1ria Federal atuam no local com duas viaturas de resgate, um ve\u00edculo de inspe\u00e7\u00e3o e um guincho.<\/p>\n<p>Ainda n\u00e3o h\u00e1 informa\u00e7\u00f5es sobre a identidade das v\u00edtimas ou sobre as circunst\u00e2ncias que levaram \u00e0 colis\u00e3o e \u00e0 queda da estrutura.<\/p>\n<p>Fonte: g1<\/p>\n","protected":false},"excerpt":{"rendered":"<p>Passarela desaba ap\u00f3s ser atingida por caminh\u00e3o e deixa dois mortos na rodovia Fern\u00e3o Dias, em Vargem Queda aconteceu na altura do km 4,1, na manh\u00e3 desta ter\u00e7a-feira (18). Rodovia foi totalmente interditada e tem congestionamento nos dois sentidos. Uma passarela desabou ap\u00f3s ser atingida por um caminh\u00e3o e interditou totalmente a Rodovia Fern\u00e3o Dias [&hellip;]<\/p>\n","protected":false},"author":9,"featured_media":129377,"comment_status":"closed","ping_status":"closed","sticky":false,"template":"","format":"standard","meta":{"footnotes":""},"categories":[1,28],"tags":[],"class_list":{"0":"post-129376","1":"post","2":"type-post","3":"status-publish","4":"format-standard","5":"has-post-thumbnail","7":"category-instagram","8":"category-noticias"},"_links":{"self":[{"href":"https:\/\/cidadeazulnoticias.com.br\/wp-json\/wp\/v2\/posts\/129376"}],"collection":[{"href":"https:\/\/cidadeazulnoticias.com.br\/wp-json\/wp\/v2\/posts"}],"about":[{"href":"https:\/\/cidadeazulnoticias.com.br\/wp-json\/wp\/v2\/types\/post"}],"author":[{"embeddable":true,"href":"https:\/\/cidadeazulnoticias.com.br\/wp-json\/wp\/v2\/users\/9"}],"replies":[{"embeddable":true,"href":"https:\/\/cidadeazulnoticias.com.br\/wp-json\/wp\/v2\/comments?post=129376"}],"version-history":[{"count":1,"href":"https:\/\/cidadeazulnoticias.com.br\/wp-json\/wp\/v2\/posts\/129376\/revisions"}],"predecessor-version":[{"id":129378,"href":"https:\/\/cidadeazulnoticias.com.br\/wp-json\/wp\/v2\/posts\/129376\/revisions\/129378"}],"wp:featuredmedia":[{"embeddable":true,"href":"https:\/\/cidadeazulnoticias.com.br\/wp-json\/wp\/v2\/media\/129377"}],"wp:attachment":[{"href":"https:\/\/cidadeazulnoticias.com.br\/wp-json\/wp\/v2\/media?parent=129376"}],"wp:term":[{"taxonomy":"category","embeddable":true,"href":"https:\/\/cidadeazulnoticias.com.br\/wp-json\/wp\/v2\/categories?post=129376"},{"taxonomy":"post_tag","embeddable":true,"href":"https:\/\/cidadeazulnoticias.com.br\/wp-json\/wp\/v2\/tags?post=129376"}],"curies":[{"name":"wp","href":"https:\/\/api.w.org\/{rel}","templated":true}]}},{"id":129372,"date":"2026-08-18T11:02:18","date_gmt":"2026-08-18T14:02:18","guid":{"rendered":"https:\/\/cidadeazulnoticias.com.br\/?p=129372"},"modified":"2026-08-18T11:02:18","modified_gmt":"2026-08-18T14:02:18","slug":"workshop-em-rio-claro-apresenta-tecnicas-para-preparar-paes-com-farinhas-sem-gluten","status":"publish","type":"post","link":"https:\/\/cidadeazulnoticias.com.br\/workshop-em-rio-claro-apresenta-tecnicas-para-preparar-paes-com-farinhas-sem-gluten\/","title":{"rendered":"Workshop em Rio Claro apresenta t\u00e9cnicas para preparar p\u00e3es com farinhas sem gl\u00faten"},"content":{"rendered":"<h2><em>Curso ser\u00e1 realizado na pr\u00f3xima quinta-feira (20) e ter\u00e1 a participa\u00e7\u00e3o da especialista Paula Soler, de Ribeir\u00e3o Preto<\/em><\/h2>\n<p>As mudan\u00e7as nos h\u00e1bitos alimentares e o aumento das restri\u00e7\u00f5es alimentares t\u00eam feito com que muitas pessoas busquem novas alternativas para manter uma alimenta\u00e7\u00e3o saborosa, equilibrada e adequada \u00e0s suas necessidades. Pensando nesse novo cen\u00e1rio, Rio Claro recebe na pr\u00f3xima quinta-feira (20), \u00e0s 14h, o Workshop de P\u00e3es com Farinhas Sem Gl\u00faten.<\/p>\n<p>A atividade ter\u00e1 a participa\u00e7\u00e3o de Paula Soler, de Ribeir\u00e3o Preto (SP), profissional que ganhou destaque nacional pelo desenvolvimento de preparados pr\u00e1ticos voltados \u00e0s restri\u00e7\u00f5es alimentares e ao bem-estar, contando tamb\u00e9m com o suporte do Sebrae-SP.<\/p>\n<p>Mais do que aprender novas receitas, o workshop representa uma oportunidade para conhecer ingredientes, combina\u00e7\u00f5es e t\u00e9cnicas que podem fazer diferen\u00e7a no dia a dia de quem precisa ou deseja reduzir o consumo de gl\u00faten.<\/p>\n<p>A presen\u00e7a das restri\u00e7\u00f5es alimentares na rotina das fam\u00edlias \u00e9 uma realidade cada vez mais comum. Em muitos casos, basta olhar para dentro de casa para encontrar algu\u00e9m que precisa seguir uma alimenta\u00e7\u00e3o diferenciada. E mesmo para quem n\u00e3o possui nenhuma restri\u00e7\u00e3o, conhecer alternativas pode ser uma maneira de ampliar as possibilidades na cozinha e aproveitar os benef\u00edcios de ingredientes que hoje est\u00e3o mais acess\u00edveis, como as diferentes op\u00e7\u00f5es de farinhas alternativas.<\/p>\n<p>Durante o encontro, os participantes poder\u00e3o aprender receitas de p\u00e3es que unem sabor, praticidade e valor nutricional, al\u00e9m de trocar experi\u00eancias e conhecer possibilidades para tornar a alimenta\u00e7\u00e3o sem gl\u00faten mais simples e prazerosa.<\/p>\n<h3>Servi\u00e7o<\/h3>\n<p>Workshop de P\u00e3es com Farinhas Sem Gl\u00faten<br \/>\n\ud83d\udcc5 Data: quinta-feira, 20 de agosto<br \/>\n\u23f0 Hor\u00e1rio: 14h<br \/>\n\ud83d\udccd Local: Avenida 14, n\u00ba 751 \u2013 bairro Santa Cruz \u2013 Rio Claro\/SP<br \/>\n\ud83d\udcb0 Investimento: R$ 40,00<\/p>\n<p>Inscri\u00e7\u00f5es pelo: WhatsApp 19 997676929<\/p>\n<p>O valor da inscri\u00e7\u00e3o inclui um pacote de mistura para p\u00e3es Kippys.<\/p>\n<p>Para quem gosta de colocar a m\u00e3o na massa e, ao mesmo tempo, conhecer novas possibilidades para uma alimenta\u00e7\u00e3o mais saud\u00e1vel e inclusiva, o workshop promete uma tarde de aprendizado, troca de experi\u00eancias e, claro, muito sabor.<\/p>\n<p>Afinal, quando a alimenta\u00e7\u00e3o muda, a cozinha tamb\u00e9m pode ganhar novos ingredientes, novas receitas e novas descobertas.<\/p>\n","protected":false},"excerpt":{"rendered":"<p>Curso ser\u00e1 realizado na pr\u00f3xima quinta-feira (20) e ter\u00e1 a participa\u00e7\u00e3o da especialista Paula Soler, de Ribeir\u00e3o Preto As mudan\u00e7as nos h\u00e1bitos alimentares e o aumento das restri\u00e7\u00f5es alimentares t\u00eam feito com que muitas pessoas busquem novas alternativas para manter uma alimenta\u00e7\u00e3o saborosa, equilibrada e adequada \u00e0s suas necessidades. Pensando nesse novo cen\u00e1rio, Rio Claro [&hellip;]<\/p>\n","protected":false},"author":9,"featured_media":129373,"comment_status":"closed","ping_status":"closed","sticky":false,"template":"","format":"standard","meta":{"footnotes":""},"categories":[1,187],"tags":[],"class_list":{"0":"post-129372","1":"post","2":"type-post","3":"status-publish","4":"format-standard","5":"has-post-thumbnail","7":"category-instagram","8":"category-rio-claro"},"_links":{"self":[{"href":"https:\/\/cidadeazulnoticias.com.br\/wp-json\/wp\/v2\/posts\/129372"}],"collection":[{"href":"https:\/\/cidadeazulnoticias.com.br\/wp-json\/wp\/v2\/posts"}],"about":[{"href":"https:\/\/cidadeazulnoticias.com.br\/wp-json\/wp\/v2\/types\/post"}],"author":[{"embeddable":true,"href":"https:\/\/cidadeazulnoticias.com.br\/wp-json\/wp\/v2\/users\/9"}],"replies":[{"embeddable":true,"href":"https:\/\/cidadeazulnoticias.com.br\/wp-json\/wp\/v2\/comments?post=129372"}],"version-history":[{"count":1,"href":"https:\/\/cidadeazulnoticias.com.br\/wp-json\/wp\/v2\/posts\/129372\/revisions"}],"predecessor-version":[{"id":129374,"href":"https:\/\/cidadeazulnoticias.com.br\/wp-json\/wp\/v2\/posts\/129372\/revisions\/129374"}],"wp:featuredmedia":[{"embeddable":true,"href":"https:\/\/cidadeazulnoticias.com.br\/wp-json\/wp\/v2\/media\/129373"}],"wp:attachment":[{"href":"https:\/\/cidadeazulnoticias.com.br\/wp-json\/wp\/v2\/media?parent=129372"}],"wp:term":[{"taxonomy":"category","embeddable":true,"href":"https:\/\/cidadeazulnoticias.com.br\/wp-json\/wp\/v2\/categories?post=129372"},{"taxonomy":"post_tag","embeddable":true,"href":"https:\/\/cidadeazulnoticias.com.br\/wp-json\/wp\/v2\/tags?post=129372"}],"curies":[{"name":"wp","href":"https:\/\/api.w.org\/{rel}","templated":true}]}},{"id":129369,"date":"2026-08-18T10:44:32","date_gmt":"2026-08-18T13:44:32","guid":{"rendered":"https:\/\/cidadeazulnoticias.com.br\/?p=129369"},"modified":"2026-08-18T10:44:32","modified_gmt":"2026-08-18T13:44:32","slug":"faca-versoes-desencontradas-e-uma-prisao-em-itirapina","status":"publish","type":"post","link":"https:\/\/cidadeazulnoticias.com.br\/faca-versoes-desencontradas-e-uma-prisao-em-itirapina\/","title":{"rendered":"Faca, vers\u00f5es desencontradas e uma pris\u00e3o em Itirapina"},"content":{"rendered":"<h2><em> Ocorr\u00eancia come\u00e7ou com um homem ferido a golpes de faca e terminou com o casal preso ap\u00f3s a Pol\u00edcia Militar apurar tamb\u00e9m den\u00fancias de viol\u00eancia dom\u00e9stica.<\/em><\/h2>\n<p>&nbsp;<\/p>\n<p>O que inicialmente parecia ser mais uma briga de rua com um homem ferido a golpes de faca ganhou novos contornos quando a Pol\u00edcia Militar come\u00e7ou a ouvir os envolvidos separadamente. A ocorr\u00eancia, registrada na tarde de segunda-feira (17), no Jardim Nova Itirapina, terminou com um casal preso em flagrante.<\/p>\n<p>Os policiais foram acionados para comparecer ao Hospital S\u00e3o Jos\u00e9, onde um homem recebia atendimento m\u00e9dico ap\u00f3s sofrer dois golpes de faca. Num primeiro momento, ele contou aos policiais que teria sido ferido por uma pessoa desconhecida durante uma briga na rua.<\/p>\n<p>Mas, como dizem os antigos rep\u00f3rteres policiais, quando as vers\u00f5es come\u00e7am a n\u00e3o conversar entre si, \u00e9 hora de prestar aten\u00e7\u00e3o nos detalhes.<\/p>\n<p>Durante as entrevistas realizadas separadamente, a mulher apresentou uma vers\u00e3o diferente. Segundo ela, o companheiro teria tentado agredi-la dentro da resid\u00eancia e, para se defender, pegou uma faca e o atingiu duas vezes.<\/p>\n<p>Ainda de acordo com o relato da mulher, depois dos golpes ela teria auxiliado o companheiro a chegar at\u00e9 o hospital, onde ele recebeu atendimento m\u00e9dico.<\/p>\n<p>A situa\u00e7\u00e3o ficou ainda mais delicada quando a mulher relatou aos policiais que vinha sendo v\u00edtima de agress\u00f5es praticadas pelo companheiro havia aproximadamente duas semanas. Durante o atendimento m\u00e9dico, foram constatados hematomas em seus bra\u00e7os e no rosto.<\/p>\n<p>O homem recebeu medica\u00e7\u00e3o, passou por sutura e foi liberado do hospital. Segundo o registro policial, ele j\u00e1 possu\u00eda antecedente relacionado \u00e0 Lei Maria da Penha.<\/p>\n<p>Com as informa\u00e7\u00f5es levantadas no hospital e os relatos apresentados pelas partes, o caso seguiu para a Delegacia de Pol\u00edcia de Itirapina. Ap\u00f3s analisar a ocorr\u00eancia, a autoridade policial elaborou dois boletins de ocorr\u00eancia distintos.<\/p>\n<p>A mulher foi autuada em flagrante por tentativa de homic\u00eddio, enquanto o homem foi autuado em flagrante por amea\u00e7a e viol\u00eancia dom\u00e9stica.<\/p>\n<p>Os dois foram encaminhados para a cadeia p\u00fablica de Rio Claro, onde permaneceram presos \u00e0 disposi\u00e7\u00e3o da Justi\u00e7a.<\/p>\n<p>A ocorr\u00eancia chama aten\u00e7\u00e3o justamente pela reviravolta: aquilo que come\u00e7ou com um homem ferido e uma vers\u00e3o sobre uma suposta briga na rua terminou revelando, segundo o registro policial, um cen\u00e1rio de conflito dom\u00e9stico com acusa\u00e7\u00f5es de agress\u00e3o de ambos os lados.<\/p>\n<p>Agora, caber\u00e1 \u00e0 Justi\u00e7a analisar as circunst\u00e2ncias e responsabilidades de cada envolvido. No plant\u00e3o policial, como se sabe, cada vers\u00e3o conta uma hist\u00f3ria \u2014 mas \u00e9 o conjunto das provas que ajuda a revelar o que realmente aconteceu.<\/p>\n<p>&nbsp;<\/p>\n","protected":false},"excerpt":{"rendered":"<p>Ocorr\u00eancia come\u00e7ou com um homem ferido a golpes de faca e terminou com o casal preso ap\u00f3s a Pol\u00edcia Militar apurar tamb\u00e9m den\u00fancias de viol\u00eancia dom\u00e9stica. &nbsp; O que inicialmente parecia ser mais uma briga de rua com um homem ferido a golpes de faca ganhou novos contornos quando a Pol\u00edcia Militar come\u00e7ou a ouvir [&hellip;]<\/p>\n","protected":false},"author":9,"featured_media":129370,"comment_status":"closed","ping_status":"closed","sticky":false,"template":"","format":"standard","meta":{"footnotes":""},"categories":[1,2],"tags":[10472,9887,11540,11775,14318,8919,8921,12139,10624],"class_list":{"0":"post-129369","1":"post","2":"type-post","3":"status-publish","4":"format-standard","5":"has-post-thumbnail","7":"category-instagram","8":"category-seguranca","9":"tag-cidadeazulnoticias","10":"tag-itirapina","11":"tag-leimariadapenha","12":"tag-ocorrenciapolicial","13":"tag-policiamilit","14":"tag-rioclaro","15":"tag-segurancapublica","16":"tag-tentativadehomicidi","17":"tag-violenciadomestic"},"_links":{"self":[{"href":"https:\/\/cidadeazulnoticias.com.br\/wp-json\/wp\/v2\/posts\/129369"}],"collection":[{"href":"https:\/\/cidadeazulnoticias.com.br\/wp-json\/wp\/v2\/posts"}],"about":[{"href":"https:\/\/cidadeazulnoticias.com.br\/wp-json\/wp\/v2\/types\/post"}],"author":[{"embeddable":true,"href":"https:\/\/cidadeazulnoticias.com.br\/wp-json\/wp\/v2\/users\/9"}],"replies":[{"embeddable":true,"href":"https:\/\/cidadeazulnoticias.com.br\/wp-json\/wp\/v2\/comments?post=129369"}],"version-history":[{"count":1,"href":"https:\/\/cidadeazulnoticias.com.br\/wp-json\/wp\/v2\/posts\/129369\/revisions"}],"predecessor-version":[{"id":129371,"href":"https:\/\/cidadeazulnoticias.com.br\/wp-json\/wp\/v2\/posts\/129369\/revisions\/129371"}],"wp:featuredmedia":[{"embeddable":true,"href":"https:\/\/cidadeazulnoticias.com.br\/wp-json\/wp\/v2\/media\/129370"}],"wp:attachment":[{"href":"https:\/\/cidadeazulnoticias.com.br\/wp-json\/wp\/v2\/media?parent=129369"}],"wp:term":[{"taxonomy":"category","embeddable":true,"href":"https:\/\/cidadeazulnoticias.com.br\/wp-json\/wp\/v2\/categories?post=129369"},{"taxonomy":"post_tag","embeddable":true,"href":"https:\/\/cidadeazulnoticias.com.br\/wp-json\/wp\/v2\/tags?post=129369"}],"curies":[{"name":"wp","href":"https:\/\/api.w.org\/{rel}","templated":true}]}},{"id":129366,"date":"2026-08-18T10:15:02","date_gmt":"2026-08-18T13:15:02","guid":{"rendered":"https:\/\/cidadeazulnoticias.com.br\/?p=129366"},"modified":"2026-08-18T10:19:52","modified_gmt":"2026-08-18T13:19:52","slug":"foi-a-igreja-voltou-sem-a-moto-pm-recupera-veiculo-furtado-e-prende-suspeito-em-brotas","status":"publish","type":"post","link":"https:\/\/cidadeazulnoticias.com.br\/foi-a-igreja-voltou-sem-a-moto-pm-recupera-veiculo-furtado-e-prende-suspeito-em-brotas\/","title":{"rendered":"Foi \u00e0 igreja, voltou sem a moto: PM recupera ve\u00edculo furtado e prende suspeito em Brotas"},"content":{"rendered":"<h2><em>Homem foi localizado nas proximidades da resid\u00eancia da v\u00edtima com a motocicleta furtada; dinheiro tamb\u00e9m teria desaparecido do im\u00f3vel.<\/em><\/h2>\n<p>A noite de segunda-feira (17) terminou com motorista de duas rodas de volta para casa e suspeito atr\u00e1s das grades em Brotas. Policiais militares prenderam em flagrante um homem acusado de furtar uma motocicleta no bairro Lagoa Dourada e ainda recuperaram o ve\u00edculo, uma Honda CG 150 Titan KS.<\/p>\n<p>A ocorr\u00eancia come\u00e7ou quando a v\u00edtima saiu de casa para ir \u00e0 igreja. Na volta, percebeu que sua motocicleta havia desaparecido do quintal da resid\u00eancia. Como se o sumi\u00e7o do ve\u00edculo j\u00e1 n\u00e3o fosse suficiente para azedar a noite, a v\u00edtima tamb\u00e9m constatou que R$ 100 haviam desaparecido do interior do im\u00f3vel.<\/p>\n<p>Acionada, a Pol\u00edcia Militar iniciou as dilig\u00eancias e conseguiu informa\u00e7\u00f5es sobre quem poderia estar envolvido no furto. Os policiais passaram a procurar pelo suspeito e, pouco depois, localizaram o homem nas proximidades da resid\u00eancia da v\u00edtima, justamente na posse da motocicleta furtada.<\/p>\n<p>Na busca pessoal, nada de il\u00edcito foi encontrado. Mas, neste caso, a moto aparentemente resolveu contar boa parte da hist\u00f3ria sozinha.<\/p>\n<p>Durante a pesquisa, os policiais constataram ainda que o homem possu\u00eda antecedentes criminais por les\u00e3o corporal e furto, al\u00e9m de registros relacionados \u00e0 Lei Maria da Penha.<\/p>\n<p>Diante dos fatos, o suspeito foi conduzido ao Plant\u00e3o Policial de Rio Claro, onde a autoridade policial ratificou a pris\u00e3o em flagrante.<\/p>\n<p>A motocicleta foi recuperada e restitu\u00edda ao propriet\u00e1rio, enquanto o indiciado permaneceu preso \u00e0 disposi\u00e7\u00e3o da Justi\u00e7a.<\/p>\n<p>No fim das contas, a visita \u00e0 igreja acabou tendo um desfecho inesperado: a v\u00edtima recuperou sua motocicleta e a Pol\u00edcia Militar garantiu que o suspeito tivesse outro destino \u2014 bem menos confort\u00e1vel que o quintal onde a moto foi encontrada.<\/p>\n<p>Ve\u00edculo recuperado:<br \/>\n1 motocicleta Honda CG 150 Titan KS.<\/p>\n<p>&nbsp;<\/p>\n","protected":false},"excerpt":{"rendered":"<p>Homem foi localizado nas proximidades da resid\u00eancia da v\u00edtima com a motocicleta furtada; dinheiro tamb\u00e9m teria desaparecido do im\u00f3vel. A noite de segunda-feira (17) terminou com motorista de duas rodas de volta para casa e suspeito atr\u00e1s das grades em Brotas. Policiais militares prenderam em flagrante um homem acusado de furtar uma motocicleta no bairro [&hellip;]<\/p>\n","protected":false},"author":9,"featured_media":129368,"comment_status":"closed","ping_status":"closed","sticky":false,"template":"","format":"standard","meta":{"footnotes":""},"categories":[1,2],"tags":[9681,10472,9923,12045,14128,11775,10283,9128,8917,10740,8919,8921],"class_list":{"0":"post-129366","1":"post","2":"type-post","3":"status-publish","4":"format-standard","5":"has-post-thumbnail","7":"category-instagram","8":"category-seguranca","9":"tag-brotas","10":"tag-cidadeazulnoticias","11":"tag-furto","12":"tag-motocicletafurtada","13":"tag-motorecuperada","14":"tag-ocorrenciapolicial","15":"tag-pmsp","16":"tag-policia","17":"tag-policiamilitar","18":"tag-prisaoemflagrant","19":"tag-rioclaro","20":"tag-segurancapublica"},"_links":{"self":[{"href":"https:\/\/cidadeazulnoticias.com.br\/wp-json\/wp\/v2\/posts\/129366"}],"collection":[{"href":"https:\/\/cidadeazulnoticias.com.br\/wp-json\/wp\/v2\/posts"}],"about":[{"href":"https:\/\/cidadeazulnoticias.com.br\/wp-json\/wp\/v2\/types\/post"}],"author":[{"embeddable":true,"href":"https:\/\/cidadeazulnoticias.com.br\/wp-json\/wp\/v2\/users\/9"}],"replies":[{"embeddable":true,"href":"https:\/\/cidadeazulnoticias.com.br\/wp-json\/wp\/v2\/comments?post=129366"}],"version-history":[{"count":1,"href":"https:\/\/cidadeazulnoticias.com.br\/wp-json\/wp\/v2\/posts\/129366\/revisions"}],"predecessor-version":[{"id":129367,"href":"https:\/\/cidadeazulnoticias.com.br\/wp-json\/wp\/v2\/posts\/129366\/revisions\/129367"}],"wp:featuredmedia":[{"embeddable":true,"href":"https:\/\/cidadeazulnoticias.com.br\/wp-json\/wp\/v2\/media\/129368"}],"wp:attachment":[{"href":"https:\/\/cidadeazulnoticias.com.br\/wp-json\/wp\/v2\/media?parent=129366"}],"wp:term":[{"taxonomy":"category","embeddable":true,"href":"https:\/\/cidadeazulnoticias.com.br\/wp-json\/wp\/v2\/categories?post=129366"},{"taxonomy":"post_tag","embeddable":true,"href":"https:\/\/cidadeazulnoticias.com.br\/wp-json\/wp\/v2\/tags?post=129366"}],"curies":[{"name":"wp","href":"https:\/\/api.w.org\/{rel}","templated":true}]}},{"id":129364,"date":"2026-08-18T09:37:26","date_gmt":"2026-08-18T12:37:26","guid":{"rendered":"https:\/\/cidadeazulnoticias.com.br\/?p=129364"},"modified":"2026-08-18T09:37:26","modified_gmt":"2026-08-18T12:37:26","slug":"ameacas-descumprimento-de-medida-protetiva-e-disparo-de-arma-de-fogo-movimentam-santa-gertrudes","status":"publish","type":"post","link":"https:\/\/cidadeazulnoticias.com.br\/ameacas-descumprimento-de-medida-protetiva-e-disparo-de-arma-de-fogo-movimentam-santa-gertrudes\/","title":{"rendered":"Amea\u00e7as, descumprimento de medida protetiva e disparo de arma de fogo movimentam Santa Gertrudes"},"content":{"rendered":"<h2><em>Homem teria amea\u00e7ado funcion\u00e1rios, descumprido medida protetiva e sacado uma arma; policial militar reformado reagiu e efetuou disparo durante a ocorr\u00eancia.<\/em><\/h2>\n<p>Santa Gertrudes teve uma tarde de segunda-feira (17) daquelas em que ningu\u00e9m precisa de roteiro de filme policial para acompanhar uma ocorr\u00eancia. A Pol\u00edcia Militar foi acionada para atender uma situa\u00e7\u00e3o envolvendo amea\u00e7a, descumprimento de medida protetiva e disparo de arma de fogo em uma empresa localizada no bairro Jardim Luciana.<\/p>\n<p>Segundo as informa\u00e7\u00f5es registradas na ocorr\u00eancia, um homem teria ido ao estabelecimento e feito amea\u00e7as portando uma arma de fogo. Imagens apresentadas aos policiais mostram o momento em que ele teria sacado a arma.<\/p>\n<p>Diante da situa\u00e7\u00e3o, um policial militar reformado, que estava no local, efetuou um disparo com sua pistola calibre .40. O homem foi atingido e deixou o local, seguindo posteriormente para o Hospital Municipal, onde recebeu atendimento m\u00e9dico.<\/p>\n<p>Uma testemunha contou aos policiais que o indiv\u00edduo teria comparecido ao estabelecimento duas vezes, amea\u00e7ando funcion\u00e1rios e afirmando que pretendia matar pessoas que trabalhavam na empresa por quest\u00f5es passionais.<\/p>\n<p>E a ocorr\u00eancia ainda ganhou mais um cap\u00edtulo: a ex-companheira do homem procurou a unidade policial e informou que possu\u00eda medida protetiva contra ele, relatando que a determina\u00e7\u00e3o judicial teria sido descumprida naquela mesma manh\u00e3.<\/p>\n<h3>Arma n\u00e3o foi encontrada<\/h3>\n<p>As equipes da Pol\u00edcia Militar realizaram buscas pelo trajeto percorrido pelo envolvido, mas a arma que ele teria utilizado nas amea\u00e7as n\u00e3o foi localizada.<\/p>\n<p>A per\u00edcia t\u00e9cnica esteve no local para realizar os trabalhos necess\u00e1rios e levantar elementos que possam auxiliar na investiga\u00e7\u00e3o.<\/p>\n<p>O homem possui antecedentes criminais por homic\u00eddio, les\u00e3o corporal, amea\u00e7a e tr\u00e1fico de drogas, al\u00e9m de registro anterior relacionado ao descumprimento de medida protetiva.<\/p>\n<p>Arma do policial \u00e9 apreendida<\/p>\n<p>A ocorr\u00eancia foi apresentada \u00e0 Pol\u00edcia Civil e registrada como amea\u00e7a e descumprimento de medida protetiva.<\/p>\n<p>A pistola Taurus calibre .40 utilizada pelo policial reformado e as respectivas muni\u00e7\u00f5es foram apreendidas para as provid\u00eancias de pol\u00edcia judici\u00e1ria. A motocicleta Honda CG 150 Fan pertencente ao envolvido tamb\u00e9m foi apreendida.<\/p>\n<h4>O policial reformado prestou depoimento e foi liberado.<\/h4>\n<p>J\u00e1 o homem atingido foi transferido para a Santa Casa de Rio Claro e, at\u00e9 a elabora\u00e7\u00e3o do boletim de ocorr\u00eancia, permanecia em atendimento m\u00e9dico, com quadro cl\u00ednico considerado est\u00e1vel.<\/p>\n<p>Apreens\u00f5es<br \/>\n01 pistola Taurus calibre .40;<br \/>\n10 muni\u00e7\u00f5es, sendo uma deflagrada;<br \/>\n01 motocicleta Honda CG 150 Fan.<\/p>\n<p>A investiga\u00e7\u00e3o agora ficar\u00e1 sob responsabilidade da Pol\u00edcia Civil, que dever\u00e1 apurar as circunst\u00e2ncias das amea\u00e7as, do descumprimento da medida protetiva e do disparo ocorrido no estabelecimento.<\/p>\n","protected":false},"excerpt":{"rendered":"<p>Homem teria amea\u00e7ado funcion\u00e1rios, descumprido medida protetiva e sacado uma arma; policial militar reformado reagiu e efetuou disparo durante a ocorr\u00eancia. Santa Gertrudes teve uma tarde de segunda-feira (17) daquelas em que ningu\u00e9m precisa de roteiro de filme policial para acompanhar uma ocorr\u00eancia. A Pol\u00edcia Militar foi acionada para atender uma situa\u00e7\u00e3o envolvendo amea\u00e7a, descumprimento [&hellip;]<\/p>\n","protected":false},"author":9,"featured_media":129349,"comment_status":"closed","ping_status":"closed","sticky":false,"template":"","format":"standard","meta":{"footnotes":""},"categories":[1,2],"tags":[11164,12215,10578,10484,8917,8919,10263,8921],"class_list":{"0":"post-129364","1":"post","2":"type-post","3":"status-publish","4":"format-standard","5":"has-post-thumbnail","7":"category-instagram","8":"category-seguranca","9":"tag-ameaca","10":"tag-disparodearmadefogo","11":"tag-medidaprotetiva","12":"tag-policiacivil","13":"tag-policiamilitar","14":"tag-rioclaro","15":"tag-santagertrudes","16":"tag-segurancapublica"},"_links":{"self":[{"href":"https:\/\/cidadeazulnoticias.com.br\/wp-json\/wp\/v2\/posts\/129364"}],"collection":[{"href":"https:\/\/cidadeazulnoticias.com.br\/wp-json\/wp\/v2\/posts"}],"about":[{"href":"https:\/\/cidadeazulnoticias.com.br\/wp-json\/wp\/v2\/types\/post"}],"author":[{"embeddable":true,"href":"https:\/\/cidadeazulnoticias.com.br\/wp-json\/wp\/v2\/users\/9"}],"replies":[{"embeddable":true,"href":"https:\/\/cidadeazulnoticias.com.br\/wp-json\/wp\/v2\/comments?post=129364"}],"version-history":[{"count":1,"href":"https:\/\/cidadeazulnoticias.com.br\/wp-json\/wp\/v2\/posts\/129364\/revisions"}],"predecessor-version":[{"id":129365,"href":"https:\/\/cidadeazulnoticias.com.br\/wp-json\/wp\/v2\/posts\/129364\/revisions\/129365"}],"wp:featuredmedia":[{"embeddable":true,"href":"https:\/\/cidadeazulnoticias.com.br\/wp-json\/wp\/v2\/media\/129349"}],"wp:attachment":[{"href":"https:\/\/cidadeazulnoticias.com.br\/wp-json\/wp\/v2\/media?parent=129364"}],"wp:term":[{"taxonomy":"category","embeddable":true,"href":"https:\/\/cidadeazulnoticias.com.br\/wp-json\/wp\/v2\/categories?post=129364"},{"taxonomy":"post_tag","embeddable":true,"href":"https:\/\/cidadeazulnoticias.com.br\/wp-json\/wp\/v2\/tags?post=129364"}],"curies":[{"name":"wp","href":"https:\/\/api.w.org\/{rel}","templated":true}]}},{"id":129354,"date":"2026-08-17T18:24:30","date_gmt":"2026-08-17T21:24:30","guid":{"rendered":"https:\/\/cidadeazulnoticias.com.br\/?p=129354"},"modified":"2026-08-17T18:24:30","modified_gmt":"2026-08-17T21:24:30","slug":"mulheres-que-cantam-e-encantam-encerram-o-agosto-lilas-com-show-no-shopping-rio-claro","status":"publish","type":"post","link":"https:\/\/cidadeazulnoticias.com.br\/mulheres-que-cantam-e-encantam-encerram-o-agosto-lilas-com-show-no-shopping-rio-claro\/","title":{"rendered":"\u201cMulheres que Cantam e Encantam\u201d encerram o \u201cAgosto Lil\u00e1s\u201d com show no Shopping Rio Claro"},"content":{"rendered":"<h2><em>A apresenta\u00e7\u00e3o gratuita re\u00fane vozes femininas de destaque no dia 27 de agosto, refor\u00e7ando a conscientiza\u00e7\u00e3o e o apoio \u00e0 mulher no encerramento da campanha.<\/em><\/h2>\n<p>O evento faz parte da temporada 2026 da Orquestra Filarm\u00f4nica de Rio Claro, em parceria com a Secretaria da Mulher de Rio Claro, e acontecer\u00e1 no dia 27 de agosto, \u00e0s 19h, num formato de pocket show, na Pra\u00e7a de Alimenta\u00e7\u00e3o do Shopping Rio Claro.<\/p>\n<p>O evento marca o encerramento oficial do Agosto Lil\u00e1s na cidade, campanha dedicada ao apoio e prote\u00e7\u00e3o \u00e0 mulher e \u00e0 dissemina\u00e7\u00e3o dos direitos garantidos pela Lei Maria da Penha. Idealizado pela Orquestra Filarm\u00f4nica de Rio Claro, o projeto destaca o protagonismo feminino na cena musical local.<\/p>\n<p>Ap\u00f3s o sucesso na apresenta\u00e7\u00e3o tem\u00e1tica &#8220;Broadway&#8221;, as artistas retornam ao palco em um formato mais intimista, focado na conex\u00e3o direta com o p\u00fablico por meio da m\u00fasica e da sensibiliza\u00e7\u00e3o social. No repert\u00f3rio, as cantoras prometem uma noite de forte carga emocional, utilizando a arte como ferramenta de valoriza\u00e7\u00e3o e prote\u00e7\u00e3o \u00e0 mulher. &#8220;A m\u00fasica tem o poder de unir as pessoas e dar voz a causas urgentes. Nossa participa\u00e7\u00e3o no Agosto Lil\u00e1s \u00e9 um compromisso com o respeito e a dignidade feminina&#8221;, afirmam as integrantes do grupo.<\/p>\n<p>O Shopping Rio Claro, ao sediar o evento, consolida-se como um espa\u00e7o de di\u00e1logo e apoio a a\u00e7\u00f5es que impactam positivamente a comunidade local.<\/p>\n<p>Mulheres que Cantam e Encantam \u2013 Especial Agosto Lil\u00e1s Data: 27 de agosto (ter\u00e7a-feira) Hor\u00e1rio: 19h Local: Pra\u00e7a de Alimenta\u00e7\u00e3o do Shopping Rio Claro Entrada: Gratuita<\/p>\n","protected":false},"excerpt":{"rendered":"<p>A apresenta\u00e7\u00e3o gratuita re\u00fane vozes femininas de destaque no dia 27 de agosto, refor\u00e7ando a conscientiza\u00e7\u00e3o e o apoio \u00e0 mulher no encerramento da campanha. O evento faz parte da temporada 2026 da Orquestra Filarm\u00f4nica de Rio Claro, em parceria com a Secretaria da Mulher de Rio Claro, e acontecer\u00e1 no dia 27 de agosto, [&hellip;]<\/p>\n","protected":false},"author":9,"featured_media":129355,"comment_status":"closed","ping_status":"closed","sticky":false,"template":"","format":"standard","meta":{"footnotes":""},"categories":[213,1],"tags":[],"class_list":{"0":"post-129354","1":"post","2":"type-post","3":"status-publish","4":"format-standard","5":"has-post-thumbnail","7":"category-cultura","8":"category-instagram"},"_links":{"self":[{"href":"https:\/\/cidadeazulnoticias.com.br\/wp-json\/wp\/v2\/posts\/129354"}],"collection":[{"href":"https:\/\/cidadeazulnoticias.com.br\/wp-json\/wp\/v2\/posts"}],"about":[{"href":"https:\/\/cidadeazulnoticias.com.br\/wp-json\/wp\/v2\/types\/post"}],"author":[{"embeddable":true,"href":"https:\/\/cidadeazulnoticias.com.br\/wp-json\/wp\/v2\/users\/9"}],"replies":[{"embeddable":true,"href":"https:\/\/cidadeazulnoticias.com.br\/wp-json\/wp\/v2\/comments?post=129354"}],"version-history":[{"count":1,"href":"https:\/\/cidadeazulnoticias.com.br\/wp-json\/wp\/v2\/posts\/129354\/revisions"}],"predecessor-version":[{"id":129356,"href":"https:\/\/cidadeazulnoticias.com.br\/wp-json\/wp\/v2\/posts\/129354\/revisions\/129356"}],"wp:featuredmedia":[{"embeddable":true,"href":"https:\/\/cidadeazulnoticias.com.br\/wp-json\/wp\/v2\/media\/129355"}],"wp:attachment":[{"href":"https:\/\/cidadeazulnoticias.com.br\/wp-json\/wp\/v2\/media?parent=129354"}],"wp:term":[{"taxonomy":"category","embeddable":true,"href":"https:\/\/cidadeazulnoticias.com.br\/wp-json\/wp\/v2\/categories?post=129354"},{"taxonomy":"post_tag","embeddable":true,"href":"https:\/\/cidadeazulnoticias.com.br\/wp-json\/wp\/v2\/tags?post=129354"}],"curies":[{"name":"wp","href":"https:\/\/api.w.org\/{rel}","templated":true}]}},{"id":129351,"date":"2026-08-17T18:11:57","date_gmt":"2026-08-17T21:11:57","guid":{"rendered":"https:\/\/cidadeazulnoticias.com.br\/?p=129351"},"modified":"2026-08-17T18:11:57","modified_gmt":"2026-08-17T21:11:57","slug":"prefeitura-e-eixo-discutem-novas-etapas-do-projeto-de-remodelacao-do-trevo-da-viviani","status":"publish","type":"post","link":"https:\/\/cidadeazulnoticias.com.br\/prefeitura-e-eixo-discutem-novas-etapas-do-projeto-de-remodelacao-do-trevo-da-viviani\/","title":{"rendered":"Prefeitura e Eixo discutem novas etapas do projeto de  remodela\u00e7\u00e3o do trevo da Viviani"},"content":{"rendered":"<h2><em>Conjunto de obras inclui novas marginais, novos acessos e novo pontilh\u00e3o.<\/em><\/h2>\n<p>O prefeito Gustavo recebeu na segunda-feira (17) o diretor-presidente da concession\u00e1ria Eixo, Robinson \u00c1vila, para discutir novas etapas de implanta\u00e7\u00e3o de amplas melhorias na rodovia Washington Lu\u00eds nos limites de Rio Claro, entre elas, a remodela\u00e7\u00e3o do trevo localiza\u00e7\u00e3o nas proximidades da Viviani Ve\u00edculos, na altura do quil\u00f4metro 174.<\/p>\n<p>Ap\u00f3s ser atualizado sobre o andamento dos trabalhos, Gustavo foi informado de que os pr\u00f3ximos passos da Eixo ser\u00e1 alinhar detalhes das obras com a Artesp (Ag\u00eancia Reguladora de Transportes do Estado de S\u00e3o Paulo) e obter as licen\u00e7as ambientais. Os custos e execu\u00e7\u00e3o das melhorias s\u00e3o de responsabilidade da concession\u00e1ria.<\/p>\n<p>\u201cEstamos muito otimistas com o andamento das provid\u00eancias necess\u00e1rias para que esse grande conjunto de interven\u00e7\u00f5es na rodovia saia do papel\u201d, comenta o prefeito Gustavo, reafirmando que o munic\u00edpio continuar\u00e1 fazendo tudo o que \u00e9 poss\u00edvel para colaborar com esse projeto. \u201cTratam-se de obras esperadas h\u00e1 muitos anos, e que levar\u00e3o mais seguran\u00e7a e fluidez para o tr\u00e2nsito no acesso ao munic\u00edpio naquela regi\u00e3o\u201d, acrescenta.<\/p>\n<p>A equipe da Eixo que esteve segunda-feira em Rio Claro, que incluiu o executivo de engenharia Eduardo Bortolotto e o diretor de Rela\u00e7\u00f5es Institucionais, Maur\u00edcio G\u00f3es, confirmou que o projeto vai al\u00e9m da remodela\u00e7\u00e3o do trevo, atualmente um dos mais complicados gargalos de tr\u00e2nsito no munic\u00edpio.<\/p>\n<p>A s\u00e9rie de obras contempla constru\u00e7\u00e3o de marginais nos dois sentidos do trecho entre os quil\u00f4metros 172 e 178 da Washington Lu\u00eds, e demoli\u00e7\u00e3o e reconstru\u00e7\u00e3o do viaduto localizado no bairro Inocoop (quil\u00f4metro 173).<\/p>\n<p>O munic\u00edpio tamb\u00e9m ganhar\u00e1 novo acesso \u00e0 rodovia, no quil\u00f4metro 175, pela Avenida 8 do Jardim Mirassol, enquanto o trevo que fica no quil\u00f4metro 176 e d\u00e1 acesso \u00e0 Avenida Castelo Branco e aos bairros Bonsucesso e Novo Wenzel tamb\u00e9m ser\u00e1 remodelado.<\/p>\n<p>Outra obra prevista no projeto \u00e9 a constru\u00e7\u00e3o de um novo acesso \u00e0 Washington Lu\u00eds, no Km 178. Essa conex\u00e3o ser\u00e1 pela Avenida Integra\u00e7\u00e3o, grande obra de reestrutura\u00e7\u00e3o vi\u00e1ria realizada pela prefeitura que j\u00e1 est\u00e1 em execu\u00e7\u00e3o.<\/p>\n","protected":false},"excerpt":{"rendered":"<p>Conjunto de obras inclui novas marginais, novos acessos e novo pontilh\u00e3o. O prefeito Gustavo recebeu na segunda-feira (17) o diretor-presidente da concession\u00e1ria Eixo, Robinson \u00c1vila, para discutir novas etapas de implanta\u00e7\u00e3o de amplas melhorias na rodovia Washington Lu\u00eds nos limites de Rio Claro, entre elas, a remodela\u00e7\u00e3o do trevo localiza\u00e7\u00e3o nas proximidades da Viviani Ve\u00edculos, [&hellip;]<\/p>\n","protected":false},"author":9,"featured_media":129352,"comment_status":"closed","ping_status":"closed","sticky":false,"template":"","format":"standard","meta":{"footnotes":""},"categories":[1,187],"tags":[],"class_list":{"0":"post-129351","1":"post","2":"type-post","3":"status-publish","4":"format-standard","5":"has-post-thumbnail","7":"category-instagram","8":"category-rio-claro"},"_links":{"self":[{"href":"https:\/\/cidadeazulnoticias.com.br\/wp-json\/wp\/v2\/posts\/129351"}],"collection":[{"href":"https:\/\/cidadeazulnoticias.com.br\/wp-json\/wp\/v2\/posts"}],"about":[{"href":"https:\/\/cidadeazulnoticias.com.br\/wp-json\/wp\/v2\/types\/post"}],"author":[{"embeddable":true,"href":"https:\/\/cidadeazulnoticias.com.br\/wp-json\/wp\/v2\/users\/9"}],"replies":[{"embeddable":true,"href":"https:\/\/cidadeazulnoticias.com.br\/wp-json\/wp\/v2\/comments?post=129351"}],"version-history":[{"count":1,"href":"https:\/\/cidadeazulnoticias.com.br\/wp-json\/wp\/v2\/posts\/129351\/revisions"}],"predecessor-version":[{"id":129353,"href":"https:\/\/cidadeazulnoticias.com.br\/wp-json\/wp\/v2\/posts\/129351\/revisions\/129353"}],"wp:featuredmedia":[{"embeddable":true,"href":"https:\/\/cidadeazulnoticias.com.br\/wp-json\/wp\/v2\/media\/129352"}],"wp:attachment":[{"href":"https:\/\/cidadeazulnoticias.com.br\/wp-json\/wp\/v2\/media?parent=129351"}],"wp:term":[{"taxonomy":"category","embeddable":true,"href":"https:\/\/cidadeazulnoticias.com.br\/wp-json\/wp\/v2\/categories?post=129351"},{"taxonomy":"post_tag","embeddable":true,"href":"https:\/\/cidadeazulnoticias.com.br\/wp-json\/wp\/v2\/tags?post=129351"}],"curies":[{"name":"wp","href":"https:\/\/api.w.org\/{rel}","templated":true}]}},{"id":129348,"date":"2026-08-17T17:58:31","date_gmt":"2026-08-17T20:58:31","guid":{"rendered":"https:\/\/cidadeazulnoticias.com.br\/?p=129348"},"modified":"2026-08-17T17:58:31","modified_gmt":"2026-08-17T20:58:31","slug":"tiros-ameacas-e-correria-disparo-dentro-de-empresa-termina-com-homem-ferido","status":"publish","type":"post","link":"https:\/\/cidadeazulnoticias.com.br\/tiros-ameacas-e-correria-disparo-dentro-de-empresa-termina-com-homem-ferido\/","title":{"rendered":"Tiros, amea\u00e7as e correria: disparo dentro de empresa termina com homem ferido"},"content":{"rendered":"<h2><em>Homem teria ido ao local armado e feito amea\u00e7as, deixado a empresa e retornado posteriormente; durante nova abordagem na portaria, houve um disparo que o atingiu.<\/em><\/h2>\n<p>Por volta das 13h, equipes da Pol\u00edcia Militar foram acionadas para atender uma ocorr\u00eancia envolvendo amea\u00e7a e disparo de arma de fogo em uma empresa.<\/p>\n<p>Segundo informa\u00e7\u00f5es preliminares, um indiv\u00edduo teria comparecido ao local portando uma arma de fogo e feito amea\u00e7as. Ap\u00f3s deixar a \u00e1rea, ele teria retornado posteriormente e foi novamente abordado na portaria da empresa.<\/p>\n<p>Foi durante essa segunda passagem pelo local que a situa\u00e7\u00e3o ganhou contornos mais graves. Segundo as informa\u00e7\u00f5es iniciais, durante a interven\u00e7\u00e3o de um seguran\u00e7a patrimonial, houve um disparo de arma de fogo que atingiu o indiv\u00edduo.<\/p>\n<p>Mesmo ferido, o homem deixou o local e procurou atendimento m\u00e9dico em uma unidade hospitalar pr\u00f3xima.<\/p>\n<p>Equipes da Pol\u00edcia Militar compareceram \u00e0 empresa e adotaram as provid\u00eancias iniciais, incluindo a preserva\u00e7\u00e3o do local e o levantamento das primeiras informa\u00e7\u00f5es para auxiliar na apura\u00e7\u00e3o do caso.<\/p>\n<p>As circunst\u00e2ncias da ocorr\u00eancia, especialmente a din\u00e2mica que antecedeu o disparo e o que teria acontecido durante a segunda abordagem na portaria, ser\u00e3o investigadas pela Pol\u00edcia Civil.<\/p>\n<p>Como se trata de uma ocorr\u00eancia ainda em fase preliminar, as informa\u00e7\u00f5es poder\u00e3o ser atualizadas conforme o avan\u00e7o da investiga\u00e7\u00e3o e a divulga\u00e7\u00e3o de novos dados oficiais.<\/p>\n<p>O Cidade Azul Not\u00edcias acompanha o caso e, assim que houver novas informa\u00e7\u00f5es confirmadas, far\u00e1 uma nova atualiza\u00e7\u00e3o.<\/p>\n<p>&nbsp;<\/p>\n","protected":false},"excerpt":{"rendered":"<p>Homem teria ido ao local armado e feito amea\u00e7as, deixado a empresa e retornado posteriormente; durante nova abordagem na portaria, houve um disparo que o atingiu. Por volta das 13h, equipes da Pol\u00edcia Militar foram acionadas para atender uma ocorr\u00eancia envolvendo amea\u00e7a e disparo de arma de fogo em uma empresa. Segundo informa\u00e7\u00f5es preliminares, um [&hellip;]<\/p>\n","protected":false},"author":9,"featured_media":129349,"comment_status":"closed","ping_status":"closed","sticky":false,"template":"","format":"standard","meta":{"footnotes":""},"categories":[187],"tags":[11164,10472,12215,9402,11775,11459,9128,10484,8917,9218,14317],"class_list":{"0":"post-129348","1":"post","2":"type-post","3":"status-publish","4":"format-standard","5":"has-post-thumbnail","7":"category-rio-claro","8":"tag-ameaca","9":"tag-cidadeazulnoticias","10":"tag-disparodearmadefogo","11":"tag-investigacao","12":"tag-ocorrenciapolicial","13":"tag-plantaopolicial","14":"tag-policia","15":"tag-policiacivil","16":"tag-policiamilitar","17":"tag-seguranca","18":"tag-segurancapatrimonial"},"_links":{"self":[{"href":"https:\/\/cidadeazulnoticias.com.br\/wp-json\/wp\/v2\/posts\/129348"}],"collection":[{"href":"https:\/\/cidadeazulnoticias.com.br\/wp-json\/wp\/v2\/posts"}],"about":[{"href":"https:\/\/cidadeazulnoticias.com.br\/wp-json\/wp\/v2\/types\/post"}],"author":[{"embeddable":true,"href":"https:\/\/cidadeazulnoticias.com.br\/wp-json\/wp\/v2\/users\/9"}],"replies":[{"embeddable":true,"href":"https:\/\/cidadeazulnoticias.com.br\/wp-json\/wp\/v2\/comments?post=129348"}],"version-history":[{"count":1,"href":"https:\/\/cidadeazulnoticias.com.br\/wp-json\/wp\/v2\/posts\/129348\/revisions"}],"predecessor-version":[{"id":129350,"href":"https:\/\/cidadeazulnoticias.com.br\/wp-json\/wp\/v2\/posts\/129348\/revisions\/129350"}],"wp:featuredmedia":[{"embeddable":true,"href":"https:\/\/cidadeazulnoticias.com.br\/wp-json\/wp\/v2\/media\/129349"}],"wp:attachment":[{"href":"https:\/\/cidadeazulnoticias.com.br\/wp-json\/wp\/v2\/media?parent=129348"}],"wp:term":[{"taxonomy":"category","embeddable":true,"href":"https:\/\/cidadeazulnoticias.com.br\/wp-json\/wp\/v2\/categories?post=129348"},{"taxonomy":"post_tag","embeddable":true,"href":"https:\/\/cidadeazulnoticias.com.br\/wp-json\/wp\/v2\/tags?post=129348"}],"curies":[{"name":"wp","href":"https:\/\/api.w.org\/{rel}","templated":true}]}}]